{"id":32627,"date":"2022-05-17T14:02:00","date_gmt":"2022-05-17T12:02:00","guid":{"rendered":"https:\/\/travesiapirenaica.com\/?p=32627"},"modified":"2024-03-22T12:13:04","modified_gmt":"2024-03-22T11:13:04","slug":"securite-des-randonnees","status":"publish","type":"post","link":"https:\/\/travesiapirenaica.com\/fr\/seguridad-senderismo\/","title":{"rendered":"La s\u00e9curit\u00e9 en randonn\u00e9e"},"content":{"rendered":"<p>Actuellement, parmi les sports de montagne, la randonn\u00e9e est statistiquement l'activit\u00e9 la plus populaire parmi les Espagnols. C'est pourquoi il s'agit de l'activit\u00e9 de montagne qui pr\u00e9sente le pourcentage le plus \u00e9lev\u00e9 d'accidents. Pour conna\u00eetre les causes de ces taux et les mesures de pr\u00e9vention appliqu\u00e9es, nous parlerons ici de la s\u00e9curit\u00e9 en randonn\u00e9e.<\/p>\n\n\n\n<h2 class=\"wp-block-heading\">Pourquoi y a-t-il tant d'accidents en randonn\u00e9e ?<\/h2>\n\n\n\n<p>Les principales raisons qui expliquent le nombre d'accidents survenant au cours d'une randonn\u00e9e sont les suivantes :<\/p>\n\n\n\n<ul class=\"wp-block-list\"><li>La randonn\u00e9e est pratiqu\u00e9e par un grand nombre de personnes et donc, par logique de proportionnalit\u00e9, les accidents dans cette activit\u00e9 doivent \u00eatre plus \u00e9lev\u00e9s que dans d'autres activit\u00e9s sportives pratiqu\u00e9es par un plus petit nombre de sportifs.<\/li><li>Les quatre premiers pr\u00e9curseurs d'accidents dans les zones de montagne sont : le <strong>surestimation du potentiel, manque d'exp\u00e9rience ou de technique, manque de planification et manque de pr\u00e9paration physique.<\/strong>.<\/li><li>En randonn\u00e9e, il n'est pas facile de comprendre qu'un certain niveau d'entra\u00eenement est n\u00e9cessaire, sans parler des comp\u00e9tences techniques. On pense qu'avec un peu d'exp\u00e9rience, on peut faire l'activit\u00e9, ce qui signifie que de nombreux randonneurs ne planifient pas bien leurs activit\u00e9s.<\/li><li>Les facteurs \u00e0 l'origine des accidents peuvent g\u00e9n\u00e9ralement \u00eatre divis\u00e9s en trois groupes : les facteurs \u00e0 l'origine des accidents sont les suivants <strong>tombe au m\u00eame niveau, les probl\u00e8mes physiques en g\u00e9n\u00e9ral et la d\u00e9sorientation ou la perte de conscience.<\/strong>.<\/li><li>Le taux \u00e9lev\u00e9 d'accidents dans cette activit\u00e9 est d\u00fb au manque de pr\u00e9paration des randonneurs. Ainsi, le risque dans l'environnement naturel n'est pas per\u00e7u, il n'est pas bien planifi\u00e9 et la pr\u00e9paration physique n'est pas prise en compte.<\/li><\/ul>\n\n\n\n<p><strong>LIRE AUSSI : <a href=\"https:\/\/travesiapirenaica.com\/fr\/les-causes-des-accidents-de-montagne\/\">Les principales causes des accidents de montagne.<\/a><\/strong><\/p>\n\n\n\n<h2 class=\"wp-block-heading\">Comment r\u00e9duire le taux d'accidents en randonn\u00e9e<\/h2>\n\n\n\n<p>Afin de r\u00e9duire le taux d'accidents en randonn\u00e9e, les mesures suivantes sont \u00e0 prendre en premier lieu <strong>formation et sensibilisation <\/strong>des mesures visant \u00e0 r\u00e9duire les accidents.<\/p>\n\n\n\n<p>Fedme a \u00e9galement con\u00e7u un <strong>code de s\u00e9curit\u00e9 en montagne<\/strong>. Il peut constituer la premi\u00e8re \u00e9tape d'une meilleure planification des activit\u00e9s et donc d'un contr\u00f4le de la surestimation des possibilit\u00e9s, qui est l'un des facteurs pr\u00e9curseurs de la plupart des accidents.<\/p>\n\n\n\n<p>Ce code de s\u00e9curit\u00e9 pr\u00e9sente cinq aspects pertinents pour la planification des activit\u00e9s :<\/p>\n\n\n\n<ul class=\"wp-block-list\"><li>Pr\u00e9paration de l'itin\u00e9raire.<\/li><li>S'\u00e9quiper de mani\u00e8re ad\u00e9quate.<\/li><li>Revue m\u00e9t\u00e9o.<\/li><li>Se conna\u00eetre soi-m\u00eame.<\/li><li>Faites savoir o\u00f9 vous allez.<\/li><\/ul>\n\n\n\n<h3 class=\"wp-block-heading\">Pr\u00e9paration de l'itin\u00e9raire<\/h3>\n\n\n\n<p>Afin d'obtenir une <strong>une pr\u00e9paration ad\u00e9quate de l'itin\u00e9raire<\/strong> La premi\u00e8re chose \u00e0 faire est de commencer par vous fixer de v\u00e9ritables objectifs. Avant tout, vous devez vous rappeler que l'objectif que vous vous fixez doit faire partie de ce que vous voulez et ne pas \u00eatre impos\u00e9 par ce que vous voyez dans les m\u00e9dias ou par ce que font les autres.<\/p>\n\n\n\n<p>Il est n\u00e9cessaire d'\u00e9tablir des itin\u00e9raires qui correspondent r\u00e9ellement \u00e0 vos possibilit\u00e9s. La pr\u00e9paration d'un itin\u00e9raire passe par la recherche d'informations fiables et v\u00e9rifiables, telles que les f\u00e9d\u00e9rations r\u00e9gionales, les livres d'auteurs connus, voire sur Internet si l'information partag\u00e9e est bonne.<\/p>\n\n\n\n<p>Il n'est pas possible de travailler avec des croquis, il faut travailler avec des cartes et l'une des premi\u00e8res \u00e9tapes consiste donc \u00e0 <a href=\"https:\/\/travesiapirenaica.com\/fr\/cartes-de-randonnee\/\">apprendre \u00e0 en lire un et \u00e0 pouvoir le mesurer<\/a>. Sur une carte, il est possible de mesurer les caract\u00e9ristiques de base de la planification de votre activit\u00e9, telles que la longueur, la pente, les obstacles \u00e9ventuels pr\u00e9sent\u00e9s par le terrain et autres.<\/p>\n\n\n\n<p>Une activit\u00e9 d'une journ\u00e9e n\u00e9cessite une planification plusieurs heures \u00e0 l'avance.<\/p>\n\n\n\n<ul class=\"wp-block-list\"><li><strong>VOUS POUVEZ \u00caTRE INT\u00c9RESS\u00c9 PAR : <a href=\"https:\/\/travesiapirenaica.com\/fr\/openstreetmap-garmin-maps\/\">Cartes mondiales bas\u00e9es sur OpenStreetMap pour les appareils Garmin<\/a><\/strong><\/li><\/ul>\n\n\n\n<h3 class=\"wp-block-heading\">S'\u00e9quiper de mani\u00e8re ad\u00e9quate<\/h3>\n\n\n\n<p>Pour <a href=\"https:\/\/travesiapirenaica.com\/fr\/equipement-de-trekking\/\">s'\u00e9quiper pour la randonn\u00e9e<\/a> N'oubliez pas que les chaussures sont un \u00e9l\u00e9ment essentiel de l'\u00e9quipement. C'est pourquoi vous devez choisir une <a href=\"https:\/\/travesiapirenaica.com\/fr\/chaussures-de-randonnee\/\">chaussures <\/a>non seulement adapt\u00e9 \u00e0 l'activit\u00e9 que nous allons pratiquer, mais aussi tenant compte de l'environnement naturel et de la p\u00e9riode de l'ann\u00e9e \u00e0 laquelle nous allons l'utiliser.<\/p>\n\n\n\n<p>Une chaussure tr\u00e8s l\u00e9g\u00e8re signifie plus d'impact sur les pieds, plus de distorsion au niveau des chevilles, des genoux et des hanches. Une chaussure avec un peu de tige vous donne toujours plus d'\u00e9quilibre et beaucoup plus de contr\u00f4le sur les mouvements et sera donc une chaussure l\u00e9g\u00e8rement plus s\u00fbre.<\/p>\n\n\n\n<p>Pour le corps, il faut toujours penser<a href=\"https:\/\/travesiapirenaica.com\/fr\/comment-shabiller-systeme-3-couches-montana\/\"> selon trois niveaux<\/a>Une premi\u00e8re couche tr\u00e8s respirante, une couche chaude l\u00e9g\u00e8re et une couche ext\u00e9rieure imperm\u00e9able et respirante. Elle doit \u00eatre accompagn\u00e9e du <a href=\"https:\/\/travesiapirenaica.com\/fr\/sacs-a-dos-montana\/\">sac \u00e0 dos adapt\u00e9<\/a>.<\/p>\n\n\n\n<p>On voit parfois dans les montagnes des sacs \u00e0 dos tr\u00e8s petits o\u00f9 l'on ne peut transporter que tr\u00e8s peu de choses, ce qui vous incitera toujours \u00e0 les laisser \u00e0 la maison, <strong>des \u00e9l\u00e9ments de base tels qu'un <a href=\"https:\/\/travesiapirenaica.com\/fr\/trousse-de-secours-pour-la-montagne\/\">trousse de premiers secours<\/a>des v\u00eatements de rechange, un <a href=\"https:\/\/travesiapirenaica.com\/fr\/comment-utiliser-la-couverture-thermique\/\">couverture de survie<\/a> et l'approvisionnement quotidien, ainsi qu'une r\u00e9serve pour les cas d'urgence.<\/strong>.<\/p>\n\n\n\n<p>Vous devez disposer d'un <strong><a href=\"https:\/\/travesiapirenaica.com\/fr\/meilleur-gps-montana\/\">GPS <\/a>et le t\u00e9l\u00e9phone charg\u00e9 <\/strong>et l'\u00e9teindre pour l'avoir \u00e0 port\u00e9e de main en cas d'urgence. Avec ces \u00e9l\u00e9ments, vous serez bien \u00e9quip\u00e9 pour poursuivre votre route.<\/p>\n\n\n\n<h3 class=\"wp-block-heading\">Bilan m\u00e9t\u00e9orologique<\/h3>\n\n\n\n<p>Il s'agit d'une information tr\u00e8s pr\u00e9cieuse. Cependant, les statistiques ne montrent pas que les conditions m\u00e9t\u00e9orologiques n'avaient pas \u00e9t\u00e9 pr\u00e9vues par les personnes qui ont eu l'accident. Ce qui se passe, c'est que les <strong>donn\u00e9es m\u00e9t\u00e9orologiques<\/strong> ne sont pas ad\u00e9quates.<\/p>\n\n\n\n<p>C'est pourquoi la formation est essentielle et il est \u00e9galement important que les randonneurs aient une certaine pratique de la m\u00e9t\u00e9orologie et qu'ils aient besoin d'une formation th\u00e9orique et pratique en m\u00e9t\u00e9orologie. <a href=\"https:\/\/travesiapirenaica.com\/fr\/avis-dalerte\/\">la connaissance des pr\u00e9visions m\u00e9t\u00e9orologiques<\/a>.<\/p>\n\n\n\n<h3 class=\"wp-block-heading\">Se conna\u00eetre soi-m\u00eame<\/h3>\n\n\n\n<p>L'un des points les plus pr\u00e9cieux du code de s\u00e9curit\u00e9 est de se conna\u00eetre soi-m\u00eame. Vous devez <strong>savoir quelle est votre r\u00e9action organique et psychologique<\/strong> \u00e0 votre activit\u00e9.<\/p>\n\n\n\n<p>Vous devez savoir combien de temps vous pouvez marcher, quel d\u00e9nivel\u00e9 vous \u00eates capable de surmonter et combien d'heures de marche vous pouvez effectuer. Tout cela d\u00e9pend de l'exp\u00e9rience que vous avez acquise dans les activit\u00e9s et de votre adaptation \u00e0 l'activit\u00e9 en question. <\/p>\n\n\n\n<p>En r\u00e8gle g\u00e9n\u00e9rale, le <a href=\"https:\/\/travesiapirenaica.com\/fr\/formation-en-montagne\/\">formation <\/a>et l'adaptation \u00e0 l'activit\u00e9 n'est pas chose courante chez les randonneurs. Cependant, il est n\u00e9cessaire d'avoir adapt\u00e9 les groupes musculaires impliqu\u00e9s et d'avoir une certaine capacit\u00e9 a\u00e9robique.<\/p>\n\n\n\n<h3 class=\"wp-block-heading\">Dire o\u00f9 l'on va<\/h3>\n\n\n\n<p>Aucune activit\u00e9 ne doit \u00eatre entreprise sans avoir laiss\u00e9 une source d'eau potable.<strong> l'information \u00e0 une personne de confiance <\/strong>de votre entourage sur votre type d'activit\u00e9, votre lieu de d\u00e9part, votre accompagnateur, le num\u00e9ro d'immatriculation de votre voiture, si vous allez traverser des refuges ou des villages o\u00f9 vous pouvez \u00eatre contact\u00e9(e).<\/p>\n\n\n\n<h2 class=\"wp-block-heading\">Conclusion<\/h2>\n\n\n\n<p>La randonn\u00e9e \u00e9tant l'une des activit\u00e9s pratiqu\u00e9es par le plus grand nombre, il n'est pas anormal qu'elle soit le sport de montagne ayant le taux d'accident le plus \u00e9lev\u00e9. Les raisons de ce taux et les mesures pour le r\u00e9duire font partie du syst\u00e8me de s\u00e9curit\u00e9 de la randonn\u00e9e.<\/p>\n\n\n\n<ul class=\"wp-block-list\"><li><a href=\"https:\/\/travesiapirenaica.com\/fr\/courses-de-securite-en-montagne\/\">La s\u00e9curit\u00e9 dans les courses de montagne<\/a><\/li><li><a href=\"https:\/\/travesiapirenaica.com\/fr\/la-prevention-des-risques-lies-a-la-securite-en-montagne-dans-les-activites-collectives\/\">S\u00e9curit\u00e9 en montagne et pr\u00e9vention des risques dans les activit\u00e9s de groupe<\/a><\/li><li><a href=\"https:\/\/travesiapirenaica.com\/fr\/prevention-des-risques-lies-a-la-securite-en-montagne-dans-les-activites-de-jeunesse\/\">S\u00e9curit\u00e9 en montagne et pr\u00e9vention des risques dans les activit\u00e9s de jeunesse<\/a><\/li><\/ul>\n\n\n\n<p><strong>Source : <a href=\"https:\/\/fedme.es\/\" target=\"_blank\" rel=\"noreferrer noopener nofollow\">Fedme<\/a><\/strong><\/p>","protected":false},"excerpt":{"rendered":"Actuellement, parmi les sports de montagne, la randonn\u00e9e est statistiquement l'activit\u00e9 qui compte le plus grand nombre de participants....","protected":false},"author":191,"featured_media":32628,"comment_status":"closed","ping_status":"closed","sticky":false,"template":"","format":"standard","meta":{"_kad_blocks_custom_css":"","_kad_blocks_head_custom_js":"","_kad_blocks_body_custom_js":"","_kad_blocks_footer_custom_js":"","episode_type":"audio","audio_file":"","podmotor_file_id":"","podmotor_episode_id":"","cover_image":"","cover_image_id":"","duration":"","filesize":"","filesize_raw":"","date_recorded":"","explicit":"","block":"","_kad_post_transparent":"","_kad_post_title":"","_kad_post_layout":"","_kad_post_sidebar_id":"","_kad_post_content_style":"","_kad_post_vertical_padding":"","_kad_post_feature":"","_kad_post_feature_position":"","_kad_post_header":false,"_kad_post_footer":false,"_kad_post_classname":"","_jetpack_memberships_contains_paid_content":false,"footnotes":""},"categories":[2958],"tags":[],"series":[],"class_list":["post-32627","post","type-post","status-publish","format-standard","has-post-thumbnail","hentry","category-seguridad"],"episode_featured_image":"https:\/\/travesiapirenaica.com\/wp-content\/uploads\/2022\/03\/Seguridad-en-el-senderismo.jpg","episode_player_image":"https:\/\/travesiapirenaica.com\/wp-content\/uploads\/2017\/12\/Caratula-Podcast-Maldita-Montana_1500x1500_72pp-p_.jpg","download_link":"","player_link":"","audio_player":false,"episode_data":{"playerMode":"dark","subscribeUrls":[],"rssFeedUrl":"https:\/\/travesiapirenaica.com\/fr\/feed\/podcast\/maldita-montana","embedCode":"<blockquote class=\"wp-embedded-content\" data-secret=\"fCbV0mFiBG\"><a href=\"https:\/\/travesiapirenaica.com\/fr\/seguridad-senderismo\/\">Seguridad en el senderismo<\/a><\/blockquote><iframe sandbox=\"allow-scripts\" security=\"restricted\" src=\"https:\/\/travesiapirenaica.com\/fr\/seguridad-senderismo\/embed\/#?secret=fCbV0mFiBG\" width=\"500\" height=\"350\" title=\"\u00ab\u00a0Seguridad en el senderismo\u00a0\u00bb &#8212; Traves\u00eda.\" data-secret=\"fCbV0mFiBG\" frameborder=\"0\" marginwidth=\"0\" marginheight=\"0\" scrolling=\"no\" class=\"wp-embedded-content\"><\/iframe><script>\n\/*! This file is auto-generated *\/\n!function(d,l){\"use strict\";l.querySelector&&d.addEventListener&&\"undefined\"!=typeof URL&&(d.wp=d.wp||{},d.wp.receiveEmbedMessage||(d.wp.receiveEmbedMessage=function(e){var t=e.data;if((t||t.secret||t.message||t.value)&&!\/[^a-zA-Z0-9]\/.test(t.secret)){for(var s,r,n,a=l.querySelectorAll('iframe[data-secret=\"'+t.secret+'\"]'),o=l.querySelectorAll('blockquote[data-secret=\"'+t.secret+'\"]'),c=new RegExp(\"^https?:$\",\"i\"),i=0;i<o.length;i++)o[i].style.display=\"none\";for(i=0;i<a.length;i++)s=a[i],e.source===s.contentWindow&&(s.removeAttribute(\"style\"),\"height\"===t.message?(1e3<(r=parseInt(t.value,10))?r=1e3:~~r<200&&(r=200),s.height=r):\"link\"===t.message&&(r=new URL(s.getAttribute(\"src\")),n=new URL(t.value),c.test(n.protocol))&&n.host===r.host&&l.activeElement===s&&(d.top.location.href=t.value))}},d.addEventListener(\"message\",d.wp.receiveEmbedMessage,!1),l.addEventListener(\"DOMContentLoaded\",function(){for(var e,t,s=l.querySelectorAll(\"iframe.wp-embedded-content\"),r=0;r<s.length;r++)(t=(e=s[r]).getAttribute(\"data-secret\"))||(t=Math.random().toString(36).substring(2,12),e.src+=\"#?secret=\"+t,e.setAttribute(\"data-secret\",t)),e.contentWindow.postMessage({message:\"ready\",secret:t},\"*\")},!1)))}(window,document);\n\/\/# sourceURL=https:\/\/travesiapirenaica.com\/wp-includes\/js\/wp-embed.min.js\n<\/script>\n"},"taxonomy_info":{"category":[{"value":2958,"label":"Seguridad"}]},"featured_image_src_large":["https:\/\/travesiapirenaica.com\/wp-content\/uploads\/2022\/03\/Seguridad-en-el-senderismo-1024x683.jpg",1024,683,true],"author_info":{"display_name":"Eduardo Azcona","author_link":"https:\/\/travesiapirenaica.com\/fr\/author\/eduardo-2\/"},"comment_info":0,"category_info":[{"term_id":2958,"name":"Seguridad","slug":"seguridad","term_group":0,"term_taxonomy_id":2974,"taxonomy":"category","description":"Seguridad","parent":2946,"count":22,"filter":"raw","cat_ID":2958,"category_count":22,"category_description":"Seguridad","cat_name":"Seguridad","category_nicename":"seguridad","category_parent":2946}],"tag_info":false,"jetpack_featured_media_url":"https:\/\/travesiapirenaica.com\/wp-content\/uploads\/2022\/03\/Seguridad-en-el-senderismo.jpg","jetpack_sharing_enabled":true,"_links":{"self":[{"href":"https:\/\/travesiapirenaica.com\/fr\/wp-json\/wp\/v2\/posts\/32627","targetHints":{"allow":["GET"]}}],"collection":[{"href":"https:\/\/travesiapirenaica.com\/fr\/wp-json\/wp\/v2\/posts"}],"about":[{"href":"https:\/\/travesiapirenaica.com\/fr\/wp-json\/wp\/v2\/types\/post"}],"author":[{"embeddable":true,"href":"https:\/\/travesiapirenaica.com\/fr\/wp-json\/wp\/v2\/users\/191"}],"replies":[{"embeddable":true,"href":"https:\/\/travesiapirenaica.com\/fr\/wp-json\/wp\/v2\/comments?post=32627"}],"version-history":[{"count":0,"href":"https:\/\/travesiapirenaica.com\/fr\/wp-json\/wp\/v2\/posts\/32627\/revisions"}],"wp:featuredmedia":[{"embeddable":true,"href":"https:\/\/travesiapirenaica.com\/fr\/wp-json\/wp\/v2\/media\/32628"}],"wp:attachment":[{"href":"https:\/\/travesiapirenaica.com\/fr\/wp-json\/wp\/v2\/media?parent=32627"}],"wp:term":[{"taxonomy":"category","embeddable":true,"href":"https:\/\/travesiapirenaica.com\/fr\/wp-json\/wp\/v2\/categories?post=32627"},{"taxonomy":"post_tag","embeddable":true,"href":"https:\/\/travesiapirenaica.com\/fr\/wp-json\/wp\/v2\/tags?post=32627"},{"taxonomy":"series","embeddable":true,"href":"https:\/\/travesiapirenaica.com\/fr\/wp-json\/wp\/v2\/series?post=32627"}],"curies":[{"name":"wp","href":"https:\/\/api.w.org\/{rel}","templated":true}]}}