{"id":32645,"date":"2022-03-23T10:55:17","date_gmt":"2022-03-23T09:55:17","guid":{"rendered":"https:\/\/travesiapirenaica.com\/?p=32645"},"modified":"2022-03-23T11:17:07","modified_gmt":"2022-03-23T10:17:07","slug":"usure-usure-tour-patagonia-europe","status":"publish","type":"post","link":"https:\/\/travesiapirenaica.com\/fr\/worn-wear-tour-patagonia-europa\/","title":{"rendered":"Le Worn Wear Tour de Patagonia revient sur les routes europ\u00e9ennes"},"content":{"rendered":"<ul class=\"wp-block-list\" id=\"block-1899ccd5-700b-4227-ba18-9377cad13b2b\"><li><em>Programme Worn Wear de Patagonia <strong>a \u00e9t\u00e9 cr\u00e9\u00e9e en 2013 pour promouvoir l'entretien des v\u00eatements, tant en termes de lavage que de r\u00e9paration.<\/strong> que n\u00e9cessaire.<\/em><\/li><li><em><strong>Prolongation de la dur\u00e9e de vie <\/strong>de nos v\u00eatements, en les entretenant et en les r\u00e9parant correctement, est la chose la plus importante que nous puissions faire pour att\u00e9nuer notre impact sur la plan\u00e8te et r\u00e9duire la n\u00e9cessit\u00e9 d'acheter davantage au fil du temps, <a href=\"https:\/\/travesiapirenaica.com\/fr\/marques-de-vetements-durables-du-montana\/\">\u00e9vitant ainsi les \u00e9missions de CO2, la production de d\u00e9chets et la consommation d'eau.<\/a> n\u00e9cessaires \u00e0 sa fabrication.<\/em><\/li><li><em>Selon le groupe britannique WRAP, <strong>Si nous conservons nos v\u00eatements pendant neuf mois suppl\u00e9mentaires, nous pouvons r\u00e9duire notre empreinte carbone de 20 \u00e0 30 %.<\/strong>des d\u00e9chets produits et de l'eau utilis\u00e9e, simplement parce que nous fabriquons et \u00e9liminons moins.<\/em><\/li><\/ul>\n\n\n\n<hr class=\"wp-block-separator\"\/>\n\n\n\n<figure class=\"wp-block-gallery has-nested-images columns-default is-cropped wp-block-gallery-1 is-layout-flex wp-block-gallery-is-layout-flex\">\n<figure class=\"wp-block-image size-large\"><img loading=\"lazy\" decoding=\"async\" width=\"1024\" height=\"768\" data-id=\"32655\" src=\"https:\/\/travesiapirenaica.com\/wp-content\/uploads\/2022\/03\/Worn-Wear-Tour_1200x900-1024x768.jpg\" alt=\"R\u00e9paration des fermetures \u00e9clair, des d\u00e9chirures, des boutons et autres. Photo : Worn Wear\" class=\"wp-image-32655\" srcset=\"https:\/\/travesiapirenaica.com\/wp-content\/uploads\/2022\/03\/Worn-Wear-Tour_1200x900-1024x768.jpg 1024w, https:\/\/travesiapirenaica.com\/wp-content\/uploads\/2022\/03\/Worn-Wear-Tour_1200x900-300x225.jpg 300w, https:\/\/travesiapirenaica.com\/wp-content\/uploads\/2022\/03\/Worn-Wear-Tour_1200x900-768x576.jpg 768w, https:\/\/travesiapirenaica.com\/wp-content\/uploads\/2022\/03\/Worn-Wear-Tour_1200x900-150x113.jpg 150w, https:\/\/travesiapirenaica.com\/wp-content\/uploads\/2022\/03\/Worn-Wear-Tour_1200x900-696x522.jpg 696w, https:\/\/travesiapirenaica.com\/wp-content\/uploads\/2022\/03\/Worn-Wear-Tour_1200x900-1068x801.jpg 1068w, https:\/\/travesiapirenaica.com\/wp-content\/uploads\/2022\/03\/Worn-Wear-Tour_1200x900-560x420.jpg 560w, https:\/\/travesiapirenaica.com\/wp-content\/uploads\/2022\/03\/Worn-Wear-Tour_1200x900-80x60.jpg 80w, https:\/\/travesiapirenaica.com\/wp-content\/uploads\/2022\/03\/Worn-Wear-Tour_1200x900-265x198.jpg 265w, https:\/\/travesiapirenaica.com\/wp-content\/uploads\/2022\/03\/Worn-Wear-Tour_1200x900-600x450.jpg 600w, https:\/\/travesiapirenaica.com\/wp-content\/uploads\/2022\/03\/Worn-Wear-Tour_1200x900.jpg 1200w\" sizes=\"auto, (max-width: 1024px) 100vw, 1024px\" \/><\/figure>\n\n\n\n<figure class=\"wp-block-image size-large\"><img loading=\"lazy\" decoding=\"async\" width=\"1024\" height=\"768\" data-id=\"32656\" src=\"https:\/\/travesiapirenaica.com\/wp-content\/uploads\/2022\/03\/WWT_Bormio_-00203_1200x900-1024x768.jpg\" alt=\"R\u00e9paration des fermetures \u00e9clair, des d\u00e9chirures, des boutons et autres. Photo : Worn Wear \" class=\"wp-image-32656\" srcset=\"https:\/\/travesiapirenaica.com\/wp-content\/uploads\/2022\/03\/WWT_Bormio_-00203_1200x900-1024x768.jpg 1024w, https:\/\/travesiapirenaica.com\/wp-content\/uploads\/2022\/03\/WWT_Bormio_-00203_1200x900-300x225.jpg 300w, https:\/\/travesiapirenaica.com\/wp-content\/uploads\/2022\/03\/WWT_Bormio_-00203_1200x900-768x576.jpg 768w, https:\/\/travesiapirenaica.com\/wp-content\/uploads\/2022\/03\/WWT_Bormio_-00203_1200x900-150x113.jpg 150w, https:\/\/travesiapirenaica.com\/wp-content\/uploads\/2022\/03\/WWT_Bormio_-00203_1200x900-696x522.jpg 696w, https:\/\/travesiapirenaica.com\/wp-content\/uploads\/2022\/03\/WWT_Bormio_-00203_1200x900-1068x801.jpg 1068w, https:\/\/travesiapirenaica.com\/wp-content\/uploads\/2022\/03\/WWT_Bormio_-00203_1200x900-560x420.jpg 560w, https:\/\/travesiapirenaica.com\/wp-content\/uploads\/2022\/03\/WWT_Bormio_-00203_1200x900-80x60.jpg 80w, https:\/\/travesiapirenaica.com\/wp-content\/uploads\/2022\/03\/WWT_Bormio_-00203_1200x900-265x198.jpg 265w, https:\/\/travesiapirenaica.com\/wp-content\/uploads\/2022\/03\/WWT_Bormio_-00203_1200x900-600x450.jpg 600w, https:\/\/travesiapirenaica.com\/wp-content\/uploads\/2022\/03\/WWT_Bormio_-00203_1200x900.jpg 1200w\" sizes=\"auto, (max-width: 1024px) 100vw, 1024px\" \/><\/figure>\n\n\n\n<figure class=\"wp-block-image size-large\"><img loading=\"lazy\" decoding=\"async\" width=\"900\" height=\"1200\" data-id=\"32653\" src=\"https:\/\/travesiapirenaica.com\/wp-content\/uploads\/2022\/03\/Worn-Wear-Tour-europea_900x1200.jpg\" alt=\"Prolonger la dur\u00e9e de vie de nos v\u00eatements gr\u00e2ce \u00e0 un entretien et des r\u00e9parations appropri\u00e9s. Photo : Worn Wear by Patagonia\" class=\"wp-image-32653\" srcset=\"https:\/\/travesiapirenaica.com\/wp-content\/uploads\/2022\/03\/Worn-Wear-Tour-europea_900x1200.jpg 900w, https:\/\/travesiapirenaica.com\/wp-content\/uploads\/2022\/03\/Worn-Wear-Tour-europea_900x1200-225x300.jpg 225w, https:\/\/travesiapirenaica.com\/wp-content\/uploads\/2022\/03\/Worn-Wear-Tour-europea_900x1200-768x1024.jpg 768w, https:\/\/travesiapirenaica.com\/wp-content\/uploads\/2022\/03\/Worn-Wear-Tour-europea_900x1200-150x200.jpg 150w, https:\/\/travesiapirenaica.com\/wp-content\/uploads\/2022\/03\/Worn-Wear-Tour-europea_900x1200-300x400.jpg 300w, https:\/\/travesiapirenaica.com\/wp-content\/uploads\/2022\/03\/Worn-Wear-Tour-europea_900x1200-696x928.jpg 696w, https:\/\/travesiapirenaica.com\/wp-content\/uploads\/2022\/03\/Worn-Wear-Tour-europea_900x1200-315x420.jpg 315w, https:\/\/travesiapirenaica.com\/wp-content\/uploads\/2022\/03\/Worn-Wear-Tour-europea_900x1200-600x800.jpg 600w\" sizes=\"auto, (max-width: 900px) 100vw, 900px\" \/><\/figure>\n<\/figure>\n\n\n\n<p>L'\u00e9quipe de r\u00e9paration Worn Wear de Patagonia se lance \u00e0 nouveau sur les pistes d'Europe pour pr\u00e9senter le Worn Wear Snow Tour 2022. La caravane classique Worn Wear se rendra \u00e0 nouveau dans les Alpes, vers des destinations enneig\u00e9es en France, en Suisse, en Autriche, en Allemagne et en Italie.<\/p>\n\n\n\n<p>En plus d'offrir aux skieurs et aux snowboarders <strong>r\u00e9paration gratuite des fermetures \u00e9clair, des d\u00e9chirures, des boutons et autres,<\/strong> apprendront aux gens \u00e0 r\u00e9parer leur propre \u00e9quipement. L'initiative Worn Wear vise \u00e0 encourager les clients \u00e0 prolonger la dur\u00e9e de vie de leurs v\u00eatements. L'\u00e9quipe de r\u00e9paration de Patagonia proposera des r\u00e9parations gratuites pour toutes les marques de v\u00eatements, selon le principe du premier arriv\u00e9, premier servi.<\/p>\n\n\n\n<figure class=\"wp-block-image size-large\"><img loading=\"lazy\" decoding=\"async\" width=\"1200\" height=\"900\" src=\"https:\/\/travesiapirenaica.com\/wp-content\/uploads\/2022\/03\/Worn-Wear-Tour-WWT_Transit_-0007_1200x900.jpg\" alt=\"La caravane Worn Wear, soigneusement con\u00e7ue et fabriqu\u00e9e \u00e0 la main. Photo : Worn Wear\" class=\"wp-image-32654\" srcset=\"https:\/\/travesiapirenaica.com\/wp-content\/uploads\/2022\/03\/Worn-Wear-Tour-WWT_Transit_-0007_1200x900.jpg 1200w, https:\/\/travesiapirenaica.com\/wp-content\/uploads\/2022\/03\/Worn-Wear-Tour-WWT_Transit_-0007_1200x900-300x225.jpg 300w, https:\/\/travesiapirenaica.com\/wp-content\/uploads\/2022\/03\/Worn-Wear-Tour-WWT_Transit_-0007_1200x900-1024x768.jpg 1024w, https:\/\/travesiapirenaica.com\/wp-content\/uploads\/2022\/03\/Worn-Wear-Tour-WWT_Transit_-0007_1200x900-768x576.jpg 768w, https:\/\/travesiapirenaica.com\/wp-content\/uploads\/2022\/03\/Worn-Wear-Tour-WWT_Transit_-0007_1200x900-150x113.jpg 150w, https:\/\/travesiapirenaica.com\/wp-content\/uploads\/2022\/03\/Worn-Wear-Tour-WWT_Transit_-0007_1200x900-696x522.jpg 696w, https:\/\/travesiapirenaica.com\/wp-content\/uploads\/2022\/03\/Worn-Wear-Tour-WWT_Transit_-0007_1200x900-1068x801.jpg 1068w, https:\/\/travesiapirenaica.com\/wp-content\/uploads\/2022\/03\/Worn-Wear-Tour-WWT_Transit_-0007_1200x900-560x420.jpg 560w, https:\/\/travesiapirenaica.com\/wp-content\/uploads\/2022\/03\/Worn-Wear-Tour-WWT_Transit_-0007_1200x900-80x60.jpg 80w, https:\/\/travesiapirenaica.com\/wp-content\/uploads\/2022\/03\/Worn-Wear-Tour-WWT_Transit_-0007_1200x900-265x198.jpg 265w, https:\/\/travesiapirenaica.com\/wp-content\/uploads\/2022\/03\/Worn-Wear-Tour-WWT_Transit_-0007_1200x900-600x450.jpg 600w\" sizes=\"auto, (max-width: 1200px) 100vw, 1200px\" \/><figcaption>La caravane Worn Wear, soigneusement con\u00e7ue et fabriqu\u00e9e \u00e0 la main. Photo : Worn Wear<\/figcaption><\/figure>\n\n\n\n<p><strong>La caravane a \u00e9t\u00e9 construite \u00e0 la main avec un design original. <\/strong>afin d'atteindre les endroits les plus difficiles d'Europe. \u00c9quip\u00e9 de tout le mat\u00e9riel de r\u00e9paration technique, il apportera du chocolat chaud et de bonnes vibrations sur les pistes.<\/p>\n\n\n\n<p>Il enseignera \u00e9galement comment maintenir l'\u00e9quipement de neige en bon \u00e9tat pendant plusieurs saisons et d\u00e9montrera des techniques telles que le rapi\u00e9\u00e7age, la r\u00e9imperm\u00e9abilisation des v\u00eatements ext\u00e9rieurs et la r\u00e9paration des fermetures \u00e0 glissi\u00e8re.<\/p>","protected":false},"excerpt":{"rendered":"Le programme Worn Wear de Patagonia a \u00e9t\u00e9 cr\u00e9\u00e9 en 2013 pour promouvoir l'entretien des...","protected":false},"author":1,"featured_media":32648,"comment_status":"closed","ping_status":"closed","sticky":false,"template":"","format":"standard","meta":{"_kad_blocks_custom_css":"","_kad_blocks_head_custom_js":"","_kad_blocks_body_custom_js":"","_kad_blocks_footer_custom_js":"","episode_type":"audio","audio_file":"","podmotor_file_id":"","podmotor_episode_id":"","cover_image":"","cover_image_id":"","duration":"","filesize":"","filesize_raw":"","date_recorded":"","explicit":"","block":"","_kad_post_transparent":"","_kad_post_title":"","_kad_post_layout":"","_kad_post_sidebar_id":"","_kad_post_content_style":"","_kad_post_vertical_padding":"","_kad_post_feature":"","_kad_post_feature_position":"","_kad_post_header":false,"_kad_post_footer":false,"_kad_post_classname":"","_jetpack_memberships_contains_paid_content":false,"footnotes":""},"categories":[3002,3008],"tags":[],"series":[],"class_list":["post-32645","post","type-post","status-publish","format-standard","has-post-thumbnail","hentry","category-actualidad","category-ecologia-medio-ambiente"],"episode_featured_image":"https:\/\/travesiapirenaica.com\/wp-content\/uploads\/2022\/03\/Worn-Wear-Tour-WWT_LaClusaz_-6033_1200x900.jpg","episode_player_image":"https:\/\/travesiapirenaica.com\/wp-content\/uploads\/2017\/12\/Caratula-Podcast-Maldita-Montana_1500x1500_72pp-p_.jpg","download_link":"","player_link":"","audio_player":false,"episode_data":{"playerMode":"dark","subscribeUrls":[],"rssFeedUrl":"https:\/\/travesiapirenaica.com\/fr\/feed\/podcast\/maldita-montana","embedCode":"<blockquote class=\"wp-embedded-content\" data-secret=\"UpwyrzGomD\"><a href=\"https:\/\/travesiapirenaica.com\/fr\/worn-wear-tour-patagonia-europa\/\">El Worn Wear Tour de Patagonia regresa a las carreteras europeas<\/a><\/blockquote><iframe sandbox=\"allow-scripts\" security=\"restricted\" src=\"https:\/\/travesiapirenaica.com\/fr\/worn-wear-tour-patagonia-europa\/embed\/#?secret=UpwyrzGomD\" width=\"500\" height=\"350\" title=\"\u00ab\u00a0El Worn Wear Tour de Patagonia regresa a las carreteras europeas\u00a0\u00bb &#8212; Traves\u00eda.\" data-secret=\"UpwyrzGomD\" frameborder=\"0\" marginwidth=\"0\" marginheight=\"0\" scrolling=\"no\" class=\"wp-embedded-content\"><\/iframe><script>\n\/*! This file is auto-generated *\/\n!function(d,l){\"use strict\";l.querySelector&&d.addEventListener&&\"undefined\"!=typeof URL&&(d.wp=d.wp||{},d.wp.receiveEmbedMessage||(d.wp.receiveEmbedMessage=function(e){var t=e.data;if((t||t.secret||t.message||t.value)&&!\/[^a-zA-Z0-9]\/.test(t.secret)){for(var s,r,n,a=l.querySelectorAll('iframe[data-secret=\"'+t.secret+'\"]'),o=l.querySelectorAll('blockquote[data-secret=\"'+t.secret+'\"]'),c=new RegExp(\"^https?:$\",\"i\"),i=0;i<o.length;i++)o[i].style.display=\"none\";for(i=0;i<a.length;i++)s=a[i],e.source===s.contentWindow&&(s.removeAttribute(\"style\"),\"height\"===t.message?(1e3<(r=parseInt(t.value,10))?r=1e3:~~r<200&&(r=200),s.height=r):\"link\"===t.message&&(r=new URL(s.getAttribute(\"src\")),n=new URL(t.value),c.test(n.protocol))&&n.host===r.host&&l.activeElement===s&&(d.top.location.href=t.value))}},d.addEventListener(\"message\",d.wp.receiveEmbedMessage,!1),l.addEventListener(\"DOMContentLoaded\",function(){for(var e,t,s=l.querySelectorAll(\"iframe.wp-embedded-content\"),r=0;r<s.length;r++)(t=(e=s[r]).getAttribute(\"data-secret\"))||(t=Math.random().toString(36).substring(2,12),e.src+=\"#?secret=\"+t,e.setAttribute(\"data-secret\",t)),e.contentWindow.postMessage({message:\"ready\",secret:t},\"*\")},!1)))}(window,document);\n\/\/# sourceURL=https:\/\/travesiapirenaica.com\/wp-includes\/js\/wp-embed.min.js\n<\/script>\n"},"taxonomy_info":{"category":[{"value":3002,"label":"Actualidad"},{"value":3008,"label":"Ecolog\u00eda \/ Medio ambiente"}]},"featured_image_src_large":["https:\/\/travesiapirenaica.com\/wp-content\/uploads\/2022\/03\/Worn-Wear-Tour-WWT_LaClusaz_-6033_1200x900-1024x768.jpg",1024,768,true],"author_info":{"display_name":"Traves\u00eda Pirenaica","author_link":"https:\/\/travesiapirenaica.com\/fr\/author\/travesia-pirenaica\/"},"comment_info":0,"category_info":[{"term_id":3002,"name":"Actualidad","slug":"actualidad","term_group":0,"term_taxonomy_id":3018,"taxonomy":"category","description":"Actualidad","parent":0,"count":75,"filter":"raw","cat_ID":3002,"category_count":75,"category_description":"Actualidad","cat_name":"Actualidad","category_nicename":"actualidad","category_parent":0},{"term_id":3008,"name":"Ecolog\u00eda \/ Medio ambiente","slug":"ecologia-medio-ambiente","term_group":0,"term_taxonomy_id":3024,"taxonomy":"category","description":"Ecolog\u00eda \/ Medio ambiente","parent":0,"count":26,"filter":"raw","cat_ID":3008,"category_count":26,"category_description":"Ecolog\u00eda \/ Medio ambiente","cat_name":"Ecolog\u00eda \/ Medio ambiente","category_nicename":"ecologia-medio-ambiente","category_parent":0}],"tag_info":false,"jetpack_featured_media_url":"https:\/\/travesiapirenaica.com\/wp-content\/uploads\/2022\/03\/Worn-Wear-Tour-WWT_LaClusaz_-6033_1200x900.jpg","jetpack_sharing_enabled":true,"_links":{"self":[{"href":"https:\/\/travesiapirenaica.com\/fr\/wp-json\/wp\/v2\/posts\/32645","targetHints":{"allow":["GET"]}}],"collection":[{"href":"https:\/\/travesiapirenaica.com\/fr\/wp-json\/wp\/v2\/posts"}],"about":[{"href":"https:\/\/travesiapirenaica.com\/fr\/wp-json\/wp\/v2\/types\/post"}],"author":[{"embeddable":true,"href":"https:\/\/travesiapirenaica.com\/fr\/wp-json\/wp\/v2\/users\/1"}],"replies":[{"embeddable":true,"href":"https:\/\/travesiapirenaica.com\/fr\/wp-json\/wp\/v2\/comments?post=32645"}],"version-history":[{"count":0,"href":"https:\/\/travesiapirenaica.com\/fr\/wp-json\/wp\/v2\/posts\/32645\/revisions"}],"wp:featuredmedia":[{"embeddable":true,"href":"https:\/\/travesiapirenaica.com\/fr\/wp-json\/wp\/v2\/media\/32648"}],"wp:attachment":[{"href":"https:\/\/travesiapirenaica.com\/fr\/wp-json\/wp\/v2\/media?parent=32645"}],"wp:term":[{"taxonomy":"category","embeddable":true,"href":"https:\/\/travesiapirenaica.com\/fr\/wp-json\/wp\/v2\/categories?post=32645"},{"taxonomy":"post_tag","embeddable":true,"href":"https:\/\/travesiapirenaica.com\/fr\/wp-json\/wp\/v2\/tags?post=32645"},{"taxonomy":"series","embeddable":true,"href":"https:\/\/travesiapirenaica.com\/fr\/wp-json\/wp\/v2\/series?post=32645"}],"curies":[{"name":"wp","href":"https:\/\/api.w.org\/{rel}","templated":true}]}}