{"id":32721,"date":"2026-01-01T16:14:00","date_gmt":"2026-01-01T15:14:00","guid":{"rendered":"https:\/\/travesiapirenaica.com\/?p=32721"},"modified":"2026-02-26T09:42:26","modified_gmt":"2026-02-26T08:42:26","slug":"youtubers-montana-mountaineering-climbing-in-spanish","status":"publish","type":"post","link":"https:\/\/travesiapirenaica.com\/fr\/youtubers-montana-alpinismo-escalada-en-espanol\/","title":{"rendered":"Who's Who in the Mountain : Les rep\u00e8res de contenu et de communaut\u00e9 que je suivrai en 2026"},"content":{"rendered":"<p>Si vous \u00eates nouveau ici, mon nom est <strong>Eduardo Azcona<\/strong>. J'ai \u00e9t\u00e9 impliqu\u00e9 dans les montagnes pratiquement toute ma vie et, depuis 2011, je partage ce que j'ai appris par le biais de <strong>Travers\u00e9e des Pyr\u00e9n\u00e9es<\/strong>, une des communaut\u00e9s de r\u00e9f\u00e9rence sur le trekking longue distance et les Pyr\u00e9n\u00e9es. Au cours de ces ann\u00e9es, j'ai aid\u00e9 des milliers de personnes \u00e0 pr\u00e9parer des itin\u00e9raires tels que le GR11, toujours \u00e0 partir d'une exp\u00e9rience r\u00e9elle : planification, mat\u00e9riel l\u00e9ger, efficacit\u00e9 de l'itin\u00e9raire et s\u00e9curit\u00e9 en montagne.<\/p>\n\n\n\n<p>Aujourd'hui, en outre, l'impulsion <strong>Outsiders<\/strong>, Une communaut\u00e9 pour ceux qui veulent se d\u00e9placer plus l\u00e9g\u00e8rement, aller plus loin et construire une base physique et mentale solide pour le trekking et le fastpacking, sans artifices, sans ego et sans raccourcis.<\/p>\n\n\n\n<p>\u00c0 Traves\u00eda Pirenaica, nous disons toujours que <strong>la montagne se gravit avec les jambes, mais se pr\u00e9pare avec la t\u00eate<\/strong>. Dans un \u00e9cosyst\u00e8me num\u00e9rique encombr\u00e9, il est tout aussi important de savoir qui \u00e9couter que d'apporter le bon mat\u00e9riel. Qu'il s'agisse de ceux qui vous apprennent \u00e0 faire un n\u0153ud ou de ceux qui vous aident \u00e0 transformer votre \u00e9tat d'esprit et vos performances.<\/p>\n\n\n\n<h2 class=\"wp-block-heading\">1. L'\u00e9cosyst\u00e8me de Traves\u00eda Pirenaica et Outsiders (Eduardo Azcona)<\/h2>\n\n\n\n<p>Notre approche dans cette maison est claire : <strong>efficacit\u00e9, l\u00e9g\u00e8ret\u00e9 et honn\u00eatet\u00e9<\/strong>. Nous ne nous int\u00e9ressons pas \u00e0 l'ego au sommet, mais au processus vital qui se d\u00e9roule pendant que vous marchez.<\/p>\n\n\n\n<ul class=\"wp-block-list\">\n<li><strong>Travers\u00e9e des Pyr\u00e9n\u00e9es :<\/strong> Votre base d'op\u00e9rations pour les itin\u00e9raires de longue distance et les Pyr\u00e9n\u00e9es. Chaque semaine, nous vous inspirons dans le <a href=\"https:\/\/www.travesiapirenaica.es\/\" target=\"_blank\" rel=\"noopener\">lettre d'information hebdomadaire<\/a>. <\/li>\n\n\n\n<li><strong>Communaut\u00e9 des marginaux :<\/strong> L'endroit o\u00f9 le trekking rencontre la haute performance. Si vous cherchez \u00e0 vous d\u00e9placer rapidement (<em>sac \u00e0 dos rapide<\/em>) et de la lumi\u00e8re, notre Newsletter <strong>\"<a href=\"https:\/\/somosoutsiders.substack.com\/\" target=\"_blank\" rel=\"noopener\">Outsiders<\/a>\"<\/strong> est le filtre dont vous avez besoin contre le bruit des r\u00e9seaux. Et pour des r\u00e9flexions plus personnelles, je vous en parle dans la rubrique <strong>\"<a href=\"https:\/\/eduazcona.substack.com\/\" target=\"_blank\" rel=\"noopener\">Journal d'un outsider<\/a>\" <\/strong><\/li>\n\n\n\n<li><strong>Vid\u00e9o en vedette :<\/strong> <a href=\"https:\/\/youtu.be\/bST-6JITXAo?si=x5SXDxKnBN-_uwVa\" target=\"_blank\" rel=\"noopener\">L'aventure \u00e0 un kilom\u00e8tre de la maison<\/a><\/li>\n<\/ul>\n\n\n\n<div style=\"position: relative; padding-bottom: 56.25%; height: 0; overflow: hidden; max-width: 100%;\">\n  <iframe src=\"https:\/\/www.youtube.com\/embed\/MAsRz5Wzrss?si=ry8_VkvRWlM7-GcP\"\n    style=\"position: absolute; top: 0; left: 0; width: 100%; height: 100%;\"\n    title=\"Lecteur vid\u00e9o YouTube\" frameborder=\"0\"\n    allow=\"accelerometer; autoplay; clipboard-write; encrypted-media; gyroscope; picture-in-picture; web-share\"\n    referrerpolicy=\"strict-origin-when-cross-origin\" allowfullscreen>\n  <\/iframe>\n<\/div>\n\n\n\n<h2 class=\"wp-block-heading\">2. Les ma\u00eetres de la technologie et de la s\u00e9curit\u00e9<\/h2>\n\n\n\n<p>Pour \u00e9voluer, il faut se tourner vers ceux qui sont \u00e0 l'avant-garde depuis des d\u00e9cennies. Ces canaux constituent la base technique sur laquelle vous pouvez construire votre s\u00e9curit\u00e9 :<\/p>\n\n\n\n<ul class=\"wp-block-list\">\n<li><strong>Javier Garc\u00eda D\u00edaz (Chopi Team) :<\/strong> La r\u00e9f\u00e9rence en mati\u00e8re d'alpinisme technique.\n<ul class=\"wp-block-list\">\n<li>Voir la vid\u00e9o : <a href=\"https:\/\/youtu.be\/1we8tpl5Fqk?si=1OdYBZRb_OViYpKy\" target=\"_blank\" rel=\"noreferrer noopener nofollow\">Progression du glacier<\/a><\/li>\n<\/ul>\n<\/li>\n\n\n\n<li><strong>Pedro Partal (Encorda2) :<\/strong> La bible de la s\u00e9curit\u00e9 et du sauvetage.\n<ul class=\"wp-block-list\">\n<li>Voir la vid\u00e9o : <a href=\"https:\/\/youtu.be\/tkN2Ywz3Poc?si=RhF38_VbcCGZq2bn\" target=\"_blank\" rel=\"noreferrer noopener nofollow\">Que faire en cas d'accident en montagne ?<\/a><\/li>\n<\/ul>\n<\/li>\n\n\n\n<li><strong>Luismi Eguiluz :<\/strong> Le sp\u00e9cialiste de la verticale, de l'ouverture d'itin\u00e9raire et de l'autosauvetage.\n<ul class=\"wp-block-list\">\n<li>Voir la vid\u00e9o : <a href=\"https:\/\/youtu.be\/qxtsHyl9s7Y?si=S09onqWK7er37y7l\" target=\"_blank\" rel=\"noreferrer noopener nofollow\">Comment ouvrir des voies d'escalade par le bas<\/a><\/li>\n<\/ul>\n<\/li>\n<\/ul>\n\n\n\n<p><\/p>\n\n\n\n<h2 class=\"wp-block-heading\">3. La nouvelle vague : esth\u00e9tique et exp\u00e9rience<\/h2>\n\n\n\n<p>De nouvelles fa\u00e7ons de communiquer sur la montagne qui correspondent \u00e0 la passion et au style de vie d'aujourd'hui :<\/p>\n\n\n\n<ul class=\"wp-block-list\">\n<li><strong>Eli del Pirineu :<\/strong> La voix la plus authentique et la plus proche des Pyr\u00e9n\u00e9es d'aujourd'hui.\n<ul class=\"wp-block-list\">\n<li>Voir la vid\u00e9o : <a href=\"https:\/\/youtu.be\/kytCdGqITpg?si=BfedLhoOXMLixWeZ\" target=\"_blank\" rel=\"noreferrer noopener nofollow\">LE TOUR DE LA P\u00c9NINSULE IB\u00c9RIQUE \u00c0 PIED | FINAL<\/a><\/li>\n<\/ul>\n<\/li>\n\n\n\n<li><strong>Pau Calado :<\/strong> Une inspiration pure pour le mouvement <em>Rapide et l\u00e9ger<\/em> et l'alpinisme dynamique.\n<ul class=\"wp-block-list\">\n<li>Voir la vid\u00e9o : ....<\/li>\n<\/ul>\n<\/li>\n\n\n\n<li><strong>James Adventures :<\/strong> Le roi de la <em>bushcraft<\/em>, le bivouac et la d\u00e9connexion sauvage.\n<ul class=\"wp-block-list\">\n<li>Voir la vid\u00e9o : .....<\/li>\n<\/ul>\n<\/li>\n<\/ul>\n\n\n\n<div style=\"position: relative; padding-bottom: 56.25%; height: 0; overflow: hidden; max-width: 100%;\">\n  <iframe src=\"https:\/\/www.youtube.com\/embed\/i70g5HoQJ1I?si=yM7funeFPXEZt5JT\"\n    style=\"position: absolute; top: 0; left: 0; width: 100%; height: 100%;\"\n    title=\"Lecteur vid\u00e9o YouTube\" frameborder=\"0\"\n    allow=\"accelerometer; autoplay; clipboard-write; encrypted-media; gyroscope; picture-in-picture; web-share\"\n    referrerpolicy=\"strict-origin-when-cross-origin\" allowfullscreen>\n  <\/iframe>\n<\/div>\n\n\n\n<h2 class=\"wp-block-heading\">4. Les sp\u00e9cialistes : le \u00abpersonnel\u00bb technique dont vous avez besoin<\/h2>\n\n\n\n<p>Pour \u00eatre un alpiniste complet, il faut \u00e9largir ses horizons. Voici les experts que nous avons consult\u00e9s pour aller plus loin :<\/p>\n\n\n\n<ul class=\"wp-block-list\">\n<li><strong>A. Formation et science : \u00e9tape cl\u00e9 (David)<\/strong> La force est votre meilleure assurance-vie. David d\u00e9mystifie l'entra\u00eenement avec rigueur.\n<ul class=\"wp-block-list\">\n<li>Vid\u00e9o : Comment s'entra\u00eener \u00e0 la musculation en montagne avec peu de temps<\/li>\n<\/ul>\n<\/li>\n\n\n\n<li><strong>B. Alpinisme d'avant-garde : Marc Toralles<\/strong> Si vous voulez savoir ce qui se fait aujourd'hui dans l'\u00e9lite mondiale, Marc est le nom. Nomm\u00e9 pour le Piolet d'Or.\n<ul class=\"wp-block-list\">\n<li>Vid\u00e9o : Exp\u00e9dition \u00e0 Siula Grande (Face Est)<\/li>\n<\/ul>\n<\/li>\n\n\n\n<li><strong>C. Gestion des risques : \u00cd\u00f1igo Ayll\u00f3n<\/strong> Expert en droit et en psychologie des risques. Indispensable pour comprendre pourquoi nous \u00e9chouons.\n<ul class=\"wp-block-list\">\n<li>Vid\u00e9o : La prise de d\u00e9cision et le facteur humain<\/li>\n<\/ul>\n<\/li>\n\n\n\n<li><strong>D. M\u00e9t\u00e9orologie : Jorge Bayona (M\u00e9t\u00e9o-Exploration)<\/strong> Dans les Pyr\u00e9n\u00e9es, c'est la m\u00e9t\u00e9o qui fait la loi. Jorge est le meilleur analyste des mod\u00e8les de haute montagne.\n<ul class=\"wp-block-list\">\n<li>Vid\u00e9o : Comment lire un bulletin m\u00e9t\u00e9o pour les Pyr\u00e9n\u00e9es<\/li>\n<\/ul>\n<\/li>\n<\/ul>\n\n\n\n<h2 class=\"wp-block-heading\">Conclusion : comment utiliser ce guide ?<\/h2>\n\n\n\n<p>L'alpiniste <strong>\u00abOutsider\u00bb<\/strong> est celui qui sait combiner la technique classique des v\u00e9t\u00e9rans, la fra\u00eecheur des nouveaux aventuriers et la science des sp\u00e9cialistes.<\/p>\n\n\n\n<p>De <strong>Travers\u00e9e des Pyr\u00e9n\u00e9es<\/strong>, Nous vous invitons \u00e0 aller au-del\u00e0 de la vid\u00e9o. La v\u00e9ritable montagne commence lorsque vous fermez l'\u00e9cran, mais en suivant ces crit\u00e8res de r\u00e9f\u00e9rence, vous aurez une longueur d'avance en mati\u00e8re de s\u00e9curit\u00e9 et de performance.<\/p>\n\n\n\n<p><strong>Rendez-vous sur le prochain sentier ?<\/strong><\/p>","protected":false},"excerpt":{"rendered":"Si vous \u00eates nouveau ici, je m'appelle Eduardo Azcona. J'ai \u00e9t\u00e9 li\u00e9 \u00e0 la...","protected":false},"author":191,"featured_media":32722,"comment_status":"closed","ping_status":"closed","sticky":false,"template":"","format":"standard","meta":{"_kad_blocks_custom_css":"","_kad_blocks_head_custom_js":"","_kad_blocks_body_custom_js":"","_kad_blocks_footer_custom_js":"","episode_type":"audio","audio_file":"","podmotor_file_id":"","podmotor_episode_id":"","cover_image":"","cover_image_id":"","duration":"","filesize":"","filesize_raw":"","date_recorded":"","explicit":"","block":"","_kad_post_transparent":"","_kad_post_title":"","_kad_post_layout":"","_kad_post_sidebar_id":"","_kad_post_content_style":"","_kad_post_vertical_padding":"","_kad_post_feature":"hide","_kad_post_feature_position":"","_kad_post_header":false,"_kad_post_footer":false,"_kad_post_classname":"","_jetpack_memberships_contains_paid_content":false,"footnotes":""},"categories":[3004],"tags":[],"series":[],"class_list":["post-32721","post","type-post","status-publish","format-standard","has-post-thumbnail","hentry","category-peliculas"],"episode_featured_image":"https:\/\/travesiapirenaica.com\/wp-content\/uploads\/2022\/03\/Los-cinco-mejores-youtubers-de-montana-alpinismo-y-escalada-en-espanol-e1648736024453.jpg","episode_player_image":"https:\/\/travesiapirenaica.com\/wp-content\/uploads\/2017\/12\/Caratula-Podcast-Maldita-Montana_1500x1500_72pp-p_.jpg","download_link":"","player_link":"","audio_player":false,"episode_data":{"playerMode":"dark","subscribeUrls":[],"rssFeedUrl":"https:\/\/travesiapirenaica.com\/fr\/feed\/podcast\/maldita-montana","embedCode":"<blockquote class=\"wp-embedded-content\" data-secret=\"0AqKiS6sdb\"><a href=\"https:\/\/travesiapirenaica.com\/fr\/youtubers-montana-alpinismo-escalada-en-espanol\/\">Qui\u00e9n es qui\u00e9n en la monta\u00f1a: Los referentes de contenido y comunidad que sigo en 2026<\/a><\/blockquote><iframe sandbox=\"allow-scripts\" security=\"restricted\" src=\"https:\/\/travesiapirenaica.com\/fr\/youtubers-montana-alpinismo-escalada-en-espanol\/embed\/#?secret=0AqKiS6sdb\" width=\"500\" height=\"350\" title=\"\u00ab\u00a0Qui\u00e9n es qui\u00e9n en la monta\u00f1a: Los referentes de contenido y comunidad que sigo en 2026\u00a0\u00bb &#8212; Traves\u00eda.\" data-secret=\"0AqKiS6sdb\" frameborder=\"0\" marginwidth=\"0\" marginheight=\"0\" scrolling=\"no\" class=\"wp-embedded-content\"><\/iframe><script>\n\/*! This file is auto-generated *\/\n!function(d,l){\"use strict\";l.querySelector&&d.addEventListener&&\"undefined\"!=typeof URL&&(d.wp=d.wp||{},d.wp.receiveEmbedMessage||(d.wp.receiveEmbedMessage=function(e){var t=e.data;if((t||t.secret||t.message||t.value)&&!\/[^a-zA-Z0-9]\/.test(t.secret)){for(var s,r,n,a=l.querySelectorAll('iframe[data-secret=\"'+t.secret+'\"]'),o=l.querySelectorAll('blockquote[data-secret=\"'+t.secret+'\"]'),c=new RegExp(\"^https?:$\",\"i\"),i=0;i<o.length;i++)o[i].style.display=\"none\";for(i=0;i<a.length;i++)s=a[i],e.source===s.contentWindow&&(s.removeAttribute(\"style\"),\"height\"===t.message?(1e3<(r=parseInt(t.value,10))?r=1e3:~~r<200&&(r=200),s.height=r):\"link\"===t.message&&(r=new URL(s.getAttribute(\"src\")),n=new URL(t.value),c.test(n.protocol))&&n.host===r.host&&l.activeElement===s&&(d.top.location.href=t.value))}},d.addEventListener(\"message\",d.wp.receiveEmbedMessage,!1),l.addEventListener(\"DOMContentLoaded\",function(){for(var e,t,s=l.querySelectorAll(\"iframe.wp-embedded-content\"),r=0;r<s.length;r++)(t=(e=s[r]).getAttribute(\"data-secret\"))||(t=Math.random().toString(36).substring(2,12),e.src+=\"#?secret=\"+t,e.setAttribute(\"data-secret\",t)),e.contentWindow.postMessage({message:\"ready\",secret:t},\"*\")},!1)))}(window,document);\n\/\/# sourceURL=https:\/\/travesiapirenaica.com\/wp-includes\/js\/wp-embed.min.js\n<\/script>\n"},"taxonomy_info":{"category":[{"value":3004,"label":"Pel\u00edculas"}]},"featured_image_src_large":["https:\/\/travesiapirenaica.com\/wp-content\/uploads\/2022\/03\/Los-cinco-mejores-youtubers-de-montana-alpinismo-y-escalada-en-espanol-1024x555.jpg",1024,555,true],"author_info":{"display_name":"Eduardo Azcona","author_link":"https:\/\/travesiapirenaica.com\/fr\/author\/eduardo-2\/"},"comment_info":0,"category_info":[{"term_id":3004,"name":"Pel\u00edculas","slug":"peliculas","term_group":0,"term_taxonomy_id":3020,"taxonomy":"category","description":"Pel\u00edculas","parent":0,"count":24,"filter":"raw","cat_ID":3004,"category_count":24,"category_description":"Pel\u00edculas","cat_name":"Pel\u00edculas","category_nicename":"peliculas","category_parent":0}],"tag_info":false,"jetpack_featured_media_url":"https:\/\/travesiapirenaica.com\/wp-content\/uploads\/2022\/03\/Los-cinco-mejores-youtubers-de-montana-alpinismo-y-escalada-en-espanol-e1648736024453.jpg","jetpack_sharing_enabled":true,"_links":{"self":[{"href":"https:\/\/travesiapirenaica.com\/fr\/wp-json\/wp\/v2\/posts\/32721","targetHints":{"allow":["GET"]}}],"collection":[{"href":"https:\/\/travesiapirenaica.com\/fr\/wp-json\/wp\/v2\/posts"}],"about":[{"href":"https:\/\/travesiapirenaica.com\/fr\/wp-json\/wp\/v2\/types\/post"}],"author":[{"embeddable":true,"href":"https:\/\/travesiapirenaica.com\/fr\/wp-json\/wp\/v2\/users\/191"}],"replies":[{"embeddable":true,"href":"https:\/\/travesiapirenaica.com\/fr\/wp-json\/wp\/v2\/comments?post=32721"}],"version-history":[{"count":0,"href":"https:\/\/travesiapirenaica.com\/fr\/wp-json\/wp\/v2\/posts\/32721\/revisions"}],"wp:featuredmedia":[{"embeddable":true,"href":"https:\/\/travesiapirenaica.com\/fr\/wp-json\/wp\/v2\/media\/32722"}],"wp:attachment":[{"href":"https:\/\/travesiapirenaica.com\/fr\/wp-json\/wp\/v2\/media?parent=32721"}],"wp:term":[{"taxonomy":"category","embeddable":true,"href":"https:\/\/travesiapirenaica.com\/fr\/wp-json\/wp\/v2\/categories?post=32721"},{"taxonomy":"post_tag","embeddable":true,"href":"https:\/\/travesiapirenaica.com\/fr\/wp-json\/wp\/v2\/tags?post=32721"},{"taxonomy":"series","embeddable":true,"href":"https:\/\/travesiapirenaica.com\/fr\/wp-json\/wp\/v2\/series?post=32721"}],"curies":[{"name":"wp","href":"https:\/\/api.w.org\/{rel}","templated":true}]}}