{"id":33286,"date":"2022-05-30T12:12:22","date_gmt":"2022-05-30T10:12:22","guid":{"rendered":"https:\/\/travesiapirenaica.com\/?p=33286"},"modified":"2022-05-30T12:14:34","modified_gmt":"2022-05-30T10:14:34","slug":"recits-daltitude-i-la-derniere-montee","status":"publish","type":"post","link":"https:\/\/travesiapirenaica.com\/fr\/relatos-de-altura-i-la-ultima-escalada\/","title":{"rendered":"La derni\u00e8re mont\u00e9e"},"content":{"rendered":"<p><em>Nous poursuivons la publication des micro-r\u00e9cits de la premi\u00e8re \u00e9dition du concours :\u00a0<a href=\"https:\/\/travesiapirenaica.com\/fr\/concours-de-micro-recits\/\">Histoires de haute altitude<\/a>nous vous laissons appr\u00e9cier \"La \u00faltima escalada\", de\u00a0<em>Pedro del Barrio Ayuso<\/em><\/em>.<\/p>\n\n\n\n<h2 class=\"wp-block-heading\" id=\"aqui-y-ahora\"><em>La derni\u00e8re mont\u00e9e<\/em><\/h2>\n\n\n\n<p><em>-par\u00a0<em>Pedro del Barrio Ayuso<\/em>-<\/em><\/p>\n\n\n\n<p>Il enfon\u00e7a ses doigts dans l'anfractuosit\u00e9 et sentit le granit froid. Il a \u00e9cart\u00e9 les jambes, coll\u00e9 son corps \u00e0 la roche et fait le premier pas, puis les mains et les pieds se sont succ\u00e9d\u00e9 \u00e0 la recherche d'un appui jusqu'\u00e0 ce qu'il aper\u00e7oive son minuscule sac \u00e0 dos.<\/p>\n\n\n\n<p>Pendant un moment, il contempla la nature. Maintenant, il se sent plus l\u00e9ger que jamais, sans entraves, sans attaches, sans casque, sans accompagnement.<\/p>\n\n\n\n<p>Il connaissait tr\u00e8s bien ce chemin, chaque proie \u00e9tait l\u00e0 o\u00f9 il pensait qu'elle serait. Il ferma les yeux, activa d'autres sens : il sentit la pierre et les buissons suspendus, \u00e9couta le vent et les oiseaux.<\/p>\n\n\n\n<p>Au bout de la piste, sur sa derni\u00e8re prise, les yeux encore ferm\u00e9s, son pied glisse et son corps se d\u00e9tache du rocher. Pendant une seconde, il ressent l'envol, puis sa conscience s'arr\u00eate.<\/p>\n\n\n\n<p>Au chevet du malade, son fils, en sanglots, ferme les yeux : \"Papa n'est plus avec nous\".<\/p>","protected":false},"excerpt":{"rendered":"Nous poursuivons la publication des micro-r\u00e9cits de la premi\u00e8re \u00e9dition du concours : Relatos de Altura,...","protected":false},"author":1,"featured_media":33288,"comment_status":"closed","ping_status":"closed","sticky":false,"template":"","format":"standard","meta":{"_kad_blocks_custom_css":"","_kad_blocks_head_custom_js":"","_kad_blocks_body_custom_js":"","_kad_blocks_footer_custom_js":"","episode_type":"audio","audio_file":"","podmotor_file_id":"","podmotor_episode_id":"","cover_image":"","cover_image_id":"","duration":"","filesize":"","filesize_raw":"","date_recorded":"","explicit":"","block":"","_kad_post_transparent":"","_kad_post_title":"","_kad_post_layout":"","_kad_post_sidebar_id":"","_kad_post_content_style":"","_kad_post_vertical_padding":"","_kad_post_feature":"","_kad_post_feature_position":"","_kad_post_header":false,"_kad_post_footer":false,"_kad_post_classname":"","_jetpack_memberships_contains_paid_content":false,"footnotes":""},"categories":[54],"tags":[3022],"series":[],"class_list":["post-33286","post","type-post","status-publish","format-standard","has-post-thumbnail","hentry","category-cultura","tag-microrrelatos"],"episode_featured_image":"https:\/\/travesiapirenaica.com\/wp-content\/uploads\/2022\/05\/Relatos-de-altura-I-La-ultima-escalada.jpg","episode_player_image":"https:\/\/travesiapirenaica.com\/wp-content\/uploads\/2017\/12\/Caratula-Podcast-Maldita-Montana_1500x1500_72pp-p_.jpg","download_link":"","player_link":"","audio_player":false,"episode_data":{"playerMode":"dark","subscribeUrls":[],"rssFeedUrl":"https:\/\/travesiapirenaica.com\/fr\/feed\/podcast\/maldita-montana","embedCode":"<blockquote class=\"wp-embedded-content\" data-secret=\"tedlNqDv70\"><a href=\"https:\/\/travesiapirenaica.com\/fr\/relatos-de-altura-i-la-ultima-escalada\/\">La \u00faltima escalada<\/a><\/blockquote><iframe sandbox=\"allow-scripts\" security=\"restricted\" src=\"https:\/\/travesiapirenaica.com\/fr\/relatos-de-altura-i-la-ultima-escalada\/embed\/#?secret=tedlNqDv70\" width=\"500\" height=\"350\" title=\"\u00ab\u00a0La \u00faltima escalada\u00a0\u00bb &#8212; Traves\u00eda.\" data-secret=\"tedlNqDv70\" frameborder=\"0\" marginwidth=\"0\" marginheight=\"0\" scrolling=\"no\" class=\"wp-embedded-content\"><\/iframe><script>\n\/*! This file is auto-generated *\/\n!function(d,l){\"use strict\";l.querySelector&&d.addEventListener&&\"undefined\"!=typeof URL&&(d.wp=d.wp||{},d.wp.receiveEmbedMessage||(d.wp.receiveEmbedMessage=function(e){var t=e.data;if((t||t.secret||t.message||t.value)&&!\/[^a-zA-Z0-9]\/.test(t.secret)){for(var s,r,n,a=l.querySelectorAll('iframe[data-secret=\"'+t.secret+'\"]'),o=l.querySelectorAll('blockquote[data-secret=\"'+t.secret+'\"]'),c=new RegExp(\"^https?:$\",\"i\"),i=0;i<o.length;i++)o[i].style.display=\"none\";for(i=0;i<a.length;i++)s=a[i],e.source===s.contentWindow&&(s.removeAttribute(\"style\"),\"height\"===t.message?(1e3<(r=parseInt(t.value,10))?r=1e3:~~r<200&&(r=200),s.height=r):\"link\"===t.message&&(r=new URL(s.getAttribute(\"src\")),n=new URL(t.value),c.test(n.protocol))&&n.host===r.host&&l.activeElement===s&&(d.top.location.href=t.value))}},d.addEventListener(\"message\",d.wp.receiveEmbedMessage,!1),l.addEventListener(\"DOMContentLoaded\",function(){for(var e,t,s=l.querySelectorAll(\"iframe.wp-embedded-content\"),r=0;r<s.length;r++)(t=(e=s[r]).getAttribute(\"data-secret\"))||(t=Math.random().toString(36).substring(2,12),e.src+=\"#?secret=\"+t,e.setAttribute(\"data-secret\",t)),e.contentWindow.postMessage({message:\"ready\",secret:t},\"*\")},!1)))}(window,document);\n\/\/# sourceURL=https:\/\/travesiapirenaica.com\/wp-includes\/js\/wp-embed.min.js\n<\/script>\n"},"taxonomy_info":{"category":[{"value":54,"label":"Cultura"}],"post_tag":[{"value":3022,"label":"microrrelatos"}]},"featured_image_src_large":["https:\/\/travesiapirenaica.com\/wp-content\/uploads\/2022\/05\/Relatos-de-altura-I-La-ultima-escalada-1024x768.jpg",1024,768,true],"author_info":{"display_name":"Traves\u00eda Pirenaica","author_link":"https:\/\/travesiapirenaica.com\/fr\/author\/travesia-pirenaica\/"},"comment_info":0,"category_info":[{"term_id":54,"name":"Cultura","slug":"cultura","term_group":0,"term_taxonomy_id":54,"taxonomy":"category","description":"","parent":0,"count":239,"filter":"raw","cat_ID":54,"category_count":239,"category_description":"","cat_name":"Cultura","category_nicename":"cultura","category_parent":0}],"tag_info":[{"term_id":3022,"name":"microrrelatos","slug":"microrrelatos","term_group":0,"term_taxonomy_id":3038,"taxonomy":"post_tag","description":"","parent":0,"count":212,"filter":"raw"}],"jetpack_featured_media_url":"https:\/\/travesiapirenaica.com\/wp-content\/uploads\/2022\/05\/Relatos-de-altura-I-La-ultima-escalada.jpg","jetpack_sharing_enabled":true,"_links":{"self":[{"href":"https:\/\/travesiapirenaica.com\/fr\/wp-json\/wp\/v2\/posts\/33286","targetHints":{"allow":["GET"]}}],"collection":[{"href":"https:\/\/travesiapirenaica.com\/fr\/wp-json\/wp\/v2\/posts"}],"about":[{"href":"https:\/\/travesiapirenaica.com\/fr\/wp-json\/wp\/v2\/types\/post"}],"author":[{"embeddable":true,"href":"https:\/\/travesiapirenaica.com\/fr\/wp-json\/wp\/v2\/users\/1"}],"replies":[{"embeddable":true,"href":"https:\/\/travesiapirenaica.com\/fr\/wp-json\/wp\/v2\/comments?post=33286"}],"version-history":[{"count":0,"href":"https:\/\/travesiapirenaica.com\/fr\/wp-json\/wp\/v2\/posts\/33286\/revisions"}],"wp:featuredmedia":[{"embeddable":true,"href":"https:\/\/travesiapirenaica.com\/fr\/wp-json\/wp\/v2\/media\/33288"}],"wp:attachment":[{"href":"https:\/\/travesiapirenaica.com\/fr\/wp-json\/wp\/v2\/media?parent=33286"}],"wp:term":[{"taxonomy":"category","embeddable":true,"href":"https:\/\/travesiapirenaica.com\/fr\/wp-json\/wp\/v2\/categories?post=33286"},{"taxonomy":"post_tag","embeddable":true,"href":"https:\/\/travesiapirenaica.com\/fr\/wp-json\/wp\/v2\/tags?post=33286"},{"taxonomy":"series","embeddable":true,"href":"https:\/\/travesiapirenaica.com\/fr\/wp-json\/wp\/v2\/series?post=33286"}],"curies":[{"name":"wp","href":"https:\/\/api.w.org\/{rel}","templated":true}]}}