{"id":33662,"date":"2022-08-29T15:41:17","date_gmt":"2022-08-29T13:41:17","guid":{"rendered":"https:\/\/travesiapirenaica.com\/?p=33662"},"modified":"2022-08-29T15:41:21","modified_gmt":"2022-08-29T13:41:21","slug":"les-7-meilleurs-cols-des-pyrenees-a-escalader-a-velo-et-a-moto","status":"publish","type":"post","link":"https:\/\/travesiapirenaica.com\/fr\/los-7-mejores-puertos-de-los-pirineos-para-ascender-en-bicicleta-y-moto\/","title":{"rendered":"Les 7 meilleurs cols des Pyr\u00e9n\u00e9es \u00e0 gravir \u00e0 v\u00e9lo et \u00e0 moto"},"content":{"rendered":"<p>Monter \u00e0 moto ou \u00e0 v\u00e9lo dans des endroits naturels comme les Pyr\u00e9n\u00e9es est une aventure imbattable que tout le monde aimerait vivre. Si vous \u00eates \u00e0 la recherche d'un v\u00e9hicule, dans des magasins tels que <a href=\"https:\/\/mundimoto.com\/es\" target=\"_blank\" rel=\"noopener\"><u>MundiMoto<\/u><\/a> vous trouverez <a href=\"https:\/\/mundimoto.com\/es\/motos-segunda-mano-ocasion\/trail\" target=\"_blank\" rel=\"noopener\"><u>v\u00e9los de trail d'occasion<\/u><\/a> Voulez-vous faire cet itin\u00e9raire impressionnant avec nous ? Tous les cols dont nous parlerons peuvent \u00eatre franchis \u00e0 v\u00e9lo ou \u00e0 moto.<\/p>\n\n\n\n<h2 class=\"wp-block-heading\">Tourmalet<\/h2>\n\n\n\n<p>Il est situ\u00e9 dans la r\u00e9gion fran\u00e7aise et a une distance de 17,2 kilom\u00e8tres avec une altitude de plus de 2000 m et un d\u00e9nivel\u00e9 d'environ 1200 avec un d\u00e9nivel\u00e9 moyen de 7,3 %. C'est l'une des plus recherch\u00e9es, m\u00eame si, en raison de sa longueur et de sa forme, elle prend beaucoup de temps, que l'on soit \u00e0 v\u00e9lo ou \u00e0 moto. Elle fait partie du c\u00e9l\u00e8bre Tour de France et a vu triompher certains des cyclistes les plus c\u00e9l\u00e8bres du monde.&nbsp;<\/p>\n\n\n\n<h2 class=\"wp-block-heading\">Col de Portet<\/h2>\n\n\n\n<p>Il se trouve \u00e9galement du c\u00f4t\u00e9 fran\u00e7ais et a une distance de 16 kilom\u00e8tres avec une altitude de plus de 2200 m et un d\u00e9nivel\u00e9 de pr\u00e8s de 1500 m avec une pente de 8,3 %. Il s'agit d'un itin\u00e9raire encore plus difficile que le Tourmalet pour le cyclisme, m\u00eame si, \u00e0 v\u00e9lo, vous vous amuserez beaucoup. Il a \u00e9t\u00e9 inclus dans le tour 2018 comme piste asphalt\u00e9e pour l'occasion et est d\u00e9j\u00e0 devenu un parcours incontournable du tour de France.&nbsp;<\/p>\n\n\n\n<h2 class=\"wp-block-heading\">Peyresourde<\/h2>\n\n\n\n<p>Avec une distance de 14 km, une altitude de plus de 1500 m et un d\u00e9nivel\u00e9 de 946 m avec une pente moyenne de 6,8 %, c'est un grand col qui a \u00e9t\u00e9 gravi lors de 61 \u00e9ditions du tour. Que vous choisissiez de le faire \u00e0 v\u00e9lo ou \u00e0 moto, vous profiterez de vues \u00e9poustouflantes et d'un parcours sans pareil.&nbsp;<\/p>\n\n\n\n<h2 class=\"wp-block-heading\">Aubisque<\/h2>\n\n\n\n<p>Avec une distance de 17,3 kilom\u00e8tres dans les Pyr\u00e9n\u00e9es fran\u00e7aises, un d\u00e9nivel\u00e9 de 1 200 m\u00e8tres et une altitude de 1 709 m\u00e8tres, avec une pente de 6,9 %, il offre une vue panoramique impressionnante lorsque vous atteignez le sommet, m\u00eame si, en raison de sa haute altitude, l'oxyg\u00e8ne est rare.&nbsp;<\/p>\n\n\n\n<h2 class=\"wp-block-heading\">Pic Coma Morera<\/h2>\n\n\n\n<p>Cette fois-ci, nous nous rendons dans la zone espagnole, \u00e0 ce col d'une distance de plus de 14 km, d'une altitude de plus de 2200 m et d'une d\u00e9nivellation de 967 avec une pente moyenne de 6,8 %.<\/p>\n\n\n\n<p>C'est l'une des plus belles r\u00e9gions, car lorsque l'on arrive au sommet, on peut voir presque toute la cha\u00eene de montagnes. Une vue inoubliable \u00e0 nulle autre pareille.<\/p>\n\n\n\n<h2 class=\"wp-block-heading\">La Gallina<\/h2>\n\n\n\n<p>Dans la r\u00e9gion d'Andorre se trouve ce col de plus de 12 km, d'une altitude de 1910 m\u00e8tres, d'une d\u00e9nivellation de 1019 m\u00e8tres et d'une pente moyenne de 8,4 %. En v\u00e9lo, il sera un peu plus difficile que les pr\u00e9c\u00e9dents, mais en moto, ce sera un vrai plaisir, surtout pour son arriv\u00e9e \u00e0 couper le souffle. Les vues sont \u00e0 ne pas manquer !<\/p>\n\n\n\n<p>Profitez de l'une des plus belles r\u00e9gions naturelles du monde en traversant ces cols \u00e0 bord d'une moto Lucy.<\/p>","protected":false},"excerpt":{"rendered":"Gravir les Pyr\u00e9n\u00e9es en moto ou \u00e0 v\u00e9lo est une aventure...","protected":false},"author":1,"featured_media":26497,"comment_status":"closed","ping_status":"closed","sticky":false,"template":"","format":"standard","meta":{"_kad_blocks_custom_css":"","_kad_blocks_head_custom_js":"","_kad_blocks_body_custom_js":"","_kad_blocks_footer_custom_js":"","episode_type":"audio","audio_file":"","podmotor_file_id":"","podmotor_episode_id":"","cover_image":"","cover_image_id":"","duration":"","filesize":"","filesize_raw":"","date_recorded":"","explicit":"","block":"","_kad_post_transparent":"","_kad_post_title":"","_kad_post_layout":"","_kad_post_sidebar_id":"","_kad_post_content_style":"","_kad_post_vertical_padding":"","_kad_post_feature":"","_kad_post_feature_position":"","_kad_post_header":false,"_kad_post_footer":false,"_kad_post_classname":"","_jetpack_memberships_contains_paid_content":false,"footnotes":""},"categories":[2926],"tags":[],"series":[],"class_list":["post-33662","post","type-post","status-publish","format-standard","has-post-thumbnail","hentry","category-bicicleta"],"episode_featured_image":"https:\/\/travesiapirenaica.com\/wp-content\/uploads\/2020\/05\/tourmalet_portada.jpg","episode_player_image":"https:\/\/travesiapirenaica.com\/wp-content\/uploads\/2017\/12\/Caratula-Podcast-Maldita-Montana_1500x1500_72pp-p_.jpg","download_link":"","player_link":"","audio_player":false,"episode_data":{"playerMode":"dark","subscribeUrls":[],"rssFeedUrl":"https:\/\/travesiapirenaica.com\/fr\/feed\/podcast\/maldita-montana","embedCode":"<blockquote class=\"wp-embedded-content\" data-secret=\"DU18WKLgew\"><a href=\"https:\/\/travesiapirenaica.com\/fr\/los-7-mejores-puertos-de-los-pirineos-para-ascender-en-bicicleta-y-moto\/\">Los 7 mejores puertos de los Pirineos para ascender en bicicleta y moto<\/a><\/blockquote><iframe sandbox=\"allow-scripts\" security=\"restricted\" src=\"https:\/\/travesiapirenaica.com\/fr\/los-7-mejores-puertos-de-los-pirineos-para-ascender-en-bicicleta-y-moto\/embed\/#?secret=DU18WKLgew\" width=\"500\" height=\"350\" title=\"\u00ab\u00a0Los 7 mejores puertos de los Pirineos para ascender en bicicleta y moto\u00a0\u00bb &#8212; Traves\u00eda.\" data-secret=\"DU18WKLgew\" frameborder=\"0\" marginwidth=\"0\" marginheight=\"0\" scrolling=\"no\" class=\"wp-embedded-content\"><\/iframe><script>\n\/*! This file is auto-generated *\/\n!function(d,l){\"use strict\";l.querySelector&&d.addEventListener&&\"undefined\"!=typeof URL&&(d.wp=d.wp||{},d.wp.receiveEmbedMessage||(d.wp.receiveEmbedMessage=function(e){var t=e.data;if((t||t.secret||t.message||t.value)&&!\/[^a-zA-Z0-9]\/.test(t.secret)){for(var s,r,n,a=l.querySelectorAll('iframe[data-secret=\"'+t.secret+'\"]'),o=l.querySelectorAll('blockquote[data-secret=\"'+t.secret+'\"]'),c=new RegExp(\"^https?:$\",\"i\"),i=0;i<o.length;i++)o[i].style.display=\"none\";for(i=0;i<a.length;i++)s=a[i],e.source===s.contentWindow&&(s.removeAttribute(\"style\"),\"height\"===t.message?(1e3<(r=parseInt(t.value,10))?r=1e3:~~r<200&&(r=200),s.height=r):\"link\"===t.message&&(r=new URL(s.getAttribute(\"src\")),n=new URL(t.value),c.test(n.protocol))&&n.host===r.host&&l.activeElement===s&&(d.top.location.href=t.value))}},d.addEventListener(\"message\",d.wp.receiveEmbedMessage,!1),l.addEventListener(\"DOMContentLoaded\",function(){for(var e,t,s=l.querySelectorAll(\"iframe.wp-embedded-content\"),r=0;r<s.length;r++)(t=(e=s[r]).getAttribute(\"data-secret\"))||(t=Math.random().toString(36).substring(2,12),e.src+=\"#?secret=\"+t,e.setAttribute(\"data-secret\",t)),e.contentWindow.postMessage({message:\"ready\",secret:t},\"*\")},!1)))}(window,document);\n\/\/# sourceURL=https:\/\/travesiapirenaica.com\/wp-includes\/js\/wp-embed.min.js\n<\/script>\n"},"taxonomy_info":{"category":[{"value":2926,"label":"Bicicleta"}]},"featured_image_src_large":["https:\/\/travesiapirenaica.com\/wp-content\/uploads\/2020\/05\/tourmalet_portada.jpg",1024,768,false],"author_info":{"display_name":"Traves\u00eda Pirenaica","author_link":"https:\/\/travesiapirenaica.com\/fr\/author\/travesia-pirenaica\/"},"comment_info":0,"category_info":[{"term_id":2926,"name":"Bicicleta","slug":"bicicleta","term_group":0,"term_taxonomy_id":2942,"taxonomy":"category","description":"Bicicleta en los Pirineos","parent":5,"count":3,"filter":"raw","cat_ID":2926,"category_count":3,"category_description":"Bicicleta en los Pirineos","cat_name":"Bicicleta","category_nicename":"bicicleta","category_parent":5}],"tag_info":false,"jetpack_featured_media_url":"https:\/\/travesiapirenaica.com\/wp-content\/uploads\/2020\/05\/tourmalet_portada.jpg","jetpack_sharing_enabled":true,"_links":{"self":[{"href":"https:\/\/travesiapirenaica.com\/fr\/wp-json\/wp\/v2\/posts\/33662","targetHints":{"allow":["GET"]}}],"collection":[{"href":"https:\/\/travesiapirenaica.com\/fr\/wp-json\/wp\/v2\/posts"}],"about":[{"href":"https:\/\/travesiapirenaica.com\/fr\/wp-json\/wp\/v2\/types\/post"}],"author":[{"embeddable":true,"href":"https:\/\/travesiapirenaica.com\/fr\/wp-json\/wp\/v2\/users\/1"}],"replies":[{"embeddable":true,"href":"https:\/\/travesiapirenaica.com\/fr\/wp-json\/wp\/v2\/comments?post=33662"}],"version-history":[{"count":0,"href":"https:\/\/travesiapirenaica.com\/fr\/wp-json\/wp\/v2\/posts\/33662\/revisions"}],"wp:featuredmedia":[{"embeddable":true,"href":"https:\/\/travesiapirenaica.com\/fr\/wp-json\/wp\/v2\/media\/26497"}],"wp:attachment":[{"href":"https:\/\/travesiapirenaica.com\/fr\/wp-json\/wp\/v2\/media?parent=33662"}],"wp:term":[{"taxonomy":"category","embeddable":true,"href":"https:\/\/travesiapirenaica.com\/fr\/wp-json\/wp\/v2\/categories?post=33662"},{"taxonomy":"post_tag","embeddable":true,"href":"https:\/\/travesiapirenaica.com\/fr\/wp-json\/wp\/v2\/tags?post=33662"},{"taxonomy":"series","embeddable":true,"href":"https:\/\/travesiapirenaica.com\/fr\/wp-json\/wp\/v2\/series?post=33662"}],"curies":[{"name":"wp","href":"https:\/\/api.w.org\/{rel}","templated":true}]}}