{"id":3375,"date":"2024-06-11T13:28:17","date_gmt":"2024-06-11T11:28:17","guid":{"rendered":"http:\/\/travesiapirenaica.com\/?p=3375"},"modified":"2024-12-11T16:50:59","modified_gmt":"2024-12-11T15:50:59","slug":"trois-mille-pyrenees","status":"publish","type":"post","link":"https:\/\/travesiapirenaica.com\/fr\/tresmiles-pirineos\/","title":{"rendered":"Trois mille \"faciles\" dans les Pyr\u00e9n\u00e9es"},"content":{"rendered":"<p>Les Pyr\u00e9n\u00e9es disposent actuellement de <a href=\"https:\/\/travesiapirenaica.com\/fr\/carte-des-trois-milles-pyrenees\/\">217 tresmiles<\/a> divis\u00e9 en 11 secteurs (125 sommets principaux et 92 sommets secondaires). Parmi ceux-ci, 72 sont class\u00e9s faciles (F) et 54 autres sont class\u00e9s (F+). En d'autres termes, <strong>dans les Pyr\u00e9n\u00e9es, il y a 126 trois mille \"faciles<\/strong>ce qui signifie que <strong>plus de la moiti\u00e9<\/strong> sont abordables (en \u00e9t\u00e9) pour une personne en bonne forme physique et ayant une certaine exp\u00e9rience de ce type de terrain.<\/p>\n\n\n<style>.kadence-column3375_b502db-40 > .kt-inside-inner-col{padding-top:var(--global-kb-spacing-xxs, 0.5rem);padding-right:var(--global-kb-spacing-xxs, 0.5rem);padding-bottom:var(--global-kb-spacing-xxs, 0.5rem);padding-left:var(--global-kb-spacing-xxs, 0.5rem);}.kadence-column3375_b502db-40 > .kt-inside-inner-col,.kadence-column3375_b502db-40 > .kt-inside-inner-col:before{border-top-left-radius:5px;border-top-right-radius:5px;border-bottom-right-radius:5px;border-bottom-left-radius:5px;}.kadence-column3375_b502db-40 > .kt-inside-inner-col{column-gap:var(--global-kb-gap-sm, 1rem);}.kadence-column3375_b502db-40 > .kt-inside-inner-col{flex-direction:column;}.kadence-column3375_b502db-40 > .kt-inside-inner-col > .aligncenter{width:100%;}.kadence-column3375_b502db-40 > .kt-inside-inner-col{background-color:#f0f0f0;}.kadence-column3375_b502db-40 > .kt-inside-inner-col:before{opacity:0.3;}.kadence-column3375_b502db-40{position:relative;}@media all and (max-width: 1024px){.kadence-column3375_b502db-40 > .kt-inside-inner-col{flex-direction:column;justify-content:center;}}@media all and (max-width: 767px){.kadence-column3375_b502db-40 > .kt-inside-inner-col{flex-direction:column;justify-content:center;}}<\/style>\n<div class=\"wp-block-kadence-column kadence-column3375_b502db-40\"><div class=\"kt-inside-inner-col\"><style>.kb-table-of-content-nav.kb-table-of-content-id3375_d8bc96-92 .kb-table-of-content-wrap{padding-top:var(--global-kb-spacing-sm, 1.5rem);padding-right:var(--global-kb-spacing-sm, 1.5rem);padding-bottom:var(--global-kb-spacing-sm, 1.5rem);padding-left:var(--global-kb-spacing-sm, 1.5rem);}.kb-table-of-content-nav.kb-table-of-content-id3375_d8bc96-92 .kb-table-of-contents-title-wrap{padding-top:0px;padding-right:0px;padding-bottom:0px;padding-left:0px;}.kb-table-of-content-nav.kb-table-of-content-id3375_d8bc96-92 .kb-table-of-contents-title{font-weight:regular;font-style:normal;}.kb-table-of-content-nav.kb-table-of-content-id3375_d8bc96-92 .kb-table-of-content-wrap .kb-table-of-content-list{font-weight:regular;font-style:normal;margin-top:var(--global-kb-spacing-sm, 1.5rem);margin-right:0px;margin-bottom:0px;margin-left:0px;}<\/style><\/div><\/div>\n\n\n\n<h2 class=\"wp-block-heading\" id=\"Tresmiles-faciles\">9 Trois mille \"faciles\" des Pyr\u00e9n\u00e9es<\/h2>\n\n\n\n<p>Comme nous l'avons dit, parmi ces <strong>126 trois-mille class\u00e9s faciles<\/strong>Dans ce court article, nous avons opt\u00e9 pour <strong>neuf sommets bien connus<\/strong>l'un de ceux qui ne peuvent manquer dans le cursus pyr\u00e9n\u00e9en.<\/p>\n\n\n\n<p>Nous tenons \u00e0 souligner que, m\u00eame si nous parlons de \"trois mille faciles\", <strong>il ne s'agit pas d'itin\u00e9raires \u00e0 suivre avec des enfants<\/strong> loin de l\u00e0. Nous disons qu'ils sont \"faciles\" parce qu'ils ne n\u00e9cessitent pas d'escalade (degr\u00e9 d'escalade maximum F-F+), mais il faut \u00eatre en bonne forme physique pour marcher en mont\u00e9e pendant plusieurs heures, savoir s'orienter, franchir des pentes raides ou traverser un terrain chaotique sans chemin.<\/p>\n\n\n\n<p>Et n'oubliez pas que, m\u00eame s'il s'agit de trois mille \"faciles\", il est obligatoire de bien planifier l'itin\u00e9raire avant de partir, de v\u00e9rifier les pr\u00e9visions m\u00e9t\u00e9orologiques, de conna\u00eetre les conditions de la montagne et de la neige et d'emporter l'\u00e9quipement ad\u00e9quat.<\/p>\n\n\n\n<p>Passons aux choses s\u00e9rieuses, il s'agit de <strong>notre s\u00e9lection de 9 trois-mille faciles dans les Pyr\u00e9n\u00e9es, id\u00e9ales pour les d\u00e9butants.<\/strong>.<\/p>\n\n\n\n\n\n\n<hr class=\"wp-block-separator has-css-opacity\"\/>\n\n\n\n<h3 class=\"wp-block-heading\"><a href=\"https:\/\/travesiapirenaica.com\/fr\/heron-noir\/\" target=\"_blank\" rel=\"noreferrer noopener\">Garmo Negro (3.051m)<\/a><\/h3>\n\n\n\n<figure class=\"wp-block-image size-full\"><img loading=\"lazy\" decoding=\"async\" width=\"1024\" height=\"768\" src=\"https:\/\/travesiapirenaica.com\/wp-content\/uploads\/2023\/04\/garmo-negro.jpg\" alt=\"\" class=\"wp-image-35219\" srcset=\"https:\/\/travesiapirenaica.com\/wp-content\/uploads\/2023\/04\/garmo-negro.jpg 1024w, https:\/\/travesiapirenaica.com\/wp-content\/uploads\/2023\/04\/garmo-negro-300x225.jpg 300w, https:\/\/travesiapirenaica.com\/wp-content\/uploads\/2023\/04\/garmo-negro-768x576.jpg 768w, https:\/\/travesiapirenaica.com\/wp-content\/uploads\/2023\/04\/garmo-negro-600x450.jpg 600w\" sizes=\"auto, (max-width: 1024px) 100vw, 1024px\" \/><figcaption class=\"wp-element-caption\">Le Garmo Negro, \u00e0 droite de l'image, domine les b\u00e2timents des thermes de Panticosa.<\/figcaption><\/figure>\n\n\n<style>.kadence-column3375_1a9c6f-43 > .kt-inside-inner-col{padding-top:var(--global-kb-spacing-xxs, 0.5rem);padding-right:var(--global-kb-spacing-xxs, 0.5rem);padding-bottom:var(--global-kb-spacing-xxs, 0.5rem);padding-left:var(--global-kb-spacing-xxs, 0.5rem);}.kadence-column3375_1a9c6f-43 > .kt-inside-inner-col,.kadence-column3375_1a9c6f-43 > .kt-inside-inner-col:before{border-top-left-radius:0px;border-top-right-radius:0px;border-bottom-right-radius:0px;border-bottom-left-radius:0px;}.kadence-column3375_1a9c6f-43 > .kt-inside-inner-col{column-gap:var(--global-kb-gap-sm, 1rem);}.kadence-column3375_1a9c6f-43 > .kt-inside-inner-col{flex-direction:column;}.kadence-column3375_1a9c6f-43 > .kt-inside-inner-col > .aligncenter{width:100%;}.kadence-column3375_1a9c6f-43 > .kt-inside-inner-col{background-color:#f0f0f0;}.kadence-column3375_1a9c6f-43 > .kt-inside-inner-col:before{opacity:0.3;}.kadence-column3375_1a9c6f-43{position:relative;}@media all and (max-width: 1024px){.kadence-column3375_1a9c6f-43 > .kt-inside-inner-col{flex-direction:column;justify-content:center;}}@media all and (max-width: 767px){.kadence-column3375_1a9c6f-43 > .kt-inside-inner-col{flex-direction:column;justify-content:center;}}<\/style>\n<div class=\"wp-block-kadence-column kadence-column3375_1a9c6f-43\"><div class=\"kt-inside-inner-col\">\n<p><strong><u>Altitude :<\/u><\/strong> 3.051m<br><strong><u>Distance :<\/u><\/strong> 11,2 km (aller\/retour)<br><strong><u>In\u00e9galit\u00e9 :<\/u> <\/strong>+\/- 1.400m<br><strong><u>D\u00e9but \/ Fin :<\/u><\/strong> Spa Panticosa<br><strong><u>Difficult\u00e9 :<\/u><\/strong> aucune difficult\u00e9, si ce n'est celle de devoir franchir 1 400 m\u00e8tres de d\u00e9nivel\u00e9 en seulement 6 kilom\u00e8tres.<br><strong><u><strong>Equipement recommand\u00e9 pour l'\u00e9t\u00e9 :<\/strong><\/u> <\/strong>des chaussures de trekking, <a href=\"https:\/\/travesiapirenaica.com\/fr\/batons-de-trekking\/\">2 b\u00e2tonnets<\/a>, <a href=\"https:\/\/travesiapirenaica.com\/fr\/meilleur-gps-montana\/\">GPS<\/a> (facultatif), <a href=\"https:\/\/travesiapirenaica.com\/fr\/bouteille-de-trekking\/\">cantine<\/a>un peu de nourriture, une protection solaire, <a href=\"https:\/\/travesiapirenaica.com\/fr\/lunettes-montana\/\">lunettes de soleil<\/a>...<\/p>\n<\/div><\/div>\n\n\n\n<p><\/p>\n\n\n\n<p>\ud83d\udd0d<strong><a href=\"https:\/\/travesiapirenaica.com\/fr\/maps\/tresmiles.php\/?&amp;pico=garmonegro\" target=\"_blank\" rel=\"noreferrer noopener\">VOIR SUR LA CARTE<\/a><\/strong><\/p>\n\n\n\n<p>Le <strong>Garmo Negro (3.051m)<\/strong>est le plus haut sommet de ceux qui dominent la r\u00e9gion. <strong>Spa Panticosa<\/strong> y <strong>l'un des trois mille les plus accessibles des Pyr\u00e9n\u00e9es<\/strong>. Il peut \u00eatre escalad\u00e9 pendant la journ\u00e9e et, en raison de sa proximit\u00e9, il est g\u00e9n\u00e9ralement choisi par les habitants de Navarre, du Pays basque ou de La Rioja, pour \u00eatre baptis\u00e9 d'un trois-mille. <\/p>\n\n\n\n<p>Le point de d\u00e9part est le <strong>Spa Panticosa<\/strong>o\u00f9 vous pouvez passer la nuit dans le <strong>Refuge Casa de Piedra<\/strong>. Le parcours en mont\u00e9e, avec un d\u00e9nivel\u00e9 positif d'environ 1 400 m, suit un chemin balis\u00e9 sur lequel des dizaines de personnes montent chaque jour en juillet et en ao\u00fbt avec la m\u00eame intention, celle d'obtenir un nouveau casier.<\/p>\n\n\n<style>.kb-row-layout-wrap.wp-block-kadence-rowlayout.kb-row-layout-id3375_0aae11-78{margin-top:0px;margin-bottom:var(--global-kb-spacing-xs, 1rem);}.kb-row-layout-id3375_0aae11-78 > .kt-row-column-wrap{align-content:start;}:where(.kb-row-layout-id3375_0aae11-78 > .kt-row-column-wrap) > .wp-block-kadence-column{justify-content:start;}.kb-row-layout-id3375_0aae11-78 > .kt-row-column-wrap{column-gap:var(--global-kb-gap-md, 2rem);row-gap:var(--global-kb-gap-sm, 1rem);max-width:var( --global-content-width, 1290px );padding-left:var(--global-content-edge-padding);padding-right:var(--global-content-edge-padding);padding-top:var(--global-kb-spacing-xxs, 0.5rem);padding-bottom:var(--global-kb-spacing-xs, 1rem);grid-template-columns:minmax(0, 1fr);}.kb-row-layout-id3375_0aae11-78{border-top-left-radius:10px;border-top-right-radius:10px;border-bottom-right-radius:10px;border-bottom-left-radius:10px;overflow:clip;isolation:isolate;}.kb-row-layout-id3375_0aae11-78 > .kt-row-layout-overlay{border-top-left-radius:10px;border-top-right-radius:10px;border-bottom-right-radius:10px;border-bottom-left-radius:10px;}.kb-row-layout-id3375_0aae11-78 > .kt-row-layout-overlay{opacity:0.30;}@media all and (max-width: 1024px){.kb-row-layout-id3375_0aae11-78 > .kt-row-column-wrap{row-gap:var(--global-kb-gap-lg, 4rem);padding-bottom:var(--global-kb-spacing-lg, 3rem);grid-template-columns:minmax(0, 1fr);}}@media all and (max-width: 767px){.kb-row-layout-id3375_0aae11-78 > .kt-row-column-wrap{row-gap:var(--global-kb-gap-sm, 1rem);padding-bottom:var(--global-kb-spacing-xs, 1rem);grid-template-columns:minmax(0, 1fr);}}<\/style><div class=\"kb-row-layout-wrap kb-row-layout-id3375_0aae11-78 alignnone has-theme-palette7-background-color kt-row-has-bg wp-block-kadence-rowlayout\"><div class=\"kt-row-column-wrap kt-has-1-columns kt-row-layout-equal kt-tab-layout-inherit kt-mobile-layout-row kt-row-valign-top kb-theme-content-width\">\n<style>.kadence-column3375_67f329-c0 > .kt-inside-inner-col{padding-bottom:0px;}.kadence-column3375_67f329-c0 > .kt-inside-inner-col,.kadence-column3375_67f329-c0 > .kt-inside-inner-col:before{border-top-left-radius:0px;border-top-right-radius:0px;border-bottom-right-radius:0px;border-bottom-left-radius:0px;}.kadence-column3375_67f329-c0 > .kt-inside-inner-col{column-gap:var(--global-kb-gap-sm, 1rem);}.kadence-column3375_67f329-c0 > .kt-inside-inner-col{flex-direction:column;}.kadence-column3375_67f329-c0 > .kt-inside-inner-col > .aligncenter{width:100%;}.kadence-column3375_67f329-c0 > .kt-inside-inner-col:before{opacity:0.3;}.kadence-column3375_67f329-c0{position:relative;}.kadence-column3375_67f329-c0, .kt-inside-inner-col > .kadence-column3375_67f329-c0:not(.specificity){margin-bottom:0px;}@media all and (max-width: 1024px){.kadence-column3375_67f329-c0 > .kt-inside-inner-col{flex-direction:column;justify-content:center;}}@media all and (max-width: 767px){.kadence-column3375_67f329-c0 > .kt-inside-inner-col{flex-direction:column;justify-content:center;}}<\/style>\n<div class=\"wp-block-kadence-column kadence-column3375_67f329-c0\"><div class=\"kt-inside-inner-col\">\n<h4 class=\"wp-block-heading has-medium-font-size\"><strong>Articles similaires<\/strong><\/h4>\n<\/div><\/div>\n\n\n<style>.kadence-column3375_d10287-cd > .kt-inside-inner-col,.kadence-column3375_d10287-cd > .kt-inside-inner-col:before{border-top-left-radius:0px;border-top-right-radius:0px;border-bottom-right-radius:0px;border-bottom-left-radius:0px;}.kadence-column3375_d10287-cd > .kt-inside-inner-col{column-gap:var(--global-kb-gap-sm, 1rem);}.kadence-column3375_d10287-cd > .kt-inside-inner-col{flex-direction:column;}.kadence-column3375_d10287-cd > .kt-inside-inner-col > .aligncenter{width:100%;}.kadence-column3375_d10287-cd > .kt-inside-inner-col:before{opacity:0.3;}.kadence-column3375_d10287-cd{position:relative;}@media all and (max-width: 1024px){.kadence-column3375_d10287-cd > .kt-inside-inner-col{flex-direction:column;justify-content:center;}}@media all and (max-width: 767px){.kadence-column3375_d10287-cd > .kt-inside-inner-col{flex-direction:column;justify-content:center;}}<\/style>\n<div class=\"wp-block-kadence-column kadence-column3375_d10287-cd\"><div class=\"kt-inside-inner-col\"><style>.kt-post-loop3375_283ccc-2a .kadence-post-image{padding-top:0px;padding-right:16px;padding-bottom:0px;padding-left:0px;}.kt-post-loop3375_283ccc-2a .kt-feat-image-align-left{grid-template-columns:30% auto;height:100%;}.kt-post-loop3375_283ccc-2a .kadence-post-image .kt-image-ratio-full-height{height:100%;padding-bottom:0px;}.kt-post-loop3375_283ccc-2a .kt-blocks-post-grid-item-inner-wrap .kt-blocks-post-grid-item-inner{display:flex;flex-direction:column;justify-content:flex-start;}.kt-post-loop3375_283ccc-2a .kt-post-grid-wrap{gap:16px 16px;}.kt-post-loop3375_283ccc-2a .kt-blocks-post-grid-item{border-top-left-radius:10px;border-top-right-radius:10px;border-bottom-right-radius:10px;border-bottom-left-radius:10px;border-top-color:currentColor;border-top-style:solid;border-right-color:currentColor;border-right-style:solid;border-bottom-color:currentColor;border-bottom-style:solid;border-left-color:currentColor;border-left-style:solid;overflow:hidden;}.kt-post-loop3375_283ccc-2a .kt-blocks-post-grid-item .kt-blocks-post-grid-item-inner{padding-top:0px;}.kt-post-loop3375_283ccc-2a .kt-blocks-post-grid-item .kt-blocks-post-grid-item-inner{text-align:left;}.kt-post-loop3375_283ccc-2a .kt-blocks-post-grid-item header{padding-top:0px;padding-right:0px;padding-bottom:10px;padding-left:0px;margin-top:0px;margin-right:0px;margin-bottom:0px;margin-left:0px;}.kt-post-loop3375_283ccc-2a .kt-blocks-post-grid-item .kt-blocks-above-categories{font-size:13px;line-height:20px;text-transform:uppercase;}.kt-post-loop3375_283ccc-2a .kt-blocks-post-grid-item .entry-title{padding-top:5px;padding-right:0px;padding-bottom:0px;padding-left:0px;margin-top:0px;margin-right:0px;margin-bottom:0px;margin-left:0px;font-size:var(--global-kb-font-size-md, 1.25rem);line-height:30px;font-weight:bold;}.kt-post-loop3375_283ccc-2a .entry-content{padding-top:0px;padding-right:0px;padding-bottom:0px;padding-left:0px;margin-top:0px;margin-right:0px;margin-bottom:0px;margin-left:0px;font-size:14px;line-height:24px;}.kt-post-loop3375_283ccc-2a .kt-blocks-post-footer{border-top-width:0px;border-right-width:0px;border-bottom-width:0px;border-left-width:0px;padding-top:0px;padding-right:0px;padding-bottom:0px;padding-left:0px;margin-top:0px;margin-right:0px;margin-bottom:0px;margin-left:0px;font-size:12px;line-height:20px;text-transform:uppercase;}.kt-post-loop3375_283ccc-2a .entry-content:after{height:0px;}.kt-post-loop3375_283ccc-2a .kb-filter-item{border-top-width:0px;border-right-width:0px;border-bottom-width:2px;border-left-width:0px;padding-top:5px;padding-right:8px;padding-bottom:5px;padding-left:8px;margin-top:0px;margin-right:10px;margin-bottom:0px;margin-left:0px;}@media all and (max-width: 1024px){.kt-post-loop3375_283ccc-2a .kt-blocks-post-grid-item{border-top-color:currentColor;border-top-style:solid;border-right-color:currentColor;border-right-style:solid;border-bottom-color:currentColor;border-bottom-style:solid;border-left-color:currentColor;border-left-style:solid;}}@media all and (max-width: 767px){.kt-post-loop3375_283ccc-2a .kt-blocks-post-grid-item{border-top-left-radius:0px;border-top-right-radius:0px;border-bottom-right-radius:0px;border-bottom-left-radius:0px;border-top-color:currentColor;border-top-style:solid;border-right-color:currentColor;border-right-style:solid;border-bottom-color:currentColor;border-bottom-style:solid;border-left-color:currentColor;border-left-style:solid;}}<\/style><div class=\"wp-block-kadence-postgrid kt-blocks-post-loop-block alignnone kt-post-loop3375_283ccc-2a kt-post-grid-layout-grid\"><div class=\"kt-post-grid-layout-grid-wrap kt-post-grid-wrap\" data-columns-xxl=\"2\" data-columns-xl=\"2\" data-columns-md=\"2\" data-columns-sm=\"2\" data-columns-xs=\"1\" data-columns-ss=\"1\"data-item-selector=\".kt-post-masonry-item\" aria-label=\"Carrousel de postes\"><article class=\"kt-blocks-post-grid-item post-37505 post type-post status-publish format-standard has-post-thumbnail hentry category-roca-hielo tag-tresmiles-pirineos\"><div class=\"kt-blocks-post-grid-item-inner-wrap kt-feat-image-align-left kt-feat-image-mobile-align-side\"><div class=\"kadence-post-image\"><div class=\"kadence-post-image-intrisic kt-image-ratio-66-67 kt-image-ratio-full-height\" style=\"\"><div class=\"kadence-post-image-inner-intrisic\"><a aria-hidden=\"true\" tabindex=\"-1\" role=\"presentation\" href=\"https:\/\/travesiapirenaica.com\/fr\/crestas-pirineos\/\" aria-label=\"Cr\u00eates des Pyr\u00e9n\u00e9es\" class=\"kadence-post-image-inner-wrap\"><img loading=\"lazy\" decoding=\"async\" width=\"1024\" height=\"768\" src=\"https:\/\/travesiapirenaica.com\/wp-content\/uploads\/2021\/07\/Cresta-del-Posets_1200x900-1024x768.jpeg\" class=\"attachment-large size-large wp-post-image\" alt=\"Ar\u00eate des Posets. Atteindre le sommet et donc encha\u00eener les 3 sommets les plus embl\u00e9matiques de la vall\u00e9e du Benasque. &quot;Nous avions d\u00e9j\u00e0 parcouru plus de 60 km et 5 700 m+, mais nous nous rapprochions de plus en plus de la fin et du but&quot;. Photo de courtoisie.\" srcset=\"https:\/\/travesiapirenaica.com\/wp-content\/uploads\/2021\/07\/Cresta-del-Posets_1200x900-1024x768.jpeg 1024w, https:\/\/travesiapirenaica.com\/wp-content\/uploads\/2021\/07\/Cresta-del-Posets_1200x900-300x225.jpeg 300w, https:\/\/travesiapirenaica.com\/wp-content\/uploads\/2021\/07\/Cresta-del-Posets_1200x900-768x576.jpeg 768w, https:\/\/travesiapirenaica.com\/wp-content\/uploads\/2021\/07\/Cresta-del-Posets_1200x900-150x113.jpeg 150w, https:\/\/travesiapirenaica.com\/wp-content\/uploads\/2021\/07\/Cresta-del-Posets_1200x900-696x522.jpeg 696w, https:\/\/travesiapirenaica.com\/wp-content\/uploads\/2021\/07\/Cresta-del-Posets_1200x900-1068x801.jpeg 1068w, https:\/\/travesiapirenaica.com\/wp-content\/uploads\/2021\/07\/Cresta-del-Posets_1200x900-560x420.jpeg 560w, https:\/\/travesiapirenaica.com\/wp-content\/uploads\/2021\/07\/Cresta-del-Posets_1200x900-80x60.jpeg 80w, https:\/\/travesiapirenaica.com\/wp-content\/uploads\/2021\/07\/Cresta-del-Posets_1200x900-265x198.jpeg 265w, https:\/\/travesiapirenaica.com\/wp-content\/uploads\/2021\/07\/Cresta-del-Posets_1200x900-853x640.jpeg 853w, https:\/\/travesiapirenaica.com\/wp-content\/uploads\/2021\/07\/Cresta-del-Posets_1200x900-600x450.jpeg 600w, https:\/\/travesiapirenaica.com\/wp-content\/uploads\/2021\/07\/Cresta-del-Posets_1200x900.jpeg 1200w\" sizes=\"auto, (max-width: 1024px) 100vw, 1024px\" \/><\/a><\/div><\/div><\/div><div class=\"kt-blocks-post-grid-item-inner\"><header><h4 class=\"entry-title\"><a href=\"https:\/\/travesiapirenaica.com\/fr\/crestas-pirineos\/\">Cr\u00eates des Pyr\u00e9n\u00e9es<\/a><\/h4><div class=\"kt-blocks-post-top-meta\"><\/div><\/header><div class=\"entry-content\"><\/div><footer class=\"kt-blocks-post-footer\"><div class=\"kt-blocks-post-footer-left\"><\/div><div class=\"kt-blocks-post-footer-right\"><\/div><\/footer><\/div><\/div><\/article><article class=\"kt-blocks-post-grid-item post-30440 post type-post status-publish format-standard has-post-thumbnail hentry category-pirineos category-trekking-pirineos tag-aneto tag-rutas-pirineo-aragones\"><div class=\"kt-blocks-post-grid-item-inner-wrap kt-feat-image-align-left kt-feat-image-mobile-align-side\"><div class=\"kadence-post-image\"><div class=\"kadence-post-image-intrisic kt-image-ratio-66-67 kt-image-ratio-full-height\" style=\"\"><div class=\"kadence-post-image-inner-intrisic\"><a aria-hidden=\"true\" tabindex=\"-1\" role=\"presentation\" href=\"https:\/\/travesiapirenaica.com\/fr\/vuelta-aneto\/\" aria-label=\"Tour de l&#039;Aneto\" class=\"kadence-post-image-inner-wrap\"><img loading=\"lazy\" decoding=\"async\" width=\"1024\" height=\"768\" src=\"https:\/\/travesiapirenaica.com\/wp-content\/uploads\/2016\/10\/macizo-maladeta.jpg\" class=\"attachment-large size-large wp-post-image\" alt=\"\" srcset=\"https:\/\/travesiapirenaica.com\/wp-content\/uploads\/2016\/10\/macizo-maladeta.jpg 1024w, https:\/\/travesiapirenaica.com\/wp-content\/uploads\/2016\/10\/macizo-maladeta-300x225.jpg 300w, https:\/\/travesiapirenaica.com\/wp-content\/uploads\/2016\/10\/macizo-maladeta-768x576.jpg 768w, https:\/\/travesiapirenaica.com\/wp-content\/uploads\/2016\/10\/macizo-maladeta-150x113.jpg 150w, https:\/\/travesiapirenaica.com\/wp-content\/uploads\/2016\/10\/macizo-maladeta-696x522.jpg 696w, https:\/\/travesiapirenaica.com\/wp-content\/uploads\/2016\/10\/macizo-maladeta-560x420.jpg 560w, https:\/\/travesiapirenaica.com\/wp-content\/uploads\/2016\/10\/macizo-maladeta-80x60.jpg 80w, https:\/\/travesiapirenaica.com\/wp-content\/uploads\/2016\/10\/macizo-maladeta-265x198.jpg 265w, https:\/\/travesiapirenaica.com\/wp-content\/uploads\/2016\/10\/macizo-maladeta-600x450.jpg 600w\" sizes=\"auto, (max-width: 1024px) 100vw, 1024px\" \/><\/a><\/div><\/div><\/div><div class=\"kt-blocks-post-grid-item-inner\"><header><h4 class=\"entry-title\"><a href=\"https:\/\/travesiapirenaica.com\/fr\/vuelta-aneto\/\">Tour de l'Aneto<\/a><\/h4><div class=\"kt-blocks-post-top-meta\"><\/div><\/header><div class=\"entry-content\"><\/div><footer class=\"kt-blocks-post-footer\"><div class=\"kt-blocks-post-footer-left\"><\/div><div class=\"kt-blocks-post-footer-right\"><\/div><\/footer><\/div><\/div><\/article><article class=\"kt-blocks-post-grid-item post-3421 post type-post status-publish format-standard has-post-thumbnail hentry category-rutas\"><div class=\"kt-blocks-post-grid-item-inner-wrap kt-feat-image-align-left kt-feat-image-mobile-align-side\"><div class=\"kadence-post-image\"><div class=\"kadence-post-image-intrisic kt-image-ratio-66-67 kt-image-ratio-full-height\" style=\"\"><div class=\"kadence-post-image-inner-intrisic\"><a aria-hidden=\"true\" tabindex=\"-1\" role=\"presentation\" href=\"https:\/\/travesiapirenaica.com\/fr\/rutas-circulares-senderismo-pirineos\/\" aria-label=\"Travers\u00e9es des Pyr\u00e9n\u00e9es : D\u00e9couvrez les itin\u00e9raires de randonn\u00e9e circulaire les plus embl\u00e9matiques des Pyr\u00e9n\u00e9es\" class=\"kadence-post-image-inner-wrap\"><img loading=\"lazy\" decoding=\"async\" width=\"760\" height=\"500\" src=\"https:\/\/travesiapirenaica.com\/wp-content\/uploads\/2018\/07\/Rutas-circulares-en-los-Pirineos_by-Traves\u00eda-Pirenaica_760x500.jpg\" class=\"attachment-large size-large wp-post-image\" alt=\"Circuits dans les Pyr\u00e9n\u00e9es\" srcset=\"https:\/\/travesiapirenaica.com\/wp-content\/uploads\/2018\/07\/Rutas-circulares-en-los-Pirineos_by-Traves\u00eda-Pirenaica_760x500.jpg 760w, https:\/\/travesiapirenaica.com\/wp-content\/uploads\/2018\/07\/Rutas-circulares-en-los-Pirineos_by-Traves\u00eda-Pirenaica_760x500-300x197.jpg 300w, https:\/\/travesiapirenaica.com\/wp-content\/uploads\/2018\/07\/Rutas-circulares-en-los-Pirineos_by-Traves\u00eda-Pirenaica_760x500-150x99.jpg 150w, https:\/\/travesiapirenaica.com\/wp-content\/uploads\/2018\/07\/Rutas-circulares-en-los-Pirineos_by-Traves\u00eda-Pirenaica_760x500-696x458.jpg 696w, https:\/\/travesiapirenaica.com\/wp-content\/uploads\/2018\/07\/Rutas-circulares-en-los-Pirineos_by-Traves\u00eda-Pirenaica_760x500-146x96.jpg 146w, https:\/\/travesiapirenaica.com\/wp-content\/uploads\/2018\/07\/Rutas-circulares-en-los-Pirineos_by-Traves\u00eda-Pirenaica_760x500-600x395.jpg 600w, https:\/\/travesiapirenaica.com\/wp-content\/uploads\/2018\/07\/Rutas-circulares-en-los-Pirineos_by-Traves\u00eda-Pirenaica_760x500-100x65.jpg 100w, https:\/\/travesiapirenaica.com\/wp-content\/uploads\/2018\/07\/Rutas-circulares-en-los-Pirineos_by-Traves\u00eda-Pirenaica_760x500-260x170.jpg 260w, https:\/\/travesiapirenaica.com\/wp-content\/uploads\/2018\/07\/Rutas-circulares-en-los-Pirineos_by-Traves\u00eda-Pirenaica_760x500-759x500.jpg 759w\" sizes=\"auto, (max-width: 760px) 100vw, 760px\" \/><\/a><\/div><\/div><\/div><div class=\"kt-blocks-post-grid-item-inner\"><header><h4 class=\"entry-title\"><a href=\"https:\/\/travesiapirenaica.com\/fr\/rutas-circulares-senderismo-pirineos\/\">Travers\u00e9es des Pyr\u00e9n\u00e9es : D\u00e9couvrez les itin\u00e9raires de randonn\u00e9e circulaire les plus embl\u00e9matiques des Pyr\u00e9n\u00e9es<\/a><\/h4><div class=\"kt-blocks-post-top-meta\"><\/div><\/header><div class=\"entry-content\"><\/div><footer class=\"kt-blocks-post-footer\"><div class=\"kt-blocks-post-footer-left\"><\/div><div class=\"kt-blocks-post-footer-right\"><\/div><\/footer><\/div><\/div><\/article><\/div><\/div><!-- .wp-block-kadence-postgrid --><\/div><\/div>\n\n<\/div><\/div>\n\n\n<hr class=\"wp-block-separator has-css-opacity\"\/>\n\n\n\n<h3 class=\"wp-block-heading\">Grand Tapou (3.150m) et Moyen Pic (3.130m)<\/h3>\n\n\n\n<figure class=\"wp-block-image size-large\"><img loading=\"lazy\" decoding=\"async\" width=\"960\" height=\"640\" src=\"https:\/\/travesiapirenaica.com\/wp-content\/uploads\/2021\/04\/03_Medio-Tapou.jpg\" alt=\"\" class=\"wp-image-26911\" srcset=\"https:\/\/travesiapirenaica.com\/wp-content\/uploads\/2021\/04\/03_Medio-Tapou.jpg 960w, https:\/\/travesiapirenaica.com\/wp-content\/uploads\/2021\/04\/03_Medio-Tapou-300x200.jpg 300w, https:\/\/travesiapirenaica.com\/wp-content\/uploads\/2021\/04\/03_Medio-Tapou-768x512.jpg 768w, https:\/\/travesiapirenaica.com\/wp-content\/uploads\/2021\/04\/03_Medio-Tapou-150x100.jpg 150w, https:\/\/travesiapirenaica.com\/wp-content\/uploads\/2021\/04\/03_Medio-Tapou-696x464.jpg 696w, https:\/\/travesiapirenaica.com\/wp-content\/uploads\/2021\/04\/03_Medio-Tapou-630x420.jpg 630w, https:\/\/travesiapirenaica.com\/wp-content\/uploads\/2021\/04\/03_Medio-Tapou-600x400.jpg 600w\" sizes=\"auto, (max-width: 960px) 100vw, 960px\" \/><figcaption class=\"wp-element-caption\"><em>Pic du Midi et Petit Tapou de la vall\u00e9e de l'Ara<\/em>.<\/figcaption><\/figure>\n\n\n\n<p><\/p>\n\n\n\n<div class=\"has-background\" style=\"background-color:#eeeeee;padding:10px\"><p><strong>Altitude :<\/strong> 3 150 m et 3 130 m respectivement.<br><strong><u>Distance :<\/u><\/strong> 13 km (aller\/retour)<br><strong><u>In\u00e9galit\u00e9 :<\/u><\/strong> +\/- 1.400m<br><strong>Dur\u00e9e approximative :<\/strong> 7 heures<br><strong>D\u00e9but \/ Fin :<\/strong> R\u00e9servoir d'Ossoue.<br><strong>Difficult\u00e9 :<\/strong> escalade facile<br><strong>Equipement recommand\u00e9 en \u00e9t\u00e9 :<\/strong> Piolet et crampons en d\u00e9but de saison, bottes, 2 b\u00e2tons, GPS utile.<\/p><\/div>\n\n\n\n<p><\/p>\n\n\n\n<p>\ud83d\udd0d <strong><a href=\"https:\/\/travesiapirenaica.com\/fr\/maps\/tresmiles.php\/?&amp;pico=grandtapou\" target=\"_blank\" rel=\"noreferrer noopener\">VOIR SUR LA CARTE<\/a><\/strong><\/p>\n\n\n\n<p>Le Gran Tapou et le Pic du Milieu constituent une bonne option dans le massif du Vignemale pour faire trois ascensions faciles \u00e0 la journ\u00e9e. Ils sont situ\u00e9s \u00e0 l'extr\u00e9mit\u00e9 sud-est de la couronne de pics qui forment le massif, et descendent brusquement dans la vall\u00e9e de l'Ara, au sud. L'itin\u00e9raire qui part du c\u00f4t\u00e9 espagnol depuis Bujaruelo est tr\u00e8s long et finit par rejoindre l'itin\u00e9raire qui monte dans la vall\u00e9e d'Ossoue, la voie la plus rapide et une bonne option pour conna\u00eetre cette vall\u00e9e, car nous pr\u00e9f\u00e9rons l'itin\u00e9raire qui monte dans la vall\u00e9e de Gaube pour visiter la spectaculaire face nord du Vignemale.<\/p>\n\n\n\n<p>En commen\u00e7ant sous le barrage de la <strong>R\u00e9servoir d'Ossoue<\/strong> (1 840 m), on monte en passant par le refuge de Lourdes, les lacs du Montferrat, la br\u00e8che du Tapou et le col sup\u00e9rieur (3 111 m), qui s\u00e9pare le Gran Tapou (3 150 m) du Pico del Medio (3 130 m) \u00e0 droite. Depuis le sommet, les vues sont impressionnantes dans toutes les directions, mais ce qui est le plus frappant, c'est l'\u00e9norme dalle de marbre des dalles de Labaza situ\u00e9e en dessous du Montferrat.<\/p>\n\n\n\n<hr class=\"wp-block-separator has-alpha-channel-opacity\"\/>\n\n\n\n<h3 class=\"wp-block-heading\">Taillon ou Punda Negra (3.144m)<\/h3>\n\n\n<div class=\"wp-block-image\">\n<figure class=\"aligncenter\"><a href=\"http:\/\/travesiapirenaica.com\/wp-content\/uploads\/2017\/06\/Bajando-del-Taill\u00f3n_1024web.jpg\"><img decoding=\"async\" src=\"http:\/\/travesiapirenaica.com\/wp-content\/uploads\/2017\/06\/Bajando-del-Taill\u00f3n_1024web.jpg\" alt=\"Descente du pic Taillon. Trois mille faciles dans les Pyr\u00e9n\u00e9esDescente du pic Taillon. Trois mille faciles dans les Pyr\u00e9n\u00e9es\" class=\"wp-image-3396\"\/><\/a><figcaption class=\"wp-element-caption\">Descente du pic Taillon vers la br\u00e8che de Roland. L'un des trois mille les plus faciles des Pyr\u00e9n\u00e9es.<\/figcaption><\/figure>\n<\/div>\n\n\n<div class=\"has-background\" style=\"background-color:#eeeeee;padding:10px\"><p><strong>Altitude :<\/strong> 3.144m<br><strong><u>Distance :<\/u><\/strong> 23 km (aller\/retour)<br><strong><u>In\u00e9galit\u00e9 :<\/u><\/strong> +\/- 1.870m<br><strong>D\u00e9but \/ Fin :<\/strong> Refuge\/camping Bujaruelo.<br><strong>Difficult\u00e9 :<\/strong> de Bujaruelo est une longue route. Le glacier de la br\u00e8che vers le c\u00f4t\u00e9 fran\u00e7ais n'est pas tr\u00e8s raide et \u00e0 partir de juillet-ao\u00fbt, le mat\u00e9riel dur (piolet et crampons) n'est g\u00e9n\u00e9ralement pas utilis\u00e9.<br><strong>Equipement recommand\u00e9 en \u00e9t\u00e9 :<\/strong> Piolet et crampons n\u00e9cessaires en d\u00e9but de saison, bottes, 2 b\u00e2tons, GPS utile.<\/p><\/div>\n\n\n\n<p><\/p>\n\n\n\n<p><strong>\ud83d\udd0d<\/strong> <strong><a href=\"https:\/\/travesiapirenaica.com\/fr\/maps\/tresmiles.php\/?&amp;pico=taillon\" target=\"_blank\" rel=\"noreferrer noopener\">VOIR SUR LA CARTE<\/a><\/strong><\/p>\n\n\n\n<p>Depuis Bujaruelo, c'est une longue ascension avec une pente assez raide, mais supportable. Elle se fait g\u00e9n\u00e9ralement en un ou deux jours selon le groupe. De Bujaruelo, nous montons jusqu'au col de Bujaruelo sur un sentier confortable, o\u00f9 nous rejoignons le marabout qui vient du parking du col de Tentes, c\u00f4t\u00e9 fran\u00e7ais. Sur ce tron\u00e7on, le chemin est assez plat et offre de bonnes vues sur le Gabietos et son maigre glacier, ainsi que sur le Taill\u00f3n et son non moins maigre glacier. Le sentier se raidit pour atteindre le refuge des Sarradets et continue dans la m\u00eame veine jusqu'\u00e0 la br\u00e8che, que nous traversons pour contourner le versant sud du pic de Bazillac. Le dernier tron\u00e7on sur la cr\u00eate est tr\u00e8s beau.<\/p>\n\n\n\n<hr class=\"wp-block-separator has-alpha-channel-opacity\"\/>\n\n\n\n<h3 class=\"wp-block-heading\"><a aria-label=\"El Monte Perdido&quot; (ouvre un nouvel onglet)\" href=\"https:\/\/travesiapirenaica.com\/fr\/montagne-perdue\/\" target=\"_blank\" rel=\"noreferrer noopener\">Monte Perdido<\/a> (3.348m)<\/h3>\n\n\n<div class=\"wp-block-image wp-image-3395 size-full\">\n<figure class=\"aligncenter\"><img decoding=\"async\" src=\"http:\/\/travesiapirenaica.com\/wp-content\/uploads\/2017\/06\/Monte-perdido_1024web.jpg\" alt=\"Mont\u00e9e du Monte Perdido\" class=\"wp-image-3395\"\/><figcaption class=\"wp-element-caption\">Vue du Monte Perdido depuis le Lago Helado.<\/figcaption><\/figure>\n<\/div>\n\n\n<div class=\"has-background\" style=\"background-color:#eeeeee;padding:10px\"><p><strong>Altitude :<\/strong> 3.348m<br><strong><u>Distance :<\/u><\/strong> 33 km (aller\/retour)<br><strong><u>In\u00e9galit\u00e9 :<\/u><\/strong> +\/- 2.200m<br><strong>D\u00e9but \/ Fin :<\/strong> Prairie d'Ordesa.<br><strong>Difficult\u00e9 :<\/strong> Lorsqu'il y a de la neige ou de la glace, le cuspidor est un endroit dangereux o\u00f9 de nombreux accidents se produisent chaque ann\u00e9e. Ces derni\u00e8res ann\u00e9es, \u00e0 partir du mois d'ao\u00fbt, la neige dispara\u00eet compl\u00e8tement et la seule difficult\u00e9 r\u00e9side dans le d\u00e9nivel\u00e9 et la distance de l'itin\u00e9raire lui-m\u00eame.<br><strong>Equipement recommand\u00e9 en \u00e9t\u00e9 :<\/strong> Piolet et crampons indispensables en cas de neige sur la fl\u00e8che, bottes, 2 b\u00e2tons, GPS utile.<\/p><\/div>\n\n\n\n<p><\/p>\n\n\n\n<p>\ud83d\udd0d <strong><a href=\"https:\/\/travesiapirenaica.com\/fr\/maps\/tresmiles.php\/?&amp;pico=monteperdido\" target=\"_blank\" rel=\"noreferrer noopener\">VOIR SUR LA CARTE<\/a><\/strong><\/p>\n\n\n\n<p>Le Monte Perdido est, avec l'Aneto et le Vignemale, l'un des trois grands sommets pyr\u00e9n\u00e9ens. Une telle renomm\u00e9e a son revers et, chaque ann\u00e9e, des milliers de personnes tentent d'atteindre son sommet. L'ascension la plus courante se fait par la vall\u00e9e d'Ordesa, en passant la nuit au refuge de G\u00f3riz. Les plus sportifs peuvent l'effectuer de jour et il est fr\u00e9quent de voir des personnes en chaussures de trail monter et descendre depuis Torla. Pour la grande majorit\u00e9, l'itin\u00e9raire commence dans la prairie d'Ordesa, se poursuit dans la vall\u00e9e d'Ordesa, au refuge de G\u00f3riz et au lac gel\u00e9. D'autres ascensions normales, beaucoup moins fr\u00e9quent\u00e9es, se font par la V\u00eda de las Escaleras (depuis G\u00f3riz) et par le glacier de la face nord, depuis la vall\u00e9e de Pineta et le lac Marbor\u00e9.<\/p>\n\n\n\n<hr class=\"wp-block-separator has-css-opacity\"\/>\n\n\n\n<h3 class=\"wp-block-heading\">Grand Astazu (3.071m)<\/h3>\n\n\n\n<figure class=\"wp-block-image size-full\"><img loading=\"lazy\" decoding=\"async\" width=\"1024\" height=\"768\" src=\"https:\/\/travesiapirenaica.com\/wp-content\/uploads\/2023\/04\/gran-astazu.jpg\" alt=\"\" class=\"wp-image-35214\" srcset=\"https:\/\/travesiapirenaica.com\/wp-content\/uploads\/2023\/04\/gran-astazu.jpg 1024w, https:\/\/travesiapirenaica.com\/wp-content\/uploads\/2023\/04\/gran-astazu-300x225.jpg 300w, https:\/\/travesiapirenaica.com\/wp-content\/uploads\/2023\/04\/gran-astazu-768x576.jpg 768w, https:\/\/travesiapirenaica.com\/wp-content\/uploads\/2023\/04\/gran-astazu-600x450.jpg 600w\" sizes=\"auto, (max-width: 1024px) 100vw, 1024px\" \/><\/figure>\n\n\n\n<div class=\"has-background\" style=\"background-color:#eeeeee;padding:10px\"><p><strong>Altitude :<\/strong> 3.071m<br><strong><u>Distance :<\/u><\/strong> 22 km (aller\/retour)<br><strong><u>In\u00e9galit\u00e9 :<\/u><\/strong> +\/- 1.900m<br><strong>D\u00e9but \/ Fin :<\/strong> Parking de la vall\u00e9e de Pineta.<br><strong>Difficult\u00e9 :<\/strong> la derni\u00e8re ligne droite peut \u00eatre impressionnante pour les grimpeurs les plus novices. Le sommet se gagne par une s\u00e9rie de terrasses en escalier o\u00f9 il est n\u00e9cessaire d'utiliser les mains (F). En outre, le d\u00e9nivel\u00e9 est important et pour le gravir de jour, il faut \u00eatre en bonne condition physique. Il est possible de passer la nuit \u00e0 l'Ib\u00f3n de Marbor\u00e9.<br><strong>Equipement recommand\u00e9 en \u00e9t\u00e9 :<\/strong> Piolet et crampons n\u00e9cessaires en d\u00e9but de saison, bottes, 2 b\u00e2tons, GPS utile.<\/p><\/div>\n\n\n\n<p><\/p>\n\n\n\n<p>\ud83d\udd0d <strong><a href=\"https:\/\/travesiapirenaica.com\/fr\/maps\/tresmiles.php\/?&amp;pico=grandastazu\" target=\"_blank\" rel=\"noreferrer noopener\">VOIR SUR LA CARTE<\/a><\/strong><\/p>\n\n\n\n<p>Le Grand Astazu ou Astazu Est a une perspective tr\u00e8s diff\u00e9rente au nord. De ce c\u00f4t\u00e9, il ressemble \u00e0 des pics jumeaux plongeant dans la vall\u00e9e, avec une muraille de 500 m\u00e8tres interrompue uniquement par le c\u00e9l\u00e8bre couloir des Cygnes.<\/p>\n\n\n\n<p>Vers l'Ib\u00f3n de Marbor\u00e9, il se montre beaucoup plus accueillant, m\u00eame si, pour y acc\u00e9der, il faut d'abord franchir les 1 000 m\u00e8tres de d\u00e9nivel\u00e9 qui s\u00e9parent le fond de la vall\u00e9e du Balc\u00f3n de Pineta. Le chemin s'aplanit pour contourner le lac, zone de bivouac habituelle, et se poursuit en direction du col du Cygne, qui s\u00e9pare le Peque\u00f1o Astazu (3 013 m) du Gran Astazu (3 071 m). Pour gravir le Gran Astazu, il faut passer par le premier, tandis que pour gravir le Peque\u00f1o Astazu, il faut tourner \u00e0 gauche avant de l'atteindre.<\/p>\n\n\n\n<hr class=\"wp-block-separator has-css-opacity\"\/>\n\n\n\n<h3 class=\"wp-block-heading\">Pic de N\u00e9ouvielle ou d'Aubert (3 091 m)<\/h3>\n\n\n<div class=\"wp-block-image\">\n<figure class=\"aligncenter size-full\"><img loading=\"lazy\" decoding=\"async\" width=\"1024\" height=\"768\" src=\"https:\/\/travesiapirenaica.com\/wp-content\/uploads\/2023\/04\/neouvielle.jpg\" alt=\"\" class=\"wp-image-35234\" srcset=\"https:\/\/travesiapirenaica.com\/wp-content\/uploads\/2023\/04\/neouvielle.jpg 1024w, https:\/\/travesiapirenaica.com\/wp-content\/uploads\/2023\/04\/neouvielle-300x225.jpg 300w, https:\/\/travesiapirenaica.com\/wp-content\/uploads\/2023\/04\/neouvielle-768x576.jpg 768w, https:\/\/travesiapirenaica.com\/wp-content\/uploads\/2023\/04\/neouvielle-600x450.jpg 600w\" sizes=\"auto, (max-width: 1024px) 100vw, 1024px\" \/><figcaption class=\"wp-element-caption\">La d\u00e9fense du Ramougn et sa cr\u00eate allong\u00e9e et le N\u00e9ouvielle.<\/figcaption><\/figure>\n<\/div>\n\n\n<div class=\"has-background\" style=\"background-color:#eeeeee;padding:10px\"><p><strong>Altitude :<\/strong> 3.091m<br><strong><u>Distance :<\/u><\/strong> 10 km (aller\/retour)<br><strong><u>In\u00e9galit\u00e9 :<\/u><\/strong> +\/- 1.000m<br><strong>D\u00e9but \/ Fin :<\/strong> Lac d'Aubert.<br><strong>Difficult\u00e9 :<\/strong> Il s'agit d'un des trois mille les plus accessibles, la raison \u00e9tant une approche en voiture du lac d'Aubert (2150m) et l'absence de marches d'escalade engag\u00e9es. Dans tous les cas, ne tentez pas cette ascension, c'est un trois mille. Il faudra savoir se rep\u00e9rer, \u00e9voluer sur un terrain de blocs tr\u00e8s difficile \u00e0 franchir, franchir une rampe enneig\u00e9e qui peut n\u00e9cessiter piolet et crampons en d\u00e9but de saison et franchir quelques passages rocheux o\u00f9 il faudra se servir de ses mains.<br><strong>Equipement recommand\u00e9 en \u00e9t\u00e9 :<\/strong> Piolet et crampons n\u00e9cessaires en d\u00e9but de saison, bottes, 2 b\u00e2tons, GPS utile.<\/p><\/div>\n\n\n\n<p><\/p>\n\n\n\n<p>\ud83d\udd0d <strong><a href=\"https:\/\/travesiapirenaica.com\/fr\/maps\/tresmiles.php\/?&amp;pico=neouvielle\" target=\"_blank\" rel=\"noreferrer noopener\">VOIR SUR LA CARTE<\/a><\/strong><\/p>\n\n\n\n<p>La voie normale, tr\u00e8s fr\u00e9quent\u00e9e en \u00e9t\u00e9, monte du lac d'Aubert \u00e0 l'ar\u00eate des Barris et franchit la br\u00e8che des Barris. Il traverse ensuite un terrain parsem\u00e9 de blocs avant de d\u00e9voiler le grand couloir qui abritait autrefois le glacier du N\u00e9ouvielle. Il s'agit maintenant d'un long champ de neige interrompu de temps en temps par quelques bandes rocheuses et qui ne n\u00e9cessite g\u00e9n\u00e9ralement pas l'usage des crampons en juillet et ao\u00fbt. Un passage avec les mains permet de rejoindre l'autre c\u00f4t\u00e9 de l'ar\u00eate, impressionnante et a\u00e9rienne mais simple. Avec un peu d'attention, nous effectuons une courte travers\u00e9e pour rejoindre le canal qui se termine au sommet du pic du N\u00e9ouvielle (3 091 m).<\/p>\n\n\n\n<hr class=\"wp-block-separator has-alpha-channel-opacity\"\/>\n\n\n\n<h3 class=\"wp-block-heading\" id=\"block-026737af-313f-4b30-a0f8-7ee080aefa20\">Posets ou Llardana (3.369m)<\/h3>\n\n\n\n<figure class=\"wp-block-image size-large\" id=\"block-df439505-78d2-4176-af81-c47a53a2b587\"><img loading=\"lazy\" decoding=\"async\" width=\"1024\" height=\"768\" src=\"https:\/\/travesiapirenaica.com\/wp-content\/uploads\/2024\/05\/canal-fonda-1024x768.jpg\" alt=\"\" class=\"wp-image-41689\" srcset=\"https:\/\/travesiapirenaica.com\/wp-content\/uploads\/2024\/05\/canal-fonda-1024x768.jpg 1024w, https:\/\/travesiapirenaica.com\/wp-content\/uploads\/2024\/05\/canal-fonda-300x225.jpg 300w, https:\/\/travesiapirenaica.com\/wp-content\/uploads\/2024\/05\/canal-fonda-768x576.jpg 768w, https:\/\/travesiapirenaica.com\/wp-content\/uploads\/2024\/05\/canal-fonda-600x450.jpg 600w, https:\/\/travesiapirenaica.com\/wp-content\/uploads\/2024\/05\/canal-fonda.jpg 1280w\" sizes=\"auto, (max-width: 1024px) 100vw, 1024px\" \/><figcaption class=\"wp-element-caption\">Au-dessus du canal de Fonda avec le Forcau Baixo (2.781m) et le Forcau Alto (2.865m) derri\u00e8re. <\/figcaption><\/figure>\n\n\n<style>.kadence-column3375_b29467-ba > .kt-inside-inner-col{padding-top:var(--global-kb-spacing-xxs, 0.5rem);padding-right:var(--global-kb-spacing-xxs, 0.5rem);padding-bottom:var(--global-kb-spacing-xxs, 0.5rem);padding-left:var(--global-kb-spacing-xxs, 0.5rem);}.kadence-column3375_b29467-ba > .kt-inside-inner-col,.kadence-column3375_b29467-ba > .kt-inside-inner-col:before{border-top-left-radius:0px;border-top-right-radius:0px;border-bottom-right-radius:0px;border-bottom-left-radius:0px;}.kadence-column3375_b29467-ba > .kt-inside-inner-col{column-gap:var(--global-kb-gap-sm, 1rem);}.kadence-column3375_b29467-ba > .kt-inside-inner-col{flex-direction:column;}.kadence-column3375_b29467-ba > .kt-inside-inner-col > .aligncenter{width:100%;}.kadence-column3375_b29467-ba > .kt-inside-inner-col{background-color:#f0f0f0;}.kadence-column3375_b29467-ba > .kt-inside-inner-col:before{opacity:0.3;}.kadence-column3375_b29467-ba{position:relative;}@media all and (max-width: 1024px){.kadence-column3375_b29467-ba > .kt-inside-inner-col{flex-direction:column;justify-content:center;}}@media all and (max-width: 767px){.kadence-column3375_b29467-ba > .kt-inside-inner-col{flex-direction:column;justify-content:center;}}<\/style>\n<div class=\"wp-block-kadence-column kadence-column3375_b29467-ba\"><div class=\"kt-inside-inner-col\">\n<p><strong><u>Altitude :<\/u><\/strong> 3.369m<br><strong><u>Distance :<\/u><\/strong> 13 km (aller-retour) du refuge. 20 km (aller-retour) depuis le parking. <br><strong><u>In\u00e9galit\u00e9 :<\/u> <\/strong>+\/- 1.850m (650m au refuge et 1200m au sommet)<br><strong><u>D\u00e9but \/ Fin :<\/u><\/strong> Parking Espigantosa.<br><strong><u>Difficult\u00e9 :<\/u><\/strong> Les piolets et les crampons peuvent \u00eatre n\u00e9cessaires sur le canal de Fonda pendant l'\u00e9t\u00e9 et lorsque la neige est dure t\u00f4t le matin. Les accidents dus \u00e0 l'utilisation de pantoufles sur ce tron\u00e7on sont fr\u00e9quents.<br><strong><u><strong>Equipement recommand\u00e9 pour l'\u00e9t\u00e9 :<\/strong><\/u> <\/strong>bottes, <a href=\"https:\/\/travesiapirenaica.com\/fr\/batons-de-trekking\/\">2 b\u00e2tonnets<\/a>piolet, <a href=\"https:\/\/travesiapirenaica.com\/fr\/crampons\/\">crampons<\/a>, <a href=\"https:\/\/travesiapirenaica.com\/fr\/meilleur-gps-montana\/\">GPS<\/a> (facultatif), <a href=\"https:\/\/travesiapirenaica.com\/fr\/bouteille-de-trekking\/\">cantine<\/a>un peu de nourriture, une protection solaire, <a href=\"https:\/\/travesiapirenaica.com\/fr\/lunettes-montana\/\">lunettes de soleil<\/a>...<\/p>\n<\/div><\/div>\n\n\n\n<p id=\"block-70d41d40-3415-47ba-a150-f280a27fdc92\"><\/p>\n\n\n\n<p id=\"block-39d711c4-2831-487c-900e-5fdcc9b7a5a8\">\ud83d\udd0d<strong><a href=\"https:\/\/travesiapirenaica.com\/fr\/maps\/tresmiles.php\/?&amp;pico=posets\" target=\"_blank\" rel=\"noreferrer noopener\">VOIR SUR LA CARTE<\/a><\/strong><\/p>\n\n\n\n<p>Le deuxi\u00e8me sommet des Pyr\u00e9n\u00e9es est l'un des trois mille les plus accessibles et, bien s\u00fbr, l'un des plus gravis.<\/p>\n\n\n\n<p>Autour de la masse de la <strong>Posets ou Llardana<\/strong>Le Posets, dont la signification dans la langue locale est \"br\u00fbl\u00e9\", en raison de ses tons ocre uniques, poss\u00e8de trois refuges strat\u00e9giquement situ\u00e9s qui permettent de faire le tour du col en trois \u00e9tapes, connues sous le nom de Vuelta al Posets ou Ruta de los Tres Refugios (Route des trois refuges). Depuis n'importe lequel d'entre eux, Viad\u00f3s, Est\u00f3s et \u00c1ngel Or\u00fas ou Forcau, il est possible de grimper sans trop de difficult\u00e9s, m\u00eame si c'est depuis ce dernier que la plupart des alpinistes grimpent.<\/p>\n\n\n\n<p>L'itin\u00e9raire qui passe par le refuge Angel Or\u00fas et remonte le Canal Fonda commence au parking de l'Espigantosa (1 500 m), accessible en voiture depuis Eriste, dans la vall\u00e9e de Benasque. De l\u00e0, un sentier balis\u00e9 en blanc et jaune (PR-36) m\u00e8ne le long de la vall\u00e9e d'Eriste, en une heure et demie ou deux heures, et 4 km et 650 m\u00e8tres de d\u00e9nivel\u00e9, jusqu'au refuge, o\u00f9 il est d'usage de passer la nuit.  Depuis le refuge, nous suivons le balisage rouge et blanc du sentier GR11.2 en direction de Viad\u00f3s pour le quitter \u00e0 2 550 m\u00e8tres d'altitude, 20 minutes avant d'arriver au lac de Llardaneta. Le sentier p\u00e9n\u00e8tre dans le canal de Fonda, enneig\u00e9 toute l'ann\u00e9e, o\u00f9 les piolets et les crampons peuvent \u00eatre n\u00e9cessaires jusqu'au milieu de l'\u00e9t\u00e9 et au petit matin, lorsque la neige est gel\u00e9e. Apr\u00e8s avoir franchi la br\u00e8che (3 017 m) sous le Diente de Llardana, on atteint le sommet par une pente caillouteuse et un tron\u00e7on d'ar\u00eate facile.<\/p>\n\n\n\n<hr class=\"wp-block-separator has-alpha-channel-opacity\"\/>\n\n\n\n<h3 class=\"wp-block-heading\">Punta Alta de Comalesbienes (3.014m)<\/h3>\n\n\n\n<figure class=\"wp-block-image size-full\"><img loading=\"lazy\" decoding=\"async\" width=\"1024\" height=\"768\" src=\"https:\/\/travesiapirenaica.com\/wp-content\/uploads\/2023\/04\/Punta-Alta.jpg\" alt=\"\" class=\"wp-image-35200\" srcset=\"https:\/\/travesiapirenaica.com\/wp-content\/uploads\/2023\/04\/Punta-Alta.jpg 1024w, https:\/\/travesiapirenaica.com\/wp-content\/uploads\/2023\/04\/Punta-Alta-300x225.jpg 300w, https:\/\/travesiapirenaica.com\/wp-content\/uploads\/2023\/04\/Punta-Alta-768x576.jpg 768w, https:\/\/travesiapirenaica.com\/wp-content\/uploads\/2023\/04\/Punta-Alta-600x450.jpg 600w\" sizes=\"auto, (max-width: 1024px) 100vw, 1024px\" \/><figcaption class=\"wp-element-caption\">Punta Alta de Comalesbienes (3.014m)<\/figcaption><\/figure>\n\n\n\n<div class=\"has-background\" style=\"background-color:#eeeeee;padding:10px\"><p><strong>Altitude :<\/strong> 3.014m<br><strong><u>Distance :<\/u><\/strong> 13,5km (aller\/retour)<br><strong><u>In\u00e9galit\u00e9 :<\/u><\/strong> +\/- 1650 m (itin\u00e9raire circulaire \u00e0 travers la vall\u00e9e de Colieto)<br><strong>D\u00e9but \/ Fin :<\/strong> R\u00e9servoir de Cavallers, dans la vall\u00e9e de Bo\u00ed<br><strong>Difficult\u00e9 :<\/strong> escalade facile<br><strong>Equipement recommand\u00e9 en \u00e9t\u00e9 (sans neige) :<\/strong> Bottes, 2 b\u00e2tons, GPS utile.<\/p><\/div>\n\n\n\n<p><\/p>\n\n\n\n<p>\ud83d\udd0d <strong><a href=\"https:\/\/travesiapirenaica.com\/fr\/carte\/solitarios.php\/?&amp;pico=tapou\" target=\"_blank\" rel=\"noreferrer noopener\">VOIR SUR LA CARTE<\/a><\/strong><\/p>\n\n\n\n<p>Les <strong>Punta Alta de Comalesbienes<\/strong> est le point le plus \u00e9lev\u00e9 du noyau de sommets \u00e0 l'est du r\u00e9servoir de Cavallers. Le point de d\u00e9part habituel est le parking situ\u00e9 sous le barrage du r\u00e9servoir de Cavallers. Le d\u00e9part, apr\u00e8s quelques m\u00e8tres confortables le long d'un chemin, est assez raide jusqu'\u00e0 ce que l'on atteigne le point de d\u00e9part. <strong>Pas de l'Oso<\/strong>. Ensuite, la pente diminue et la vall\u00e9e s'ouvre sur le bassin lacustre dans lequel le <strong>Estanys de Comalesbienes<\/strong>. L'ascension redevient s\u00e9rieuse \u00e0 partir d'Estany Gelat. Les bornes sont divis\u00e9es : \u00e0 gauche, elles nous conduisent le long de la cr\u00eate jusqu'au Pic de Comalesbienes, s\u00e9par\u00e9 de la Punta Alta par une br\u00e8che a\u00e9rienne mais facile \u00e0 escalader ; \u00e0 droite, les bornes nous m\u00e8nent au petit col qui s'ouvre entre les deux sommets. L'ar\u00eate finale jusqu'\u00e0 la <strong>Punta Alta<\/strong> ne pr\u00e9sente pas de difficult\u00e9s majeures.<\/p>\n\n\n\n<p>La descente la plus rapide se fait par le m\u00eame chemin. Si vous voulez mettre la touche finale \u00e0 cet itin\u00e9raire, ce qui est fortement recommand\u00e9, vous pouvez descendre vers le <strong>Vall\u00e9e de Colieto<\/strong> et continuer jusqu'\u00e0 la <strong>Abri Ventosa et Calvell<\/strong>. La descente vers ce versant est raide et il faut faire attention aux jalons pour ne pas s'engager inutilement. La pente diminue au fur et \u00e0 mesure que l'on perd de l'altitude. L'Estany de la Roca est un bon endroit pour se reposer. Ensuite, une fois au fond de la vall\u00e9e de Colieto, nous continuons \u00e0 monter et \u00e0 descendre jusqu'au refuge. <strong>Joan Ventosa i Calvell<\/strong>. A partir de l\u00e0, la descente dans le <strong>R\u00e9servoir de Cavallers<\/strong> est \u00e9vidente et sans difficult\u00e9.<\/p>\n\n\n\n<p><a href=\"https:\/\/travesiapirenaica.com\/fr\/point-culminant\/\">\ud83d\udd0d<\/a> <a href=\"https:\/\/travesiapirenaica.com\/fr\/point-culminant\/\"><strong>VOIR ROUTE &gt;&gt;<\/strong> <\/a><\/p>\n\n\n\n<hr class=\"wp-block-separator has-alpha-channel-opacity\"\/>\n\n\n\n<h3 class=\"wp-block-heading\"><a href=\"https:\/\/travesiapirenaica.com\/fr\/pica-destats\/\" target=\"_blank\" rel=\"noreferrer noopener\">Pica d'Estats (3.143m)<\/a><\/h3>\n\n\n\n<figure class=\"wp-block-image size-full\"><img loading=\"lazy\" decoding=\"async\" width=\"1024\" height=\"768\" src=\"https:\/\/travesiapirenaica.com\/wp-content\/uploads\/2023\/04\/pica.jpg\" alt=\"\" class=\"wp-image-35237\" srcset=\"https:\/\/travesiapirenaica.com\/wp-content\/uploads\/2023\/04\/pica.jpg 1024w, https:\/\/travesiapirenaica.com\/wp-content\/uploads\/2023\/04\/pica-300x225.jpg 300w, https:\/\/travesiapirenaica.com\/wp-content\/uploads\/2023\/04\/pica-768x576.jpg 768w, https:\/\/travesiapirenaica.com\/wp-content\/uploads\/2023\/04\/pica-600x450.jpg 600w\" sizes=\"auto, (max-width: 1024px) 100vw, 1024px\" \/><figcaption class=\"wp-element-caption\">Versant sud de la Pica d'Estats.<\/figcaption><\/figure>\n\n\n\n<div class=\"has-background\" style=\"background-color:#eeeeee;padding:10px\"><p><strong>Altitude :<\/strong> 3.143m<br><strong><u>Distance :<\/u><\/strong> 18 km du refuge de Vallferrera (aller-retour)<br><strong><u>In\u00e9galit\u00e9 :<\/u><\/strong> +\/- 1680m<br><strong>D\u00e9but \/ Fin :<\/strong> Abri VAllferrera<br><strong>Difficult\u00e9 :<\/strong> Il n'y a pas de marches d'escalade. La principale difficult\u00e9 est, comme toujours, la distance et le d\u00e9nivel\u00e9.<br><strong>Equipement recommand\u00e9 en \u00e9t\u00e9 (sans neige) :<\/strong> Bottes, 2 b\u00e2tons, GPS utile.<\/p><\/div>\n\n\n\n<p><\/p>\n\n\n\n<p>\ud83d\udd0d <strong><a href=\"https:\/\/travesiapirenaica.com\/fr\/maps\/tresmiles.php\/?&amp;pico=picaestats\" target=\"_blank\" rel=\"noreferrer noopener\">VOIR SUR LA CARTE<\/a><\/strong><\/p>\n\n\n\n<p><strong>La Pica d'Estats est le toit de la Catalogne<\/strong> et c'est une raison suffisante pour vouloir atteindre son sommet. De tous les massifs pyr\u00e9n\u00e9ens o\u00f9 se concentrent les trois pics, celui-ci est le plus oriental et aussi le plus \u00e9loign\u00e9. L'ascension de la Pica d'Estats se fait g\u00e9n\u00e9ralement par les itin\u00e9raires suivants <strong>deux itin\u00e9raires : du sud par le Vallferrera et du nord par le refuge de l'Etang du Pinet.<\/strong><\/p>\n\n\n\n<p><strong>Sur le versant sud<\/strong>le point de r\u00e9f\u00e9rence est le <strong>Refuge de Vallferrera<\/strong>L'acc\u00e8s se fait par une piste de 11 km depuis \u00c0reu et \u00e0 15 minutes de marche, si la neige le permet. <\/p>\n\n\n\n<p>Depuis le refuge, l'itin\u00e9raire longe les pentes du Pic d'Areste sur la gauche et p\u00e9n\u00e8tre dans la vall\u00e9e de l'Areste. <strong>Ravin de Sotllo<\/strong>. Le sentier monte sur le c\u00f4t\u00e9 gauche, \u00e0 mi-pente, jusqu'\u00e0 l'entr\u00e9e de l'\u00e9glise. <strong>Plans de Sotllo<\/strong>. Ensuite, un autre pas sur le c\u00f4t\u00e9 gauche (rive droite du ravin) est escalad\u00e9 pour atteindre l'entr\u00e9e de l'\u00e9glise. <strong>Lac Sotllo<\/strong> et, par la suite, le <strong>Estany d'Estats<\/strong>. La pente s'accentue consid\u00e9rablement \u00e0 partir d'ici pour atteindre le sommet de la montagne. <strong>Port de Sotllo<\/strong>C'est la partie la plus difficile de tout l'itin\u00e9raire. Pour atteindre le sommet, l'itin\u00e9raire normal descend d'une centaine de m\u00e8tres sur le versant nord, puis remonte vers l'est en direction de Montcalm, pour ensuite tourner vers le sud, en direction de <strong>Pic Verdaguer<\/strong> et le <strong>Pica d'Estats<\/strong>.<\/p>\n\n\n\n<p><strong>Depuis le versant nord<\/strong> l'ascension commence \u00e0 seulement 1 200 m d'altitude, \u00e0 L'Artigue. Le premier jour de l'itin\u00e9raire, qui est g\u00e9n\u00e9ralement divis\u00e9 en deux jours, vous montez jusqu'\u00e0 l'auberge de jeunesse. <strong>refuge de l'Etang du Pinet<\/strong> (2.250m). Le lendemain, nous remontons le <strong>Ravin de la Cometa d'Estats<\/strong> jusqu'\u00e0 <strong>Etang d'Estats<\/strong> et est suivie vers la gauche (E) jusqu'\u00e0 la <strong>Etang de Montcalm<\/strong>. A partir de l\u00e0, il tourne \u00e0 nouveau vers le sud en remontant la pente jusqu'\u00e0 l'embouchure de la rivi\u00e8re. <strong>Col de la Coumette<\/strong>L'itin\u00e9raire rejoint celui du Port de Sotllo \u00e0 2 900 m\u00e8tres d'altitude, tout pr\u00e8s de la Pica d'Estats (3 143 m).<\/p>\n\n\n\n<hr class=\"wp-block-separator has-css-opacity\"\/>\n\n\n\n<h2 class=\"wp-block-heading\">Livres recommand\u00e9s :<\/h2>\n\n\n\n\n<div class=\"aawp\">\n\n            \n            \n<div class=\"aawp-product aawp-product--horizontal aawp-product--css-adjust-image-large\"  data-aawp-product-asin=\"8482165836\" data-aawp-product-id=\"41467\" data-aawp-tracking-id=\"travesiapiren-21\" data-aawp-product-title=\"Pirineos Guia de los 3000 m\" data-aawp-geotargeting=\"true\">\n\n    \n    <div class=\"aawp-product__thumb\">\n        <a class=\"aawp-product__image-link\" href=\"https:\/\/www.amazon.es\/dp\/8482165836?tag=travesiapiren-21&amp;linkCode=ogi&amp;th=1&amp;psc=1\" title=\"Guide des Pyr\u00e9n\u00e9es \u00e0 3000 m\" rel=\"nofollow noopener sponsored\" target=\"_blank\">\n            <img decoding=\"async\" class=\"aawp-product__image\" src=\"https:\/\/m.media-amazon.com\/images\/I\/51amQbkUW2L.jpg\" alt=\"Guide des Pyr\u00e9n\u00e9es \u00e0 3000 m\"  \/>\n        <\/a>\n\n            <\/div>\n\n    <div class=\"aawp-product__content\">\n        <a class=\"aawp-product__title\" href=\"https:\/\/www.amazon.es\/dp\/8482165836?tag=travesiapiren-21&amp;linkCode=ogi&amp;th=1&amp;psc=1\" title=\"Guide des Pyr\u00e9n\u00e9es \u00e0 3000 m\" rel=\"nofollow noopener sponsored\" target=\"_blank\">\n            Guide des Pyr\u00e9n\u00e9es \u00e0 3000 m        <\/a>\n        <div class=\"aawp-product__description\">\n                    <\/div>\n    <\/div>\n\n    <div class=\"aawp-product__footer\">\n\n        <div class=\"aawp-product__pricing\">\n            \n                            <span class=\"aawp-product__price aawp-product__price--current\"><\/span>\n            \n                    <\/div>\n\n                <a class=\"aawp-button aawp-button--buy aawp-button--icon aawp-button--icon-black\" href=\"https:\/\/www.amazon.es\/dp\/8482165836?tag=travesiapiren-21&#038;linkCode=ogi&#038;th=1&#038;psc=1\" title=\"Voir sur Amazon\" target=\"_blank\" rel=\"nofollow noopener sponsored\">Voir sur Amazon<\/a>\n            <\/div>\n\n<\/div>\n\n    \n<\/div>\n\n\n\n\n<h2 class=\"wp-block-heading\">Vous pouvez \u00eatre int\u00e9ress\u00e9 par :<\/h2>\n\n\n\n<div class=\"wp-block-media-text alignwide is-stacked-on-mobile\" style=\"grid-template-columns:29% auto\"><figure class=\"wp-block-media-text__media\"><img loading=\"lazy\" decoding=\"async\" width=\"800\" height=\"600\" src=\"https:\/\/travesiapirenaica.com\/wp-content\/uploads\/2018\/11\/Parte-final-de-la-ascensi\u00f3n-invernal-a-monte-perdido_by-Eduardo-Azcona_800x600.jpg\" alt=\"Derni\u00e8re partie de l&#039;ascension hivernale du Monte Perdido \/ Photo : Eduardo Azcona\" class=\"wp-image-11480 size-full\" srcset=\"https:\/\/travesiapirenaica.com\/wp-content\/uploads\/2018\/11\/Parte-final-de-la-ascensi\u00f3n-invernal-a-monte-perdido_by-Eduardo-Azcona_800x600.jpg 800w, https:\/\/travesiapirenaica.com\/wp-content\/uploads\/2018\/11\/Parte-final-de-la-ascensi\u00f3n-invernal-a-monte-perdido_by-Eduardo-Azcona_800x600-600x450.jpg 600w, https:\/\/travesiapirenaica.com\/wp-content\/uploads\/2018\/11\/Parte-final-de-la-ascensi\u00f3n-invernal-a-monte-perdido_by-Eduardo-Azcona_800x600-300x225.jpg 300w, https:\/\/travesiapirenaica.com\/wp-content\/uploads\/2018\/11\/Parte-final-de-la-ascensi\u00f3n-invernal-a-monte-perdido_by-Eduardo-Azcona_800x600-768x576.jpg 768w\" sizes=\"auto, (max-width: 800px) 100vw, 800px\" \/><\/figure><div class=\"wp-block-media-text__content\">\n<a href=\"https:\/\/travesiapirenaica.com\/fr\/ascensions-hivernales-dans-les-pyrenees\/\"><strong>9 ascensions hivernales dans les Pyr\u00e9n\u00e9es vers des \"trois mille faciles\".<\/strong><\/a><p>Si vous envisagez de r\u00e9aliser votre premier 3 000 m en hiver, ces 9 ascensions sont parfaites pour les d\u00e9butants : Garmo Negro, Aneto, Perdiguero,...<\/p>\n\n\n\n<p><\/p>\n<\/div><\/div>","protected":false},"excerpt":{"rendered":"Les Pyr\u00e9n\u00e9es comptent 217 sommets de plus de 3 000 m\u00e8tres, dont 126 sont faciles, c'est-\u00e0-dire class\u00e9s F ou F+.","protected":false},"author":3,"featured_media":35234,"comment_status":"closed","ping_status":"closed","sticky":false,"template":"","format":"image","meta":{"_kad_blocks_custom_css":"","_kad_blocks_head_custom_js":"","_kad_blocks_body_custom_js":"","_kad_blocks_footer_custom_js":"","episode_type":"audio","audio_file":"","podmotor_file_id":"","podmotor_episode_id":"","cover_image":"","cover_image_id":"","duration":"","filesize":"","filesize_raw":"","date_recorded":"","explicit":"","block":"","_kad_post_transparent":"","_kad_post_title":"","_kad_post_layout":"","_kad_post_sidebar_id":"","_kad_post_content_style":"","_kad_post_vertical_padding":"","_kad_post_feature":"","_kad_post_feature_position":"","_kad_post_header":false,"_kad_post_footer":false,"_kad_post_classname":"","_jetpack_memberships_contains_paid_content":false,"footnotes":""},"categories":[2922],"tags":[3157,2721],"series":[],"class_list":["post-3375","post","type-post","status-publish","format-image","has-post-thumbnail","hentry","category-rutas","tag-pirineos-verano","tag-tresmiles-pirineos","post_format-post-format-image"],"episode_featured_image":"https:\/\/travesiapirenaica.com\/wp-content\/uploads\/2023\/04\/neouvielle.jpg","episode_player_image":"https:\/\/travesiapirenaica.com\/wp-content\/uploads\/2017\/12\/Caratula-Podcast-Maldita-Montana_1500x1500_72pp-p_.jpg","download_link":"","player_link":"","audio_player":false,"episode_data":{"playerMode":"dark","subscribeUrls":[],"rssFeedUrl":"https:\/\/travesiapirenaica.com\/fr\/feed\/podcast\/maldita-montana","embedCode":"<blockquote class=\"wp-embedded-content\" data-secret=\"fFDZex9Rzk\"><a href=\"https:\/\/travesiapirenaica.com\/fr\/tresmiles-pirineos\/\">Tresmiles \u00abf\u00e1ciles\u00bb del Pirineo<\/a><\/blockquote><iframe sandbox=\"allow-scripts\" security=\"restricted\" src=\"https:\/\/travesiapirenaica.com\/fr\/tresmiles-pirineos\/embed\/#?secret=fFDZex9Rzk\" width=\"500\" height=\"350\" title=\"\u00ab\u00a0Tresmiles \u00abf\u00e1ciles\u00bb del Pirineo\u00a0\u00bb &#8212; Traves\u00eda.\" data-secret=\"fFDZex9Rzk\" frameborder=\"0\" marginwidth=\"0\" marginheight=\"0\" scrolling=\"no\" class=\"wp-embedded-content\"><\/iframe><script>\n\/*! This file is auto-generated *\/\n!function(d,l){\"use strict\";l.querySelector&&d.addEventListener&&\"undefined\"!=typeof URL&&(d.wp=d.wp||{},d.wp.receiveEmbedMessage||(d.wp.receiveEmbedMessage=function(e){var t=e.data;if((t||t.secret||t.message||t.value)&&!\/[^a-zA-Z0-9]\/.test(t.secret)){for(var s,r,n,a=l.querySelectorAll('iframe[data-secret=\"'+t.secret+'\"]'),o=l.querySelectorAll('blockquote[data-secret=\"'+t.secret+'\"]'),c=new RegExp(\"^https?:$\",\"i\"),i=0;i<o.length;i++)o[i].style.display=\"none\";for(i=0;i<a.length;i++)s=a[i],e.source===s.contentWindow&&(s.removeAttribute(\"style\"),\"height\"===t.message?(1e3<(r=parseInt(t.value,10))?r=1e3:~~r<200&&(r=200),s.height=r):\"link\"===t.message&&(r=new URL(s.getAttribute(\"src\")),n=new URL(t.value),c.test(n.protocol))&&n.host===r.host&&l.activeElement===s&&(d.top.location.href=t.value))}},d.addEventListener(\"message\",d.wp.receiveEmbedMessage,!1),l.addEventListener(\"DOMContentLoaded\",function(){for(var e,t,s=l.querySelectorAll(\"iframe.wp-embedded-content\"),r=0;r<s.length;r++)(t=(e=s[r]).getAttribute(\"data-secret\"))||(t=Math.random().toString(36).substring(2,12),e.src+=\"#?secret=\"+t,e.setAttribute(\"data-secret\",t)),e.contentWindow.postMessage({message:\"ready\",secret:t},\"*\")},!1)))}(window,document);\n\/\/# sourceURL=https:\/\/travesiapirenaica.com\/wp-includes\/js\/wp-embed.min.js\n<\/script>\n"},"taxonomy_info":{"category":[{"value":2922,"label":"Rutas"}],"post_tag":[{"value":3157,"label":"Pirineos verano"},{"value":2721,"label":"Tresmiles Pirineos"}]},"featured_image_src_large":["https:\/\/travesiapirenaica.com\/wp-content\/uploads\/2023\/04\/neouvielle.jpg",1024,768,false],"author_info":{"display_name":"Enrique L\u00f3pez Mondrag\u00f3n","author_link":"https:\/\/travesiapirenaica.com\/fr\/author\/kike8611\/"},"comment_info":1,"category_info":[{"term_id":2922,"name":"Rutas","slug":"rutas","term_group":0,"term_taxonomy_id":2938,"taxonomy":"category","description":"Rutas en los Pirineos","parent":5,"count":45,"filter":"raw","cat_ID":2922,"category_count":45,"category_description":"Rutas en los Pirineos","cat_name":"Rutas","category_nicename":"rutas","category_parent":5}],"tag_info":[{"term_id":3157,"name":"Pirineos verano","slug":"pirineos-verano","term_group":0,"term_taxonomy_id":3173,"taxonomy":"post_tag","description":"","parent":0,"count":5,"filter":"raw"},{"term_id":2721,"name":"Tresmiles Pirineos","slug":"tresmiles-pirineos","term_group":0,"term_taxonomy_id":2737,"taxonomy":"post_tag","description":"Tresmiles Pirineos","parent":0,"count":11,"filter":"raw"}],"jetpack_featured_media_url":"https:\/\/travesiapirenaica.com\/wp-content\/uploads\/2023\/04\/neouvielle.jpg","jetpack_sharing_enabled":true,"_links":{"self":[{"href":"https:\/\/travesiapirenaica.com\/fr\/wp-json\/wp\/v2\/posts\/3375","targetHints":{"allow":["GET"]}}],"collection":[{"href":"https:\/\/travesiapirenaica.com\/fr\/wp-json\/wp\/v2\/posts"}],"about":[{"href":"https:\/\/travesiapirenaica.com\/fr\/wp-json\/wp\/v2\/types\/post"}],"author":[{"embeddable":true,"href":"https:\/\/travesiapirenaica.com\/fr\/wp-json\/wp\/v2\/users\/3"}],"replies":[{"embeddable":true,"href":"https:\/\/travesiapirenaica.com\/fr\/wp-json\/wp\/v2\/comments?post=3375"}],"version-history":[{"count":0,"href":"https:\/\/travesiapirenaica.com\/fr\/wp-json\/wp\/v2\/posts\/3375\/revisions"}],"wp:featuredmedia":[{"embeddable":true,"href":"https:\/\/travesiapirenaica.com\/fr\/wp-json\/wp\/v2\/media\/35234"}],"wp:attachment":[{"href":"https:\/\/travesiapirenaica.com\/fr\/wp-json\/wp\/v2\/media?parent=3375"}],"wp:term":[{"taxonomy":"category","embeddable":true,"href":"https:\/\/travesiapirenaica.com\/fr\/wp-json\/wp\/v2\/categories?post=3375"},{"taxonomy":"post_tag","embeddable":true,"href":"https:\/\/travesiapirenaica.com\/fr\/wp-json\/wp\/v2\/tags?post=3375"},{"taxonomy":"series","embeddable":true,"href":"https:\/\/travesiapirenaica.com\/fr\/wp-json\/wp\/v2\/series?post=3375"}],"curies":[{"name":"wp","href":"https:\/\/api.w.org\/{rel}","templated":true}]}}