{"id":33982,"date":"2024-08-14T11:26:23","date_gmt":"2024-08-14T09:26:23","guid":{"rendered":"https:\/\/travesiapirenaica.com\/?p=33982"},"modified":"2025-01-20T13:05:11","modified_gmt":"2025-01-20T12:05:11","slug":"forca-alanos","status":"publish","type":"post","link":"https:\/\/travesiapirenaica.com\/fr\/forca-alanos\/","title":{"rendered":"Pe\u00f1a Forca (2 391 m) et Rinc\u00f3n de Alano (2 357 m) depuis le pont Puente de Oza."},"content":{"rendered":"<style>.wp-block-kadence-advancedbtn.kb-btns33982_5374e0-ea{gap:var(--global-kb-gap-xs, 0.5rem );justify-content:center;align-items:center;}.kt-btns33982_5374e0-ea .kt-button{font-weight:normal;font-style:normal;}.kt-btns33982_5374e0-ea .kt-btn-wrap-0{margin-right:5px;}.wp-block-kadence-advancedbtn.kt-btns33982_5374e0-ea .kt-btn-wrap-0 .kt-button{color:#555555;border-color:#555555;}.wp-block-kadence-advancedbtn.kt-btns33982_5374e0-ea .kt-btn-wrap-0 .kt-button:hover, .wp-block-kadence-advancedbtn.kt-btns33982_5374e0-ea .kt-btn-wrap-0 .kt-button:focus{color:#ffffff;border-color:#444444;}.wp-block-kadence-advancedbtn.kt-btns33982_5374e0-ea .kt-btn-wrap-0 .kt-button::before{display:none;}.wp-block-kadence-advancedbtn.kt-btns33982_5374e0-ea .kt-btn-wrap-0 .kt-button:hover, .wp-block-kadence-advancedbtn.kt-btns33982_5374e0-ea .kt-btn-wrap-0 .kt-button:focus{background:#444444;}<\/style>\n<div class=\"wp-block-kadence-advancedbtn kb-buttons-wrap kb-btns33982_5374e0-ea\"><style>ul.menu .wp-block-kadence-advancedbtn .kb-btn33982_e0ecc2-1e.kb-button{width:initial;}<\/style><span class=\"kb-button kt-button button kb-btn33982_e0ecc2-1e kt-btn-size-standard kt-btn-width-type-auto kb-btn-global-fill  kt-btn-has-text-true kt-btn-has-svg-false  wp-block-kadence-singlebtn\"><span class=\"kt-btn-inner-text\">6h30min \/ <br>5h40min (sans arr\u00eats)<\/span><\/span>\n\n<style>ul.menu .wp-block-kadence-advancedbtn .kb-btn33982_327364-46.kb-button{width:initial;}<\/style><span class=\"kb-button kt-button button kb-btn33982_327364-46 kt-btn-size-standard kt-btn-width-type-auto kb-btn-global-fill  kt-btn-has-text-true kt-btn-has-svg-false  wp-block-kadence-singlebtn\"><span class=\"kt-btn-inner-text\">11,0 km<\/span><\/span>\n\n<style>ul.menu .wp-block-kadence-advancedbtn .kb-btn33982_ae57ad-f9.kb-button{width:initial;}<\/style><span class=\"kb-button kt-button button kb-btn33982_ae57ad-f9 kt-btn-size-standard kt-btn-width-type-auto kb-btn-global-fill  kt-btn-has-text-true kt-btn-has-svg-false  wp-block-kadence-singlebtn\"><span class=\"kt-btn-inner-text\">+1,373m \/ -1,373m<\/span><\/span><\/div>\n\n\n\n<p>Un itin\u00e9raire en raquettes qui permet de gravir les deux principaux sommets de la Sierra de los Alanos : le <strong>Pe\u00f1aforca<\/strong> et le <strong>Le coin d'Alano<\/strong>. L'itin\u00e9raire d\u00e9crit part du pont d'Oza, remonte le ravin de l'Estribiella et d\u00e9bouche dans la zone de prairie qui s'\u00e9tend sous la muraille form\u00e9e par ces deux pics. Nous monterons d'abord au Rinc\u00f3n de Alano par un couloir raide qui se termine au col du Rinc\u00f3n, puis nous monterons \u00e0 la Pe\u00f1a Forca. La descente se fera par l'itin\u00e9raire le plus habituel, c'est-\u00e0-dire par le col et le tube de Lenito, puis par un terrain familier jusqu'au Puente de Oza.<\/p>\n\n\n\n<iframe loading=\"lazy\" src=\"https:\/\/travesiapirenaica.com\/rutas\/rutas.php?&amp;ruta=forca\" allow=\"fullscreen\" width=\"100%\" height=\"400\"><\/iframe>\n\n\n\n<figure class=\"wp-block-image size-full\"><img loading=\"lazy\" decoding=\"async\" width=\"738\" height=\"511\" src=\"https:\/\/travesiapirenaica.com\/wp-content\/uploads\/2022\/11\/perfil-forca.jpg\" alt=\"\" class=\"wp-image-33983\" srcset=\"https:\/\/travesiapirenaica.com\/wp-content\/uploads\/2022\/11\/perfil-forca.jpg 738w, https:\/\/travesiapirenaica.com\/wp-content\/uploads\/2022\/11\/perfil-forca-300x208.jpg 300w, https:\/\/travesiapirenaica.com\/wp-content\/uploads\/2022\/11\/perfil-forca-150x104.jpg 150w, https:\/\/travesiapirenaica.com\/wp-content\/uploads\/2022\/11\/perfil-forca-218x150.jpg 218w, https:\/\/travesiapirenaica.com\/wp-content\/uploads\/2022\/11\/perfil-forca-696x482.jpg 696w, https:\/\/travesiapirenaica.com\/wp-content\/uploads\/2022\/11\/perfil-forca-607x420.jpg 607w, https:\/\/travesiapirenaica.com\/wp-content\/uploads\/2022\/11\/perfil-forca-100x70.jpg 100w, https:\/\/travesiapirenaica.com\/wp-content\/uploads\/2022\/11\/perfil-forca-600x415.jpg 600w\" sizes=\"auto, (max-width: 738px) 100vw, 738px\" \/><\/figure>\n\n\n<style>.wp-block-kadence-advancedbtn.kb-btns33982_57a17d-79{gap:var(--global-kb-gap-xs, 0.5rem );justify-content:center;align-items:center;}.kt-btns33982_57a17d-79 .kt-button{font-weight:normal;font-style:normal;}.kt-btns33982_57a17d-79 .kt-btn-wrap-0{margin-right:5px;}.wp-block-kadence-advancedbtn.kt-btns33982_57a17d-79 .kt-btn-wrap-0 .kt-button{color:#555555;border-color:#555555;}.wp-block-kadence-advancedbtn.kt-btns33982_57a17d-79 .kt-btn-wrap-0 .kt-button:hover, .wp-block-kadence-advancedbtn.kt-btns33982_57a17d-79 .kt-btn-wrap-0 .kt-button:focus{color:#ffffff;border-color:#444444;}.wp-block-kadence-advancedbtn.kt-btns33982_57a17d-79 .kt-btn-wrap-0 .kt-button::before{display:none;}.wp-block-kadence-advancedbtn.kt-btns33982_57a17d-79 .kt-btn-wrap-0 .kt-button:hover, .wp-block-kadence-advancedbtn.kt-btns33982_57a17d-79 .kt-btn-wrap-0 .kt-button:focus{background:#444444;}<\/style>\n<div class=\"wp-block-kadence-advancedbtn kb-buttons-wrap kb-btns33982_57a17d-79\"><style>ul.menu .wp-block-kadence-advancedbtn .kb-btn33982_f3c9f1-85.kb-button{width:initial;}<\/style><a class=\"kb-button kt-button button kb-btn33982_f3c9f1-85 kt-btn-size-standard kt-btn-width-type-auto kb-btn-global-fill  kt-btn-has-text-true kt-btn-has-svg-true  wp-block-kadence-singlebtn\" href=\"https:\/\/travesiapirenaica.com\/rutas\/mapa\/gpx-geojson\/forca.gpx\" download=\"\"><span class=\"kt-btn-inner-text\">T\u00e9l\u00e9charger la piste<\/span><span class=\"kb-svg-icon-wrap kb-svg-icon-fe_download kt-btn-icon-side-right\"><svg viewbox=\"0 0 24 24\"  fill=\"none\" stroke=\"currentColor\" stroke-width=\"2\" stroke-linecap=\"round\" stroke-linejoin=\"round\" xmlns=\"http:\/\/www.w3.org\/2000\/svg\"  aria-hidden=\"true\"><path d=\"M21 15v4a2 2 0 0 1-2 2H5a2 2 0 0 1-2-2v-4\"\/><polyline points=\"7 10 12 15 17 10\"\/><line x1=\"12\" y1=\"15\" x2=\"12\" y2=\"3\"\/><\/svg><\/span><\/a><\/div>\n\n\n<style>.kt-accordion-id33982_915a4d-2c .kt-accordion-inner-wrap{column-gap:var(--global-kb-gap-md, 2rem);row-gap:10px;}.kt-accordion-id33982_915a4d-2c .kt-accordion-panel-inner{border-top:0px solid transparent;border-right:0px solid transparent;border-bottom:0px solid transparent;border-left:0px solid transparent;background:#ffffff;padding-top:var(--global-kb-spacing-sm, 1.5rem);padding-right:var(--global-kb-spacing-sm, 1.5rem);padding-bottom:var(--global-kb-spacing-sm, 1.5rem);padding-left:var(--global-kb-spacing-sm, 1.5rem);}.kt-accordion-id33982_915a4d-2c > .kt-accordion-inner-wrap > .wp-block-kadence-pane > .kt-accordion-header-wrap > .kt-blocks-accordion-header{border-top:0px solid #f2f2f2;border-right:0px solid #f2f2f2;border-bottom:0px solid #f2f2f2;border-left:0px solid #f2f2f2;border-top-left-radius:6px;border-top-right-radius:6px;border-bottom-right-radius:6px;border-bottom-left-radius:6px;background:#f2f2f2;color:#555555;padding-top:14px;padding-right:16px;padding-bottom:14px;padding-left:16px;}.kt-accordion-id33982_915a4d-2c:not( .kt-accodion-icon-style-basiccircle ):not( .kt-accodion-icon-style-xclosecircle ):not( .kt-accodion-icon-style-arrowcircle )  > .kt-accordion-inner-wrap > .wp-block-kadence-pane > .kt-accordion-header-wrap .kt-blocks-accordion-icon-trigger:after, .kt-accordion-id33982_915a4d-2c:not( .kt-accodion-icon-style-basiccircle ):not( .kt-accodion-icon-style-xclosecircle ):not( .kt-accodion-icon-style-arrowcircle )  > .kt-accordion-inner-wrap > .wp-block-kadence-pane > .kt-accordion-header-wrap .kt-blocks-accordion-icon-trigger:before{background:#555555;}.kt-accordion-id33982_915a4d-2c:not( .kt-accodion-icon-style-basic ):not( .kt-accodion-icon-style-xclose ):not( .kt-accodion-icon-style-arrow ) .kt-blocks-accordion-icon-trigger{background:#555555;}.kt-accordion-id33982_915a4d-2c:not( .kt-accodion-icon-style-basic ):not( .kt-accodion-icon-style-xclose ):not( .kt-accodion-icon-style-arrow ) .kt-blocks-accordion-icon-trigger:after, .kt-accordion-id33982_915a4d-2c:not( .kt-accodion-icon-style-basic ):not( .kt-accodion-icon-style-xclose ):not( .kt-accodion-icon-style-arrow ) .kt-blocks-accordion-icon-trigger:before{background:#f2f2f2;}.kt-accordion-id33982_915a4d-2c > .kt-accordion-inner-wrap > .wp-block-kadence-pane > .kt-accordion-header-wrap > .kt-blocks-accordion-header:hover, \n\t\t\t\tbody:not(.hide-focus-outline) .kt-accordion-id33982_915a4d-2c .kt-blocks-accordion-header:focus-visible{color:#444444;background:#eeeeee;border-top-color:#eeeeee;border-top-style:solid;border-right-color:#eeeeee;border-right-style:solid;border-bottom-color:#eeeeee;border-bottom-style:solid;border-left-color:#eeeeee;border-left-style:solid;}.kt-accordion-id33982_915a4d-2c:not( .kt-accodion-icon-style-basiccircle ):not( .kt-accodion-icon-style-xclosecircle ):not( .kt-accodion-icon-style-arrowcircle ) .kt-accordion-header-wrap .kt-blocks-accordion-header:hover .kt-blocks-accordion-icon-trigger:after, .kt-accordion-id33982_915a4d-2c:not( .kt-accodion-icon-style-basiccircle ):not( .kt-accodion-icon-style-xclosecircle ):not( .kt-accodion-icon-style-arrowcircle ) .kt-accordion-header-wrap .kt-blocks-accordion-header:hover .kt-blocks-accordion-icon-trigger:before, body:not(.hide-focus-outline) .kt-accordion-id33982_915a4d-2c:not( .kt-accodion-icon-style-basiccircle ):not( .kt-accodion-icon-style-xclosecircle ):not( .kt-accodion-icon-style-arrowcircle ) .kt-blocks-accordion--visible .kt-blocks-accordion-icon-trigger:after, body:not(.hide-focus-outline) .kt-accordion-id33982_915a4d-2c:not( .kt-accodion-icon-style-basiccircle ):not( .kt-accodion-icon-style-xclosecircle ):not( .kt-accodion-icon-style-arrowcircle ) .kt-blocks-accordion-header:focus-visible .kt-blocks-accordion-icon-trigger:before{background:#444444;}.kt-accordion-id33982_915a4d-2c:not( .kt-accodion-icon-style-basic ):not( .kt-accodion-icon-style-xclose ):not( .kt-accodion-icon-style-arrow ) .kt-accordion-header-wrap .kt-blocks-accordion-header:hover .kt-blocks-accordion-icon-trigger, body:not(.hide-focus-outline) .kt-accordion-id33982_915a4d-2c:not( .kt-accodion-icon-style-basic ):not( .kt-accodion-icon-style-xclose ):not( .kt-accodion-icon-style-arrow ) .kt-accordion-header-wrap .kt-blocks-accordion-header:focus-visible .kt-blocks-accordion-icon-trigger{background:#444444;}.kt-accordion-id33982_915a4d-2c:not( .kt-accodion-icon-style-basic ):not( .kt-accodion-icon-style-xclose ):not( .kt-accodion-icon-style-arrow ) .kt-accordion-header-wrap .kt-blocks-accordion-header:hover .kt-blocks-accordion-icon-trigger:after, .kt-accordion-id33982_915a4d-2c:not( .kt-accodion-icon-style-basic ):not( .kt-accodion-icon-style-xclose ):not( .kt-accodion-icon-style-arrow ) .kt-accordion-header-wrap .kt-blocks-accordion-header:hover .kt-blocks-accordion-icon-trigger:before, body:not(.hide-focus-outline) .kt-accordion-id33982_915a4d-2c:not( .kt-accodion-icon-style-basic ):not( .kt-accodion-icon-style-xclose ):not( .kt-accodion-icon-style-arrow ) .kt-accordion-header-wrap .kt-blocks-accordion-header:focus-visible .kt-blocks-accordion-icon-trigger:after, body:not(.hide-focus-outline) .kt-accordion-id33982_915a4d-2c:not( .kt-accodion-icon-style-basic ):not( .kt-accodion-icon-style-xclose ):not( .kt-accodion-icon-style-arrow ) .kt-accordion-header-wrap .kt-blocks-accordion-header:focus-visible .kt-blocks-accordion-icon-trigger:before{background:#eeeeee;}.kt-accordion-id33982_915a4d-2c .kt-accordion-header-wrap .kt-blocks-accordion-header:focus-visible,\n\t\t\t\t.kt-accordion-id33982_915a4d-2c > .kt-accordion-inner-wrap > .wp-block-kadence-pane > .kt-accordion-header-wrap > .kt-blocks-accordion-header.kt-accordion-panel-active{color:#ffffff;background:#BE530B;border-top-color:#BE530B;border-top-style:solid;border-right-color:#BE530B;border-right-style:solid;border-bottom-color:#BE530B;border-bottom-style:solid;border-left-color:#BE530B;border-left-style:solid;}.kt-accordion-id33982_915a4d-2c:not( .kt-accodion-icon-style-basiccircle ):not( .kt-accodion-icon-style-xclosecircle ):not( .kt-accodion-icon-style-arrowcircle )  > .kt-accordion-inner-wrap > .wp-block-kadence-pane > .kt-accordion-header-wrap > .kt-blocks-accordion-header.kt-accordion-panel-active .kt-blocks-accordion-icon-trigger:after, .kt-accordion-id33982_915a4d-2c:not( .kt-accodion-icon-style-basiccircle ):not( .kt-accodion-icon-style-xclosecircle ):not( .kt-accodion-icon-style-arrowcircle )  > .kt-accordion-inner-wrap > .wp-block-kadence-pane > .kt-accordion-header-wrap > .kt-blocks-accordion-header.kt-accordion-panel-active .kt-blocks-accordion-icon-trigger:before{background:#ffffff;}.kt-accordion-id33982_915a4d-2c:not( .kt-accodion-icon-style-basic ):not( .kt-accodion-icon-style-xclose ):not( .kt-accodion-icon-style-arrow ) .kt-blocks-accordion-header.kt-accordion-panel-active .kt-blocks-accordion-icon-trigger{background:#ffffff;}.kt-accordion-id33982_915a4d-2c:not( .kt-accodion-icon-style-basic ):not( .kt-accodion-icon-style-xclose ):not( .kt-accodion-icon-style-arrow ) .kt-blocks-accordion-header.kt-accordion-panel-active .kt-blocks-accordion-icon-trigger:after, .kt-accordion-id33982_915a4d-2c:not( .kt-accodion-icon-style-basic ):not( .kt-accodion-icon-style-xclose ):not( .kt-accodion-icon-style-arrow ) .kt-blocks-accordion-header.kt-accordion-panel-active .kt-blocks-accordion-icon-trigger:before{background:#BE530B;}@media all and (max-width: 1024px){.kt-accordion-id33982_915a4d-2c .kt-accordion-panel-inner{border-top:0px solid transparent;border-right:0px solid transparent;border-bottom:0px solid transparent;border-left:0px solid transparent;}}@media all and (max-width: 1024px){.kt-accordion-id33982_915a4d-2c > .kt-accordion-inner-wrap > .wp-block-kadence-pane > .kt-accordion-header-wrap > .kt-blocks-accordion-header{border-top:0px solid #f2f2f2;border-right:0px solid #f2f2f2;border-bottom:0px solid #f2f2f2;border-left:0px solid #f2f2f2;}}@media all and (max-width: 1024px){.kt-accordion-id33982_915a4d-2c > .kt-accordion-inner-wrap > .wp-block-kadence-pane > .kt-accordion-header-wrap > .kt-blocks-accordion-header:hover, \n\t\t\t\tbody:not(.hide-focus-outline) .kt-accordion-id33982_915a4d-2c .kt-blocks-accordion-header:focus-visible{border-top-color:#eeeeee;border-top-style:solid;border-right-color:#eeeeee;border-right-style:solid;border-bottom-color:#eeeeee;border-bottom-style:solid;border-left-color:#eeeeee;border-left-style:solid;}}@media all and (max-width: 1024px){.kt-accordion-id33982_915a4d-2c .kt-accordion-header-wrap .kt-blocks-accordion-header:focus-visible,\n\t\t\t\t.kt-accordion-id33982_915a4d-2c > .kt-accordion-inner-wrap > .wp-block-kadence-pane > .kt-accordion-header-wrap > .kt-blocks-accordion-header.kt-accordion-panel-active{border-top-color:#BE530B;border-top-style:solid;border-right-color:#BE530B;border-right-style:solid;border-bottom-color:#BE530B;border-bottom-style:solid;border-left-color:#BE530B;border-left-style:solid;}}@media all and (max-width: 767px){.kt-accordion-id33982_915a4d-2c .kt-accordion-inner-wrap{display:block;}.kt-accordion-id33982_915a4d-2c .kt-accordion-inner-wrap .kt-accordion-pane:not(:first-child){margin-top:10px;}.kt-accordion-id33982_915a4d-2c .kt-accordion-panel-inner{border-top:0px solid transparent;border-right:0px solid transparent;border-bottom:0px solid transparent;border-left:0px solid transparent;}.kt-accordion-id33982_915a4d-2c > .kt-accordion-inner-wrap > .wp-block-kadence-pane > .kt-accordion-header-wrap > .kt-blocks-accordion-header{border-top:0px solid #f2f2f2;border-right:0px solid #f2f2f2;border-bottom:0px solid #f2f2f2;border-left:0px solid #f2f2f2;}.kt-accordion-id33982_915a4d-2c > .kt-accordion-inner-wrap > .wp-block-kadence-pane > .kt-accordion-header-wrap > .kt-blocks-accordion-header:hover, \n\t\t\t\tbody:not(.hide-focus-outline) .kt-accordion-id33982_915a4d-2c .kt-blocks-accordion-header:focus-visible{border-top-color:#eeeeee;border-top-style:solid;border-right-color:#eeeeee;border-right-style:solid;border-bottom-color:#eeeeee;border-bottom-style:solid;border-left-color:#eeeeee;border-left-style:solid;}.kt-accordion-id33982_915a4d-2c .kt-accordion-header-wrap .kt-blocks-accordion-header:focus-visible,\n\t\t\t\t.kt-accordion-id33982_915a4d-2c > .kt-accordion-inner-wrap > .wp-block-kadence-pane > .kt-accordion-header-wrap > .kt-blocks-accordion-header.kt-accordion-panel-active{border-top-color:#BE530B;border-top-style:solid;border-right-color:#BE530B;border-right-style:solid;border-bottom-color:#BE530B;border-bottom-style:solid;border-left-color:#BE530B;border-left-style:solid;}}<\/style>\n<div class=\"wp-block-kadence-accordion alignnone\"><div class=\"kt-accordion-wrap kt-accordion-id33982_915a4d-2c kt-accordion-has-3-panes kt-active-pane-0 kt-accordion-block kt-pane-header-alignment-left kt-accodion-icon-style-basic kt-accodion-icon-side-right\" style=\"max-width:none\"><div class=\"kt-accordion-inner-wrap\" data-allow-multiple-open=\"true\" data-start-open=\"none\">\n<div class=\"wp-block-kadence-pane kt-accordion-pane kt-accordion-pane-1 kt-pane33982_4942c0-97\"><div class=\"kt-accordion-header-wrap\"><button class=\"kt-blocks-accordion-header kt-acccordion-button-label-show\"><span class=\"kt-blocks-accordion-title-wrap\"><span class=\"kt-blocks-accordion-title\">Pe\u00f1a Forca (2.391m) <\/span><\/span><span class=\"kt-blocks-accordion-icon-trigger\"><\/span><\/button><\/div><div class=\"kt-accordion-panel kt-accordion-panel-hidden\"><div class=\"kt-accordion-panel-inner\">\n<p>La Pe\u00f1a Forca, le Rinc\u00f3n de Alano et les pics Lenito forment un cirque impressionnant de tours et de murs calcaires qui s'avancent \u00e0 l'ouest de la Selva de Oza et qui terminent la longue Sierra de los Alanos.<\/p>\n\n\n\n<p>La Pe\u00f1a Forca, appel\u00e9e de diff\u00e9rentes mani\u00e8res : Forca de Alano, Achar de Forca ou Penyaforca entre autres, se pr\u00e9sente comme une cr\u00eate allong\u00e9e d'environ 500 m\u00e8tres de long avec 3 pics d'altitude similaire. Le pic central, o\u00f9 se trouve le sommet g\u00e9od\u00e9sique, est g\u00e9n\u00e9ralement consid\u00e9r\u00e9 comme le sommet de la montagne. Cependant, sur les cartes IGN, le pic oriental, connu ici sous le nom de Pe\u00f1a Forca, appara\u00eet avec une altitude de 2 391 m, soit deux m\u00e8tres de plus que le pic central, connu simplement sous le nom de Forca. Il en va de m\u00eame si l'on consulte la cartographie d'IGEAR. Dans ce cas, le sommet oriental appara\u00eet \u00e0 2392,06 m et le sommet sommital \u00e0 2391,09 m. La question est de savoir lequel des deux est le plus \u00e9lev\u00e9. Lequel des deux est le plus \u00e9lev\u00e9 n'a pas d'importance, car les deux sommets, qui ne sont s\u00e9par\u00e9s que de 180 m\u00e8tres, sont reli\u00e9s par une cr\u00eate sans aucune difficult\u00e9.<\/p>\n\n\n\n<p>En revanche, dans certaines publications, comme l'article consacr\u00e9 \u00e0 Lenito et Pe\u00f1a Forca dans le num\u00e9ro 354 de la revue desnivel, on trouve que le pic oriental s'appelle Achar de Forca, tandis que le pic le plus \u00e9lev\u00e9 s'appelle Pe\u00f1a Forca. C'est ainsi que nous les appellerons dor\u00e9navant.<\/p>\n\n\n\n<p>Quant au Rinc\u00f3n de Alano (2 357 m), le premier sommet que nous nous proposons d'escalader, il s'agit du dernier et plus haut pinacle de la barri\u00e8re d'Alano, qui s'\u00e9tend comme un gigantesque brise-lames depuis le pic de Ruzquia (2 074 m). Peu de parois dans les Pyr\u00e9n\u00e9es peuvent \u00eatre compar\u00e9es \u00e0 ces murs de calcaire qui semblent provenir des Dolomites.<\/p>\n<\/div><\/div><\/div>\n\n\n\n<div class=\"wp-block-kadence-pane kt-accordion-pane kt-accordion-pane-3 kt-pane33982_782212-5c\"><div class=\"kt-accordion-header-wrap\"><button class=\"kt-blocks-accordion-header kt-acccordion-button-label-show\"><span class=\"kt-blocks-accordion-title-wrap\"><span class=\"kt-blocks-accordion-title\">Comment s'y rendre :<\/span><\/span><span class=\"kt-blocks-accordion-icon-trigger\"><\/span><\/button><\/div><div class=\"kt-accordion-panel kt-accordion-panel-hidden\"><div class=\"kt-accordion-panel-inner\">\n<p>Voir <a href=\"https:\/\/www.google.es\/maps\/place\/Parking+Sierra+de+Oza\/@42.8306977,-0.7135383,16.42z\/data=!4m5!3m4!1s0xd5773356a7c4f71:0x3f860b5e242c34c5!8m2!3d42.8316148!4d-0.7119689?hl=es\" target=\"_blank\" rel=\"noreferrer noopener\"><strong>Google Maps<\/strong><\/a>.<\/p>\n\n\n\n<p>Pour se rendre au point de d\u00e9part de cette excursion, le <strong>Pont d'Oza<\/strong>Nous prendrons comme point de r\u00e9f\u00e9rence le village de Siresa, que nous atteindrons en suivant la A-176 depuis Puente la Reina de Jaca (26 km).<\/p>\n\n\n\n<p>Une fois arriv\u00e9s \u00e0 Siresa, dernier village de la vall\u00e9e de Hecho, nous continuons tout droit sur une route \u00e9troite qui m\u00e8ne \u00e0 la Selva de Oza. La route suit la vall\u00e9e d'Arag\u00f3n Subord\u00e1n en amont, en traversant la Boca del Infierno (bouche de l'enfer) et une spectaculaire for\u00eat de sapins et de h\u00eatres. Nous nous garons juste avant de traverser le pont o\u00f9 la route change de rive, dans un grand parking sur la gauche. Au total, 10,5 kilom\u00e8tres depuis Siresa.<\/p>\n<\/div><\/div><\/div>\n<\/div><\/div><\/div>\n\n\n\n<p><\/p>\n\n\n<style>.kadence-column33982_75a964-7c > .kt-inside-inner-col{padding-top:var(--global-kb-spacing-xxs, 0.5rem);padding-right:var(--global-kb-spacing-xxs, 0.5rem);padding-bottom:var(--global-kb-spacing-xxs, 0.5rem);padding-left:var(--global-kb-spacing-xxs, 0.5rem);}.kadence-column33982_75a964-7c > .kt-inside-inner-col,.kadence-column33982_75a964-7c > .kt-inside-inner-col:before{border-top-left-radius:0px;border-top-right-radius:0px;border-bottom-right-radius:0px;border-bottom-left-radius:0px;}.kadence-column33982_75a964-7c > .kt-inside-inner-col{column-gap:var(--global-kb-gap-sm, 1rem);}.kadence-column33982_75a964-7c > .kt-inside-inner-col{flex-direction:column;}.kadence-column33982_75a964-7c > .kt-inside-inner-col > .aligncenter{width:100%;}.kadence-column33982_75a964-7c > .kt-inside-inner-col{background-color:#f0f0f0;}.kadence-column33982_75a964-7c > .kt-inside-inner-col:before{opacity:0.3;}.kadence-column33982_75a964-7c{position:relative;}@media all and (max-width: 1024px){.kadence-column33982_75a964-7c > .kt-inside-inner-col{flex-direction:column;justify-content:center;}}@media all and (max-width: 767px){.kadence-column33982_75a964-7c > .kt-inside-inner-col{flex-direction:column;justify-content:center;}}<\/style>\n<div class=\"wp-block-kadence-column kadence-column33982_75a964-7c\"><div class=\"kt-inside-inner-col\">\n<h3 class=\"wp-block-heading\"><strong>Sp\u00e9cifications techniques<\/strong>:<\/h3>\n\n\n\n<p><strong><u>Distance :<\/u><\/strong> 11,0 km.<br><strong><u>Diff\u00e9rence d'altitude cumul\u00e9e :<\/u> <\/strong>+\/- 1.373<strong> <\/strong>m.<br><strong><u>Calendrier :<\/u><\/strong> environ 6,5 heures Temps de marche <u>sans arr\u00eat<\/u>5h40min.<br><strong><u>L'eau :<\/u><\/strong> Il n'y a pas de sources, mais le ravin de l'Estribiella contient g\u00e9n\u00e9ralement de l'eau.<br><strong><u>Difficult\u00e9 :<\/u><\/strong> L'itin\u00e9raire ne comporte pas de marches d'escalade. La plus grande difficult\u00e9 r\u00e9side dans la mont\u00e9e du couloir d'\u00e9boulis abrupt jusqu'au col de Rinc\u00f3n. En cas de neige, selon les conditions, il peut \u00eatre n\u00e9cessaire d'utiliser des piolets et des crampons dans cette zone, lors de la mont\u00e9e et de la descente vers Rinc\u00f3n de Alano et Pe\u00f1a Forca et lors de la descente de Tubo de Lenito. Il n'y a gu\u00e8re de difficult\u00e9s d'orientation.<br><strong><u><strong>Equipement recommand\u00e9 pour l'\u00e9t\u00e9 :<\/strong><\/u> <\/strong>des bottes l\u00e9g\u00e8res ou des chaussures de trekking, <a href=\"https:\/\/travesiapirenaica.com\/fr\/batons-de-trekking\/\">b\u00e2tons de marche<\/a>, <a href=\"https:\/\/travesiapirenaica.com\/fr\/meilleur-gps-montana\/\">GPS<\/a> (facultatif), <a href=\"https:\/\/travesiapirenaica.com\/fr\/bouteille-de-trekking\/\">cantine<\/a>un peu de nourriture, une protection solaire, <a href=\"https:\/\/travesiapirenaica.com\/fr\/lunettes-montana\/\">lunettes de soleil<\/a>...<br><strong><u>Suggestions :<\/u><\/strong> L'itin\u00e9raire peut \u00eatre compl\u00e8tement circulaire si l'on monte ou descend le ravin de Barranco de Aguas, o\u00f9 il existe apparemment un sentier qui traverse la for\u00eat et dispara\u00eet lorsque l'on arrive \u00e0 la zone de p\u00e2turage. L'itin\u00e9raire serait plus complet si l'on montait \u00e0 Lenito et \u00e0 Puntal de Lenito, dans les deux cas sans difficult\u00e9.<\/p>\n<\/div><\/div>\n\n\n\n<h2 class=\"wp-block-heading\">Itin\u00e9raire<\/h2>\n\n\n\n<p><strong>(0h00min ; 0,0kms) Pont d'Oza (1,125m)<\/strong>. Au bout du parking, \u00e0 c\u00f4t\u00e9 du pont d'Oza, un panneau indique la variante du GR11.1 qui m\u00e8ne \u00e0 Zuriza par le col de l'Estribiella et la mont\u00e9e \u00e0 Pe\u00f1a Forca. Le sentier est balis\u00e9 en rouge et blanc et, dans ce premier tron\u00e7on, il co\u00efncide avec le sentier d'acc\u00e8s au ravin de l'Estribiella, l'un des ravins les plus importants de la r\u00e9gion. La mont\u00e9e est r\u00e9guli\u00e8re et assez raide, sous une h\u00eatraie qui nous emp\u00eache de voir les sommets, mais qui, en revanche, nous offre une bonne ombre pendant les journ\u00e9es chaudes. Dans un virage (0h40min), le sentier parvient enfin \u00e0 sortir de la for\u00eat et nous pouvons apercevoir le Puntal de Lenito (2.285m) et le Lenito (2.339m).<\/p>\n\n\n\n<figure class=\"wp-block-image size-large\"><img loading=\"lazy\" decoding=\"async\" width=\"768\" height=\"1024\" src=\"https:\/\/travesiapirenaica.com\/wp-content\/uploads\/2022\/11\/01_lenito-768x1024.jpg\" alt=\"\" class=\"wp-image-33985\" srcset=\"https:\/\/travesiapirenaica.com\/wp-content\/uploads\/2022\/11\/01_lenito-768x1024.jpg 768w, https:\/\/travesiapirenaica.com\/wp-content\/uploads\/2022\/11\/01_lenito-225x300.jpg 225w, https:\/\/travesiapirenaica.com\/wp-content\/uploads\/2022\/11\/01_lenito-150x200.jpg 150w, https:\/\/travesiapirenaica.com\/wp-content\/uploads\/2022\/11\/01_lenito-300x400.jpg 300w, https:\/\/travesiapirenaica.com\/wp-content\/uploads\/2022\/11\/01_lenito-696x928.jpg 696w, https:\/\/travesiapirenaica.com\/wp-content\/uploads\/2022\/11\/01_lenito-315x420.jpg 315w, https:\/\/travesiapirenaica.com\/wp-content\/uploads\/2022\/11\/01_lenito-600x800.jpg 600w, https:\/\/travesiapirenaica.com\/wp-content\/uploads\/2022\/11\/01_lenito.jpg 1024w\" sizes=\"auto, (max-width: 768px) 100vw, 768px\" \/><figcaption class=\"wp-element-caption\">Le Puntal de Lenito et le Lenito surplombent une petite clairi\u00e8re au bout de la for\u00eat.<\/figcaption><\/figure>\n\n\n\n<p>La for\u00eat se termine peu apr\u00e8s (0h50min) pour laisser place \u00e0 une zone de prairies o\u00f9 notre objectif se d\u00e9voile juste devant nous. Le Rinc\u00f3n de Alano se distingue par une pyramide somite \u00e9lanc\u00e9e, dans les tons blancs. L'Achar de Alano, de couleur verd\u00e2tre, passe en revanche plus inaper\u00e7u sur la gauche. Derri\u00e8re lui, le ch\u00e2teau d'Acher ferme l'horizon.<\/p>\n\n\n\n<figure class=\"wp-block-image size-full\"><img loading=\"lazy\" decoding=\"async\" width=\"1024\" height=\"768\" src=\"https:\/\/travesiapirenaica.com\/wp-content\/uploads\/2022\/11\/02_Rincon.jpg\" alt=\"\" class=\"wp-image-33986\" srcset=\"https:\/\/travesiapirenaica.com\/wp-content\/uploads\/2022\/11\/02_Rincon.jpg 1024w, https:\/\/travesiapirenaica.com\/wp-content\/uploads\/2022\/11\/02_Rincon-300x225.jpg 300w, https:\/\/travesiapirenaica.com\/wp-content\/uploads\/2022\/11\/02_Rincon-768x576.jpg 768w, https:\/\/travesiapirenaica.com\/wp-content\/uploads\/2022\/11\/02_Rincon-150x113.jpg 150w, https:\/\/travesiapirenaica.com\/wp-content\/uploads\/2022\/11\/02_Rincon-696x522.jpg 696w, https:\/\/travesiapirenaica.com\/wp-content\/uploads\/2022\/11\/02_Rincon-560x420.jpg 560w, https:\/\/travesiapirenaica.com\/wp-content\/uploads\/2022\/11\/02_Rincon-80x60.jpg 80w, https:\/\/travesiapirenaica.com\/wp-content\/uploads\/2022\/11\/02_Rincon-265x198.jpg 265w, https:\/\/travesiapirenaica.com\/wp-content\/uploads\/2022\/11\/02_Rincon-600x450.jpg 600w\" sizes=\"auto, (max-width: 1024px) 100vw, 1024px\" \/><figcaption class=\"wp-element-caption\">Achar de Forca \u00e0 gauche et Rinc\u00f3n de Alano \u00e0 droite.<\/figcaption><\/figure>\n\n\n\n<figure class=\"wp-block-image size-full\"><img loading=\"lazy\" decoding=\"async\" width=\"1024\" height=\"768\" src=\"https:\/\/travesiapirenaica.com\/wp-content\/uploads\/2022\/11\/03_castillo.jpg\" alt=\"\" class=\"wp-image-33987\" srcset=\"https:\/\/travesiapirenaica.com\/wp-content\/uploads\/2022\/11\/03_castillo.jpg 1024w, https:\/\/travesiapirenaica.com\/wp-content\/uploads\/2022\/11\/03_castillo-300x225.jpg 300w, https:\/\/travesiapirenaica.com\/wp-content\/uploads\/2022\/11\/03_castillo-768x576.jpg 768w, https:\/\/travesiapirenaica.com\/wp-content\/uploads\/2022\/11\/03_castillo-150x113.jpg 150w, https:\/\/travesiapirenaica.com\/wp-content\/uploads\/2022\/11\/03_castillo-696x522.jpg 696w, https:\/\/travesiapirenaica.com\/wp-content\/uploads\/2022\/11\/03_castillo-560x420.jpg 560w, https:\/\/travesiapirenaica.com\/wp-content\/uploads\/2022\/11\/03_castillo-80x60.jpg 80w, https:\/\/travesiapirenaica.com\/wp-content\/uploads\/2022\/11\/03_castillo-265x198.jpg 265w, https:\/\/travesiapirenaica.com\/wp-content\/uploads\/2022\/11\/03_castillo-600x450.jpg 600w\" sizes=\"auto, (max-width: 1024px) 100vw, 1024px\" \/><figcaption class=\"wp-element-caption\">Ch\u00e2teau d'Acher, Costatiza Ag\u00fcerri et Pe\u00f1a Ag\u00fcerri sur la Selva de Oza.<\/figcaption><\/figure>\n\n\n\n<p><strong>(1h10min ; 2,7kms) Chemin \u00e0 gauche - nous quittons le GR11.1 (1.652m). <\/strong>\u00c0 la fin de la zone de prairie, nous quittons les marques rouges et blanches de la Senda Pirenaica pour traverser le ruisseau et continuer sur un sentier jalonn\u00e9 en direction du sud. Nous nous dirigeons vers une bande herbeuse o\u00f9 nous traversons la barri\u00e8re rocheuse. Le sentier continue vers le sud en direction du col de Lenito. Nous le suivons un moment en visant la droite, le col de Rinc\u00f3n. L'id\u00e9e est de contourner la barri\u00e8re rocheuse sur la gauche pour acc\u00e9der au couloir qui m\u00e8ne directement au col de Rinc\u00f3n.<\/p>\n\n\n\n<figure class=\"wp-block-image size-full\"><img loading=\"lazy\" decoding=\"async\" width=\"1024\" height=\"768\" src=\"https:\/\/travesiapirenaica.com\/wp-content\/uploads\/2022\/11\/croquis.jpg\" alt=\"\" class=\"wp-image-33988\" srcset=\"https:\/\/travesiapirenaica.com\/wp-content\/uploads\/2022\/11\/croquis.jpg 1024w, https:\/\/travesiapirenaica.com\/wp-content\/uploads\/2022\/11\/croquis-300x225.jpg 300w, https:\/\/travesiapirenaica.com\/wp-content\/uploads\/2022\/11\/croquis-768x576.jpg 768w, https:\/\/travesiapirenaica.com\/wp-content\/uploads\/2022\/11\/croquis-150x113.jpg 150w, https:\/\/travesiapirenaica.com\/wp-content\/uploads\/2022\/11\/croquis-696x522.jpg 696w, https:\/\/travesiapirenaica.com\/wp-content\/uploads\/2022\/11\/croquis-560x420.jpg 560w, https:\/\/travesiapirenaica.com\/wp-content\/uploads\/2022\/11\/croquis-80x60.jpg 80w, https:\/\/travesiapirenaica.com\/wp-content\/uploads\/2022\/11\/croquis-265x198.jpg 265w, https:\/\/travesiapirenaica.com\/wp-content\/uploads\/2022\/11\/croquis-600x450.jpg 600w\" sizes=\"auto, (max-width: 1024px) 100vw, 1024px\" \/><figcaption class=\"wp-element-caption\">Mont\u00e9e au col du Rinc\u00f3n<\/figcaption><\/figure>\n\n\n\n<p><strong>(1h40min ; 3,6kms) Quitter le sentier principal (1.891m).<\/strong> Le chemin vers le col du Rinc\u00f3n, pour ainsi dire, est jalonn\u00e9 de bornes qui se perdent jusqu'\u00e0 dispara\u00eetre compl\u00e8tement. Ce n'est pas tr\u00e8s important, il s'agit de franchir la marche \u00e0 la base \u00e0 gauche et de remonter le couloir difficile qui se termine en haut du...<\/p>\n\n\n\n<figure class=\"wp-block-image size-full\"><img loading=\"lazy\" decoding=\"async\" width=\"1024\" height=\"768\" src=\"https:\/\/travesiapirenaica.com\/wp-content\/uploads\/2022\/11\/04_travesia.jpg\" alt=\"\" class=\"wp-image-33989\" srcset=\"https:\/\/travesiapirenaica.com\/wp-content\/uploads\/2022\/11\/04_travesia.jpg 1024w, https:\/\/travesiapirenaica.com\/wp-content\/uploads\/2022\/11\/04_travesia-300x225.jpg 300w, https:\/\/travesiapirenaica.com\/wp-content\/uploads\/2022\/11\/04_travesia-768x576.jpg 768w, https:\/\/travesiapirenaica.com\/wp-content\/uploads\/2022\/11\/04_travesia-150x113.jpg 150w, https:\/\/travesiapirenaica.com\/wp-content\/uploads\/2022\/11\/04_travesia-696x522.jpg 696w, https:\/\/travesiapirenaica.com\/wp-content\/uploads\/2022\/11\/04_travesia-560x420.jpg 560w, https:\/\/travesiapirenaica.com\/wp-content\/uploads\/2022\/11\/04_travesia-80x60.jpg 80w, https:\/\/travesiapirenaica.com\/wp-content\/uploads\/2022\/11\/04_travesia-265x198.jpg 265w, https:\/\/travesiapirenaica.com\/wp-content\/uploads\/2022\/11\/04_travesia-600x450.jpg 600w\" sizes=\"auto, (max-width: 1024px) 100vw, 1024px\" \/><figcaption class=\"wp-element-caption\">Entr\u00e9e dans le couloir.<\/figcaption><\/figure>\n\n\n\n<figure class=\"wp-block-image size-full\"><img loading=\"lazy\" decoding=\"async\" width=\"1024\" height=\"768\" src=\"https:\/\/travesiapirenaica.com\/wp-content\/uploads\/2022\/11\/05_corredor-rincon.jpg\" alt=\"\" class=\"wp-image-33990\" srcset=\"https:\/\/travesiapirenaica.com\/wp-content\/uploads\/2022\/11\/05_corredor-rincon.jpg 1024w, https:\/\/travesiapirenaica.com\/wp-content\/uploads\/2022\/11\/05_corredor-rincon-300x225.jpg 300w, https:\/\/travesiapirenaica.com\/wp-content\/uploads\/2022\/11\/05_corredor-rincon-768x576.jpg 768w, https:\/\/travesiapirenaica.com\/wp-content\/uploads\/2022\/11\/05_corredor-rincon-150x113.jpg 150w, https:\/\/travesiapirenaica.com\/wp-content\/uploads\/2022\/11\/05_corredor-rincon-696x522.jpg 696w, https:\/\/travesiapirenaica.com\/wp-content\/uploads\/2022\/11\/05_corredor-rincon-560x420.jpg 560w, https:\/\/travesiapirenaica.com\/wp-content\/uploads\/2022\/11\/05_corredor-rincon-80x60.jpg 80w, https:\/\/travesiapirenaica.com\/wp-content\/uploads\/2022\/11\/05_corredor-rincon-265x198.jpg 265w, https:\/\/travesiapirenaica.com\/wp-content\/uploads\/2022\/11\/05_corredor-rincon-600x450.jpg 600w\" sizes=\"auto, (max-width: 1024px) 100vw, 1024px\" \/><figcaption class=\"wp-element-caption\">Au pied du couloir du col du Rinc\u00f3n<\/figcaption><\/figure>\n\n\n\n<p><strong>(2h35min ; 4,3kms) Collado del Rinc\u00f3n (2.257m).<\/strong> Nous nous dirigeons d'abord vers la droite pour atteindre le sommet du...<\/p>\n\n\n\n<p><strong>(2h55min ; 4,7kms) Rinc\u00f3n de Alano (2.357m),<\/strong> d'o\u00f9 l'on a une bonne vue panoramique au nord sur les sommets de la r\u00e9gion et une bonne perspective au sud sur la Pe\u00f1a Forca.<\/p>\n\n\n\n<figure class=\"wp-block-image size-full\"><img loading=\"lazy\" decoding=\"async\" width=\"1024\" height=\"768\" src=\"https:\/\/travesiapirenaica.com\/wp-content\/uploads\/2022\/11\/06_pirineo.jpg\" alt=\"\" class=\"wp-image-33991\" srcset=\"https:\/\/travesiapirenaica.com\/wp-content\/uploads\/2022\/11\/06_pirineo.jpg 1024w, https:\/\/travesiapirenaica.com\/wp-content\/uploads\/2022\/11\/06_pirineo-300x225.jpg 300w, https:\/\/travesiapirenaica.com\/wp-content\/uploads\/2022\/11\/06_pirineo-768x576.jpg 768w, https:\/\/travesiapirenaica.com\/wp-content\/uploads\/2022\/11\/06_pirineo-150x113.jpg 150w, https:\/\/travesiapirenaica.com\/wp-content\/uploads\/2022\/11\/06_pirineo-696x522.jpg 696w, https:\/\/travesiapirenaica.com\/wp-content\/uploads\/2022\/11\/06_pirineo-560x420.jpg 560w, https:\/\/travesiapirenaica.com\/wp-content\/uploads\/2022\/11\/06_pirineo-80x60.jpg 80w, https:\/\/travesiapirenaica.com\/wp-content\/uploads\/2022\/11\/06_pirineo-265x198.jpg 265w, https:\/\/travesiapirenaica.com\/wp-content\/uploads\/2022\/11\/06_pirineo-600x450.jpg 600w\" sizes=\"auto, (max-width: 1024px) 100vw, 1024px\" \/><figcaption class=\"wp-element-caption\">Vues vers l'est depuis le Rinc\u00f3n de Alano. En avant, on distingue le Catillo de Acher, Costatiza, Bisaur\u00edn et Ag\u00fcerri. En arri\u00e8re-plan : Midi d'Ossau, Balait\u00fas, Gran Facha, Infiernos, etc.<\/figcaption><\/figure>\n\n\n\n<figure class=\"wp-block-image size-full\"><img loading=\"lazy\" decoding=\"async\" width=\"1024\" height=\"768\" src=\"https:\/\/travesiapirenaica.com\/wp-content\/uploads\/2022\/11\/07_Forca.jpg\" alt=\"\" class=\"wp-image-33992\" srcset=\"https:\/\/travesiapirenaica.com\/wp-content\/uploads\/2022\/11\/07_Forca.jpg 1024w, https:\/\/travesiapirenaica.com\/wp-content\/uploads\/2022\/11\/07_Forca-300x225.jpg 300w, https:\/\/travesiapirenaica.com\/wp-content\/uploads\/2022\/11\/07_Forca-768x576.jpg 768w, https:\/\/travesiapirenaica.com\/wp-content\/uploads\/2022\/11\/07_Forca-150x113.jpg 150w, https:\/\/travesiapirenaica.com\/wp-content\/uploads\/2022\/11\/07_Forca-696x522.jpg 696w, https:\/\/travesiapirenaica.com\/wp-content\/uploads\/2022\/11\/07_Forca-560x420.jpg 560w, https:\/\/travesiapirenaica.com\/wp-content\/uploads\/2022\/11\/07_Forca-80x60.jpg 80w, https:\/\/travesiapirenaica.com\/wp-content\/uploads\/2022\/11\/07_Forca-265x198.jpg 265w, https:\/\/travesiapirenaica.com\/wp-content\/uploads\/2022\/11\/07_Forca-600x450.jpg 600w\" sizes=\"auto, (max-width: 1024px) 100vw, 1024px\" \/><figcaption class=\"wp-element-caption\">Pe\u00f1a Forca<\/figcaption><\/figure>\n\n\n\n<p><strong>(3h10min ; 5,2kms) Collado del Rinc\u00f3n (2.257m). <\/strong>De retour au col, nous continuons par le c\u00f4t\u00e9 droit de la cr\u00eate (ouest) puis par le c\u00f4t\u00e9 gauche, vers l'Achar de Forca (3h40min) et le...<\/p>\n\n\n\n<p><strong>(3h45min ; 5,8kms) Pe\u00f1a Forca (2.391m).<\/strong> Le sommet g\u00e9od\u00e9sique est situ\u00e9 \u00e0 la deuxi\u00e8me hauteur, \u00e0 environ 180 m\u00e8tres de la premi\u00e8re, peut-\u00eatre plus \u00e9lev\u00e9e. La vue se perd vers les Pyr\u00e9n\u00e9es navarraises, les montagnes d'Ans\u00f3 et de Hecho, et les trois premiers sommets pyr\u00e9n\u00e9ens.<\/p>\n\n\n\n<figure class=\"wp-block-image size-full\"><img loading=\"lazy\" decoding=\"async\" width=\"1024\" height=\"768\" src=\"https:\/\/travesiapirenaica.com\/wp-content\/uploads\/2022\/11\/08_Forca.jpg\" alt=\"\" class=\"wp-image-33993\" srcset=\"https:\/\/travesiapirenaica.com\/wp-content\/uploads\/2022\/11\/08_Forca.jpg 1024w, https:\/\/travesiapirenaica.com\/wp-content\/uploads\/2022\/11\/08_Forca-300x225.jpg 300w, https:\/\/travesiapirenaica.com\/wp-content\/uploads\/2022\/11\/08_Forca-768x576.jpg 768w, https:\/\/travesiapirenaica.com\/wp-content\/uploads\/2022\/11\/08_Forca-150x113.jpg 150w, https:\/\/travesiapirenaica.com\/wp-content\/uploads\/2022\/11\/08_Forca-696x522.jpg 696w, https:\/\/travesiapirenaica.com\/wp-content\/uploads\/2022\/11\/08_Forca-560x420.jpg 560w, https:\/\/travesiapirenaica.com\/wp-content\/uploads\/2022\/11\/08_Forca-80x60.jpg 80w, https:\/\/travesiapirenaica.com\/wp-content\/uploads\/2022\/11\/08_Forca-265x198.jpg 265w, https:\/\/travesiapirenaica.com\/wp-content\/uploads\/2022\/11\/08_Forca-600x450.jpg 600w\" sizes=\"auto, (max-width: 1024px) 100vw, 1024px\" \/><figcaption class=\"wp-element-caption\">Au sommet de la Pe\u00f1a Forca<\/figcaption><\/figure>\n\n\n\n<p>Pour la descente, il faut revenir par le m\u00eame chemin sur une centaine de m\u00e8tres et, sans atteindre l'Achar de Alano, prendre un petit sentier \u00e0 droite (sud-est) qui descend \u00e0 travers la zone rocheuse. Il ne faut pas attendre longtemps avant d'atteindre le...<\/p>\n\n\n\n<p><strong>(4h00min ; 6,4kms) Collado de Lenito (2.200m)<\/strong>De l\u00e0, nous empruntons un petit sentier en direction du Lenito, qui est la cerise sur le g\u00e2teau de cet itin\u00e9raire. N'ayant pas le temps d'en faire plus, nous descendons dans le tube du Lenito, un canal de pierre par lequel, en une demi-heure environ, nous reprenons contact avec le point o\u00f9 nous quittons le sentier pour monter au col du Rinc\u00f3n.<\/p>\n\n\n\n<p><strong>(4h30min ; 7,3kms) Fourche du col de Rinc\u00f3n (1.891m)<\/strong>. A partir de l\u00e0, le terrain est familier. Ainsi, en 25 minutes \u00e0 peine, nous atteignons...<\/p>\n\n\n\n<p>(<strong>4h55min ; 8,2kms) sentier GR11.1 (1.652m)<\/strong>puis le...<\/p>\n\n\n\n<p><strong>(5h05min ; 9,2kms) d\u00e9but de la for\u00eat (1.530m)<\/strong> et la fin de cet itin\u00e9raire dans le...<\/p>\n\n\n\n<p><strong>(5h40min ; 11kms) Pont d'Oza (1.125m)<\/strong>.<\/p>\n\n\n\n<hr class=\"wp-block-separator has-alpha-channel-opacity\"\/>\n\n\n\n<h3 class=\"wp-block-heading\">Livres \/ Cartes :<\/h3>\n\n\n\n<ul class=\"wp-block-list\">\n<div class=\"wp-block-media-text alignwide is-stacked-on-mobile\"><figure class=\"wp-block-media-text__media\"><a href=\"https:\/\/amzn.to\/36wIIna\" target=\"_blank\" rel=\"nofollow noopener\"><img loading=\"lazy\" decoding=\"async\" width=\"768\" height=\"768\" src=\"https:\/\/travesiapirenaica.com\/wp-content\/uploads\/2021\/05\/anso-hecho_el_senderista.jpg\" alt=\"\" class=\"wp-image-27878 size-full\" srcset=\"https:\/\/travesiapirenaica.com\/wp-content\/uploads\/2021\/05\/anso-hecho_el_senderista.jpg 768w, https:\/\/travesiapirenaica.com\/wp-content\/uploads\/2021\/05\/anso-hecho_el_senderista-300x300.jpg 300w, https:\/\/travesiapirenaica.com\/wp-content\/uploads\/2021\/05\/anso-hecho_el_senderista-150x150.jpg 150w, https:\/\/travesiapirenaica.com\/wp-content\/uploads\/2021\/05\/anso-hecho_el_senderista-696x696.jpg 696w, https:\/\/travesiapirenaica.com\/wp-content\/uploads\/2021\/05\/anso-hecho_el_senderista-420x420.jpg 420w, https:\/\/travesiapirenaica.com\/wp-content\/uploads\/2021\/05\/anso-hecho_el_senderista-640x640.jpg 640w, https:\/\/travesiapirenaica.com\/wp-content\/uploads\/2021\/05\/anso-hecho_el_senderista-96x96.jpg 96w, https:\/\/travesiapirenaica.com\/wp-content\/uploads\/2021\/05\/anso-hecho_el_senderista-600x600.jpg 600w, https:\/\/travesiapirenaica.com\/wp-content\/uploads\/2021\/05\/anso-hecho_el_senderista-100x100.jpg 100w\" sizes=\"auto, (max-width: 768px) 100vw, 768px\" \/><\/a><\/figure><div class=\"wp-block-media-text__content\">\n<p><strong><a href=\"https:\/\/tidd.ly\/3hvzZIl\" target=\"_blank\" rel=\"noreferrer noopener nofollow\">Les vall\u00e9es d'Ans\u00f3, Hecho, Arag\u00fc\u00e9s et A\u00edsa.<\/a><\/strong><\/p>\n\n\n\n<ul class=\"wp-block-list\">\n<li><strong>\u00c9ditorial :<\/strong> Le randonneur<\/li>\n\n\n\n<li><strong>Langue :<\/strong> Espagnol<\/li>\n\n\n\n<li><strong>Nombre de pages :<\/strong> 192<\/li>\n\n\n\n<li><strong>ISBN-10 :<\/strong> 8495368498<\/li>\n\n\n\n<li><strong>ISBN-13 :<\/strong> 978-8495368492<\/li>\n\n\n\n<li><strong>Publication :<\/strong> 2009<\/li>\n<\/ul>\n\n\n\n<p><\/p>\n<\/div><\/div>\n<\/ul>","protected":false},"excerpt":{"rendered":"La Pe\u00f1a Forca, le Rinc\u00f3n de Alano et les pics Lenito forment un cirque impressionnant de tours et de murs calcaires qui s'avancent \u00e0 l'ouest de la Selva de Oza et qui terminent la longue Sierra de los Alanos.","protected":false},"author":3,"featured_media":33994,"comment_status":"closed","ping_status":"closed","sticky":false,"template":"","format":"standard","meta":{"_kad_blocks_custom_css":"","_kad_blocks_head_custom_js":"","_kad_blocks_body_custom_js":"","_kad_blocks_footer_custom_js":"","episode_type":"audio","audio_file":"","podmotor_file_id":"","podmotor_episode_id":"","cover_image":"","cover_image_id":"","duration":"","filesize":"","filesize_raw":"","date_recorded":"","explicit":"","block":"","_kad_post_transparent":"","_kad_post_title":"","_kad_post_layout":"","_kad_post_sidebar_id":"","_kad_post_content_style":"","_kad_post_vertical_padding":"","_kad_post_feature":"","_kad_post_feature_position":"","_kad_post_header":false,"_kad_post_footer":false,"_kad_post_classname":"","_jetpack_memberships_contains_paid_content":false,"footnotes":""},"categories":[5,2922],"tags":[3059,3158,3200,3203,3045],"series":[],"class_list":["post-33982","post","type-post","status-publish","format-standard","has-post-thumbnail","hentry","category-pirineos","category-rutas","tag-rutas","tag-rutas-pirineo-aragones","tag-valle-de-anso","tag-valle-de-hecho","tag-valles-occidentales"],"episode_featured_image":"https:\/\/travesiapirenaica.com\/wp-content\/uploads\/2022\/11\/portada-1.jpg","episode_player_image":"https:\/\/travesiapirenaica.com\/wp-content\/uploads\/2017\/12\/Caratula-Podcast-Maldita-Montana_1500x1500_72pp-p_.jpg","download_link":"","player_link":"","audio_player":false,"episode_data":{"playerMode":"dark","subscribeUrls":[],"rssFeedUrl":"https:\/\/travesiapirenaica.com\/fr\/feed\/podcast\/maldita-montana","embedCode":"<blockquote class=\"wp-embedded-content\" data-secret=\"O4XeBvS5Ge\"><a href=\"https:\/\/travesiapirenaica.com\/fr\/forca-alanos\/\">Pe\u00f1a Forca (2.391m) y Rinc\u00f3n de Alano (2.357m) desde el Puente de Oza<\/a><\/blockquote><iframe sandbox=\"allow-scripts\" security=\"restricted\" src=\"https:\/\/travesiapirenaica.com\/fr\/forca-alanos\/embed\/#?secret=O4XeBvS5Ge\" width=\"500\" height=\"350\" title=\"\u00ab\u00a0Pe\u00f1a Forca (2.391m) y Rinc\u00f3n de Alano (2.357m) desde el Puente de Oza\u00a0\u00bb &#8212; Traves\u00eda.\" data-secret=\"O4XeBvS5Ge\" frameborder=\"0\" marginwidth=\"0\" marginheight=\"0\" scrolling=\"no\" class=\"wp-embedded-content\"><\/iframe><script>\n\/*! This file is auto-generated *\/\n!function(d,l){\"use strict\";l.querySelector&&d.addEventListener&&\"undefined\"!=typeof URL&&(d.wp=d.wp||{},d.wp.receiveEmbedMessage||(d.wp.receiveEmbedMessage=function(e){var t=e.data;if((t||t.secret||t.message||t.value)&&!\/[^a-zA-Z0-9]\/.test(t.secret)){for(var s,r,n,a=l.querySelectorAll('iframe[data-secret=\"'+t.secret+'\"]'),o=l.querySelectorAll('blockquote[data-secret=\"'+t.secret+'\"]'),c=new RegExp(\"^https?:$\",\"i\"),i=0;i<o.length;i++)o[i].style.display=\"none\";for(i=0;i<a.length;i++)s=a[i],e.source===s.contentWindow&&(s.removeAttribute(\"style\"),\"height\"===t.message?(1e3<(r=parseInt(t.value,10))?r=1e3:~~r<200&&(r=200),s.height=r):\"link\"===t.message&&(r=new URL(s.getAttribute(\"src\")),n=new URL(t.value),c.test(n.protocol))&&n.host===r.host&&l.activeElement===s&&(d.top.location.href=t.value))}},d.addEventListener(\"message\",d.wp.receiveEmbedMessage,!1),l.addEventListener(\"DOMContentLoaded\",function(){for(var e,t,s=l.querySelectorAll(\"iframe.wp-embedded-content\"),r=0;r<s.length;r++)(t=(e=s[r]).getAttribute(\"data-secret\"))||(t=Math.random().toString(36).substring(2,12),e.src+=\"#?secret=\"+t,e.setAttribute(\"data-secret\",t)),e.contentWindow.postMessage({message:\"ready\",secret:t},\"*\")},!1)))}(window,document);\n\/\/# sourceURL=https:\/\/travesiapirenaica.com\/wp-includes\/js\/wp-embed.min.js\n<\/script>\n"},"taxonomy_info":{"category":[{"value":5,"label":"Pirineos"},{"value":2922,"label":"Rutas"}],"post_tag":[{"value":3059,"label":"Rutas"},{"value":3158,"label":"Rutas Pirineo aragon\u00e9s"},{"value":3200,"label":"Valle de Ans\u00f3"},{"value":3203,"label":"Valle de Hecho"},{"value":3045,"label":"valles occidentales"}]},"featured_image_src_large":["https:\/\/travesiapirenaica.com\/wp-content\/uploads\/2022\/11\/portada-1.jpg",1024,768,false],"author_info":{"display_name":"Enrique L\u00f3pez Mondrag\u00f3n","author_link":"https:\/\/travesiapirenaica.com\/fr\/author\/kike8611\/"},"comment_info":0,"category_info":[{"term_id":5,"name":"Pirineos","slug":"pirineos","term_group":0,"term_taxonomy_id":5,"taxonomy":"category","description":"","parent":0,"count":241,"filter":"raw","cat_ID":5,"category_count":241,"category_description":"","cat_name":"Pirineos","category_nicename":"pirineos","category_parent":0},{"term_id":2922,"name":"Rutas","slug":"rutas","term_group":0,"term_taxonomy_id":2938,"taxonomy":"category","description":"Rutas en los Pirineos","parent":5,"count":45,"filter":"raw","cat_ID":2922,"category_count":45,"category_description":"Rutas en los Pirineos","cat_name":"Rutas","category_nicename":"rutas","category_parent":5}],"tag_info":[{"term_id":3059,"name":"Rutas","slug":"rutas","term_group":0,"term_taxonomy_id":3075,"taxonomy":"post_tag","description":"","parent":0,"count":27,"filter":"raw"},{"term_id":3158,"name":"Rutas Pirineo aragon\u00e9s","slug":"rutas-pirineo-aragones","term_group":0,"term_taxonomy_id":3174,"taxonomy":"post_tag","description":"","parent":0,"count":28,"filter":"raw"},{"term_id":3200,"name":"Valle de Ans\u00f3","slug":"valle-de-anso","term_group":0,"term_taxonomy_id":3216,"taxonomy":"post_tag","description":"","parent":0,"count":2,"filter":"raw"},{"term_id":3203,"name":"Valle de Hecho","slug":"valle-de-hecho","term_group":0,"term_taxonomy_id":3219,"taxonomy":"post_tag","description":"","parent":0,"count":4,"filter":"raw"},{"term_id":3045,"name":"valles occidentales","slug":"valles-occidentales","term_group":0,"term_taxonomy_id":3061,"taxonomy":"post_tag","description":"","parent":0,"count":6,"filter":"raw"}],"jetpack_featured_media_url":"https:\/\/travesiapirenaica.com\/wp-content\/uploads\/2022\/11\/portada-1.jpg","jetpack_sharing_enabled":true,"_links":{"self":[{"href":"https:\/\/travesiapirenaica.com\/fr\/wp-json\/wp\/v2\/posts\/33982","targetHints":{"allow":["GET"]}}],"collection":[{"href":"https:\/\/travesiapirenaica.com\/fr\/wp-json\/wp\/v2\/posts"}],"about":[{"href":"https:\/\/travesiapirenaica.com\/fr\/wp-json\/wp\/v2\/types\/post"}],"author":[{"embeddable":true,"href":"https:\/\/travesiapirenaica.com\/fr\/wp-json\/wp\/v2\/users\/3"}],"replies":[{"embeddable":true,"href":"https:\/\/travesiapirenaica.com\/fr\/wp-json\/wp\/v2\/comments?post=33982"}],"version-history":[{"count":0,"href":"https:\/\/travesiapirenaica.com\/fr\/wp-json\/wp\/v2\/posts\/33982\/revisions"}],"wp:featuredmedia":[{"embeddable":true,"href":"https:\/\/travesiapirenaica.com\/fr\/wp-json\/wp\/v2\/media\/33994"}],"wp:attachment":[{"href":"https:\/\/travesiapirenaica.com\/fr\/wp-json\/wp\/v2\/media?parent=33982"}],"wp:term":[{"taxonomy":"category","embeddable":true,"href":"https:\/\/travesiapirenaica.com\/fr\/wp-json\/wp\/v2\/categories?post=33982"},{"taxonomy":"post_tag","embeddable":true,"href":"https:\/\/travesiapirenaica.com\/fr\/wp-json\/wp\/v2\/tags?post=33982"},{"taxonomy":"series","embeddable":true,"href":"https:\/\/travesiapirenaica.com\/fr\/wp-json\/wp\/v2\/series?post=33982"}],"curies":[{"name":"wp","href":"https:\/\/api.w.org\/{rel}","templated":true}]}}