{"id":34299,"date":"2023-01-27T17:58:00","date_gmt":"2023-01-27T16:58:00","guid":{"rendered":"https:\/\/travesiapirenaica.com\/?p=34299"},"modified":"2023-01-28T12:12:56","modified_gmt":"2023-01-28T11:12:56","slug":"the-high-life-la-vie-quotidienne-dune-famille-dans-un-refuge-en-altitude-dans-la-vallee-de-chamonix","status":"publish","type":"post","link":"https:\/\/travesiapirenaica.com\/fr\/the-high-life-el-dia-a-dia-de-una-familia-en-un-refugio-en-lo-alto-del-valle-de-chamonix\/","title":{"rendered":"\"The High Life\", la vie quotidienne d'une famille dans un refuge en altitude dans la vall\u00e9e de Chamonix."},"content":{"rendered":"<p>LE NOUVEAU REPORTAGE DE PATAGONIA \"THE HIGH LIFE\" SUIT LA VIE QUOTIDIENNE D'UNE FAMILLE DANS UN REFUGE SITU\u00c9 DANS LA VALL\u00c9E DE CHAMONIX.<\/p>\n\n\n\n<figure class=\"wp-block-embed is-type-video is-provider-youtube wp-block-embed-youtube wp-embed-aspect-16-9 wp-has-aspect-ratio\"><div class=\"wp-block-embed__wrapper\">\n<iframe loading=\"lazy\" title=\"The High Life | La derni\u00e8re saison du plus ancien refuge de Chamonix\" width=\"720\" height=\"405\" src=\"https:\/\/www.youtube.com\/embed\/O0PTWu_8SKs?feature=oembed\" frameborder=\"0\" allow=\"accelerometer; autoplay; clipboard-write; encrypted-media; gyroscope; picture-in-picture; web-share\" allowfullscreen><\/iframe>\n<\/div><\/figure>\n\n\n\n<p><br>Janvier 2023 - Cette semaine, Patagonia pr\u00e9sente The High Life, un nouveau documentaire sur la vie des jeunes enfants au Refuge de la Charpoua dans les Alpes fran\u00e7aises.<\/p>\n\n\n\n<p><strong>Construit en 1904 \u00e0 partir de planches de pin transport\u00e9es sur le dos du Club des sports alpins de Chamonix, le Refuge de la Charpoua est un lieu historique. <\/strong>est une \u00e9tape incontournable pour les alpinistes qui gravissent les l\u00e9gendaires sommets des Drus. La cabane, qui sert \u00e0 la fois de point de d\u00e9part et d'arriv\u00e9e pour de nombreux itin\u00e9raires de montagne fabuleux et des ascensions modernes exigeantes, n'est accessible qu'apr\u00e8s une longue ascension \u00e0 pied depuis la gare du Montenvers.<\/p>\n\n\n\n<p>C'est la derni\u00e8re saison du Refuge de la Charpoua, qui est \u00e0 la fois le plus ancien et le plus petit refuge de Chamonix. \u00c0 la fin de cette ann\u00e9e, il sera d\u00e9moli et reconstruit. L'ancienne structure a \u00e9t\u00e9 compromise par du bois pourri et n'aurait de toute fa\u00e7on pas dur\u00e9 longtemps. Il s'agit d'une reconstruction n\u00e9cessaire. Mais cela signifie aussi que c'est la derni\u00e8re chance pour Cartier et sa famille de s'\u00e9chapper vers leur refuge.<\/p>\n\n\n\n<figure class=\"wp-block-image size-large\"><img loading=\"lazy\" decoding=\"async\" width=\"1024\" height=\"683\" src=\"https:\/\/travesiapirenaica.com\/wp-content\/uploads\/2023\/01\/Pierre_Cadot-Alpine-Kids_220913_HighOnLife-8-1024x683.jpg\" alt=\"\" class=\"wp-image-34308\" srcset=\"https:\/\/travesiapirenaica.com\/wp-content\/uploads\/2023\/01\/Pierre_Cadot-Alpine-Kids_220913_HighOnLife-8-1024x683.jpg 1024w, https:\/\/travesiapirenaica.com\/wp-content\/uploads\/2023\/01\/Pierre_Cadot-Alpine-Kids_220913_HighOnLife-8-300x200.jpg 300w, https:\/\/travesiapirenaica.com\/wp-content\/uploads\/2023\/01\/Pierre_Cadot-Alpine-Kids_220913_HighOnLife-8-768x512.jpg 768w, https:\/\/travesiapirenaica.com\/wp-content\/uploads\/2023\/01\/Pierre_Cadot-Alpine-Kids_220913_HighOnLife-8-150x100.jpg 150w, https:\/\/travesiapirenaica.com\/wp-content\/uploads\/2023\/01\/Pierre_Cadot-Alpine-Kids_220913_HighOnLife-8-696x464.jpg 696w, https:\/\/travesiapirenaica.com\/wp-content\/uploads\/2023\/01\/Pierre_Cadot-Alpine-Kids_220913_HighOnLife-8-1068x712.jpg 1068w, https:\/\/travesiapirenaica.com\/wp-content\/uploads\/2023\/01\/Pierre_Cadot-Alpine-Kids_220913_HighOnLife-8-630x420.jpg 630w, https:\/\/travesiapirenaica.com\/wp-content\/uploads\/2023\/01\/Pierre_Cadot-Alpine-Kids_220913_HighOnLife-8-600x400.jpg 600w, https:\/\/travesiapirenaica.com\/wp-content\/uploads\/2023\/01\/Pierre_Cadot-Alpine-Kids_220913_HighOnLife-8.jpg 1200w\" sizes=\"auto, (max-width: 1024px) 100vw, 1024px\" \/><\/figure>\n\n\n\n<p><strong>Escaliers difficiles, travers\u00e9es de glaciers et moraines instables <\/strong>font partie du chemin vers le refuge, qui est loin d'\u00eatre une promenade dans le parc. Ce n'est en aucun cas un refuge pour les touristes ; seuls les grimpeurs les plus exp\u00e9riment\u00e9s et quelques randonneurs obstin\u00e9s parviennent \u00e0 en franchir le seuil.<\/p>\n\n\n\n<p><strong>Il y a huit ans, Sarah Cartier, une jeune femme de Chamonix pr\u00eate \u00e0 devenir son propre patron, a d\u00e9cid\u00e9 de reprendre seule ce poste isol\u00e9. <\/strong>De la mi-juin \u00e0 la fin ao\u00fbt, elle h\u00e9berge et nourrit les alpinistes, les informe, suit leur progression et leur prodigue les premiers soins si n\u00e9cessaire. Sarah n'a jamais envisag\u00e9 d'abandonner son travail de g\u00e9rante de refuge ni de renoncer \u00e0 sa famille.<\/p>\n\n\n\n<p><strong>Avec le soutien de sa compagne, No\u00e9, il a trouv\u00e9 le moyen d'adapter sa vie de famille \u00e0 la haute montagne. <\/strong>\"Le fait d'avoir des enfants ici a entra\u00een\u00e9 un certain r\u00e9ajustement des relations\", explique Sarah. \"Lorsque certains grimpeurs apprennent que j'\u00e9l\u00e8ve seule mes enfants ici, ils admettent que l'ascension des Drus n'est pas un probl\u00e8me.<\/p>\n\n\n\n<figure class=\"wp-block-image size-large\"><img loading=\"lazy\" decoding=\"async\" width=\"683\" height=\"1024\" src=\"https:\/\/travesiapirenaica.com\/wp-content\/uploads\/2023\/01\/Pierre_Cadot-Alpine-Kids_220913_HighOnLife-7-683x1024.jpg\" alt=\"\" class=\"wp-image-34307\" srcset=\"https:\/\/travesiapirenaica.com\/wp-content\/uploads\/2023\/01\/Pierre_Cadot-Alpine-Kids_220913_HighOnLife-7-683x1024.jpg 683w, https:\/\/travesiapirenaica.com\/wp-content\/uploads\/2023\/01\/Pierre_Cadot-Alpine-Kids_220913_HighOnLife-7-200x300.jpg 200w, https:\/\/travesiapirenaica.com\/wp-content\/uploads\/2023\/01\/Pierre_Cadot-Alpine-Kids_220913_HighOnLife-7-768x1151.jpg 768w, https:\/\/travesiapirenaica.com\/wp-content\/uploads\/2023\/01\/Pierre_Cadot-Alpine-Kids_220913_HighOnLife-7-150x225.jpg 150w, https:\/\/travesiapirenaica.com\/wp-content\/uploads\/2023\/01\/Pierre_Cadot-Alpine-Kids_220913_HighOnLife-7-300x450.jpg 300w, https:\/\/travesiapirenaica.com\/wp-content\/uploads\/2023\/01\/Pierre_Cadot-Alpine-Kids_220913_HighOnLife-7-696x1043.jpg 696w, https:\/\/travesiapirenaica.com\/wp-content\/uploads\/2023\/01\/Pierre_Cadot-Alpine-Kids_220913_HighOnLife-7-280x420.jpg 280w, https:\/\/travesiapirenaica.com\/wp-content\/uploads\/2023\/01\/Pierre_Cadot-Alpine-Kids_220913_HighOnLife-7-600x899.jpg 600w, https:\/\/travesiapirenaica.com\/wp-content\/uploads\/2023\/01\/Pierre_Cadot-Alpine-Kids_220913_HighOnLife-7.jpg 800w\" sizes=\"auto, (max-width: 683px) 100vw, 683px\" \/><\/figure>\n\n\n\n<figure class=\"wp-block-image size-large\"><img loading=\"lazy\" decoding=\"async\" width=\"1024\" height=\"683\" src=\"https:\/\/travesiapirenaica.com\/wp-content\/uploads\/2023\/01\/Pierre_Cadot-Alpine-Kids_220913_HighOnLife-2-1024x683.jpg\" alt=\"\" class=\"wp-image-34302\" srcset=\"https:\/\/travesiapirenaica.com\/wp-content\/uploads\/2023\/01\/Pierre_Cadot-Alpine-Kids_220913_HighOnLife-2-1024x683.jpg 1024w, https:\/\/travesiapirenaica.com\/wp-content\/uploads\/2023\/01\/Pierre_Cadot-Alpine-Kids_220913_HighOnLife-2-300x200.jpg 300w, https:\/\/travesiapirenaica.com\/wp-content\/uploads\/2023\/01\/Pierre_Cadot-Alpine-Kids_220913_HighOnLife-2-768x512.jpg 768w, https:\/\/travesiapirenaica.com\/wp-content\/uploads\/2023\/01\/Pierre_Cadot-Alpine-Kids_220913_HighOnLife-2-150x100.jpg 150w, https:\/\/travesiapirenaica.com\/wp-content\/uploads\/2023\/01\/Pierre_Cadot-Alpine-Kids_220913_HighOnLife-2-696x464.jpg 696w, https:\/\/travesiapirenaica.com\/wp-content\/uploads\/2023\/01\/Pierre_Cadot-Alpine-Kids_220913_HighOnLife-2-1068x712.jpg 1068w, https:\/\/travesiapirenaica.com\/wp-content\/uploads\/2023\/01\/Pierre_Cadot-Alpine-Kids_220913_HighOnLife-2-630x420.jpg 630w, https:\/\/travesiapirenaica.com\/wp-content\/uploads\/2023\/01\/Pierre_Cadot-Alpine-Kids_220913_HighOnLife-2-600x400.jpg 600w, https:\/\/travesiapirenaica.com\/wp-content\/uploads\/2023\/01\/Pierre_Cadot-Alpine-Kids_220913_HighOnLife-2.jpg 1200w\" sizes=\"auto, (max-width: 1024px) 100vw, 1024px\" \/><\/figure>\n\n\n\n<p><strong>Sarah et les enfants se l\u00e8vent \u00e0 6h45 tous les matins. <\/strong>pour pr\u00e9parer le petit d\u00e9jeuner de 7 heures et ranger les restes des repas de 2 heures au refuge. Ensuite, ils partagent le caf\u00e9 avec des randonneurs d\u00e9tendus ou d'autres personnes qui ont dormi au refuge, d\u00e9j\u00e0 de retour de grandes randonn\u00e9es en montagne. Ensuite, tout le travail typique d'un h\u00f4te : faire la vaisselle, faire les lits, v\u00e9rifier les factures et cuisiner pour le d\u00eener. Sarah essaie de faire la plupart de ses t\u00e2ches le matin afin que les enfants puissent rester au refuge, soit pour des raisons m\u00e9t\u00e9orologiques, soit pour des raisons de s\u00e9curit\u00e9, pendant que sa m\u00e8re est pr\u00e9occup\u00e9e. Et comme beaucoup de personnes qui travaillent avec leurs enfants, Sarah se retrouve souvent avec Camille attach\u00e9e \u00e0 elle.<\/p>\n\n\n\n<p>Lorsqu'il fait beau, Sarah sort le parc pour enfants. Dans le cas contraire, elle pr\u00e9pare une p\u00e2te de base et aide Armand \u00e0 sculpter des repr\u00e9sentations des bruits d'orage qu'ils entendent dehors. \u00c0 quoi ressemblent le vent et la gr\u00eale sous la forme d'une p\u00e2te de monstre ? Il faut visiter Charpoua pour le savoir.<\/p>\n\n\n\n<figure class=\"wp-block-image size-large\"><img loading=\"lazy\" decoding=\"async\" width=\"1024\" height=\"683\" src=\"https:\/\/travesiapirenaica.com\/wp-content\/uploads\/2023\/01\/Pierre_Cadot-Alpine-Kids_220913_HighOnLife-3-1024x683.jpg\" alt=\"\" class=\"wp-image-34303\" srcset=\"https:\/\/travesiapirenaica.com\/wp-content\/uploads\/2023\/01\/Pierre_Cadot-Alpine-Kids_220913_HighOnLife-3-1024x683.jpg 1024w, https:\/\/travesiapirenaica.com\/wp-content\/uploads\/2023\/01\/Pierre_Cadot-Alpine-Kids_220913_HighOnLife-3-300x200.jpg 300w, https:\/\/travesiapirenaica.com\/wp-content\/uploads\/2023\/01\/Pierre_Cadot-Alpine-Kids_220913_HighOnLife-3-768x512.jpg 768w, https:\/\/travesiapirenaica.com\/wp-content\/uploads\/2023\/01\/Pierre_Cadot-Alpine-Kids_220913_HighOnLife-3-150x100.jpg 150w, https:\/\/travesiapirenaica.com\/wp-content\/uploads\/2023\/01\/Pierre_Cadot-Alpine-Kids_220913_HighOnLife-3-696x464.jpg 696w, https:\/\/travesiapirenaica.com\/wp-content\/uploads\/2023\/01\/Pierre_Cadot-Alpine-Kids_220913_HighOnLife-3-1068x712.jpg 1068w, https:\/\/travesiapirenaica.com\/wp-content\/uploads\/2023\/01\/Pierre_Cadot-Alpine-Kids_220913_HighOnLife-3-630x420.jpg 630w, https:\/\/travesiapirenaica.com\/wp-content\/uploads\/2023\/01\/Pierre_Cadot-Alpine-Kids_220913_HighOnLife-3-600x400.jpg 600w, https:\/\/travesiapirenaica.com\/wp-content\/uploads\/2023\/01\/Pierre_Cadot-Alpine-Kids_220913_HighOnLife-3.jpg 1200w\" sizes=\"auto, (max-width: 1024px) 100vw, 1024px\" \/><\/figure>","protected":false},"excerpt":{"rendered":"LE NOUVEAU REPORTAGE DE PATAGONIA \"THE HIGH LIFE\" SUIT LA VIE QUOTIDIENNE D'UN...","protected":false},"author":1,"featured_media":34305,"comment_status":"closed","ping_status":"closed","sticky":false,"template":"","format":"video","meta":{"_kad_blocks_custom_css":"","_kad_blocks_head_custom_js":"","_kad_blocks_body_custom_js":"","_kad_blocks_footer_custom_js":"","episode_type":"audio","audio_file":"","podmotor_file_id":"","podmotor_episode_id":"","cover_image":"","cover_image_id":"","duration":"","filesize":"","filesize_raw":"","date_recorded":"","explicit":"","block":"","_kad_post_transparent":"","_kad_post_title":"","_kad_post_layout":"","_kad_post_sidebar_id":"","_kad_post_content_style":"","_kad_post_vertical_padding":"","_kad_post_feature":"","_kad_post_feature_position":"","_kad_post_header":false,"_kad_post_footer":false,"_kad_post_classname":"","_jetpack_memberships_contains_paid_content":false,"footnotes":""},"categories":[54,3002],"tags":[],"series":[],"class_list":["post-34299","post","type-post","status-publish","format-video","has-post-thumbnail","hentry","category-cultura","category-actualidad","post_format-post-format-video"],"episode_featured_image":"https:\/\/travesiapirenaica.com\/wp-content\/uploads\/2023\/01\/Pierre_Cadot-Alpine-Kids_220913_HighOnLife-5.jpg","episode_player_image":"https:\/\/travesiapirenaica.com\/wp-content\/uploads\/2017\/12\/Caratula-Podcast-Maldita-Montana_1500x1500_72pp-p_.jpg","download_link":"","player_link":"","audio_player":false,"episode_data":{"playerMode":"dark","subscribeUrls":[],"rssFeedUrl":"https:\/\/travesiapirenaica.com\/fr\/feed\/podcast\/maldita-montana","embedCode":"<blockquote class=\"wp-embedded-content\" data-secret=\"Iun3MAjE1N\"><a href=\"https:\/\/travesiapirenaica.com\/fr\/the-high-life-el-dia-a-dia-de-una-familia-en-un-refugio-en-lo-alto-del-valle-de-chamonix\/\">\u00abThe High Life\u00bb, el d\u00eda a d\u00eda de una familia en un refugio en lo alto del valle de Chamonix<\/a><\/blockquote><iframe sandbox=\"allow-scripts\" security=\"restricted\" src=\"https:\/\/travesiapirenaica.com\/fr\/the-high-life-el-dia-a-dia-de-una-familia-en-un-refugio-en-lo-alto-del-valle-de-chamonix\/embed\/#?secret=Iun3MAjE1N\" width=\"500\" height=\"350\" title=\"\u00ab\u00a0\u00abThe High Life\u00bb, el d\u00eda a d\u00eda de una familia en un refugio en lo alto del valle de Chamonix\u00a0\u00bb &#8212; Traves\u00eda.\" data-secret=\"Iun3MAjE1N\" frameborder=\"0\" marginwidth=\"0\" marginheight=\"0\" scrolling=\"no\" class=\"wp-embedded-content\"><\/iframe><script>\n\/*! This file is auto-generated *\/\n!function(d,l){\"use strict\";l.querySelector&&d.addEventListener&&\"undefined\"!=typeof URL&&(d.wp=d.wp||{},d.wp.receiveEmbedMessage||(d.wp.receiveEmbedMessage=function(e){var t=e.data;if((t||t.secret||t.message||t.value)&&!\/[^a-zA-Z0-9]\/.test(t.secret)){for(var s,r,n,a=l.querySelectorAll('iframe[data-secret=\"'+t.secret+'\"]'),o=l.querySelectorAll('blockquote[data-secret=\"'+t.secret+'\"]'),c=new RegExp(\"^https?:$\",\"i\"),i=0;i<o.length;i++)o[i].style.display=\"none\";for(i=0;i<a.length;i++)s=a[i],e.source===s.contentWindow&&(s.removeAttribute(\"style\"),\"height\"===t.message?(1e3<(r=parseInt(t.value,10))?r=1e3:~~r<200&&(r=200),s.height=r):\"link\"===t.message&&(r=new URL(s.getAttribute(\"src\")),n=new URL(t.value),c.test(n.protocol))&&n.host===r.host&&l.activeElement===s&&(d.top.location.href=t.value))}},d.addEventListener(\"message\",d.wp.receiveEmbedMessage,!1),l.addEventListener(\"DOMContentLoaded\",function(){for(var e,t,s=l.querySelectorAll(\"iframe.wp-embedded-content\"),r=0;r<s.length;r++)(t=(e=s[r]).getAttribute(\"data-secret\"))||(t=Math.random().toString(36).substring(2,12),e.src+=\"#?secret=\"+t,e.setAttribute(\"data-secret\",t)),e.contentWindow.postMessage({message:\"ready\",secret:t},\"*\")},!1)))}(window,document);\n\/\/# sourceURL=https:\/\/travesiapirenaica.com\/wp-includes\/js\/wp-embed.min.js\n<\/script>\n"},"taxonomy_info":{"category":[{"value":54,"label":"Cultura"},{"value":3002,"label":"Actualidad"}]},"featured_image_src_large":["https:\/\/travesiapirenaica.com\/wp-content\/uploads\/2023\/01\/Pierre_Cadot-Alpine-Kids_220913_HighOnLife-5-1024x683.jpg",1024,683,true],"author_info":{"display_name":"Traves\u00eda Pirenaica","author_link":"https:\/\/travesiapirenaica.com\/fr\/author\/travesia-pirenaica\/"},"comment_info":0,"category_info":[{"term_id":54,"name":"Cultura","slug":"cultura","term_group":0,"term_taxonomy_id":54,"taxonomy":"category","description":"","parent":0,"count":239,"filter":"raw","cat_ID":54,"category_count":239,"category_description":"","cat_name":"Cultura","category_nicename":"cultura","category_parent":0},{"term_id":3002,"name":"Actualidad","slug":"actualidad","term_group":0,"term_taxonomy_id":3018,"taxonomy":"category","description":"Actualidad","parent":0,"count":75,"filter":"raw","cat_ID":3002,"category_count":75,"category_description":"Actualidad","cat_name":"Actualidad","category_nicename":"actualidad","category_parent":0}],"tag_info":false,"jetpack_featured_media_url":"https:\/\/travesiapirenaica.com\/wp-content\/uploads\/2023\/01\/Pierre_Cadot-Alpine-Kids_220913_HighOnLife-5.jpg","jetpack_sharing_enabled":true,"_links":{"self":[{"href":"https:\/\/travesiapirenaica.com\/fr\/wp-json\/wp\/v2\/posts\/34299","targetHints":{"allow":["GET"]}}],"collection":[{"href":"https:\/\/travesiapirenaica.com\/fr\/wp-json\/wp\/v2\/posts"}],"about":[{"href":"https:\/\/travesiapirenaica.com\/fr\/wp-json\/wp\/v2\/types\/post"}],"author":[{"embeddable":true,"href":"https:\/\/travesiapirenaica.com\/fr\/wp-json\/wp\/v2\/users\/1"}],"replies":[{"embeddable":true,"href":"https:\/\/travesiapirenaica.com\/fr\/wp-json\/wp\/v2\/comments?post=34299"}],"version-history":[{"count":0,"href":"https:\/\/travesiapirenaica.com\/fr\/wp-json\/wp\/v2\/posts\/34299\/revisions"}],"wp:featuredmedia":[{"embeddable":true,"href":"https:\/\/travesiapirenaica.com\/fr\/wp-json\/wp\/v2\/media\/34305"}],"wp:attachment":[{"href":"https:\/\/travesiapirenaica.com\/fr\/wp-json\/wp\/v2\/media?parent=34299"}],"wp:term":[{"taxonomy":"category","embeddable":true,"href":"https:\/\/travesiapirenaica.com\/fr\/wp-json\/wp\/v2\/categories?post=34299"},{"taxonomy":"post_tag","embeddable":true,"href":"https:\/\/travesiapirenaica.com\/fr\/wp-json\/wp\/v2\/tags?post=34299"},{"taxonomy":"series","embeddable":true,"href":"https:\/\/travesiapirenaica.com\/fr\/wp-json\/wp\/v2\/series?post=34299"}],"curies":[{"name":"wp","href":"https:\/\/api.w.org\/{rel}","templated":true}]}}