{"id":34315,"date":"2023-11-21T10:42:13","date_gmt":"2023-11-21T09:42:13","guid":{"rendered":"https:\/\/travesiapirenaica.com\/?p=34315"},"modified":"2023-11-21T10:42:16","modified_gmt":"2023-11-21T09:42:16","slug":"contes-de-fees-ii-metamorphose","status":"publish","type":"post","link":"https:\/\/travesiapirenaica.com\/fr\/relatos-de-altura-ii-metamorfosis\/","title":{"rendered":"M\u00e9tamorphose"},"content":{"rendered":"<p><em>Micro-histoires de la deuxi\u00e8me \u00e9dition du concours :\u00a0<a href=\"https:\/\/travesiapirenaica.com\/fr\/concours-de-micro-histoires2022\/\">Histoires de haute altitude<\/a>nous vous laissons profiter avec<\/em><strong><em> <\/em>M\u00e9tamorphose<em>de Maite Pariente Aylagas, laur\u00e9ate du premier prix du concours de micro-r\u00e9cits.<\/em><\/strong><em>,<a href=\"https:\/\/travesiapirenaica.com\/fr\/concours-de-micro-histoires2022\/\"> Histoires \u00e0 dormir debout II<\/a>.<\/em><\/p>\n\n\n\n<hr class=\"wp-block-separator has-alpha-channel-opacity\"\/>\n\n\n\n<h2 class=\"wp-block-heading\">M\u00e9tamorphose<\/h2>\n\n\n\n<p>-par&nbsp;<em>Maite Pariente Aylagas<\/em>-<\/p>\n\n\n\n<p>Lorsque j'ai ouvert les yeux, je n'ai vu qu'un visage qui me rappelait celui d'un ancien \u00e9l\u00e8ve, mais avec une blouse blanche, un \u00e9quipement de surveillance et un fauteuil roulant.<\/p>\n\n\n\n<p>Je ne comprenais rien, j'essayais de me rappeler ce que je faisais l\u00e0, mais la seule chose que je pouvais visualiser dans mon esprit, c'\u00e9tait moi sur la montagne, au milieu d'un brouillard glacial, essayant de redescendre le plus vite possible.<\/p>\n\n\n\n<p>Lorsque j'ai d\u00e9cid\u00e9 de prendre la parole et de bouger, je me suis sentie comme le cafard dans l'\u00e9cole.<br>La \"m\u00e9tamorphose\" de Kafka.<\/p>\n\n\n\n<p>J'ai alors entendu une voix douce et famili\u00e8re qui m'a dit qu'il \u00e9tait l\u00e0 pour m'aider, comme je l'avais fait pour lui, et qui a ajout\u00e9 que le suicide n'\u00e9tait pas la solution \u00e0 tes probl\u00e8mes.<\/p>\n\n\n\n<p>Je ne croyais rien de ce qu'il disait, je ne comprenais rien, j'\u00e9tais une battante et je n'aurais jamais tent\u00e9 de mettre fin \u00e0 mes jours. La montagne \u00e9tait ma passion et j'avais encore beaucoup \u00e0 y vivre.<\/p>","protected":false},"excerpt":{"rendered":"Micro-histoires de la deuxi\u00e8me \u00e9dition du concours : Relatos de Altura, nous vous laissons appr\u00e9cier avec Metamorfosis, de Maite...","protected":false},"author":1,"featured_media":34316,"comment_status":"closed","ping_status":"closed","sticky":false,"template":"","format":"standard","meta":{"_kad_blocks_custom_css":"","_kad_blocks_head_custom_js":"","_kad_blocks_body_custom_js":"","_kad_blocks_footer_custom_js":"","episode_type":"audio","audio_file":"","podmotor_file_id":"","podmotor_episode_id":"","cover_image":"","cover_image_id":"","duration":"","filesize":"","filesize_raw":"","date_recorded":"","explicit":"","block":"","_kad_post_transparent":"","_kad_post_title":"","_kad_post_layout":"","_kad_post_sidebar_id":"","_kad_post_content_style":"","_kad_post_vertical_padding":"","_kad_post_feature":"","_kad_post_feature_position":"","_kad_post_header":false,"_kad_post_footer":false,"_kad_post_classname":"","_jetpack_memberships_contains_paid_content":false,"footnotes":""},"categories":[54],"tags":[3022],"series":[],"class_list":["post-34315","post","type-post","status-publish","format-standard","has-post-thumbnail","hentry","category-cultura","tag-microrrelatos"],"episode_featured_image":"https:\/\/travesiapirenaica.com\/wp-content\/uploads\/2023\/01\/Relatos-de-altura-II-Metamorfosis.jpg","episode_player_image":"https:\/\/travesiapirenaica.com\/wp-content\/uploads\/2017\/12\/Caratula-Podcast-Maldita-Montana_1500x1500_72pp-p_.jpg","download_link":"","player_link":"","audio_player":false,"episode_data":{"playerMode":"dark","subscribeUrls":[],"rssFeedUrl":"https:\/\/travesiapirenaica.com\/fr\/feed\/podcast\/maldita-montana","embedCode":"<blockquote class=\"wp-embedded-content\" data-secret=\"7WKqiq17P3\"><a href=\"https:\/\/travesiapirenaica.com\/fr\/relatos-de-altura-ii-metamorfosis\/\">Metamorfosis<\/a><\/blockquote><iframe sandbox=\"allow-scripts\" security=\"restricted\" src=\"https:\/\/travesiapirenaica.com\/fr\/relatos-de-altura-ii-metamorfosis\/embed\/#?secret=7WKqiq17P3\" width=\"500\" height=\"350\" title=\"\u00ab\u00a0Metamorfosis\u00a0\u00bb &#8212; Traves\u00eda.\" data-secret=\"7WKqiq17P3\" frameborder=\"0\" marginwidth=\"0\" marginheight=\"0\" scrolling=\"no\" class=\"wp-embedded-content\"><\/iframe><script>\n\/*! This file is auto-generated *\/\n!function(d,l){\"use strict\";l.querySelector&&d.addEventListener&&\"undefined\"!=typeof URL&&(d.wp=d.wp||{},d.wp.receiveEmbedMessage||(d.wp.receiveEmbedMessage=function(e){var t=e.data;if((t||t.secret||t.message||t.value)&&!\/[^a-zA-Z0-9]\/.test(t.secret)){for(var s,r,n,a=l.querySelectorAll('iframe[data-secret=\"'+t.secret+'\"]'),o=l.querySelectorAll('blockquote[data-secret=\"'+t.secret+'\"]'),c=new RegExp(\"^https?:$\",\"i\"),i=0;i<o.length;i++)o[i].style.display=\"none\";for(i=0;i<a.length;i++)s=a[i],e.source===s.contentWindow&&(s.removeAttribute(\"style\"),\"height\"===t.message?(1e3<(r=parseInt(t.value,10))?r=1e3:~~r<200&&(r=200),s.height=r):\"link\"===t.message&&(r=new URL(s.getAttribute(\"src\")),n=new URL(t.value),c.test(n.protocol))&&n.host===r.host&&l.activeElement===s&&(d.top.location.href=t.value))}},d.addEventListener(\"message\",d.wp.receiveEmbedMessage,!1),l.addEventListener(\"DOMContentLoaded\",function(){for(var e,t,s=l.querySelectorAll(\"iframe.wp-embedded-content\"),r=0;r<s.length;r++)(t=(e=s[r]).getAttribute(\"data-secret\"))||(t=Math.random().toString(36).substring(2,12),e.src+=\"#?secret=\"+t,e.setAttribute(\"data-secret\",t)),e.contentWindow.postMessage({message:\"ready\",secret:t},\"*\")},!1)))}(window,document);\n\/\/# sourceURL=https:\/\/travesiapirenaica.com\/wp-includes\/js\/wp-embed.min.js\n<\/script>\n"},"taxonomy_info":{"category":[{"value":54,"label":"Cultura"}],"post_tag":[{"value":3022,"label":"microrrelatos"}]},"featured_image_src_large":["https:\/\/travesiapirenaica.com\/wp-content\/uploads\/2023\/01\/Relatos-de-altura-II-Metamorfosis-1024x768.jpg",1024,768,true],"author_info":{"display_name":"Traves\u00eda Pirenaica","author_link":"https:\/\/travesiapirenaica.com\/fr\/author\/travesia-pirenaica\/"},"comment_info":0,"category_info":[{"term_id":54,"name":"Cultura","slug":"cultura","term_group":0,"term_taxonomy_id":54,"taxonomy":"category","description":"","parent":0,"count":239,"filter":"raw","cat_ID":54,"category_count":239,"category_description":"","cat_name":"Cultura","category_nicename":"cultura","category_parent":0}],"tag_info":[{"term_id":3022,"name":"microrrelatos","slug":"microrrelatos","term_group":0,"term_taxonomy_id":3038,"taxonomy":"post_tag","description":"","parent":0,"count":212,"filter":"raw"}],"jetpack_featured_media_url":"https:\/\/travesiapirenaica.com\/wp-content\/uploads\/2023\/01\/Relatos-de-altura-II-Metamorfosis.jpg","jetpack_sharing_enabled":true,"_links":{"self":[{"href":"https:\/\/travesiapirenaica.com\/fr\/wp-json\/wp\/v2\/posts\/34315","targetHints":{"allow":["GET"]}}],"collection":[{"href":"https:\/\/travesiapirenaica.com\/fr\/wp-json\/wp\/v2\/posts"}],"about":[{"href":"https:\/\/travesiapirenaica.com\/fr\/wp-json\/wp\/v2\/types\/post"}],"author":[{"embeddable":true,"href":"https:\/\/travesiapirenaica.com\/fr\/wp-json\/wp\/v2\/users\/1"}],"replies":[{"embeddable":true,"href":"https:\/\/travesiapirenaica.com\/fr\/wp-json\/wp\/v2\/comments?post=34315"}],"version-history":[{"count":0,"href":"https:\/\/travesiapirenaica.com\/fr\/wp-json\/wp\/v2\/posts\/34315\/revisions"}],"wp:featuredmedia":[{"embeddable":true,"href":"https:\/\/travesiapirenaica.com\/fr\/wp-json\/wp\/v2\/media\/34316"}],"wp:attachment":[{"href":"https:\/\/travesiapirenaica.com\/fr\/wp-json\/wp\/v2\/media?parent=34315"}],"wp:term":[{"taxonomy":"category","embeddable":true,"href":"https:\/\/travesiapirenaica.com\/fr\/wp-json\/wp\/v2\/categories?post=34315"},{"taxonomy":"post_tag","embeddable":true,"href":"https:\/\/travesiapirenaica.com\/fr\/wp-json\/wp\/v2\/tags?post=34315"},{"taxonomy":"series","embeddable":true,"href":"https:\/\/travesiapirenaica.com\/fr\/wp-json\/wp\/v2\/series?post=34315"}],"curies":[{"name":"wp","href":"https:\/\/api.w.org\/{rel}","templated":true}]}}