{"id":34483,"date":"2023-02-07T20:04:24","date_gmt":"2023-02-07T19:04:24","guid":{"rendered":"https:\/\/travesiapirenaica.com\/?p=34483"},"modified":"2023-02-07T20:12:22","modified_gmt":"2023-02-07T19:12:22","slug":"grandes-histoires-ii-toucher-des-dieux","status":"publish","type":"post","link":"https:\/\/travesiapirenaica.com\/fr\/relatos-de-altura-ii-tocar-de-los-dioses\/","title":{"rendered":"Au contact des dieux"},"content":{"rendered":"<p><em>Nous poursuivons la publication des micro-histoires de la deuxi\u00e8me \u00e9dition du concours :&nbsp;<a href=\"https:\/\/travesiapirenaica.com\/fr\/concours-de-micro-histoires2022\/\">Histoires de haute altitude<\/a>Nous vous laissons appr\u00e9cier \"A tocar de los Dioses\", de Xavier Torres Canals.<\/em><\/p>\n\n\n\n<hr class=\"wp-block-separator has-alpha-channel-opacity\"\/>\n\n\n\n<h2 class=\"wp-block-heading\" id=\"aqui-y-ahora\">Au contact des dieux<\/h2>\n\n\n\n<p><em>-par Xavier Torres Canals<\/em><\/p>\n\n\n\n<p>Des r\u00eaves qui ne se r\u00e9alisent pas. Des r\u00eaves qui se r\u00e9alisent. Des jours d'attente et des jours o\u00f9 l'on sent que rien ni personne ne compte plus que ce que l'on d\u00e9sire. Et maintenant, je suis ici, pour toucher le ciel. Pour toucher les dieux.<\/p>\n\n\n\n<p>Quelques heures seulement et je ressentirai ce que je poursuis depuis si longtemps. Un dernier effort. Grand, tr\u00e8s grand. Mais juste un dernier effort.<\/p>\n\n\n\n<p>Il est deux heures du matin. Il fait froid et je me sens \u00e9puis\u00e9e. Plus qu'\u00e9puis\u00e9. Il faut que je mange et que je boive, mais je n'ai ni faim ni soif. Cela fait des jours qu'ils sont partis. C'\u00e9tait mon r\u00eave, pas le leur.<\/p>\n\n\n\n<p>J'essaie de respirer. J'y parviens, mais non sans effort. Des plumes, tout est plein de plumes. Il n'y a pas de lumi\u00e8re. \u00c0 peine la lumi\u00e8re des \u00e9toiles. Rien ne bouge. Le temps ne semble pas bouger non plus.<\/p>\n\n\n\n<p>Tout co\u00fbte si cher. Pourquoi cela doit-il co\u00fbter si cher ? Ce sont les dieux qui se sont r\u00e9veill\u00e9s. Ils n'aiment pas \u00eatre d\u00e9rang\u00e9s. C'est pour cela qu'ils sont des Dieux.<\/p>\n\n\n\n<p>J'ai mal \u00e0 la t\u00eate. Ce n'est pas bon signe. Il est difficile de penser. Et \u00e7a non plus. Parfois devant, parfois derri\u00e8re. Il est \u00e0 mes c\u00f4t\u00e9s depuis des heures, des jours. Et bien que j'essaie<br>parler, il ne le fait pas. Il sait que les dieux aiment le silence.<\/p>\n\n\n\n<p>Un fil de lumi\u00e8re nous \u00e9claire. Neige et glace. Telles sont les grandes montagnes. Aujourd'hui, au lever du soleil, nous toucherons les dieux. Nous le ferons, oui, mais seulement parce qu'ils nous ont quitt\u00e9s.<\/p>","protected":false},"excerpt":{"rendered":"Nous poursuivons la publication des micro-r\u00e9cits de la deuxi\u00e8me \u00e9dition du concours : Relatos de Altura,...","protected":false},"author":1,"featured_media":34485,"comment_status":"closed","ping_status":"closed","sticky":false,"template":"","format":"standard","meta":{"_kad_blocks_custom_css":"","_kad_blocks_head_custom_js":"","_kad_blocks_body_custom_js":"","_kad_blocks_footer_custom_js":"","episode_type":"audio","audio_file":"","podmotor_file_id":"","podmotor_episode_id":"","cover_image":"","cover_image_id":"","duration":"","filesize":"","filesize_raw":"","date_recorded":"","explicit":"","block":"","_kad_post_transparent":"","_kad_post_title":"","_kad_post_layout":"","_kad_post_sidebar_id":"","_kad_post_content_style":"","_kad_post_vertical_padding":"","_kad_post_feature":"","_kad_post_feature_position":"","_kad_post_header":false,"_kad_post_footer":false,"_kad_post_classname":"","_jetpack_memberships_contains_paid_content":false,"footnotes":""},"categories":[54],"tags":[3022],"series":[],"class_list":["post-34483","post","type-post","status-publish","format-standard","has-post-thumbnail","hentry","category-cultura","tag-microrrelatos"],"episode_featured_image":"https:\/\/travesiapirenaica.com\/wp-content\/uploads\/2023\/02\/Relatos-de-altura-II-A-tocar-de-los-Dioses.jpg","episode_player_image":"https:\/\/travesiapirenaica.com\/wp-content\/uploads\/2017\/12\/Caratula-Podcast-Maldita-Montana_1500x1500_72pp-p_.jpg","download_link":"","player_link":"","audio_player":false,"episode_data":{"playerMode":"dark","subscribeUrls":[],"rssFeedUrl":"https:\/\/travesiapirenaica.com\/fr\/feed\/podcast\/maldita-montana","embedCode":"<blockquote class=\"wp-embedded-content\" data-secret=\"cps35G2zVZ\"><a href=\"https:\/\/travesiapirenaica.com\/fr\/relatos-de-altura-ii-tocar-de-los-dioses\/\">A tocar de los Dioses<\/a><\/blockquote><iframe sandbox=\"allow-scripts\" security=\"restricted\" src=\"https:\/\/travesiapirenaica.com\/fr\/relatos-de-altura-ii-tocar-de-los-dioses\/embed\/#?secret=cps35G2zVZ\" width=\"500\" height=\"350\" title=\"\u00ab\u00a0A tocar de los Dioses\u00a0\u00bb &#8212; Traves\u00eda.\" data-secret=\"cps35G2zVZ\" frameborder=\"0\" marginwidth=\"0\" marginheight=\"0\" scrolling=\"no\" class=\"wp-embedded-content\"><\/iframe><script>\n\/*! This file is auto-generated *\/\n!function(d,l){\"use strict\";l.querySelector&&d.addEventListener&&\"undefined\"!=typeof URL&&(d.wp=d.wp||{},d.wp.receiveEmbedMessage||(d.wp.receiveEmbedMessage=function(e){var t=e.data;if((t||t.secret||t.message||t.value)&&!\/[^a-zA-Z0-9]\/.test(t.secret)){for(var s,r,n,a=l.querySelectorAll('iframe[data-secret=\"'+t.secret+'\"]'),o=l.querySelectorAll('blockquote[data-secret=\"'+t.secret+'\"]'),c=new RegExp(\"^https?:$\",\"i\"),i=0;i<o.length;i++)o[i].style.display=\"none\";for(i=0;i<a.length;i++)s=a[i],e.source===s.contentWindow&&(s.removeAttribute(\"style\"),\"height\"===t.message?(1e3<(r=parseInt(t.value,10))?r=1e3:~~r<200&&(r=200),s.height=r):\"link\"===t.message&&(r=new URL(s.getAttribute(\"src\")),n=new URL(t.value),c.test(n.protocol))&&n.host===r.host&&l.activeElement===s&&(d.top.location.href=t.value))}},d.addEventListener(\"message\",d.wp.receiveEmbedMessage,!1),l.addEventListener(\"DOMContentLoaded\",function(){for(var e,t,s=l.querySelectorAll(\"iframe.wp-embedded-content\"),r=0;r<s.length;r++)(t=(e=s[r]).getAttribute(\"data-secret\"))||(t=Math.random().toString(36).substring(2,12),e.src+=\"#?secret=\"+t,e.setAttribute(\"data-secret\",t)),e.contentWindow.postMessage({message:\"ready\",secret:t},\"*\")},!1)))}(window,document);\n\/\/# sourceURL=https:\/\/travesiapirenaica.com\/wp-includes\/js\/wp-embed.min.js\n<\/script>\n"},"taxonomy_info":{"category":[{"value":54,"label":"Cultura"}],"post_tag":[{"value":3022,"label":"microrrelatos"}]},"featured_image_src_large":["https:\/\/travesiapirenaica.com\/wp-content\/uploads\/2023\/02\/Relatos-de-altura-II-A-tocar-de-los-Dioses-1024x768.jpg",1024,768,true],"author_info":{"display_name":"Traves\u00eda Pirenaica","author_link":"https:\/\/travesiapirenaica.com\/fr\/author\/travesia-pirenaica\/"},"comment_info":0,"category_info":[{"term_id":54,"name":"Cultura","slug":"cultura","term_group":0,"term_taxonomy_id":54,"taxonomy":"category","description":"","parent":0,"count":239,"filter":"raw","cat_ID":54,"category_count":239,"category_description":"","cat_name":"Cultura","category_nicename":"cultura","category_parent":0}],"tag_info":[{"term_id":3022,"name":"microrrelatos","slug":"microrrelatos","term_group":0,"term_taxonomy_id":3038,"taxonomy":"post_tag","description":"","parent":0,"count":212,"filter":"raw"}],"jetpack_featured_media_url":"https:\/\/travesiapirenaica.com\/wp-content\/uploads\/2023\/02\/Relatos-de-altura-II-A-tocar-de-los-Dioses.jpg","jetpack_sharing_enabled":true,"_links":{"self":[{"href":"https:\/\/travesiapirenaica.com\/fr\/wp-json\/wp\/v2\/posts\/34483","targetHints":{"allow":["GET"]}}],"collection":[{"href":"https:\/\/travesiapirenaica.com\/fr\/wp-json\/wp\/v2\/posts"}],"about":[{"href":"https:\/\/travesiapirenaica.com\/fr\/wp-json\/wp\/v2\/types\/post"}],"author":[{"embeddable":true,"href":"https:\/\/travesiapirenaica.com\/fr\/wp-json\/wp\/v2\/users\/1"}],"replies":[{"embeddable":true,"href":"https:\/\/travesiapirenaica.com\/fr\/wp-json\/wp\/v2\/comments?post=34483"}],"version-history":[{"count":0,"href":"https:\/\/travesiapirenaica.com\/fr\/wp-json\/wp\/v2\/posts\/34483\/revisions"}],"wp:featuredmedia":[{"embeddable":true,"href":"https:\/\/travesiapirenaica.com\/fr\/wp-json\/wp\/v2\/media\/34485"}],"wp:attachment":[{"href":"https:\/\/travesiapirenaica.com\/fr\/wp-json\/wp\/v2\/media?parent=34483"}],"wp:term":[{"taxonomy":"category","embeddable":true,"href":"https:\/\/travesiapirenaica.com\/fr\/wp-json\/wp\/v2\/categories?post=34483"},{"taxonomy":"post_tag","embeddable":true,"href":"https:\/\/travesiapirenaica.com\/fr\/wp-json\/wp\/v2\/tags?post=34483"},{"taxonomy":"series","embeddable":true,"href":"https:\/\/travesiapirenaica.com\/fr\/wp-json\/wp\/v2\/series?post=34483"}],"curies":[{"name":"wp","href":"https:\/\/api.w.org\/{rel}","templated":true}]}}