{"id":35753,"date":"2023-05-22T18:21:00","date_gmt":"2023-05-22T16:21:00","guid":{"rendered":"https:\/\/travesiapirenaica.com\/?p=35753"},"modified":"2023-12-20T23:22:59","modified_gmt":"2023-12-20T22:22:59","slug":"canyoning-madere","status":"publish","type":"post","link":"https:\/\/travesiapirenaica.com\/fr\/barranquismo-madeira\/","title":{"rendered":"Canyoning \u00e0 Mad\u00e8re"},"content":{"rendered":"<p style=\"color:#c45a25\"><font size=\"+2\">Pouvez-vous imaginer un voyage sur une \u00eele o\u00f9 l'on trouve des cascades grandioses au milieu de la jungle ? Entour\u00e9e de roches volcaniques et d'une v\u00e9g\u00e9tation luxuriante, de foug\u00e8res de taille colossale et d'un vert envo\u00fbtant... C'est l'\u00eele de <strong>Mad\u00e8re.<\/strong><\/font><\/p>\n\n\n\n<p><font size=\"+1\">D\u00e9couvrir Mad\u00e8re pour la premi\u00e8re fois, c'est quelque chose qui vous touche profond\u00e9ment, dans un petit coin de votre c\u0153ur, mais c'est aussi quelque chose qui vous touche profond\u00e9ment. <strong>d\u00e9couvrir Mad\u00e8re en tant que canyoniste, c'est un r\u00eave qui se r\u00e9alise !<\/strong>.<\/font><\/p>\n\n\n<style>.kadence-column_15d281-97 > .kt-inside-inner-col{padding-top:var(--global-kb-spacing-xs, 1rem);padding-right:var(--global-kb-spacing-xs, 1rem);padding-bottom:var(--global-kb-spacing-xs, 1rem);padding-left:var(--global-kb-spacing-xs, 1rem);}.kadence-column_15d281-97 > .kt-inside-inner-col{border-top:1px solid #000000;border-right:1px solid #000000;border-bottom:1px solid #000000;border-left:1px solid #000000;}.kadence-column_15d281-97 > .kt-inside-inner-col,.kadence-column_15d281-97 > .kt-inside-inner-col:before{border-top-left-radius:5px;border-top-right-radius:5px;border-bottom-right-radius:5px;border-bottom-left-radius:5px;}.kadence-column_15d281-97 > .kt-inside-inner-col{column-gap:var(--global-kb-gap-sm, 1rem);}.kadence-column_15d281-97 > .kt-inside-inner-col{flex-direction:column;}.kadence-column_15d281-97 > .kt-inside-inner-col > .aligncenter{width:100%;}.kadence-column_15d281-97 > .kt-inside-inner-col{background-color:#f0f0f0;}.kadence-column_15d281-97 > .kt-inside-inner-col:before{opacity:0.3;}.kadence-column_15d281-97{position:relative;}@media all and (max-width: 1024px){.kadence-column_15d281-97 > .kt-inside-inner-col{border-top:1px solid #000000;border-right:1px solid #000000;border-bottom:1px solid #000000;border-left:1px solid #000000;flex-direction:column;justify-content:center;}}@media all and (max-width: 767px){.kadence-column_15d281-97 > .kt-inside-inner-col{border-top:1px solid #000000;border-right:1px solid #000000;border-bottom:1px solid #000000;border-left:1px solid #000000;flex-direction:column;justify-content:center;}}<\/style>\n<div class=\"wp-block-kadence-column kadence-column_15d281-97\"><div class=\"kt-inside-inner-col\">\n<p><strong>TABLE DES MATI\u00c8RES<\/strong><\/p>\n\n\n\n<ul class=\"wp-block-list\">\n<li>MADEIRA, l'une des 5 meilleures destinations au monde pour le canyoning<\/li>\n\n\n\n<li>Trois canyons \u00e0 ne pas manquer\n<ul class=\"wp-block-list\">\n<li>Ravin de Ribeira Funda<\/li>\n\n\n\n<li>Barranco Voltas Matilde <\/li>\n\n\n\n<li>Gorges de Folhado<\/li>\n<\/ul>\n<\/li>\n\n\n\n<li>Formation, g\u00e9ologie et volcanisme<\/li>\n\n\n\n<li>L'histoire<\/li>\n\n\n\n<li>Levadas<\/li>\n<\/ul>\n<\/div><\/div>\n\n\n\n<p><\/p>\n\n\n\n<figure class=\"wp-block-image size-large\"><img loading=\"lazy\" decoding=\"async\" width=\"768\" height=\"1024\" src=\"https:\/\/travesiapirenaica.com\/wp-content\/uploads\/2023\/05\/20220809_125440-768x1024.jpg\" alt=\"\" class=\"wp-image-35754\" srcset=\"https:\/\/travesiapirenaica.com\/wp-content\/uploads\/2023\/05\/20220809_125440-768x1024.jpg 768w, https:\/\/travesiapirenaica.com\/wp-content\/uploads\/2023\/05\/20220809_125440-225x300.jpg 225w, https:\/\/travesiapirenaica.com\/wp-content\/uploads\/2023\/05\/20220809_125440-1152x1536.jpg 1152w, https:\/\/travesiapirenaica.com\/wp-content\/uploads\/2023\/05\/20220809_125440-1536x2048.jpg 1536w, https:\/\/travesiapirenaica.com\/wp-content\/uploads\/2023\/05\/20220809_125440-600x800.jpg 600w, https:\/\/travesiapirenaica.com\/wp-content\/uploads\/2023\/05\/20220809_125440-scaled.jpg 1920w\" sizes=\"auto, (max-width: 768px) 100vw, 768px\" \/><\/figure>\n\n\n\n<h2 class=\"wp-block-heading\">Mad\u00e8re, l'une des 5 meilleures destinations au monde pour le canyoning<\/h2>\n\n\n\n<p>L'\u00eele de <strong>Mad\u00e8re<\/strong> est consid\u00e9r\u00e9 comme <strong>l'une des 5 meilleures destinations au monde pour le canyoning<\/strong> et est la meilleure destination insulaire d'Europe, selon les World Travel Awards 2021.<\/p>\n\n\n\n<p>La premi\u00e8re fois que je me suis rendu \u00e0 Mad\u00e8re, j'ai \u00e9t\u00e9 fascin\u00e9 par la hauteur et la grandeur de ses falaises, je n'arr\u00eatais pas de regarder en l'air, mais lorsque j'y suis retourn\u00e9 des ann\u00e9es plus tard, en tant que canyoniste, j'ai descendu certains de ses ravins et j'ai \u00e9t\u00e9 compl\u00e8tement impressionn\u00e9 par la sauvagerie et la rudesse de ses paysages.<\/p>\n\n\n\n<p style=\"color:#c45a25\"><b>D'immenses chutes d'eau, une v\u00e9g\u00e9tation luxuriante et une aura myst\u00e9rieuse<\/b><\/p>\n\n\n\n<p>En p\u00e9n\u00e9trant dans ses ravins, on vit une v\u00e9ritable aventure, de celles que l'on n'oublie jamais... La morphologie de ses ravins \u00e0 <strong>grandes chutes d'eau<\/strong> de caract\u00e8re vertical, entour\u00e9 de <strong>v\u00e9g\u00e9tation luxuriante et grandes foug\u00e8res<\/strong> d'un vert si intense qu'on ne peut s'emp\u00eacher de le regarder... et bien s\u00fbr, de la caract\u00e9ristique <strong>roche basaltique<\/strong> (volcanique) qui les enveloppe d'une aura de myst\u00e8re, leur conf\u00e9rant personnalit\u00e9 et force.<\/p>\n\n\n\n<p>Si l'on ajoute \u00e0 cela les jours o\u00f9 le brouillard se l\u00e8ve et p\u00e9n\u00e8tre dans les ravins, on sent le paysage nous envelopper et la descente devient une exp\u00e9rience inoubliable. <strong>une v\u00e9ritable aventure !<\/strong><\/p>\n\n\n\n<figure class=\"wp-block-image size-large\"><img loading=\"lazy\" decoding=\"async\" width=\"767\" height=\"1024\" src=\"https:\/\/travesiapirenaica.com\/wp-content\/uploads\/2023\/05\/cascada1280b-767x1024.jpg\" alt=\"\" class=\"wp-image-35931\" srcset=\"https:\/\/travesiapirenaica.com\/wp-content\/uploads\/2023\/05\/cascada1280b-767x1024.jpg 767w, https:\/\/travesiapirenaica.com\/wp-content\/uploads\/2023\/05\/cascada1280b-225x300.jpg 225w, https:\/\/travesiapirenaica.com\/wp-content\/uploads\/2023\/05\/cascada1280b-768x1025.jpg 768w, https:\/\/travesiapirenaica.com\/wp-content\/uploads\/2023\/05\/cascada1280b-1151x1536.jpg 1151w, https:\/\/travesiapirenaica.com\/wp-content\/uploads\/2023\/05\/cascada1280b-600x801.jpg 600w, https:\/\/travesiapirenaica.com\/wp-content\/uploads\/2023\/05\/cascada1280b.jpg 1280w\" sizes=\"auto, (max-width: 767px) 100vw, 767px\" \/><\/figure>\n\n\n\n<p style=\"color:#c45a25\"><b>De nombreux canyons sont si longs qu'ils sont divis\u00e9s en deux parties<\/b><\/p>\n\n\n\n<p>Situ\u00e9s au nord de l'\u00eele, beaucoup de ses ravins sont constitu\u00e9s d'une partie sup\u00e9rieure et d'une partie inf\u00e9rieure, en raison de la pr\u00e9sence de l'eau. <strong>longueur, nombre de rappels et pente<\/strong> des ravins.<\/p>\n\n\n\n<p>Les ouvreurs ont envisag\u00e9 de les diviser en sections, nous donnant ainsi la possibilit\u00e9 de faire la section sup\u00e9rieure un jour et la section inf\u00e9rieure l'autre jour. Les descendre de mani\u00e8re int\u00e9grale serait catalogu\u00e9 comme des descentes complexes r\u00e9serv\u00e9es \u00e0 des canyonistes experts en bonne forme physique, compte tenu de leur grande longueur.<\/p>\n\n\n\n<p><strong>L'acc\u00e8s aux sections inf\u00e9rieures se fait par les fameuses levadas (levadas)<\/strong> (canaux qui transportent l'eau des ravins vers diff\u00e9rents endroits \/ villages de l'\u00eele), ainsi que lorsque nous voulons quitter les sections sup\u00e9rieures.<\/p>\n\n\n\n<figure class=\"wp-block-image size-large\"><img loading=\"lazy\" decoding=\"async\" width=\"1024\" height=\"768\" src=\"https:\/\/travesiapirenaica.com\/wp-content\/uploads\/2023\/05\/IMG-20220807-WA0021-1-1024x768.jpg\" alt=\"\" class=\"wp-image-35756\" srcset=\"https:\/\/travesiapirenaica.com\/wp-content\/uploads\/2023\/05\/IMG-20220807-WA0021-1-1024x768.jpg 1024w, https:\/\/travesiapirenaica.com\/wp-content\/uploads\/2023\/05\/IMG-20220807-WA0021-1-300x225.jpg 300w, https:\/\/travesiapirenaica.com\/wp-content\/uploads\/2023\/05\/IMG-20220807-WA0021-1-768x576.jpg 768w, https:\/\/travesiapirenaica.com\/wp-content\/uploads\/2023\/05\/IMG-20220807-WA0021-1-1536x1152.jpg 1536w, https:\/\/travesiapirenaica.com\/wp-content\/uploads\/2023\/05\/IMG-20220807-WA0021-1-600x450.jpg 600w, https:\/\/travesiapirenaica.com\/wp-content\/uploads\/2023\/05\/IMG-20220807-WA0021-1.jpg 2048w\" sizes=\"auto, (max-width: 1024px) 100vw, 1024px\" \/><\/figure>\n\n\n\n<h2 class=\"wp-block-heading\">Trois canyons \u00e0 ne pas manquer : Ribeira Funda, Voltas Matilde et Folhado<\/h2>\n\n\n<style>.wp-block-kadence-column.kb-section-dir-horizontal > .kt-inside-inner-col > .kt-info-box_1f13f3-11 .kt-blocks-info-box-link-wrap{max-width:unset;}.kt-info-box_1f13f3-11 .kt-blocks-info-box-link-wrap{padding-top:var(--global-kb-spacing-xs, 1rem);padding-right:var(--global-kb-spacing-xs, 1rem);padding-bottom:var(--global-kb-spacing-xs, 1rem);padding-left:var(--global-kb-spacing-xs, 1rem);}.kt-info-box_1f13f3-11.wp-block-kadence-infobox{max-width:100%;}.kt-info-box_1f13f3-11 .kadence-info-box-image-inner-intrisic-container{max-width:100px;}.kt-info-box_1f13f3-11 .kadence-info-box-image-inner-intrisic-container .kadence-info-box-image-intrisic{padding-bottom:100%;width:400px;height:0px;max-width:100%;}.kt-info-box_1f13f3-11 .kadence-info-box-icon-container .kt-info-svg-icon, .kt-info-box_1f13f3-11 .kt-info-svg-icon-flip, .kt-info-box_1f13f3-11 .kt-blocks-info-box-number{font-size:50px;}.kt-info-box_1f13f3-11 .kt-blocks-info-box-media{border-color:var(--global-palette7, #eeeeee);border-radius:200px;overflow:hidden;border-top-width:0px;border-right-width:0px;border-bottom-width:0px;border-left-width:0px;padding-top:10px;padding-right:10px;padding-bottom:10px;padding-left:10px;}.kt-info-box_1f13f3-11 .kt-blocks-info-box-media-container{margin-top:0px;margin-right:15px;margin-bottom:0px;margin-left:15px;}.kt-info-box_1f13f3-11 .kt-blocks-info-box-media .kadence-info-box-image-intrisic img{border-radius:200px;}.kt-info-box_1f13f3-11 .kt-infobox-textcontent h2.kt-blocks-info-box-title{padding-top:0px;padding-right:0px;padding-bottom:0px;padding-left:0px;margin-top:5px;margin-right:0px;margin-bottom:10px;margin-left:0px;}.wp-block-kadence-infobox.kt-info-box_1f13f3-11 .kt-blocks-info-box-text{font-weight:400;}.kt-info-box_1f13f3-11 .kt-blocks-info-box-learnmore{color:var(--global-palette9, #ffffff);background:var(--global-palette1, #3182CE);border-width:0px 0px 0px 0px;padding-top:4px;padding-right:8px;padding-bottom:4px;padding-left:8px;margin-top:10px;margin-right:0px;margin-bottom:10px;margin-left:0px;}<\/style>\n<div class=\"wp-block-kadence-infobox kt-info-box_1f13f3-11\"><a class=\"kt-blocks-info-box-link-wrap info-box-link kt-blocks-info-box-media-align-top kt-info-halign-center\" target=\"_blank\" rel=\"noopener noreferrer nofollow\" href=\"https:\/\/www.barrancslopallars.com\/portfolio-items\/barranquismo-en-isla-de-madeira\/\"><div class=\"kt-blocks-info-box-media-container\"><div class=\"kt-blocks-info-box-media kt-info-media-animate-none\"><div class=\"kadence-info-box-image-inner-intrisic-container\"><div class=\"kadence-info-box-image-intrisic kt-info-animate-none\"><div class=\"kadence-info-box-image-inner-intrisic\"><img loading=\"lazy\" decoding=\"async\" src=\"https:\/\/travesiapirenaica.com\/wp-content\/uploads\/2023\/04\/Noe-perfil-2b.jpg\" alt=\"\" width=\"400\" height=\"400\" class=\"kt-info-box-image wp-image-35306\" srcset=\"https:\/\/travesiapirenaica.com\/wp-content\/uploads\/2023\/04\/Noe-perfil-2b.jpg 400w, https:\/\/travesiapirenaica.com\/wp-content\/uploads\/2023\/04\/Noe-perfil-2b-300x300.jpg 300w, https:\/\/travesiapirenaica.com\/wp-content\/uploads\/2023\/04\/Noe-perfil-2b-150x150.jpg 150w, https:\/\/travesiapirenaica.com\/wp-content\/uploads\/2023\/04\/Noe-perfil-2b-100x100.jpg 100w\" sizes=\"auto, (max-width: 400px) 100vw, 400px\" \/><\/div><\/div><\/div><\/div><\/div><div class=\"kt-infobox-textcontent\"><h2 class=\"kt-blocks-info-box-title\"><\/h2><p class=\"kt-blocks-info-box-text\">Je m'appelle <strong>Noelia<\/strong>Je suis guide de canyoning et de sp\u00e9l\u00e9ologie, explorateur de grottes souterraines et guide touristique, <strong>J'organise des excursions guid\u00e9es d'une semaine en canyoning sur l'\u00eele de Mad\u00e8re.<\/strong>.<br\/><br\/> Ribeira Funda, Voltas Matilde et Folhado sont quelques-uns des canyons que je fais avec les diff\u00e9rents groupes. Si vous voulez en savoir plus, <strong>Vous trouverez ici des informations sur le voyage de canyoning \u00e0 Mad\u00e8re.<\/strong><br\/><\/p><div class=\"kt-blocks-info-box-learnmore-wrap\"><span class=\"kt-blocks-info-box-learnmore\">Plus d'informations<\/span><\/div><\/div><\/a><\/div>\n\n\n\n<p><\/p>\n\n\n\n<h3 class=\"wp-block-heading\"><strong>RIBEIRA FUNDA RAVINE<\/strong><\/h3>\n\n\n\n<p style=\"color:#808080\"><font size=\"-1\"><em>Difficult\u00e9 : moyenne-\u00e9lev\u00e9e ; Longueur : 600m ; D\u00e9nivellation : 195m ; Nombre de rappels : 9 ; Maximum de rappels : 60m ; <\/em><\/font><\/p>\n\n\n\n<figure class=\"wp-block-image size-large\"><img loading=\"lazy\" decoding=\"async\" width=\"1024\" height=\"682\" src=\"https:\/\/travesiapirenaica.com\/wp-content\/uploads\/2023\/05\/ribeira-funda-1024x682.jpg\" alt=\"\" class=\"wp-image-35970\" srcset=\"https:\/\/travesiapirenaica.com\/wp-content\/uploads\/2023\/05\/ribeira-funda-1024x682.jpg 1024w, https:\/\/travesiapirenaica.com\/wp-content\/uploads\/2023\/05\/ribeira-funda-300x200.jpg 300w, https:\/\/travesiapirenaica.com\/wp-content\/uploads\/2023\/05\/ribeira-funda-768x512.jpg 768w, https:\/\/travesiapirenaica.com\/wp-content\/uploads\/2023\/05\/ribeira-funda-600x400.jpg 600w, https:\/\/travesiapirenaica.com\/wp-content\/uploads\/2023\/05\/ribeira-funda.jpg 1280w\" sizes=\"auto, (max-width: 1024px) 100vw, 1024px\" \/><\/figure>\n\n\n\n<p>Ce ravin <strong>situ\u00e9 \u00e0 quelques m\u00e8tres de l'oc\u00e9an Atlantique<\/strong>C'est une belle descente ludique qui ne vous laissera pas indiff\u00e9rent jusqu'\u00e0 la fin, o\u00f9 l'agr\u00e9able surprise d'une vue fascinante sur l'oc\u00e9an vous attend depuis le dernier rappel.<\/p>\n\n\n\n<p>Lorsque vous entrez dans <strong>Ribeira Funda<\/strong>vous ressentez leur <strong>explosion de couleurs<\/strong> qui jouent avec le noir de la roche basaltique et le vert de la v\u00e9g\u00e9tation.<\/p>\n\n\n\n<p>En elle nous attend <strong>une grande cascade de 55 m\u00e8tres<\/strong> tr\u00e8s ouvert, que nous descendrons sous la chute abrupte de l'eau, nous permettant dans les mois d'\u00e9tiage un d\u00e9bit convenable pour la descente, nous pouvons aussi profiter de quelques cascades, en fonction de son d\u00e9bit.<\/p>\n\n\n\n<figure class=\"wp-block-image size-large\"><img loading=\"lazy\" decoding=\"async\" width=\"768\" height=\"1024\" src=\"https:\/\/travesiapirenaica.com\/wp-content\/uploads\/2023\/05\/RibeiraFunda2-768x1024.jpg\" alt=\"\" class=\"wp-image-36030\" srcset=\"https:\/\/travesiapirenaica.com\/wp-content\/uploads\/2023\/05\/RibeiraFunda2-768x1024.jpg 768w, https:\/\/travesiapirenaica.com\/wp-content\/uploads\/2023\/05\/RibeiraFunda2-225x300.jpg 225w, https:\/\/travesiapirenaica.com\/wp-content\/uploads\/2023\/05\/RibeiraFunda2-1152x1536.jpg 1152w, https:\/\/travesiapirenaica.com\/wp-content\/uploads\/2023\/05\/RibeiraFunda2-600x800.jpg 600w, https:\/\/travesiapirenaica.com\/wp-content\/uploads\/2023\/05\/RibeiraFunda2.jpg 1280w\" sizes=\"auto, (max-width: 768px) 100vw, 768px\" \/><\/figure>\n\n\n\n<p>La descente consiste en <strong>9 rappels<\/strong> et une certaine dext\u00e9rit\u00e9 et <strong>il s'agit d'une descente technique qui n\u00e9cessite une pr\u00e9paration et un bon maniement de la corde.<\/strong>.<\/p>\n\n\n\n<p>Avec un temps d'approche de seulement 20 minutes \u00e0 pied, <strong>c'est une descente tr\u00e8s compl\u00e8te et un must \u00e0 faire lors de votre visite sur l'\u00eele !<\/strong><\/p>\n\n\n\n<h3 class=\"wp-block-heading\"><strong>BARRANCO VOLTAS MATILDE<\/strong><\/h3>\n\n\n\n<p style=\"color:#808080\"><font size=\"-1\"><em>Difficult\u00e9 : d\u00e9butant-moyen ; Longueur : 900m ; D\u00e9nivellation : 300m ; Nombre de rappels : 12 ; Maximum de rappels : 28m ; <\/em><\/font><\/p>\n\n\n\n<p>Il s'agit d'un ravin de <strong>niveau d\u00e9butant\/interm\u00e9diaire<\/strong>id\u00e9al pour la descente en rappel et pour commencer votre semaine de canyoning sur l'\u00eele... !<\/p>\n\n\n\n<p><strong>Situ\u00e9 \u00e0 Chao da Ribeira<\/strong>Pour y acc\u00e9der, nous grimpons un beau sentier qui se transforme bient\u00f4t en escaliers qui, en peu de temps, prennent de la hauteur, et peu \u00e0 peu, nous sommes introduits dans la zone de l'h\u00f4tel. <strong>La magnifique for\u00eat de lauriers de Mad\u00e8re<\/strong>Celui-ci nous offre un beau paysage de carte postale \u00e0 son approche.<\/p>\n\n\n\n<figure class=\"wp-block-image size-large\"><img loading=\"lazy\" decoding=\"async\" width=\"768\" height=\"1024\" src=\"https:\/\/travesiapirenaica.com\/wp-content\/uploads\/2023\/05\/20220805_125907-768x1024.jpg\" alt=\"\" class=\"wp-image-35768\" srcset=\"https:\/\/travesiapirenaica.com\/wp-content\/uploads\/2023\/05\/20220805_125907-768x1024.jpg 768w, https:\/\/travesiapirenaica.com\/wp-content\/uploads\/2023\/05\/20220805_125907-225x300.jpg 225w, https:\/\/travesiapirenaica.com\/wp-content\/uploads\/2023\/05\/20220805_125907-1152x1536.jpg 1152w, https:\/\/travesiapirenaica.com\/wp-content\/uploads\/2023\/05\/20220805_125907-1536x2048.jpg 1536w, https:\/\/travesiapirenaica.com\/wp-content\/uploads\/2023\/05\/20220805_125907-600x800.jpg 600w, https:\/\/travesiapirenaica.com\/wp-content\/uploads\/2023\/05\/20220805_125907-scaled.jpg 1920w\" sizes=\"auto, (max-width: 768px) 100vw, 768px\" \/><\/figure>\n\n\n\n<p>Avec un <strong>extension de 900 m\u00e8tres<\/strong> et un <strong>300 m\u00e8tres de d\u00e9nivel\u00e9<\/strong>La descente est une descente avec <strong>12 chutes d'eau<\/strong>l'un d'entre eux en <strong>jusqu'\u00e0 28 m\u00e8tres de haut<\/strong>.<\/p>\n\n\n\n<p>Entour\u00e9 d'un environnement magique de foug\u00e8res et de laurisilva, il vaut la peine d'\u00eatre visit\u00e9.<\/p>\n\n\n\n<h3 class=\"wp-block-heading\"><strong>BARRANCO DO FOLHADO<\/strong><\/h3>\n\n\n\n<p style=\"color:#808080\"><font size=\"-1\"><em>Difficult\u00e9 : moyenne ; Longueur : 700m ; D\u00e9nivellation : 300m ; Nombre de rappels : 14 ; Maximum de rappels : 27m ; <\/em><\/font><\/p>\n\n\n\n<p>Nous rencontrons <strong>un canyon de plus longue dur\u00e9e que les canyons pr\u00e9c\u00e9dents<\/strong>Le d\u00e9clin de la <strong>un peu plus facile au d\u00e9but<\/strong> et que peu \u00e0 peu <strong>il devient un ravin plus technique<\/strong> avec des cascades qui ne vous laisseront pas indiff\u00e9rents.<\/p>\n\n\n\n<p>\u00c9galement situ\u00e9 dans <strong>Chao da Ribeira<\/strong>, <strong>Folhado<\/strong> est une baisse de <strong>14 rappels<\/strong>ayant son <strong>plus long rappel 27 m\u00e8tres<\/strong>.<\/p>\n\n\n\n<p>Avec une approche exigeante \u00e0 pied de plus d'une heure, l'acc\u00e8s se fera par <strong>les c\u00e9l\u00e8bres et redoutables escaliers de la route Lombo Barbinhas<\/strong>. Ni plus ni moins qu'environ <strong>1 000 marches !<\/strong><\/p>\n\n\n\n<figure class=\"wp-block-image size-large\"><img loading=\"lazy\" decoding=\"async\" width=\"1024\" height=\"768\" src=\"https:\/\/travesiapirenaica.com\/wp-content\/uploads\/2023\/05\/20220809_120441-1024x768.jpg\" alt=\"\" class=\"wp-image-35770\" srcset=\"https:\/\/travesiapirenaica.com\/wp-content\/uploads\/2023\/05\/20220809_120441-1024x768.jpg 1024w, https:\/\/travesiapirenaica.com\/wp-content\/uploads\/2023\/05\/20220809_120441-300x225.jpg 300w, https:\/\/travesiapirenaica.com\/wp-content\/uploads\/2023\/05\/20220809_120441-768x576.jpg 768w, https:\/\/travesiapirenaica.com\/wp-content\/uploads\/2023\/05\/20220809_120441-1536x1152.jpg 1536w, https:\/\/travesiapirenaica.com\/wp-content\/uploads\/2023\/05\/20220809_120441-2048x1536.jpg 2048w, https:\/\/travesiapirenaica.com\/wp-content\/uploads\/2023\/05\/20220809_120441-600x450.jpg 600w\" sizes=\"auto, (max-width: 1024px) 100vw, 1024px\" \/><\/figure>\n\n\n\n<p>Dans ce ravin, le <strong>v\u00e9g\u00e9tation luxuriante<\/strong> est toujours pr\u00e9sent. La beaut\u00e9 de ses cascades et de ses environs vous donne l'impression d'\u00eatre dans la jungle elle-m\u00eame. Nous profiterons \u00e9galement de ses rappels d'eau.<\/p>\n\n\n\n<p>Avant d'arriver \u00e0 sa fin, dans les trois derniers rappels, Folhado partage ces trois derni\u00e8res cascades avec les ravins voisins, qui sont Seixal Inferior et Hortela Inferior.<\/p>\n\n\n\n<p>Cela signifie que les trois derniers rappels appartiennent aux 3 canyons de mani\u00e8re \u00e9gale, et que chaque fois que nous ferons l'un ou l'autre canyon, nous partagerons les trois derniers rappels, en les terminant tous au m\u00eame endroit, en d\u00e9faisant une partie de leur approche sur le chemin du retour \u00e0 la voiture.<\/p>\n\n\n\n<figure class=\"wp-block-image size-large\"><img loading=\"lazy\" decoding=\"async\" width=\"768\" height=\"1024\" src=\"https:\/\/travesiapirenaica.com\/wp-content\/uploads\/2023\/05\/20220809_140750-1-768x1024.jpg\" alt=\"\" class=\"wp-image-35772\" srcset=\"https:\/\/travesiapirenaica.com\/wp-content\/uploads\/2023\/05\/20220809_140750-1-768x1024.jpg 768w, https:\/\/travesiapirenaica.com\/wp-content\/uploads\/2023\/05\/20220809_140750-1-225x300.jpg 225w, https:\/\/travesiapirenaica.com\/wp-content\/uploads\/2023\/05\/20220809_140750-1-1152x1536.jpg 1152w, https:\/\/travesiapirenaica.com\/wp-content\/uploads\/2023\/05\/20220809_140750-1-1536x2048.jpg 1536w, https:\/\/travesiapirenaica.com\/wp-content\/uploads\/2023\/05\/20220809_140750-1-600x800.jpg 600w, https:\/\/travesiapirenaica.com\/wp-content\/uploads\/2023\/05\/20220809_140750-1-scaled.jpg 1920w\" sizes=\"auto, (max-width: 768px) 100vw, 768px\" \/><\/figure>\n\n\n\n<h2 class=\"wp-block-heading\"><strong>FORMATION, G\u00c9OLOGIE ET VOLCANISME<\/strong><\/h2>\n\n\n\n<p><strong>Mad\u00e8re<\/strong> est un voisin des \u00eeles <strong>A\u00e7ores<\/strong>des \u00eeles <strong>\u00celes Canaries<\/strong> et les \u00eeles de <strong>Cap Vert<\/strong>dans le cadre de la <strong>\u00celes Macaron\u00e9sie<\/strong>.<\/p>\n\n\n\n<p>Le <strong>Archipel de Mad\u00e8re<\/strong> se compose de l'\u00eele de <strong>Mad\u00e8re, Porto Santo et les \u00eeles d\u00e9sertes<\/strong>.<\/p>\n\n\n\n<p>Ils sont situ\u00e9s \u00e0 une distance d'environ <strong>1 000 kilom\u00e8tres au large des c\u00f4tes portugaises<\/strong>.<\/p>\n\n\n\n<p><strong>Funchal, la ville principale<\/strong> et port sur la c\u00f4te sud de l'\u00eele, elle est \u00e0 660 kilom\u00e8tres de la c\u00f4te africaine.<\/p>\n\n\n\n<p><strong>Mad\u00e8re<\/strong>de <strong>climat subtropical<\/strong> et avec <strong>montagnes volcaniques<\/strong> coup\u00e9 par <strong>vall\u00e9es profondes<\/strong> vers la mer, il a une forme allong\u00e9e d'est en ouest : <strong>sa longueur<\/strong> est approximativement de <strong>55 km<\/strong>et son <strong>largeur de 24 km<\/strong>avec 160 km de c\u00f4tes. L'altitude moyenne est de 1 300 m\u00e8tres, les plus remarquables \u00e9tant le <strong>Pic Ruivo (1 862 m\u00e8tres)<\/strong>les&nbsp;<strong>Pico das Torres (1 850 m\u00e8tres)<\/strong> et le <strong>Pico do Arieiro (1 818 m\u00e8tres)<\/strong>. Les c\u00f4tes sont escarp\u00e9es et <strong>les plages de sable sont rares<\/strong>. Sur la c\u00f4te sud, \u00e0 l'ouest de Funchal, s'\u00e9l\u00e8ve le <strong>Cabo Girao, l'une des plus hautes falaises du monde<\/strong>.<\/p>\n\n\n\n<p>L'archipel s'est form\u00e9 \u00e0 la suite d'une activit\u00e9 volcanique. Le caract\u00e8re accident\u00e9 de la c\u00f4te de Mad\u00e8re se poursuit de la m\u00eame mani\u00e8re sous le niveau de la mer.<\/p>\n\n\n\n<figure class=\"wp-block-image size-large\"><img loading=\"lazy\" decoding=\"async\" width=\"1024\" height=\"768\" src=\"https:\/\/travesiapirenaica.com\/wp-content\/uploads\/2023\/05\/IMG-20220809-WA0524-1024x768.jpg\" alt=\"\" class=\"wp-image-35777\" srcset=\"https:\/\/travesiapirenaica.com\/wp-content\/uploads\/2023\/05\/IMG-20220809-WA0524-1024x768.jpg 1024w, https:\/\/travesiapirenaica.com\/wp-content\/uploads\/2023\/05\/IMG-20220809-WA0524-300x225.jpg 300w, https:\/\/travesiapirenaica.com\/wp-content\/uploads\/2023\/05\/IMG-20220809-WA0524-768x576.jpg 768w, https:\/\/travesiapirenaica.com\/wp-content\/uploads\/2023\/05\/IMG-20220809-WA0524-1536x1152.jpg 1536w, https:\/\/travesiapirenaica.com\/wp-content\/uploads\/2023\/05\/IMG-20220809-WA0524-600x450.jpg 600w, https:\/\/travesiapirenaica.com\/wp-content\/uploads\/2023\/05\/IMG-20220809-WA0524.jpg 2048w\" sizes=\"auto, (max-width: 1024px) 100vw, 1024px\" \/><\/figure>\n\n\n\n<h2 class=\"wp-block-heading\"><strong>HISTOIRE<\/strong><\/h2>\n\n\n\n<p>Le <strong>for\u00eat de lauriers<\/strong>&nbsp;qui recouvrait l'\u00eele avant sa colonisation et lui a donn\u00e9 son nom (<em>mad\u00e8re<\/em>&nbsp;signifie \"bois\" en portugais), a \u00e9t\u00e9 presque enti\u00e8rement br\u00fbl\u00e9e par les premiers colons, et seules quelques zones dans les vall\u00e9es du nord de l'\u00eele ont \u00e9t\u00e9 pr\u00e9serv\u00e9es. <strong>Il a \u00e9t\u00e9 inscrit au patrimoine mondial de l'UNESCO en 1999.<\/strong>. Mais la for\u00eat s'est r\u00e9tablie et s'est \u00e9tendue avec des esp\u00e8ces europ\u00e9ennes et tropicales introduites par les colons qui coexistent aujourd'hui avec les esp\u00e8ces end\u00e9miques. L'humidit\u00e9 du nord favorise la croissance d'une v\u00e9g\u00e9tation exub\u00e9rante, y compris sur les pentes presque verticales, et m\u00eame sur les pentes de la montagne. <strong>70 esp\u00e8ces de foug\u00e8res<\/strong>.<\/p>\n\n\n\n<figure class=\"wp-block-image size-large\"><img loading=\"lazy\" decoding=\"async\" width=\"768\" height=\"1024\" src=\"https:\/\/travesiapirenaica.com\/wp-content\/uploads\/2023\/05\/IMG-20220807-WA0035-768x1024.jpg\" alt=\"\" class=\"wp-image-35774\" srcset=\"https:\/\/travesiapirenaica.com\/wp-content\/uploads\/2023\/05\/IMG-20220807-WA0035-768x1024.jpg 768w, https:\/\/travesiapirenaica.com\/wp-content\/uploads\/2023\/05\/IMG-20220807-WA0035-225x300.jpg 225w, https:\/\/travesiapirenaica.com\/wp-content\/uploads\/2023\/05\/IMG-20220807-WA0035-1152x1536.jpg 1152w, https:\/\/travesiapirenaica.com\/wp-content\/uploads\/2023\/05\/IMG-20220807-WA0035-600x800.jpg 600w, https:\/\/travesiapirenaica.com\/wp-content\/uploads\/2023\/05\/IMG-20220807-WA0035.jpg 1536w\" sizes=\"auto, (max-width: 768px) 100vw, 768px\" \/><\/figure>\n\n\n\n<h2 class=\"wp-block-heading\"><strong>LEVADAS<\/strong><\/h2>\n\n\n\n<p>Dans le cadre de la&nbsp;<strong>XVIe si\u00e8cle<\/strong>Les Portugais ont commenc\u00e9 \u00e0 construire le <strong>levadas pour irriguer les plantations de canne \u00e0 sucre<\/strong>\u00c0 cette \u00e9poque, le sucre \u00e9tait connu sous le nom d'\"or blanc\", et tr\u00e8s vite les vignobles qui allaient produire le vin de Mad\u00e8re. \u00c0 cette \u00e9poque, la construction, faite de bois et de pierre volcanique, \u00e9tait de nature priv\u00e9e, \u00e0 des fins d'irrigation. Quelques-uns ont \u00e9t\u00e9 utilis\u00e9s pour transporter l'eau d'un c\u00f4t\u00e9 de l'\u00eele \u00e0 l'autre, du nord au sud.<\/p>\n\n\n\n<p>Au XIXe si\u00e8cle, l'\u00c9tat commence \u00e0 subventionner la construction des levadas et le ciment fait son apparition. A partir de cette p\u00e9riode, les <strong>levada Velha do Raba\u00e7al<\/strong>construit entre 1835 et 1860, et qui est aujourd'hui le point de d\u00e9part de l'un des plus importants projets d'am\u00e9nagement du territoire de l'Union europ\u00e9enne. <strong>excursions<\/strong> la plus accomplie de l'\u00eele, celle qui visite <strong>les levadas de Risco et des 25 Fontes<\/strong>.<\/p>\n\n\n\n<p>Actuellement, <strong>les levadas sont devenues l'une des attractions de l'\u00eele.<\/strong>Le parc, qui est une \u0153uvre d'art cr\u00e9\u00e9e par l'homme, permet \u00e0 des millions de spectateurs de parcourir les milliers de kilom\u00e8tres qui composent cette grande \u0153uvre d'art.<\/p>\n\n\n\n<figure class=\"wp-block-image size-large\"><img loading=\"lazy\" decoding=\"async\" width=\"768\" height=\"1024\" src=\"https:\/\/travesiapirenaica.com\/wp-content\/uploads\/2023\/05\/IMG-20220807-WA0027-768x1024.jpg\" alt=\"\" class=\"wp-image-35778\" srcset=\"https:\/\/travesiapirenaica.com\/wp-content\/uploads\/2023\/05\/IMG-20220807-WA0027-768x1024.jpg 768w, https:\/\/travesiapirenaica.com\/wp-content\/uploads\/2023\/05\/IMG-20220807-WA0027-225x300.jpg 225w, https:\/\/travesiapirenaica.com\/wp-content\/uploads\/2023\/05\/IMG-20220807-WA0027-1152x1536.jpg 1152w, https:\/\/travesiapirenaica.com\/wp-content\/uploads\/2023\/05\/IMG-20220807-WA0027-600x800.jpg 600w, https:\/\/travesiapirenaica.com\/wp-content\/uploads\/2023\/05\/IMG-20220807-WA0027.jpg 1536w\" sizes=\"auto, (max-width: 768px) 100vw, 768px\" \/><\/figure>\n\n\n\n<p>Avec les nouvelles constructions, <strong>le r\u00e9seau compte plus de 2 000 km et 35 km de tunnels.<\/strong>.<\/p>\n\n\n\n<p>D'une grande beaut\u00e9, vous ne pouvez pas manquer les plus belles d'entre elles, comme celles qui suivent :<\/p>\n\n\n\n<p>-<strong>Levada de las 25 Fontes<\/strong>Le plus visit\u00e9 de l'\u00eele.<\/p>\n\n\n\n<p>-<strong>Caldeirao Verde<\/strong>On peut y voir une chute d'eau de 80 m\u00e8tres.<\/p>\n\n\n\n<p>-<strong>Serra do Faial<\/strong>Au d\u00e9but, il y a un \u00e9levage de truites et de nombreuses orchid\u00e9es.<\/p>\n\n\n\n<p>-<strong>Furado<\/strong>est l'un des plus anciens de l'\u00eele.<\/p>\n\n\n\n<p>Et bien d'autres encore...<\/p>\n\n\n<style>.kadence-column_3e6100-ff > .kt-inside-inner-col{padding-top:var(--global-kb-spacing-xxs, 0.5rem);padding-right:var(--global-kb-spacing-xxs, 0.5rem);padding-bottom:var(--global-kb-spacing-xxs, 0.5rem);padding-left:var(--global-kb-spacing-xxs, 0.5rem);}.kadence-column_3e6100-ff > .kt-inside-inner-col,.kadence-column_3e6100-ff > .kt-inside-inner-col:before{border-top-left-radius:0px;border-top-right-radius:0px;border-bottom-right-radius:0px;border-bottom-left-radius:0px;}.kadence-column_3e6100-ff > .kt-inside-inner-col{column-gap:var(--global-kb-gap-sm, 1rem);}.kadence-column_3e6100-ff > .kt-inside-inner-col{flex-direction:column;}.kadence-column_3e6100-ff > .kt-inside-inner-col > .aligncenter{width:100%;}.kadence-column_3e6100-ff > .kt-inside-inner-col{background-color:#e6e6e6;}.kadence-column_3e6100-ff > .kt-inside-inner-col:before{opacity:0.3;}.kadence-column_3e6100-ff{position:relative;}.kadence-column_3e6100-ff, .kt-inside-inner-col > .kadence-column_3e6100-ff:not(.specificity){margin-top:var(--global-kb-spacing-xxs, 0.5rem);}@media all and (max-width: 1024px){.kadence-column_3e6100-ff > .kt-inside-inner-col{flex-direction:column;justify-content:center;}}@media all and (max-width: 767px){.kadence-column_3e6100-ff > .kt-inside-inner-col{flex-direction:column;justify-content:center;}}<\/style>\n<div class=\"wp-block-kadence-column kadence-column_3e6100-ff\"><div class=\"kt-inside-inner-col\"><style>.wp-block-kadence-column.kb-section-dir-horizontal > .kt-inside-inner-col > .kt-info-box_97e3a2-22 .kt-blocks-info-box-link-wrap{max-width:unset;}.kt-info-box_97e3a2-22 .kt-blocks-info-box-link-wrap{padding-top:var(--global-kb-spacing-xs, 1rem);padding-right:var(--global-kb-spacing-xs, 1rem);padding-bottom:var(--global-kb-spacing-xs, 1rem);padding-left:var(--global-kb-spacing-xs, 1rem);}.kt-info-box_97e3a2-22.wp-block-kadence-infobox{max-width:100%;}.kt-info-box_97e3a2-22 .kadence-info-box-image-inner-intrisic-container{max-width:100px;}.kt-info-box_97e3a2-22 .kadence-info-box-image-inner-intrisic-container .kadence-info-box-image-intrisic{padding-bottom:100%;width:400px;height:0px;max-width:100%;}.kt-info-box_97e3a2-22 .kadence-info-box-icon-container .kt-info-svg-icon, .kt-info-box_97e3a2-22 .kt-info-svg-icon-flip, .kt-info-box_97e3a2-22 .kt-blocks-info-box-number{font-size:50px;}.kt-info-box_97e3a2-22 .kt-blocks-info-box-media{border-color:var(--global-palette7, #eeeeee);border-radius:200px;overflow:hidden;border-top-width:0px;border-right-width:0px;border-bottom-width:0px;border-left-width:0px;padding-top:10px;padding-right:10px;padding-bottom:10px;padding-left:10px;}.kt-info-box_97e3a2-22 .kt-blocks-info-box-media-container{margin-top:0px;margin-right:15px;margin-bottom:0px;margin-left:15px;}.kt-info-box_97e3a2-22 .kt-blocks-info-box-media .kadence-info-box-image-intrisic img{border-radius:200px;}.kt-info-box_97e3a2-22 .kt-infobox-textcontent h2.kt-blocks-info-box-title{padding-top:0px;padding-right:0px;padding-bottom:0px;padding-left:0px;margin-top:5px;margin-right:0px;margin-bottom:10px;margin-left:0px;}.wp-block-kadence-infobox.kt-info-box_97e3a2-22 .kt-blocks-info-box-text{font-weight:400;}.kt-info-box_97e3a2-22 .kt-blocks-info-box-learnmore{color:var(--global-palette9, #ffffff);background:var(--global-palette1, #3182CE);border-width:0px 0px 0px 0px;padding-top:4px;padding-right:8px;padding-bottom:4px;padding-left:8px;margin-top:10px;margin-right:0px;margin-bottom:10px;margin-left:0px;}<\/style>\n<div class=\"wp-block-kadence-infobox kt-info-box_97e3a2-22\"><a class=\"kt-blocks-info-box-link-wrap info-box-link kt-blocks-info-box-media-align-top kt-info-halign-center\" target=\"_blank\" rel=\"noopener noreferrer nofollow\" href=\"https:\/\/www.barrancslopallars.com\/portfolio-items\/barranquismo-en-isla-de-madeira\/\"><div class=\"kt-blocks-info-box-media-container\"><div class=\"kt-blocks-info-box-media kt-info-media-animate-none\"><div class=\"kadence-info-box-image-inner-intrisic-container\"><div class=\"kadence-info-box-image-intrisic kt-info-animate-none\"><div class=\"kadence-info-box-image-inner-intrisic\"><img loading=\"lazy\" decoding=\"async\" src=\"https:\/\/travesiapirenaica.com\/wp-content\/uploads\/2023\/04\/Noe-perfil-2b.jpg\" alt=\"\" width=\"400\" height=\"400\" class=\"kt-info-box-image wp-image-35306\" srcset=\"https:\/\/travesiapirenaica.com\/wp-content\/uploads\/2023\/04\/Noe-perfil-2b.jpg 400w, https:\/\/travesiapirenaica.com\/wp-content\/uploads\/2023\/04\/Noe-perfil-2b-300x300.jpg 300w, https:\/\/travesiapirenaica.com\/wp-content\/uploads\/2023\/04\/Noe-perfil-2b-150x150.jpg 150w, https:\/\/travesiapirenaica.com\/wp-content\/uploads\/2023\/04\/Noe-perfil-2b-100x100.jpg 100w\" sizes=\"auto, (max-width: 400px) 100vw, 400px\" \/><\/div><\/div><\/div><\/div><\/div><div class=\"kt-infobox-textcontent\"><h2 class=\"kt-blocks-info-box-title\"><\/h2><p class=\"kt-blocks-info-box-text\">Si vous envisagez de partir \u00e0 l'aventure sur une \u00eele exotique, si vous \u00eates sportif et si vous aimez le canyoning, c'est un voyage \u00e0 ne pas manquer !<br\/><\/p><div class=\"kt-blocks-info-box-learnmore-wrap\"><span class=\"kt-blocks-info-box-learnmore\">R\u00e9servez votre place d\u00e8s maintenant !<\/span><\/div><\/div><\/a><\/div>\n\n\n\n<p><\/p>\n\n\n\n<p><em>Noelia Novoa \/ Barrancs lo Pallars<\/em><\/p>\n<\/div><\/div>\n\n\n\n<p><\/p>\n\n\n\n<h2 class=\"wp-block-heading\"><strong>VOUS POUVEZ \u00caTRE INT\u00c9RESS\u00c9 PAR<\/strong><\/h2>\n\n\n\n<div class=\"wp-block-media-text alignwide is-stacked-on-mobile\" style=\"grid-template-columns:29% auto\"><figure class=\"wp-block-media-text__media\"><img loading=\"lazy\" decoding=\"async\" width=\"1024\" height=\"717\" src=\"https:\/\/travesiapirenaica.com\/wp-content\/uploads\/2023\/07\/barrancos-cat-1024x717.jpg\" alt=\"\" class=\"wp-image-36901 size-full\" srcset=\"https:\/\/travesiapirenaica.com\/wp-content\/uploads\/2023\/07\/barrancos-cat-1024x717.jpg 1024w, https:\/\/travesiapirenaica.com\/wp-content\/uploads\/2023\/07\/barrancos-cat-300x210.jpg 300w, https:\/\/travesiapirenaica.com\/wp-content\/uploads\/2023\/07\/barrancos-cat-768x538.jpg 768w, https:\/\/travesiapirenaica.com\/wp-content\/uploads\/2023\/07\/barrancos-cat-600x420.jpg 600w, https:\/\/travesiapirenaica.com\/wp-content\/uploads\/2023\/07\/barrancos-cat.jpg 1280w\" sizes=\"auto, (max-width: 1024px) 100vw, 1024px\" \/><\/figure><div class=\"wp-block-media-text__content\">\n<h3 style=\"color:#c45a25\"><a href=\"https:\/\/travesiapirenaica.com\/fr\/canyoning-dans-les-pyrenees-catalanes\/\"><strong>5 Canyons des Pyr\u00e9n\u00e9es catalanes \u00e0 ne pas manquer<\/strong><\/a><\/h3><p>Les Pyr\u00e9n\u00e9es catalanes cachent de v\u00e9ritables joyaux pour les amateurs de canyoning. D\u00e9couvrez les 5 canyons \u00e0 ne pas manquer.<\/p>\n\n\n\n<p><\/p>\n<\/div><\/div>","protected":false},"excerpt":{"rendered":"Mad\u00e8re est l'une des cinq meilleures destinations au monde pour le canyoning. D\u00e9couvrez les trois canyons \u00e0 ne pas manquer.","protected":false},"author":1183,"featured_media":35924,"comment_status":"closed","ping_status":"closed","sticky":false,"template":"","format":"standard","meta":{"_kad_blocks_custom_css":"","_kad_blocks_head_custom_js":"","_kad_blocks_body_custom_js":"","_kad_blocks_footer_custom_js":"","episode_type":"audio","audio_file":"","podmotor_file_id":"","podmotor_episode_id":"","cover_image":"","cover_image_id":"","duration":"","filesize":"","filesize_raw":"","date_recorded":"","explicit":"","block":"","_kad_post_transparent":"","_kad_post_title":"","_kad_post_layout":"","_kad_post_sidebar_id":"","_kad_post_content_style":"","_kad_post_vertical_padding":"","_kad_post_feature":"","_kad_post_feature_position":"","_kad_post_header":false,"_kad_post_footer":false,"_kad_post_classname":"","_jetpack_memberships_contains_paid_content":false,"footnotes":""},"categories":[3067],"tags":[3039,3038],"series":[],"class_list":["post-35753","post","type-post","status-publish","format-standard","has-post-thumbnail","hentry","category-barranquismo","tag-barranquismo","tag-madeira"],"episode_featured_image":"https:\/\/travesiapirenaica.com\/wp-content\/uploads\/2023\/05\/barranquismo-madeira.jpg","episode_player_image":"https:\/\/travesiapirenaica.com\/wp-content\/uploads\/2017\/12\/Caratula-Podcast-Maldita-Montana_1500x1500_72pp-p_.jpg","download_link":"","player_link":"","audio_player":false,"episode_data":{"playerMode":"dark","subscribeUrls":[],"rssFeedUrl":"https:\/\/travesiapirenaica.com\/fr\/feed\/podcast\/maldita-montana","embedCode":"<blockquote class=\"wp-embedded-content\" data-secret=\"Xusfva2h9z\"><a href=\"https:\/\/travesiapirenaica.com\/fr\/barranquismo-madeira\/\">Barranquismo en Madeira<\/a><\/blockquote><iframe sandbox=\"allow-scripts\" security=\"restricted\" src=\"https:\/\/travesiapirenaica.com\/fr\/barranquismo-madeira\/embed\/#?secret=Xusfva2h9z\" width=\"500\" height=\"350\" title=\"\u00ab\u00a0Barranquismo en Madeira\u00a0\u00bb &#8212; Traves\u00eda.\" data-secret=\"Xusfva2h9z\" frameborder=\"0\" marginwidth=\"0\" marginheight=\"0\" scrolling=\"no\" class=\"wp-embedded-content\"><\/iframe><script>\n\/*! This file is auto-generated *\/\n!function(d,l){\"use strict\";l.querySelector&&d.addEventListener&&\"undefined\"!=typeof URL&&(d.wp=d.wp||{},d.wp.receiveEmbedMessage||(d.wp.receiveEmbedMessage=function(e){var t=e.data;if((t||t.secret||t.message||t.value)&&!\/[^a-zA-Z0-9]\/.test(t.secret)){for(var s,r,n,a=l.querySelectorAll('iframe[data-secret=\"'+t.secret+'\"]'),o=l.querySelectorAll('blockquote[data-secret=\"'+t.secret+'\"]'),c=new RegExp(\"^https?:$\",\"i\"),i=0;i<o.length;i++)o[i].style.display=\"none\";for(i=0;i<a.length;i++)s=a[i],e.source===s.contentWindow&&(s.removeAttribute(\"style\"),\"height\"===t.message?(1e3<(r=parseInt(t.value,10))?r=1e3:~~r<200&&(r=200),s.height=r):\"link\"===t.message&&(r=new URL(s.getAttribute(\"src\")),n=new URL(t.value),c.test(n.protocol))&&n.host===r.host&&l.activeElement===s&&(d.top.location.href=t.value))}},d.addEventListener(\"message\",d.wp.receiveEmbedMessage,!1),l.addEventListener(\"DOMContentLoaded\",function(){for(var e,t,s=l.querySelectorAll(\"iframe.wp-embedded-content\"),r=0;r<s.length;r++)(t=(e=s[r]).getAttribute(\"data-secret\"))||(t=Math.random().toString(36).substring(2,12),e.src+=\"#?secret=\"+t,e.setAttribute(\"data-secret\",t)),e.contentWindow.postMessage({message:\"ready\",secret:t},\"*\")},!1)))}(window,document);\n\/\/# sourceURL=https:\/\/travesiapirenaica.com\/wp-includes\/js\/wp-embed.min.js\n<\/script>\n"},"taxonomy_info":{"category":[{"value":3067,"label":"Barranquismo"}],"post_tag":[{"value":3039,"label":"barranquismo"},{"value":3038,"label":"Madeira"}]},"featured_image_src_large":["https:\/\/travesiapirenaica.com\/wp-content\/uploads\/2023\/05\/barranquismo-madeira-1024x768.jpg",1024,768,true],"author_info":{"display_name":"Noelia Novoa","author_link":"https:\/\/travesiapirenaica.com\/fr\/author\/noelianovoa\/"},"comment_info":0,"category_info":[{"term_id":3067,"name":"Barranquismo","slug":"barranquismo","term_group":0,"term_taxonomy_id":3083,"taxonomy":"category","description":"","parent":0,"count":7,"filter":"raw","cat_ID":3067,"category_count":7,"category_description":"","cat_name":"Barranquismo","category_nicename":"barranquismo","category_parent":0}],"tag_info":[{"term_id":3039,"name":"barranquismo","slug":"barranquismo","term_group":0,"term_taxonomy_id":3055,"taxonomy":"post_tag","description":"","parent":0,"count":7,"filter":"raw"},{"term_id":3038,"name":"Madeira","slug":"madeira","term_group":0,"term_taxonomy_id":3054,"taxonomy":"post_tag","description":"","parent":0,"count":2,"filter":"raw"}],"jetpack_featured_media_url":"https:\/\/travesiapirenaica.com\/wp-content\/uploads\/2023\/05\/barranquismo-madeira.jpg","jetpack_sharing_enabled":true,"_links":{"self":[{"href":"https:\/\/travesiapirenaica.com\/fr\/wp-json\/wp\/v2\/posts\/35753","targetHints":{"allow":["GET"]}}],"collection":[{"href":"https:\/\/travesiapirenaica.com\/fr\/wp-json\/wp\/v2\/posts"}],"about":[{"href":"https:\/\/travesiapirenaica.com\/fr\/wp-json\/wp\/v2\/types\/post"}],"author":[{"embeddable":true,"href":"https:\/\/travesiapirenaica.com\/fr\/wp-json\/wp\/v2\/users\/1183"}],"replies":[{"embeddable":true,"href":"https:\/\/travesiapirenaica.com\/fr\/wp-json\/wp\/v2\/comments?post=35753"}],"version-history":[{"count":0,"href":"https:\/\/travesiapirenaica.com\/fr\/wp-json\/wp\/v2\/posts\/35753\/revisions"}],"wp:featuredmedia":[{"embeddable":true,"href":"https:\/\/travesiapirenaica.com\/fr\/wp-json\/wp\/v2\/media\/35924"}],"wp:attachment":[{"href":"https:\/\/travesiapirenaica.com\/fr\/wp-json\/wp\/v2\/media?parent=35753"}],"wp:term":[{"taxonomy":"category","embeddable":true,"href":"https:\/\/travesiapirenaica.com\/fr\/wp-json\/wp\/v2\/categories?post=35753"},{"taxonomy":"post_tag","embeddable":true,"href":"https:\/\/travesiapirenaica.com\/fr\/wp-json\/wp\/v2\/tags?post=35753"},{"taxonomy":"series","embeddable":true,"href":"https:\/\/travesiapirenaica.com\/fr\/wp-json\/wp\/v2\/series?post=35753"}],"curies":[{"name":"wp","href":"https:\/\/api.w.org\/{rel}","templated":true}]}}