{"id":36151,"date":"2023-05-27T12:34:32","date_gmt":"2023-05-27T10:34:32","guid":{"rendered":"https:\/\/travesiapirenaica.com\/?p=36151"},"modified":"2023-05-31T12:37:42","modified_gmt":"2023-05-31T10:37:42","slug":"histoires-de-haute-altitude-ii-les-evenements-de-leli-del-pirineu","status":"publish","type":"post","link":"https:\/\/travesiapirenaica.com\/fr\/relatos-de-altura-ii-los-acontecimientos-de-eli-del-pirineu\/","title":{"rendered":"Les \u00e9v\u00e9nements d'Eli del Pirineu"},"content":{"rendered":"<p><em>Nous poursuivons la publication des micro-histoires de la deuxi\u00e8me \u00e9dition du concours :\u00a0<a href=\"https:\/\/travesiapirenaica.com\/fr\/concours-de-micro-histoires2022\/\">Histoires de haute altitude<\/a>Nous vous laissons appr\u00e9cier \"Les \u00e9v\u00e9nements d'Eli del Pirineu\", d'Eliel Cazorla.<\/em><\/p>\n\n\n\n<h2 class=\"wp-block-heading\" id=\"aqui-y-ahora\"><strong><strong><strong>Les \u00e9v\u00e9nements d'Eli del Pirineu<\/strong><\/strong><\/strong><\/h2>\n\n\n\n<p><em>-par Eliel Cazorla<\/em><\/p>\n\n\n\n<p>Je ne me souviens pas du moment exact o\u00f9 j'ai d\u00e9cid\u00e9 de partir \u00e0 l'aventure, mais je me souviens des \u00e9v\u00e9nements qui m'ont amen\u00e9e \u00e0 faire cette randonn\u00e9e longue distance qui m'a compl\u00e8tement chang\u00e9e. Il m'a tellement chang\u00e9 qu'il m'\u00e9tait impossible de revenir \u00e0 ce que j'\u00e9tais avant et c'est pour cette raison que peu de temps apr\u00e8s \"Ma travers\u00e9e romantique des Pyr\u00e9n\u00e9es\", une relation de 8 ans a \u00e9t\u00e9 rompue.<\/p>\n\n\n\n<p>Mes plus vieux souvenirs dans les Pyr\u00e9n\u00e9es, des livres d'aventure, une crise et la mort d'un grand ami. Je pense que ce sont l\u00e0 quelques-uns des principaux \u00e9v\u00e9nements qui m'ont conduit \u00e0 Hondarribia, devant le phare du Higuer et avec l'intention d'aller jusqu'au phare du Cap de Creus, en escaladant quelques-uns des sommets les plus embl\u00e9matiques des Pyr\u00e9n\u00e9es. Ce que je ne savais pas, c'est que cette aventure n'\u00e9tait que le d\u00e9but de beaucoup d'autres.<\/p>","protected":false},"excerpt":{"rendered":"Nous poursuivons la publication des micro-r\u00e9cits de la deuxi\u00e8me \u00e9dition du concours : Relatos de Altura,...","protected":false},"author":1,"featured_media":36154,"comment_status":"closed","ping_status":"closed","sticky":false,"template":"","format":"standard","meta":{"_kad_blocks_custom_css":"","_kad_blocks_head_custom_js":"","_kad_blocks_body_custom_js":"","_kad_blocks_footer_custom_js":"","episode_type":"audio","audio_file":"","podmotor_file_id":"","podmotor_episode_id":"","cover_image":"","cover_image_id":"","duration":"","filesize":"","filesize_raw":"","date_recorded":"","explicit":"","block":"","_kad_post_transparent":"","_kad_post_title":"","_kad_post_layout":"","_kad_post_sidebar_id":"","_kad_post_content_style":"","_kad_post_vertical_padding":"","_kad_post_feature":"","_kad_post_feature_position":"","_kad_post_header":false,"_kad_post_footer":false,"_kad_post_classname":"","_jetpack_memberships_contains_paid_content":false,"footnotes":""},"categories":[54],"tags":[3022],"series":[],"class_list":["post-36151","post","type-post","status-publish","format-standard","has-post-thumbnail","hentry","category-cultura","tag-microrrelatos"],"episode_featured_image":"https:\/\/travesiapirenaica.com\/wp-content\/uploads\/2023\/05\/Relatos-de-altura-II-Los-acontecimientos-de-Eli-del-Pirineu.jpg","episode_player_image":"https:\/\/travesiapirenaica.com\/wp-content\/uploads\/2017\/12\/Caratula-Podcast-Maldita-Montana_1500x1500_72pp-p_.jpg","download_link":"","player_link":"","audio_player":false,"episode_data":{"playerMode":"dark","subscribeUrls":[],"rssFeedUrl":"https:\/\/travesiapirenaica.com\/fr\/feed\/podcast\/maldita-montana","embedCode":"<blockquote class=\"wp-embedded-content\" data-secret=\"2yVTX4lETP\"><a href=\"https:\/\/travesiapirenaica.com\/fr\/relatos-de-altura-ii-los-acontecimientos-de-eli-del-pirineu\/\">Los acontecimientos de Eli del Pirineu<\/a><\/blockquote><iframe sandbox=\"allow-scripts\" security=\"restricted\" src=\"https:\/\/travesiapirenaica.com\/fr\/relatos-de-altura-ii-los-acontecimientos-de-eli-del-pirineu\/embed\/#?secret=2yVTX4lETP\" width=\"500\" height=\"350\" title=\"\u00ab\u00a0Los acontecimientos de Eli del Pirineu\u00a0\u00bb &#8212; Traves\u00eda.\" data-secret=\"2yVTX4lETP\" frameborder=\"0\" marginwidth=\"0\" marginheight=\"0\" scrolling=\"no\" class=\"wp-embedded-content\"><\/iframe><script>\n\/*! This file is auto-generated *\/\n!function(d,l){\"use strict\";l.querySelector&&d.addEventListener&&\"undefined\"!=typeof URL&&(d.wp=d.wp||{},d.wp.receiveEmbedMessage||(d.wp.receiveEmbedMessage=function(e){var t=e.data;if((t||t.secret||t.message||t.value)&&!\/[^a-zA-Z0-9]\/.test(t.secret)){for(var s,r,n,a=l.querySelectorAll('iframe[data-secret=\"'+t.secret+'\"]'),o=l.querySelectorAll('blockquote[data-secret=\"'+t.secret+'\"]'),c=new RegExp(\"^https?:$\",\"i\"),i=0;i<o.length;i++)o[i].style.display=\"none\";for(i=0;i<a.length;i++)s=a[i],e.source===s.contentWindow&&(s.removeAttribute(\"style\"),\"height\"===t.message?(1e3<(r=parseInt(t.value,10))?r=1e3:~~r<200&&(r=200),s.height=r):\"link\"===t.message&&(r=new URL(s.getAttribute(\"src\")),n=new URL(t.value),c.test(n.protocol))&&n.host===r.host&&l.activeElement===s&&(d.top.location.href=t.value))}},d.addEventListener(\"message\",d.wp.receiveEmbedMessage,!1),l.addEventListener(\"DOMContentLoaded\",function(){for(var e,t,s=l.querySelectorAll(\"iframe.wp-embedded-content\"),r=0;r<s.length;r++)(t=(e=s[r]).getAttribute(\"data-secret\"))||(t=Math.random().toString(36).substring(2,12),e.src+=\"#?secret=\"+t,e.setAttribute(\"data-secret\",t)),e.contentWindow.postMessage({message:\"ready\",secret:t},\"*\")},!1)))}(window,document);\n\/\/# sourceURL=https:\/\/travesiapirenaica.com\/wp-includes\/js\/wp-embed.min.js\n<\/script>\n"},"taxonomy_info":{"category":[{"value":54,"label":"Cultura"}],"post_tag":[{"value":3022,"label":"microrrelatos"}]},"featured_image_src_large":["https:\/\/travesiapirenaica.com\/wp-content\/uploads\/2023\/05\/Relatos-de-altura-II-Los-acontecimientos-de-Eli-del-Pirineu-1024x768.jpg",1024,768,true],"author_info":{"display_name":"Traves\u00eda Pirenaica","author_link":"https:\/\/travesiapirenaica.com\/fr\/author\/travesia-pirenaica\/"},"comment_info":0,"category_info":[{"term_id":54,"name":"Cultura","slug":"cultura","term_group":0,"term_taxonomy_id":54,"taxonomy":"category","description":"","parent":0,"count":239,"filter":"raw","cat_ID":54,"category_count":239,"category_description":"","cat_name":"Cultura","category_nicename":"cultura","category_parent":0}],"tag_info":[{"term_id":3022,"name":"microrrelatos","slug":"microrrelatos","term_group":0,"term_taxonomy_id":3038,"taxonomy":"post_tag","description":"","parent":0,"count":212,"filter":"raw"}],"jetpack_featured_media_url":"https:\/\/travesiapirenaica.com\/wp-content\/uploads\/2023\/05\/Relatos-de-altura-II-Los-acontecimientos-de-Eli-del-Pirineu.jpg","jetpack_sharing_enabled":true,"_links":{"self":[{"href":"https:\/\/travesiapirenaica.com\/fr\/wp-json\/wp\/v2\/posts\/36151","targetHints":{"allow":["GET"]}}],"collection":[{"href":"https:\/\/travesiapirenaica.com\/fr\/wp-json\/wp\/v2\/posts"}],"about":[{"href":"https:\/\/travesiapirenaica.com\/fr\/wp-json\/wp\/v2\/types\/post"}],"author":[{"embeddable":true,"href":"https:\/\/travesiapirenaica.com\/fr\/wp-json\/wp\/v2\/users\/1"}],"replies":[{"embeddable":true,"href":"https:\/\/travesiapirenaica.com\/fr\/wp-json\/wp\/v2\/comments?post=36151"}],"version-history":[{"count":0,"href":"https:\/\/travesiapirenaica.com\/fr\/wp-json\/wp\/v2\/posts\/36151\/revisions"}],"wp:featuredmedia":[{"embeddable":true,"href":"https:\/\/travesiapirenaica.com\/fr\/wp-json\/wp\/v2\/media\/36154"}],"wp:attachment":[{"href":"https:\/\/travesiapirenaica.com\/fr\/wp-json\/wp\/v2\/media?parent=36151"}],"wp:term":[{"taxonomy":"category","embeddable":true,"href":"https:\/\/travesiapirenaica.com\/fr\/wp-json\/wp\/v2\/categories?post=36151"},{"taxonomy":"post_tag","embeddable":true,"href":"https:\/\/travesiapirenaica.com\/fr\/wp-json\/wp\/v2\/tags?post=36151"},{"taxonomy":"series","embeddable":true,"href":"https:\/\/travesiapirenaica.com\/fr\/wp-json\/wp\/v2\/series?post=36151"}],"curies":[{"name":"wp","href":"https:\/\/api.w.org\/{rel}","templated":true}]}}