{"id":36241,"date":"2023-06-08T12:44:00","date_gmt":"2023-06-08T10:44:00","guid":{"rendered":"https:\/\/travesiapirenaica.com\/?p=36241"},"modified":"2023-06-12T12:44:30","modified_gmt":"2023-06-12T10:44:30","slug":"patagonia-lance-une-campagne-mondiale-pour-sauver-nos-oceans-un-appel-a-laction-contre-le-chalutage","status":"publish","type":"post","link":"https:\/\/travesiapirenaica.com\/fr\/patagonia-impulsa-una-campana-mundial-para-salvar-nuestros-oceanos-un-llamado-a-la-accion-contra-la-pesca-de-arrastre\/","title":{"rendered":"Patagonia lance une campagne mondiale pour sauver nos oc\u00e9ans : un appel \u00e0 l'action contre le chalutage"},"content":{"rendered":"<h5 class=\"wp-block-heading\">Les Europ\u00e9ens appellent les gouvernements \u00e0 mettre fin au chalutage de fond, en commen\u00e7ant par l'interdire imm\u00e9diatement dans les zones marines prot\u00e9g\u00e9es et les zones c\u00f4ti\u00e8res.<\/h5>\n\n\n\n<p><em>Amsterdam, 8 juin&nbsp;<\/em>2023 - \u00c0 l'occasion de la Journ\u00e9e mondiale des oc\u00e9ans 2023 (8 juin), Patagonia lance une campagne environnementale mondiale, ax\u00e9e sur la protection et la restauration des oc\u00e9ans. Gr\u00e2ce \u00e0 une s\u00e9rie de films, un site web d\u00e9di\u00e9, des p\u00e9titions et des \u00e9v\u00e9nements \u00e0 travers l'Europe, Patagonia mobilisera les gens et appellera les gouvernements \u00e0 mettre fin au chalutage en imposant la fin de l'utilisation de la p\u00eache au chalut.&nbsp;<a href=\"https:\/\/greenmedialab.us4.list-manage.com\/track\/click?u=4b6c5703a7db7b122fb3f1204&amp;id=9e7eca86cd&amp;e=d274cf7dbe\" target=\"_blank\" rel=\"noreferrer noopener\">interdiction imm\u00e9diate dans les zones marines prot\u00e9g\u00e9es et les zones c\u00f4ti\u00e8res<\/a>.<\/p>\n\n\n\n<p>En Europe, les partenaires de la campagne sont les ONG\u00a0<a href=\"https:\/\/greenmedialab.us4.list-manage.com\/track\/click?u=4b6c5703a7db7b122fb3f1204&amp;id=d7a5f2fc31&amp;e=d274cf7dbe\" target=\"_blank\" rel=\"noreferrer noopener nofollow\">Fleurir<\/a>,\u00a0<a href=\"https:\/\/greenmedialab.us4.list-manage.com\/track\/click?u=4b6c5703a7db7b122fb3f1204&amp;id=f346c64f68&amp;e=d274cf7dbe\" target=\"_blank\" rel=\"noreferrer noopener nofollow\">Blue Ventures<\/a>,\u00a0<a href=\"https:\/\/greenmedialab.us4.list-manage.com\/track\/click?u=4b6c5703a7db7b122fb3f1204&amp;id=426769b54d&amp;e=d274cf7dbe\" target=\"_blank\" rel=\"noreferrer noopener nofollow\">ClientEarth<\/a>,\u00a0<a href=\"https:\/\/greenmedialab.us4.list-manage.com\/track\/click?u=4b6c5703a7db7b122fb3f1204&amp;id=cfe9ad6b90&amp;e=d274cf7dbe\" target=\"_blank\" rel=\"noreferrer noopener nofollow\">Fondation pour la justice environnementale<\/a>,\u00a0<a href=\"https:\/\/greenmedialab.us4.list-manage.com\/track\/click?u=4b6c5703a7db7b122fb3f1204&amp;id=79e648d97a&amp;e=d274cf7dbe\" target=\"_blank\" rel=\"noreferrer noopener nofollow\">Oceana<\/a>\u00a0e\u00a0<a href=\"https:\/\/greenmedialab.us4.list-manage.com\/track\/click?u=4b6c5703a7db7b122fb3f1204&amp;id=122e176713&amp;e=d274cf7dbe\" target=\"_blank\" rel=\"noreferrer noopener nofollow\">Mers en danger<\/a>.<\/p>\n\n\n\n<p>L'oc\u00e9an, qui nous relie par la nourriture, les traditions et le sport, abrite de nombreuses formes de vie prosp\u00e8res et constitue une solution efficace pour le climat. Pourtant, la pratique du chalutage menace de d\u00e9truire cette pr\u00e9cieuse ressource, en d\u00e9vastant les fonds marins, en nuisant \u00e0 la p\u00eache artisanale et en exacerbant la crise climatique.<\/p>\n\n\n\n<p>Le chalutage de fond est l'une des pratiques les plus dommageables inflig\u00e9es par l'homme \u00e0 nos oc\u00e9ans : il d\u00e9truit les \u00e9cosyst\u00e8mes des fonds marins, surexploite les zones de p\u00eache et tue sans distinction toutes les formes de vie, des tortues aux raies en passant par les requins.<\/p>\n\n\n\n<p>Elle a \u00e9galement un impact consid\u00e9rable sur le climat. Tra\u00eener des filets sur les fonds marins consomme plus de carburant et produit quatre fois plus d'\u00e9missions que les autres types de p\u00eache. Elle d\u00e9truit les s\u00e9diments et \u00e9radique les plantes et les animaux marins qui absorbent le carbone de l'atmosph\u00e8re. Les oc\u00e9ans absorbent un quart du dioxyde de carbone que nous produisons, mais le chalutage menace de d\u00e9truire cette pr\u00e9cieuse ressource. Nous devons prot\u00e9ger nos oc\u00e9ans afin qu'ils puissent continuer \u00e0 nous prot\u00e9ger.<\/p>\n\n\n\n<p>Patagonia utilisera la campagne et les films pour promouvoir des alternatives r\u00e9g\u00e9n\u00e9ratrices \u00e0 cette pratique industrielle destructrice, telles que l'\u00e9levage d'algues en 3D dans les oc\u00e9ans et la restauration des posidonies. \u00c9tant donn\u00e9 que les p\u00eacheurs exer\u00e7ant de petites activit\u00e9s \u00e0 faible impact repr\u00e9sentent environ la moiti\u00e9 de la main-d'\u0153uvre europ\u00e9enne du secteur de la p\u00eache, qui est souvent touch\u00e9e par le chalutage, Patagonia leur offre une plateforme et appelle \u00e0 les soutenir dans la transition n\u00e9cessaire.<\/p>\n\n\n\n<p>La campagne est lanc\u00e9e \u00e0 un moment critique pour la protection de l'environnement marin de l'Europe.\u00a0<a href=\"https:\/\/greenmedialab.us4.list-manage.com\/track\/click?u=4b6c5703a7db7b122fb3f1204&amp;id=61f5e450a7&amp;e=d274cf7dbe\" target=\"_blank\" rel=\"noreferrer noopener nofollow\">une crise croissante de la biodiversit\u00e9<\/a>\u00a0et un d\u00e9bat anim\u00e9 sur les initiatives europ\u00e9ennes telles que la loi sur la restauration de la nature et le plan d'action pour les oc\u00e9ans.<br><br>Cette s\u00e9rie de huit courts documentaires raconte l'histoire de personnes du monde entier, de la Cor\u00e9e du Sud \u00e0 la Patagonie chilienne, en passant par le Portugal et le Pays de Galles, qui prennent les choses en main et nous montrent comment nous pouvons travailler avec l'oc\u00e9an, et non contre lui.<\/p>\n\n\n\n<p>Les films racontant l'histoire de la restauration des fonds marins europ\u00e9ens sont les suivants :<\/p>\n\n\n\n<ul class=\"wp-block-list\">\n<li><strong>Pour l'amour de la mer<\/strong>l'histoire de Nikki Spill, de l'association The Seaweed Farmers, qui travaille avec C\u00e2r y M\u00f4r, la premi\u00e8re ferme oc\u00e9anique r\u00e9g\u00e9n\u00e9ratrice appartenant \u00e0 la communaut\u00e9 galloise.<\/li>\n\n\n\n<li><strong>M\u00e8re mer&nbsp;<\/strong>se concentre sur la biologiste marine Raquel Gaspar et un groupe de p\u00eacheurs locaux qui restaurent les prairies de posidonies de la r\u00e9serve naturelle de l'estuaire du Sado, au Portugal, en les prot\u00e9geant des dommages caus\u00e9s par le chalutage.<\/li>\n\n\n\n<li><strong>Les gardiens&nbsp;<\/strong>suit le travail de quatre personnes sur la c\u00f4te ouest de l'\u00c9cosse qui restaurent leur littoral naturel, r\u00e9tablissent la faune et la flore et cr\u00e9ent des industries durables.<\/li>\n<\/ul>\n\n\n\n<p>Les films feront le tour de l'Europe cet \u00e9t\u00e9, dans le cadre d'une s\u00e9rie d'expositions.\u00a0<a href=\"https:\/\/greenmedialab.us4.list-manage.com\/track\/click?u=4b6c5703a7db7b122fb3f1204&amp;id=95b1be1d40&amp;e=d274cf7dbe\" target=\"_blank\" rel=\"noreferrer noopener nofollow\">\u00e9v\u00e9nements gratuits<\/a>\u00a0avec des groupes d'experts, de la musique et des histoires.<\/p>\n\n\n\n<p>Beth Thoren, directrice de l'action environnementale et des initiatives EMEA chez Patagonia, d\u00e9clare : \"Tout au long de ma vie, je me suis toujours sentie li\u00e9e \u00e0 l'oc\u00e9an, depuis le d\u00e9but de ma carri\u00e8re d'ing\u00e9nieur maritime jusqu'\u00e0 plus tard, lorsque j'ai fait partie de l'\u00e9quipage d'un navire de Sea Shepherd qui luttait contre la chasse \u00e0 la baleine dans l'Antarctique. Mais je ne suis pas le seul. O\u00f9 que nous soyons, l'oc\u00e9an est une source d'\u00e9nergie et de vitalit\u00e9. Il est imp\u00e9ratif que nous prot\u00e9gions cette ressource pr\u00e9cieuse et fragile afin qu'elle puisse nous prot\u00e9ger.<br>\"Nos dirigeants europ\u00e9ens ont le pouvoir d'apporter un changement positif durable en mettant fin au chalutage de fond et en soutenant une transition juste vers des pratiques qui restaurent les oc\u00e9ans. Nous demandons aux d\u00e9fenseurs des oc\u00e9ans du monde entier, qu'il s'agisse des surfeurs, des nageurs, de ceux qui aiment simplement marcher ou pagayer sur la plage, des communaut\u00e9s c\u00f4ti\u00e8res ou des p\u00eacheurs, de se serrer les coudes et d'envoyer un message montrant que nous sommes concern\u00e9s.<\/p>\n\n\n\n<p>Nos dirigeants europ\u00e9ens ont le pouvoir d'apporter un changement positif et durable en mettant fin au chalutage et en soutenant une transition juste vers des pratiques qui restaurent les oc\u00e9ans. Nous appelons les d\u00e9fenseurs des oc\u00e9ans du monde entier, qu'il s'agisse des surfeurs, des nageurs, de ceux qui aiment simplement marcher ou pagayer le long de la plage, des communaut\u00e9s c\u00f4ti\u00e8res ou des p\u00eacheurs, \u00e0 unir leurs forces et \u00e0 envoyer le message que nous nous soucions d'eux.<\/p>\n\n\n\n<p>Pour en savoir plus et signer la p\u00e9tition\u00a0<a href=\"https:\/\/greenmedialab.us4.list-manage.com\/track\/click?u=4b6c5703a7db7b122fb3f1204&amp;id=32cbb67822&amp;e=d274cf7dbe\" target=\"_blank\" rel=\"noreferrer noopener nofollow\">eu.patagonia.com\/oceans<\/a>.<\/p>","protected":false},"excerpt":{"rendered":"Les Europ\u00e9ens appellent les gouvernements \u00e0 mettre fin au chalutage de fond, en commen\u00e7ant par l'interdire imm\u00e9diatement dans les zones marines prot\u00e9g\u00e9es et les zones c\u00f4ti\u00e8res.","protected":false},"author":1,"featured_media":36243,"comment_status":"closed","ping_status":"closed","sticky":false,"template":"","format":"standard","meta":{"_kad_blocks_custom_css":"","_kad_blocks_head_custom_js":"","_kad_blocks_body_custom_js":"","_kad_blocks_footer_custom_js":"","episode_type":"audio","audio_file":"","podmotor_file_id":"","podmotor_episode_id":"","cover_image":"","cover_image_id":"","duration":"","filesize":"","filesize_raw":"","date_recorded":"","explicit":"","block":"","_kad_post_transparent":"","_kad_post_title":"","_kad_post_layout":"","_kad_post_sidebar_id":"","_kad_post_content_style":"","_kad_post_vertical_padding":"","_kad_post_feature":"","_kad_post_feature_position":"","_kad_post_header":false,"_kad_post_footer":false,"_kad_post_classname":"","_jetpack_memberships_contains_paid_content":false,"footnotes":""},"categories":[3008],"tags":[],"series":[],"class_list":["post-36241","post","type-post","status-publish","format-standard","has-post-thumbnail","hentry","category-ecologia-medio-ambiente"],"episode_featured_image":"https:\/\/travesiapirenaica.com\/wp-content\/uploads\/2023\/06\/foley_ryan_0003_cc_WEB.jpg","episode_player_image":"https:\/\/travesiapirenaica.com\/wp-content\/uploads\/2017\/12\/Caratula-Podcast-Maldita-Montana_1500x1500_72pp-p_.jpg","download_link":"","player_link":"","audio_player":false,"episode_data":{"playerMode":"dark","subscribeUrls":[],"rssFeedUrl":"https:\/\/travesiapirenaica.com\/fr\/feed\/podcast\/maldita-montana","embedCode":"<blockquote class=\"wp-embedded-content\" data-secret=\"p8PHsH5gra\"><a href=\"https:\/\/travesiapirenaica.com\/fr\/patagonia-impulsa-una-campana-mundial-para-salvar-nuestros-oceanos-un-llamado-a-la-accion-contra-la-pesca-de-arrastre\/\">Patagonia impulsa una campa\u00f1a mundial para salvar nuestros oc\u00e9anos: Un llamado a la acci\u00f3n contra la pesca de arrastre<\/a><\/blockquote><iframe sandbox=\"allow-scripts\" security=\"restricted\" src=\"https:\/\/travesiapirenaica.com\/fr\/patagonia-impulsa-una-campana-mundial-para-salvar-nuestros-oceanos-un-llamado-a-la-accion-contra-la-pesca-de-arrastre\/embed\/#?secret=p8PHsH5gra\" width=\"500\" height=\"350\" title=\"\u00ab\u00a0Patagonia impulsa una campa\u00f1a mundial para salvar nuestros oc\u00e9anos: Un llamado a la acci\u00f3n contra la pesca de arrastre\u00a0\u00bb &#8212; Traves\u00eda.\" data-secret=\"p8PHsH5gra\" frameborder=\"0\" marginwidth=\"0\" marginheight=\"0\" scrolling=\"no\" class=\"wp-embedded-content\"><\/iframe><script>\n\/*! This file is auto-generated *\/\n!function(d,l){\"use strict\";l.querySelector&&d.addEventListener&&\"undefined\"!=typeof URL&&(d.wp=d.wp||{},d.wp.receiveEmbedMessage||(d.wp.receiveEmbedMessage=function(e){var t=e.data;if((t||t.secret||t.message||t.value)&&!\/[^a-zA-Z0-9]\/.test(t.secret)){for(var s,r,n,a=l.querySelectorAll('iframe[data-secret=\"'+t.secret+'\"]'),o=l.querySelectorAll('blockquote[data-secret=\"'+t.secret+'\"]'),c=new RegExp(\"^https?:$\",\"i\"),i=0;i<o.length;i++)o[i].style.display=\"none\";for(i=0;i<a.length;i++)s=a[i],e.source===s.contentWindow&&(s.removeAttribute(\"style\"),\"height\"===t.message?(1e3<(r=parseInt(t.value,10))?r=1e3:~~r<200&&(r=200),s.height=r):\"link\"===t.message&&(r=new URL(s.getAttribute(\"src\")),n=new URL(t.value),c.test(n.protocol))&&n.host===r.host&&l.activeElement===s&&(d.top.location.href=t.value))}},d.addEventListener(\"message\",d.wp.receiveEmbedMessage,!1),l.addEventListener(\"DOMContentLoaded\",function(){for(var e,t,s=l.querySelectorAll(\"iframe.wp-embedded-content\"),r=0;r<s.length;r++)(t=(e=s[r]).getAttribute(\"data-secret\"))||(t=Math.random().toString(36).substring(2,12),e.src+=\"#?secret=\"+t,e.setAttribute(\"data-secret\",t)),e.contentWindow.postMessage({message:\"ready\",secret:t},\"*\")},!1)))}(window,document);\n\/\/# sourceURL=https:\/\/travesiapirenaica.com\/wp-includes\/js\/wp-embed.min.js\n<\/script>\n"},"taxonomy_info":{"category":[{"value":3008,"label":"Ecolog\u00eda \/ Medio ambiente"}]},"featured_image_src_large":["https:\/\/travesiapirenaica.com\/wp-content\/uploads\/2023\/06\/foley_ryan_0003_cc_WEB-1024x768.jpg",1024,768,true],"author_info":{"display_name":"Traves\u00eda Pirenaica","author_link":"https:\/\/travesiapirenaica.com\/fr\/author\/travesia-pirenaica\/"},"comment_info":0,"category_info":[{"term_id":3008,"name":"Ecolog\u00eda \/ Medio ambiente","slug":"ecologia-medio-ambiente","term_group":0,"term_taxonomy_id":3024,"taxonomy":"category","description":"Ecolog\u00eda \/ Medio ambiente","parent":0,"count":26,"filter":"raw","cat_ID":3008,"category_count":26,"category_description":"Ecolog\u00eda \/ Medio ambiente","cat_name":"Ecolog\u00eda \/ Medio ambiente","category_nicename":"ecologia-medio-ambiente","category_parent":0}],"tag_info":false,"jetpack_featured_media_url":"https:\/\/travesiapirenaica.com\/wp-content\/uploads\/2023\/06\/foley_ryan_0003_cc_WEB.jpg","jetpack_sharing_enabled":true,"_links":{"self":[{"href":"https:\/\/travesiapirenaica.com\/fr\/wp-json\/wp\/v2\/posts\/36241","targetHints":{"allow":["GET"]}}],"collection":[{"href":"https:\/\/travesiapirenaica.com\/fr\/wp-json\/wp\/v2\/posts"}],"about":[{"href":"https:\/\/travesiapirenaica.com\/fr\/wp-json\/wp\/v2\/types\/post"}],"author":[{"embeddable":true,"href":"https:\/\/travesiapirenaica.com\/fr\/wp-json\/wp\/v2\/users\/1"}],"replies":[{"embeddable":true,"href":"https:\/\/travesiapirenaica.com\/fr\/wp-json\/wp\/v2\/comments?post=36241"}],"version-history":[{"count":0,"href":"https:\/\/travesiapirenaica.com\/fr\/wp-json\/wp\/v2\/posts\/36241\/revisions"}],"wp:featuredmedia":[{"embeddable":true,"href":"https:\/\/travesiapirenaica.com\/fr\/wp-json\/wp\/v2\/media\/36243"}],"wp:attachment":[{"href":"https:\/\/travesiapirenaica.com\/fr\/wp-json\/wp\/v2\/media?parent=36241"}],"wp:term":[{"taxonomy":"category","embeddable":true,"href":"https:\/\/travesiapirenaica.com\/fr\/wp-json\/wp\/v2\/categories?post=36241"},{"taxonomy":"post_tag","embeddable":true,"href":"https:\/\/travesiapirenaica.com\/fr\/wp-json\/wp\/v2\/tags?post=36241"},{"taxonomy":"series","embeddable":true,"href":"https:\/\/travesiapirenaica.com\/fr\/wp-json\/wp\/v2\/series?post=36241"}],"curies":[{"name":"wp","href":"https:\/\/api.w.org\/{rel}","templated":true}]}}