{"id":3678,"date":"2017-09-21T10:53:49","date_gmt":"2017-09-21T08:53:49","guid":{"rendered":"http:\/\/travesiapirenaica.com\/?p=3678"},"modified":"2019-10-07T08:39:52","modified_gmt":"2019-10-07T06:39:52","slug":"voyage-dans-les-pyrenees","status":"publish","type":"post","link":"https:\/\/travesiapirenaica.com\/fr\/viaje-a-los-pirineos\/","title":{"rendered":"Voyage dans les Pyr\u00e9n\u00e9es"},"content":{"rendered":"<p>S'il y a un voyage qui vaut la peine d'\u00eatre fait avec toute la famille \u00e0 n'importe quel moment de l'ann\u00e9e, c'est bien celui du\u00a0<a href=\"https:\/\/pirineos.info\/\" target=\"_blank\" rel=\"noopener noreferrer\"><strong>itin\u00e9raire <\/strong>explorer les coins et recoins et<strong> villages des Pyr\u00e9n\u00e9es<\/strong><\/a>. Cet espace naturel, riche de ses diff\u00e9rentes caract\u00e9ristiques et r\u00e9gions, nous surprendra au fur et \u00e0 mesure que nous le traverserons. Il s'agit donc de l'une des destinations les plus adapt\u00e9es pour<strong> voyager en famille<\/strong>Vous pouvez \u00e9galement vous promener avec vos enfants, d\u00e9couvrir des lieux incroyables en couple ou vous laisser inspirer par le paysage.<\/p>\n<h2>Les <a href=\"https:\/\/travesiapirenaica.com\/fr\/pyrenees\/\" target=\"_blank\" rel=\"noopener noreferrer\">Pyr\u00e9n\u00e9es<\/a>un site naturel avec tout et pour tous<\/h2>\n<p><strong>Ses paysages naturels, ses villages pittoresques, les activit\u00e9s d'aventure propos\u00e9es et sa cuisine<\/strong>. Tous ces ingr\u00e9dients font de cet endroit un lieu unique d'une beaut\u00e9 incomparable. <strong>D\u00e9couvrez ce que cette grande cha\u00eene de montagnes qui s\u00e9pare la p\u00e9ninsule de l'Europe a \u00e0 offrir.<\/strong>.<\/p>\n<p>Dans cette enclave spectaculaire, vous pourrez profiter d'activit\u00e9s aussi bien en hiver, car c'est l'un des points de r\u00e9f\u00e9rence pour les amateurs de sports de neige, qu'en \u00e9t\u00e9, o\u00f9 vous pourrez profiter d'agr\u00e9ables baignades dans l'un de ses spectaculaires lacs ou ruisseaux ou des chauds rayons du soleil sur l'un de ses sommets.<\/p>\n<h3><strong>Pyr\u00e9n\u00e9es fran\u00e7aises<\/strong><\/h3>\n<p>Les Hautes Pyr\u00e9n\u00e9es, la\u00a0<strong>Pyr\u00e9n\u00e9es fran\u00e7aises <\/strong>vous offrent une grande vari\u00e9t\u00e9 d'attractions naturelles, culturelles et sportives.<\/p>\n<p>Dans cette r\u00e9gion, situ\u00e9e pr\u00e8s de la fronti\u00e8re entre l'Espagne et la France, vous pourrez visiter des lieux tels que le parc national des Pyr\u00e9n\u00e9es, <strong><a href=\"https:\/\/pirineos.info\/que-hacer-en\/lourdes\/\" target=\"_blank\" rel=\"noopener noreferrer\">Lourdes<\/a><\/strong>la cit\u00e9 m\u00e9di\u00e9vale d'Argel\u00e8s-Gazost, Tarbes ou <strong><a href=\"https:\/\/pirineos.info\/que-hacer-en\/circo-de-gavarnie\/\" target=\"_blank\" rel=\"noopener noreferrer\">Gavarnie<\/a><\/strong>.<\/p>\n<blockquote class=\"instagram-media\" style=\"background: #FFF; border: 0; border-radius: 3px; box-shadow: 0 0 1px 0 rgba(0,0,0,0.5),0 1px 10px 0 rgba(0,0,0,0.15); margin: 1px; max-width: 1024px; padding: 0; width: calc(100% - 2px);\" data-instgrm-captioned=\"\" data-instgrm-version=\"7\">\n<div style=\"padding: 8px;\">\n<div style=\"background: #F8F8F8; line-height: 0; margin-top: 40px; padding: 50.0% 0; text-align: center; width: 100%;\"><\/div>\n<p style=\"margin: 8px 0 0 0; padding: 0 4px;\"><a style=\"color: #000; font-family: Arial,sans-serif; font-size: 14px; font-style: normal; font-weight: normal; line-height: 17px; text-decoration: none; word-wrap: break-word;\" href=\"https:\/\/www.instagram.com\/p\/BY6V0-LAPg_\/\" target=\"_blank\" rel=\"noopener noreferrer\">Cirque de Gavarnie || by @rcampsf (Instagram) #travesiapirenaica #Pirineos #Pyr\u00e9n\u00e9es #Pyrenees #outdoor #senderismo #aventura #aventura<\/a><\/p>\n<p style=\"color: #c9c8cd; font-family: Arial,sans-serif; font-size: 14px; line-height: 17px; margin-bottom: 0; margin-top: 8px; overflow: hidden; padding: 8px 0 7px; text-align: center; text-overflow: ellipsis; white-space: nowrap;\">A post shared by Traves\u00eda Pirenaica (@travesiapirenaica) on <time style=\"font-family: Arial,sans-serif; font-size: 14px; line-height: 17px;\" datetime=\"2017-09-11T18:56:23+00:00\">Sep 11, 2017 at 11:56 PDT<\/time><\/p>\n<\/div>\n<\/blockquote>\n<p><script async=\"\" defer=\"\" src=\"\/\/platform.instagram.com\/en_US\/embeds.js\"><\/script><\/p>\n<p>Les <strong>Pyr\u00e9n\u00e9es fran\u00e7aises<\/strong> sont l'environnement id\u00e9al pour les amateurs de randonn\u00e9e, avec plus d'une centaine de kilom\u00e8tres de sentiers enti\u00e8rement balis\u00e9s o\u00f9 l'on peut profiter d'une nature authentique.<\/p>\n<p>Si vous souhaitez pratiquer des sports d'aventure, il vous suffit de vous rendre \u00e0 Saint Lary, principal point de concentration d'activit\u00e9s telles que le <em>rafting<\/em>, <em>hydrospeed\u00a0<\/em>ou le canyoning.<\/p>\n<h3><strong>Pyr\u00e9n\u00e9es catalanes<\/strong><\/h3>\n<p>Cette partie des Pyr\u00e9n\u00e9es comprend les d\u00e9partements de l'Alt Empord\u00e0, l'Alt Urgell, l'Alta Ribagor\u00e7a, el Bergued\u00e0, la Garrotxa, la Cerdanya, el Pallars Juss\u00e0, el Solson\u00e8s, el Pallars Sobir\u00e0, el Ripoll\u00e8s et la Vall d'Aran.<\/p>\n<p>L'une des principales attractions de cette r\u00e9gion des Pyr\u00e9n\u00e9es est le parc national de <strong>Aig\u00fcestortes et Sant Maurici<\/strong>. C'est peut-\u00eatre le meilleur endroit de la cha\u00eene de montagnes pour se perdre parmi les lacs et les bords de lacs, en se promenant en haute montagne.<\/p>\n<p>De plus, la gastronomie de cette r\u00e9gion est une autre raison de visiter ce territoire situ\u00e9 au nord de la Catalogne et \u00e0 proximit\u00e9 de la fronti\u00e8re avec la France.<\/p>\n<h3><strong>Pyr\u00e9n\u00e9es aragonaises<\/strong><\/h3>\n<p>Les Pyr\u00e9n\u00e9es, en traversant l'Aragon, recr\u00e9ent des paysages o\u00f9 la nature la plus sauvage est le principal protagoniste. Ses villages, dont l'histoire les rend uniques, sont \u00e9galement un v\u00e9ritable joyau \u00e0 ne pas manquer.<\/p>\n<p>Dans cette partie des Pyr\u00e9n\u00e9es, une visite \u00e0 la<a href=\"http:\/\/travesiapirenaica.com\/fr\/pyrenees\/ordesa-monte-perdido\/\" target=\"_blank\" rel=\"noopener noreferrer\"> Parc naturel de<strong> Ordesa et Monte Perdido<\/strong>\u00a0<\/a>est incontournable, en \u00e9t\u00e9 comme en hiver. Et \u00e0 voir absolument en automne, lorsque les immenses vall\u00e9es prennent des couleurs.<\/p>\n<blockquote class=\"instagram-media\" style=\"background: #FFF; border: 0; border-radius: 3px; box-shadow: 0 0 1px 0 rgba(0,0,0,0.5),0 1px 10px 0 rgba(0,0,0,0.15); margin: 1px; max-width: 1024px; padding: 0; width: calc(100% - 2px);\" data-instgrm-captioned=\"\" data-instgrm-version=\"7\">\n<div style=\"padding: 8px;\">\n<div style=\"background: #F8F8F8; line-height: 0; margin-top: 40px; padding: 50.0% 0; text-align: center; width: 100%;\"><\/div>\n<p style=\"margin: 8px 0 0 0; padding: 0 4px;\"><a style=\"color: #000; font-family: Arial,sans-serif; font-size: 14px; font-style: normal; font-weight: normal; line-height: 17px; text-decoration: none; word-wrap: break-word;\" href=\"https:\/\/www.instagram.com\/p\/BZMUpZ5gqrt\/\" target=\"_blank\" rel=\"noopener noreferrer\">Les rayons du soleil tombent sur la vall\u00e9e d'Ordesa || by @samusams (Instagram) #travesiapirenaica #Pirineos #Pyr\u00e9n\u00e9es #Pyrenees #outdoor #senderismo #aventura #aventura<\/a><\/p>\n<p style=\"color: #c9c8cd; font-family: Arial,sans-serif; font-size: 14px; line-height: 17px; margin-bottom: 0; margin-top: 8px; overflow: hidden; padding: 8px 0 7px; text-align: center; text-overflow: ellipsis; white-space: nowrap;\">A post shared by Traves\u00eda Pirenaica (@travesiapirenaica) on <time style=\"font-family: Arial,sans-serif; font-size: 14px; line-height: 17px;\" datetime=\"2017-09-18T18:32:24+00:00\">Sep 18, 2017 at 11:32 PDT<\/time><\/p>\n<\/div>\n<\/blockquote>\n<p><script async=\"\" defer=\"\" src=\"\/\/platform.instagram.com\/en_US\/embeds.js\"><\/script><\/p>\n<p>La neige joue \u00e9galement un r\u00f4le pr\u00e9pond\u00e9rant dans cette partie de la cha\u00eene de montagnes, qui abrite les c\u00e9l\u00e8bres stations de ski de Formigal, Candanch\u00fa et <a href=\"https:\/\/travesiapirenaica.com\/fr\/astun\/\" target=\"_blank\" rel=\"noopener noreferrer\">Ast\u00fan<\/a>.<\/p>\n<p>Le monast\u00e8re de San Juan de la Pe\u00f1a, compl\u00e8tement int\u00e9gr\u00e9 dans la pierre, est un autre incontournable de la visite de ces terres. Il ne faut pas non plus manquer des villes comme Jaca, Canfranc ou Lanuza.<\/p>\n<h3><strong>Pyr\u00e9n\u00e9es de Navarre<\/strong><\/h3>\n<p>Cette partie des Pyr\u00e9n\u00e9es se caract\u00e9rise par sa puret\u00e9 et sa vari\u00e9t\u00e9 naturelle et culturelle. En tant que joyaux naturels, nous mettons en valeur les <a href=\"https:\/\/travesiapirenaica.com\/fr\/jungle-dirati\/\"><strong>For\u00eat d'Irati<\/strong><\/a>Sorogain et les gorges de Lumbier. Il convient \u00e9galement de souligner la vall\u00e9e de Belagua et la cha\u00eene de montagnes de Leyre.<\/p>\n<p>Les vall\u00e9es de la <a href=\"https:\/\/travesiapirenaica.com\/fr\/valle-roncal\/\" target=\"_blank\" rel=\"noopener noreferrer\">Roncal<\/a> Les vall\u00e9es d'Ochagav\u00eda et de Salazar m\u00e9ritent d'\u00eatre visit\u00e9es pour se promener dans leurs villages paisibles et profiter du paysage et de la tranquillit\u00e9. En particulier Ochagav\u00eda, dans cette derni\u00e8re vall\u00e9e.<\/p>\n<p>En outre, une mention sp\u00e9ciale doit \u00eatre faite pour la municipalit\u00e9 de Roncevaux, un lieu embl\u00e9matique de l'histoire de l'Union europ\u00e9enne.<a href=\"https:\/\/travesiapirenaica.com\/fr\/la-route-vers-santiago\/\"> Le chemin de Saint-Jacques<\/a>.<\/p>\n<p>Enfin, si vous en avez la possibilit\u00e9, visitez l'un des quinze h\u00f3rreos (greniers sur\u00e9lev\u00e9s) conserv\u00e9s dans la r\u00e9gion, dans des lieux tels que Villanueva de Aezkoa, Aribe, Aria, Orbaizeta, Garaioa et Garralda.<\/p>","protected":false},"excerpt":{"rendered":"S'il est un voyage qui vaut la peine d'\u00eatre entrepris avec toute la famille, quel que soit le...","protected":false},"author":1,"featured_media":5185,"comment_status":"closed","ping_status":"closed","sticky":false,"template":"","format":"image","meta":{"_kad_blocks_custom_css":"","_kad_blocks_head_custom_js":"","_kad_blocks_body_custom_js":"","_kad_blocks_footer_custom_js":"","episode_type":"audio","audio_file":"","podmotor_file_id":"","podmotor_episode_id":"","cover_image":"","cover_image_id":"","duration":"","filesize":"","filesize_raw":"","date_recorded":"","explicit":"","block":"","_kad_post_transparent":"","_kad_post_title":"","_kad_post_layout":"","_kad_post_sidebar_id":"","_kad_post_content_style":"","_kad_post_vertical_padding":"","_kad_post_feature":"","_kad_post_feature_position":"","_kad_post_header":false,"_kad_post_footer":false,"_kad_post_classname":"","_jetpack_memberships_contains_paid_content":false,"footnotes":""},"categories":[5],"tags":[],"series":[],"class_list":["post-3678","post","type-post","status-publish","format-image","has-post-thumbnail","hentry","category-pirineos","post_format-post-format-image"],"episode_featured_image":"https:\/\/travesiapirenaica.com\/wp-content\/uploads\/2017\/09\/Viaje-a-los-Pirineos_by_pyreneestravel_portada_1400x600_web-1.jpg","episode_player_image":"https:\/\/travesiapirenaica.com\/wp-content\/uploads\/2017\/12\/Caratula-Podcast-Maldita-Montana_1500x1500_72pp-p_.jpg","download_link":"","player_link":"","audio_player":false,"episode_data":{"playerMode":"dark","subscribeUrls":[],"rssFeedUrl":"https:\/\/travesiapirenaica.com\/fr\/feed\/podcast\/maldita-montana","embedCode":"<blockquote class=\"wp-embedded-content\" data-secret=\"khUO0mfwhh\"><a href=\"https:\/\/travesiapirenaica.com\/fr\/viaje-a-los-pirineos\/\">Viaje a los Pirineos<\/a><\/blockquote><iframe sandbox=\"allow-scripts\" security=\"restricted\" src=\"https:\/\/travesiapirenaica.com\/fr\/viaje-a-los-pirineos\/embed\/#?secret=khUO0mfwhh\" width=\"500\" height=\"350\" title=\"\u00ab\u00a0Viaje a los Pirineos\u00a0\u00bb &#8212; Traves\u00eda.\" data-secret=\"khUO0mfwhh\" frameborder=\"0\" marginwidth=\"0\" marginheight=\"0\" scrolling=\"no\" class=\"wp-embedded-content\"><\/iframe><script>\n\/*! This file is auto-generated *\/\n!function(d,l){\"use strict\";l.querySelector&&d.addEventListener&&\"undefined\"!=typeof URL&&(d.wp=d.wp||{},d.wp.receiveEmbedMessage||(d.wp.receiveEmbedMessage=function(e){var t=e.data;if((t||t.secret||t.message||t.value)&&!\/[^a-zA-Z0-9]\/.test(t.secret)){for(var s,r,n,a=l.querySelectorAll('iframe[data-secret=\"'+t.secret+'\"]'),o=l.querySelectorAll('blockquote[data-secret=\"'+t.secret+'\"]'),c=new RegExp(\"^https?:$\",\"i\"),i=0;i<o.length;i++)o[i].style.display=\"none\";for(i=0;i<a.length;i++)s=a[i],e.source===s.contentWindow&&(s.removeAttribute(\"style\"),\"height\"===t.message?(1e3<(r=parseInt(t.value,10))?r=1e3:~~r<200&&(r=200),s.height=r):\"link\"===t.message&&(r=new URL(s.getAttribute(\"src\")),n=new URL(t.value),c.test(n.protocol))&&n.host===r.host&&l.activeElement===s&&(d.top.location.href=t.value))}},d.addEventListener(\"message\",d.wp.receiveEmbedMessage,!1),l.addEventListener(\"DOMContentLoaded\",function(){for(var e,t,s=l.querySelectorAll(\"iframe.wp-embedded-content\"),r=0;r<s.length;r++)(t=(e=s[r]).getAttribute(\"data-secret\"))||(t=Math.random().toString(36).substring(2,12),e.src+=\"#?secret=\"+t,e.setAttribute(\"data-secret\",t)),e.contentWindow.postMessage({message:\"ready\",secret:t},\"*\")},!1)))}(window,document);\n\/\/# sourceURL=https:\/\/travesiapirenaica.com\/wp-includes\/js\/wp-embed.min.js\n<\/script>\n"},"taxonomy_info":{"category":[{"value":5,"label":"Pirineos"}]},"featured_image_src_large":["https:\/\/travesiapirenaica.com\/wp-content\/uploads\/2017\/09\/Viaje-a-los-Pirineos_by_pyreneestravel_portada_1400x600_web-1-1024x438.jpg",1024,438,true],"author_info":{"display_name":"Traves\u00eda Pirenaica","author_link":"https:\/\/travesiapirenaica.com\/fr\/author\/travesia-pirenaica\/"},"comment_info":0,"category_info":[{"term_id":5,"name":"Pirineos","slug":"pirineos","term_group":0,"term_taxonomy_id":5,"taxonomy":"category","description":"","parent":0,"count":241,"filter":"raw","cat_ID":5,"category_count":241,"category_description":"","cat_name":"Pirineos","category_nicename":"pirineos","category_parent":0}],"tag_info":false,"jetpack_featured_media_url":"https:\/\/travesiapirenaica.com\/wp-content\/uploads\/2017\/09\/Viaje-a-los-Pirineos_by_pyreneestravel_portada_1400x600_web-1.jpg","jetpack_sharing_enabled":true,"_links":{"self":[{"href":"https:\/\/travesiapirenaica.com\/fr\/wp-json\/wp\/v2\/posts\/3678","targetHints":{"allow":["GET"]}}],"collection":[{"href":"https:\/\/travesiapirenaica.com\/fr\/wp-json\/wp\/v2\/posts"}],"about":[{"href":"https:\/\/travesiapirenaica.com\/fr\/wp-json\/wp\/v2\/types\/post"}],"author":[{"embeddable":true,"href":"https:\/\/travesiapirenaica.com\/fr\/wp-json\/wp\/v2\/users\/1"}],"replies":[{"embeddable":true,"href":"https:\/\/travesiapirenaica.com\/fr\/wp-json\/wp\/v2\/comments?post=3678"}],"version-history":[{"count":0,"href":"https:\/\/travesiapirenaica.com\/fr\/wp-json\/wp\/v2\/posts\/3678\/revisions"}],"wp:featuredmedia":[{"embeddable":true,"href":"https:\/\/travesiapirenaica.com\/fr\/wp-json\/wp\/v2\/media\/5185"}],"wp:attachment":[{"href":"https:\/\/travesiapirenaica.com\/fr\/wp-json\/wp\/v2\/media?parent=3678"}],"wp:term":[{"taxonomy":"category","embeddable":true,"href":"https:\/\/travesiapirenaica.com\/fr\/wp-json\/wp\/v2\/categories?post=3678"},{"taxonomy":"post_tag","embeddable":true,"href":"https:\/\/travesiapirenaica.com\/fr\/wp-json\/wp\/v2\/tags?post=3678"},{"taxonomy":"series","embeddable":true,"href":"https:\/\/travesiapirenaica.com\/fr\/wp-json\/wp\/v2\/series?post=3678"}],"curies":[{"name":"wp","href":"https:\/\/api.w.org\/{rel}","templated":true}]}}