{"id":37141,"date":"2024-06-27T16:49:30","date_gmt":"2024-06-27T14:49:30","guid":{"rendered":"https:\/\/travesiapirenaica.com\/?p=37141"},"modified":"2025-10-08T12:42:11","modified_gmt":"2025-10-08T10:42:11","slug":"itineraires-de-trois-jours-le-long-de-la-cote-catalane","status":"publish","type":"post","link":"https:\/\/travesiapirenaica.com\/fr\/rutas-tres-dias-costa-catalana\/","title":{"rendered":"Les meilleurs itin\u00e9raires de 3 jours le long de la c\u00f4te catalane"},"content":{"rendered":"<p><font size=\"+1\">Depuis des temps imm\u00e9moriaux, la c\u00f4te est sillonn\u00e9e de chemins utilis\u00e9s pour la communication entre les villes c\u00f4ti\u00e8res ou comme voies de secours en cas de naufrage. Ils ont \u00e9t\u00e9 parsem\u00e9s de tours de guet pour se pr\u00e9munir contre d'\u00e9ventuelles attaques de pirates, ou utilis\u00e9s comme chemin c\u00f4tier embl\u00e9matique, de jour comme de nuit, par la Guardia Civil et les contrebandiers. <\/font><\/p>\n\n\n\n<p>On peut penser que la c\u00f4te catalane est surpeupl\u00e9e et touristique, mais rien n'est moins vrai. Sur ses 580 km de long, du Cap de Creus au delta de l'\u00c8bre, on peut trouver des \u00e9tendues rocheuses et escarp\u00e9es avec de petites criques entre les falaises, comme sur la c\u00e9l\u00e8bre Costa Brava ; des champs de dunes avec des lagunes de delta, comme \u00e0 l'embouchure du Ter ; des c\u00f4tes basses form\u00e9es par l'apport s\u00e9dimentaire des fleuves, comme le fantastique delta de l'\u00c8bre ; ou la c\u00f4te du Maresme, parmi bien d'autres attraits.<\/p>\n\n\n\n<p>Sans compter la bande de montagnes qui borde la c\u00f4te : les massifs calcaires du Montgr\u00ed et du Garraf, les denses for\u00eats de ch\u00eanes-li\u00e8ges du Montnegre et du Corredor, les Gavarres et le massif de l'Ardenya, les vues delta\u00efques de la cha\u00eene du Montsi\u00e0 et les espaces naturels de Marina, Collserola et Ordal, \u00e0 quelques encablures de la m\u00e9diatique Barcelone.<\/p>\n\n\n\n<p>Dans cet article, nous sugg\u00e9rons cinq propositions concernant l'histoire et la nature de ces chemins.<\/p>\n\n\n\n<figure class=\"wp-block-image size-full\"><img loading=\"lazy\" decoding=\"async\" width=\"960\" height=\"960\" src=\"https:\/\/travesiapirenaica.com\/wp-content\/uploads\/2023\/08\/mapa-1.jpg\" alt=\"\" class=\"wp-image-37361\" srcset=\"https:\/\/travesiapirenaica.com\/wp-content\/uploads\/2023\/08\/mapa-1.jpg 960w, https:\/\/travesiapirenaica.com\/wp-content\/uploads\/2023\/08\/mapa-1-300x300.jpg 300w, https:\/\/travesiapirenaica.com\/wp-content\/uploads\/2023\/08\/mapa-1-150x150.jpg 150w, https:\/\/travesiapirenaica.com\/wp-content\/uploads\/2023\/08\/mapa-1-768x768.jpg 768w, https:\/\/travesiapirenaica.com\/wp-content\/uploads\/2023\/08\/mapa-1-600x600.jpg 600w, https:\/\/travesiapirenaica.com\/wp-content\/uploads\/2023\/08\/mapa-1-100x100.jpg 100w\" sizes=\"auto, (max-width: 960px) 100vw, 960px\" \/><figcaption class=\"wp-element-caption\">Carte IGN \/\/ 1) <a href=\"#propuesta1\">GR92 et la Costa Dorada de Tarragone<\/a>; 2) <a href=\"#propuesta2\">Le delta de l'Ebre et la cha\u00eene de montagnes du Montsi\u00e0<\/a>; 3) <a href=\"#propuesta3\">C\u00f4te centrale et cha\u00eenes de montagnes c\u00f4ti\u00e8res de Barcelone<\/a>; 4) <a href=\"#propuesta4\">La c\u00f4te centrale du Maresme<\/a>; 5) <a href=\"#propuesta5\">La Costa Brava, le long du GR92 et du \"cam\u00ed de ronda<\/a>\".<\/figcaption><\/figure>\n\n\n<style>.kadence-column37141_fa752a-03 > .kt-inside-inner-col{padding-top:var(--global-kb-spacing-xxs, 0.5rem);padding-right:var(--global-kb-spacing-xxs, 0.5rem);padding-bottom:var(--global-kb-spacing-xxs, 0.5rem);padding-left:var(--global-kb-spacing-xxs, 0.5rem);}.kadence-column37141_fa752a-03 > .kt-inside-inner-col,.kadence-column37141_fa752a-03 > .kt-inside-inner-col:before{border-top-left-radius:0px;border-top-right-radius:0px;border-bottom-right-radius:0px;border-bottom-left-radius:0px;}.kadence-column37141_fa752a-03 > .kt-inside-inner-col{column-gap:var(--global-kb-gap-sm, 1rem);}.kadence-column37141_fa752a-03 > .kt-inside-inner-col{flex-direction:column;}.kadence-column37141_fa752a-03 > .kt-inside-inner-col > .aligncenter{width:100%;}.kadence-column37141_fa752a-03 > .kt-inside-inner-col{background-color:var(--global-palette1, #3182CE);}.kadence-column37141_fa752a-03 > .kt-inside-inner-col:before{opacity:0.3;}.kadence-column37141_fa752a-03{position:relative;}@media all and (max-width: 1024px){.kadence-column37141_fa752a-03 > .kt-inside-inner-col{flex-direction:column;justify-content:center;}}@media all and (max-width: 767px){.kadence-column37141_fa752a-03 > .kt-inside-inner-col{flex-direction:column;justify-content:center;}}<\/style>\n<div class=\"wp-block-kadence-column kadence-column37141_fa752a-03\"><div class=\"kt-inside-inner-col\">\n<p class=\"has-theme-palette-9-color has-text-color has-link-color has-larger-font-size wp-elements-bb3363b83f69c97a632c0ba86f27da8d\"><strong>5 propositions de trekking en <u>3 jours<\/u> le long de la c\u00f4te catalane.<\/strong><\/p>\n<\/div><\/div>\n\n\n\n<h2 class=\"wp-block-heading\" id=\"propuesta1\">Proposition 1 : GR92 et la Costa Dorada \u00e0 Tarragone.<\/h2>\n\n\n<style>.kadence-column37141_2b8978-05 > .kt-inside-inner-col{padding-top:var(--global-kb-spacing-xxs, 0.5rem);padding-right:var(--global-kb-spacing-xxs, 0.5rem);padding-bottom:var(--global-kb-spacing-xxs, 0.5rem);padding-left:var(--global-kb-spacing-xxs, 0.5rem);}.kadence-column37141_2b8978-05 > .kt-inside-inner-col,.kadence-column37141_2b8978-05 > .kt-inside-inner-col:before{border-top-left-radius:0px;border-top-right-radius:0px;border-bottom-right-radius:0px;border-bottom-left-radius:0px;}.kadence-column37141_2b8978-05 > .kt-inside-inner-col{column-gap:var(--global-kb-gap-sm, 1rem);}.kadence-column37141_2b8978-05 > .kt-inside-inner-col{flex-direction:column;}.kadence-column37141_2b8978-05 > .kt-inside-inner-col > .aligncenter{width:100%;}.kadence-column37141_2b8978-05 > .kt-inside-inner-col{background-color:#f0f0f0;}.kadence-column37141_2b8978-05 > .kt-inside-inner-col:before{opacity:0.3;}.kadence-column37141_2b8978-05{position:relative;}@media all and (max-width: 1024px){.kadence-column37141_2b8978-05 > .kt-inside-inner-col{flex-direction:column;justify-content:center;}}@media all and (max-width: 767px){.kadence-column37141_2b8978-05 > .kt-inside-inner-col{flex-direction:column;justify-content:center;}}<\/style>\n<div class=\"wp-block-kadence-column kadence-column37141_2b8978-05\"><div class=\"kt-inside-inner-col\">\n<p><strong><u>Type d'itin\u00e9raire :<\/u><\/strong> lin\u00e9aire.<br><strong><u>Accueil :<\/u> <\/strong>L'Hospitalet de l'Infant.<br><strong><u>Finale :<\/u><\/strong> Ampolla de Mar (lo Goler\u00f3).<br>- <strong><u>\u00c9tape 1 :<\/u><\/strong> <a href=\"#propuesta1etapa1\">De l'Hospitalet de l'Infant \u00e0 l'Ametlla de Mar.<\/a><br>- <u><strong>\u00c9tape 2 :<\/strong><\/u> <a href=\"#propuesta1etapa2\">De Ametlla de Mar \u00e0 Ampolla de Mar.<\/a><br>- <u><strong>\u00c9tape 3 :<\/strong><\/u> <a href=\"#propuesta1etapa3\">D'Ampolla de Mar \u00e0 \"lo Goler\u00f3\" (aller-retour).<\/a><\/p>\n<\/div><\/div>\n\n\n\n<p><\/p>\n\n\n\n<iframe loading=\"lazy\" src=\"https:\/\/travesiapirenaica.com\/rutas\/rutas3.php?&amp;ruta=costa_catalana1\" allow=\"fullscreen\" width=\"100%\" height=\"400\"><\/iframe>\n\n\n\n<p>Cet itin\u00e9raire, proche de la mer M\u00e9diterran\u00e9e, longe de basses falaises et des plages essentiellement de gravier, prot\u00e9g\u00e9es par des conglom\u00e9rats brun\u00e2tres ou gris\u00e2tres. Tout au long du parcours, nous serons accompagn\u00e9s par une v\u00e9g\u00e9tation buissonnante et quelques pins dans la partie terrestre et par une v\u00e9g\u00e9tation sous-marine domin\u00e9e par les posidonies, que nous pourrons observer dans les nombreuses criques qui jalonnent notre parcours.<\/p>\n\n\n\n<figure class=\"wp-block-image size-large\"><img loading=\"lazy\" decoding=\"async\" width=\"1024\" height=\"1024\" src=\"https:\/\/travesiapirenaica.com\/wp-content\/uploads\/2023\/07\/IMG_20230401_122049-1024x1024.jpg\" alt=\"\" class=\"wp-image-37152\" srcset=\"https:\/\/travesiapirenaica.com\/wp-content\/uploads\/2023\/07\/IMG_20230401_122049-1024x1024.jpg 1024w, https:\/\/travesiapirenaica.com\/wp-content\/uploads\/2023\/07\/IMG_20230401_122049-300x300.jpg 300w, https:\/\/travesiapirenaica.com\/wp-content\/uploads\/2023\/07\/IMG_20230401_122049-150x150.jpg 150w, https:\/\/travesiapirenaica.com\/wp-content\/uploads\/2023\/07\/IMG_20230401_122049-768x768.jpg 768w, https:\/\/travesiapirenaica.com\/wp-content\/uploads\/2023\/07\/IMG_20230401_122049-1536x1536.jpg 1536w, https:\/\/travesiapirenaica.com\/wp-content\/uploads\/2023\/07\/IMG_20230401_122049-2048x2048.jpg 2048w, https:\/\/travesiapirenaica.com\/wp-content\/uploads\/2023\/07\/IMG_20230401_122049-600x600.jpg 600w, https:\/\/travesiapirenaica.com\/wp-content\/uploads\/2023\/07\/IMG_20230401_122049-100x100.jpg 100w\" sizes=\"auto, (max-width: 1024px) 100vw, 1024px\" \/><figcaption class=\"wp-element-caption\">Le chemin balis\u00e9 nous accompagnera \u00e0 tout moment.<\/figcaption><\/figure>\n\n\n\n<h3 class=\"wp-block-heading\" id=\"propuesta1etapa1\"><strong>\u00c9tape 1 : De l'Hospitalet de l'Infant \u00e0 l'Ametlla de Mar.<\/strong><\/h3>\n\n\n<style>.wp-block-kadence-advancedbtn.kb-btns37141_2c7899-73{gap:var(--global-kb-gap-xs, 0.5rem );justify-content:flex-start;align-items:center;}.kt-btns37141_2c7899-73 .kt-button{font-weight:normal;font-style:normal;}.kt-btns37141_2c7899-73 .kt-btn-wrap-0{margin-right:5px;}.wp-block-kadence-advancedbtn.kt-btns37141_2c7899-73 .kt-btn-wrap-0 .kt-button{color:#555555;border-color:#555555;}.wp-block-kadence-advancedbtn.kt-btns37141_2c7899-73 .kt-btn-wrap-0 .kt-button:hover, .wp-block-kadence-advancedbtn.kt-btns37141_2c7899-73 .kt-btn-wrap-0 .kt-button:focus{color:#ffffff;border-color:#444444;}.wp-block-kadence-advancedbtn.kt-btns37141_2c7899-73 .kt-btn-wrap-0 .kt-button::before{display:none;}.wp-block-kadence-advancedbtn.kt-btns37141_2c7899-73 .kt-btn-wrap-0 .kt-button:hover, .wp-block-kadence-advancedbtn.kt-btns37141_2c7899-73 .kt-btn-wrap-0 .kt-button:focus{background:#444444;}<\/style>\n<div class=\"wp-block-kadence-advancedbtn kb-buttons-wrap kb-btns37141_2c7899-73\"><style>ul.menu .wp-block-kadence-advancedbtn .kb-btn37141_cc45f2-7a.kb-button{width:initial;}<\/style><span class=\"kb-button kt-button button kb-btn37141_cc45f2-7a kt-btn-size-standard kt-btn-width-type-auto kb-btn-global-fill  kt-btn-has-text-true kt-btn-has-svg-false  wp-block-kadence-singlebtn\"><span class=\"kt-btn-inner-text\">23,0 km<\/span><\/span>\n\n<style>ul.menu .wp-block-kadence-advancedbtn .kb-btn37141_c35b94-f7.kb-button{width:initial;}<\/style><span class=\"kb-button kt-button button kb-btn37141_c35b94-f7 kt-btn-size-standard kt-btn-width-type-auto kb-btn-global-fill  kt-btn-has-text-true kt-btn-has-svg-false  wp-block-kadence-singlebtn\"><span class=\"kt-btn-inner-text\">+\/- 350 m<\/span><\/span><\/div>\n\n\n\n<p>Itin\u00e9raire entre deux arr\u00eats de train sur la ligne R16 (<strong><a href=\"https:\/\/rodalies.gencat.cat\/es\/linies_estacions_i_trens\/index.html?linia=r16\" target=\"_blank\" rel=\"noreferrer noopener\">web rodalies de Catalunya<\/a><\/strong>). Elle co\u00efncide avec la <strong>\u00e9tape 28<\/strong> de<strong> GR 92<\/strong>. En un peu plus de 23 km, nous parcourrons un fantastique littoral, dont le seul \u00e9l\u00e9ment g\u00e9ographique notable est la Punta de les Rojales, une petite colline situ\u00e9e au d\u00e9but du parcours.<\/p>\n\n\n\n<h3 class=\"wp-block-heading\" id=\"propuesta1etapa2\"><strong>\u00c9tape 2 : De Ametlla de Mar \u00e0 Ampolla de Mar.<\/strong><\/h3>\n\n\n<style>.wp-block-kadence-advancedbtn.kb-btns37141_67deaf-23{gap:var(--global-kb-gap-xs, 0.5rem );justify-content:flex-start;align-items:center;}.kt-btns37141_67deaf-23 .kt-button{font-weight:normal;font-style:normal;}.kt-btns37141_67deaf-23 .kt-btn-wrap-0{margin-right:5px;}.wp-block-kadence-advancedbtn.kt-btns37141_67deaf-23 .kt-btn-wrap-0 .kt-button{color:#555555;border-color:#555555;}.wp-block-kadence-advancedbtn.kt-btns37141_67deaf-23 .kt-btn-wrap-0 .kt-button:hover, .wp-block-kadence-advancedbtn.kt-btns37141_67deaf-23 .kt-btn-wrap-0 .kt-button:focus{color:#ffffff;border-color:#444444;}.wp-block-kadence-advancedbtn.kt-btns37141_67deaf-23 .kt-btn-wrap-0 .kt-button::before{display:none;}.wp-block-kadence-advancedbtn.kt-btns37141_67deaf-23 .kt-btn-wrap-0 .kt-button:hover, .wp-block-kadence-advancedbtn.kt-btns37141_67deaf-23 .kt-btn-wrap-0 .kt-button:focus{background:#444444;}<\/style>\n<div class=\"wp-block-kadence-advancedbtn kb-buttons-wrap kb-btns37141_67deaf-23\"><style>ul.menu .wp-block-kadence-advancedbtn .kb-btn37141_9dd6b4-29.kb-button{width:initial;}<\/style><span class=\"kb-button kt-button button kb-btn37141_9dd6b4-29 kt-btn-size-standard kt-btn-width-type-auto kb-btn-global-fill  kt-btn-has-text-true kt-btn-has-svg-false  wp-block-kadence-singlebtn\"><span class=\"kt-btn-inner-text\">17,0 km<\/span><\/span>\n\n<style>ul.menu .wp-block-kadence-advancedbtn .kb-btn37141_5b242c-94.kb-button{width:initial;}<\/style><span class=\"kb-button kt-button button kb-btn37141_5b242c-94 kt-btn-size-standard kt-btn-width-type-auto kb-btn-global-fill  kt-btn-has-text-true kt-btn-has-svg-false  wp-block-kadence-singlebtn\"><span class=\"kt-btn-inner-text\">+\/- 155 m<\/span><\/span><\/div>\n\n\n\n<p><strong>\u00c9tape 29<\/strong> de <strong>GR 92<\/strong>  qui longe une partie du littoral, en grande partie non am\u00e9nag\u00e9e, \u00e9galement entre deux arr\u00eats de train. Un peu plus de 17 km avec des mont\u00e9es et des descentes constantes, qui nous am\u00e8neront \u00e0 voir des vestiges de la guerre civile, des lagunes c\u00f4ti\u00e8res, des points de vue et des rochers photog\u00e9niques.<\/p>\n\n\n\n<figure class=\"wp-block-image size-large\"><img loading=\"lazy\" decoding=\"async\" width=\"1024\" height=\"768\" src=\"https:\/\/travesiapirenaica.com\/wp-content\/uploads\/2023\/07\/20230401_133940-1024x768.jpg\" alt=\"\" class=\"wp-image-37156\" srcset=\"https:\/\/travesiapirenaica.com\/wp-content\/uploads\/2023\/07\/20230401_133940-1024x768.jpg 1024w, https:\/\/travesiapirenaica.com\/wp-content\/uploads\/2023\/07\/20230401_133940-300x225.jpg 300w, https:\/\/travesiapirenaica.com\/wp-content\/uploads\/2023\/07\/20230401_133940-768x576.jpg 768w, https:\/\/travesiapirenaica.com\/wp-content\/uploads\/2023\/07\/20230401_133940-1536x1152.jpg 1536w, https:\/\/travesiapirenaica.com\/wp-content\/uploads\/2023\/07\/20230401_133940-2048x1536.jpg 2048w, https:\/\/travesiapirenaica.com\/wp-content\/uploads\/2023\/07\/20230401_133940-600x450.jpg 600w\" sizes=\"auto, (max-width: 1024px) 100vw, 1024px\" \/><figcaption class=\"wp-element-caption\">La \"Roca de l'Illot\" est facilement accessible depuis la c\u00f4te.<\/figcaption><\/figure>\n\n\n\n<h3 class=\"wp-block-heading\" id=\"propuesta1etapa3\"><strong>\u00c9tape 3 : D'Ampolla de Mar \u00e0 \" lo Goler\u00f3 \" (aller-retour).<\/strong><\/h3>\n\n\n<style>.wp-block-kadence-advancedbtn.kb-btns37141_4e315a-4b{gap:var(--global-kb-gap-xs, 0.5rem );justify-content:flex-start;align-items:center;}.kt-btns37141_4e315a-4b .kt-button{font-weight:normal;font-style:normal;}.kt-btns37141_4e315a-4b .kt-btn-wrap-0{margin-right:5px;}.wp-block-kadence-advancedbtn.kt-btns37141_4e315a-4b .kt-btn-wrap-0 .kt-button{color:#555555;border-color:#555555;}.wp-block-kadence-advancedbtn.kt-btns37141_4e315a-4b .kt-btn-wrap-0 .kt-button:hover, .wp-block-kadence-advancedbtn.kt-btns37141_4e315a-4b .kt-btn-wrap-0 .kt-button:focus{color:#ffffff;border-color:#444444;}.wp-block-kadence-advancedbtn.kt-btns37141_4e315a-4b .kt-btn-wrap-0 .kt-button::before{display:none;}.wp-block-kadence-advancedbtn.kt-btns37141_4e315a-4b .kt-btn-wrap-0 .kt-button:hover, .wp-block-kadence-advancedbtn.kt-btns37141_4e315a-4b .kt-btn-wrap-0 .kt-button:focus{background:#444444;}<\/style>\n<div class=\"wp-block-kadence-advancedbtn kb-buttons-wrap kb-btns37141_4e315a-4b\"><style>ul.menu .wp-block-kadence-advancedbtn .kb-btn37141_b5f736-fb.kb-button{width:initial;}<\/style><span class=\"kb-button kt-button button kb-btn37141_b5f736-fb kt-btn-size-standard kt-btn-width-type-auto kb-btn-global-fill  kt-btn-has-text-true kt-btn-has-svg-false  wp-block-kadence-singlebtn\"><span class=\"kt-btn-inner-text\">11,5 km<\/span><\/span>\n\n<style>ul.menu .wp-block-kadence-advancedbtn .kb-btn37141_929188-7a.kb-button{width:initial;}<\/style><span class=\"kb-button kt-button button kb-btn37141_929188-7a kt-btn-size-standard kt-btn-width-type-auto kb-btn-global-fill  kt-btn-has-text-true kt-btn-has-svg-false  wp-block-kadence-singlebtn\"><span class=\"kt-btn-inner-text\">+\/- 190 m<\/span><\/span><\/div>\n\n\n\n<p>Br\u00e8ve incursion dans la partie nord de la <strong>Delta de l'Ebre<\/strong>. Nous marcherons dans un paysage c\u00f4tier beaucoup plus plat que lors des deux \u00e9tapes pr\u00e9c\u00e9dentes le long de la plage d'Arenal. Nous ferons le tour de la \"<strong>Bassa de les Olles<\/strong>\"o\u00f9 nous pourrons observer diff\u00e9rentes esp\u00e8ces d'oiseaux.<\/p>\n\n\n\n<figure class=\"wp-block-image size-large\"><img loading=\"lazy\" decoding=\"async\" width=\"1024\" height=\"768\" src=\"https:\/\/travesiapirenaica.com\/wp-content\/uploads\/2023\/07\/20230402_103647-1024x768.jpg\" alt=\"\" class=\"wp-image-37153\" srcset=\"https:\/\/travesiapirenaica.com\/wp-content\/uploads\/2023\/07\/20230402_103647-1024x768.jpg 1024w, https:\/\/travesiapirenaica.com\/wp-content\/uploads\/2023\/07\/20230402_103647-300x225.jpg 300w, https:\/\/travesiapirenaica.com\/wp-content\/uploads\/2023\/07\/20230402_103647-768x576.jpg 768w, https:\/\/travesiapirenaica.com\/wp-content\/uploads\/2023\/07\/20230402_103647-1536x1152.jpg 1536w, https:\/\/travesiapirenaica.com\/wp-content\/uploads\/2023\/07\/20230402_103647-2048x1536.jpg 2048w, https:\/\/travesiapirenaica.com\/wp-content\/uploads\/2023\/07\/20230402_103647-600x450.jpg 600w\" sizes=\"auto, (max-width: 1024px) 100vw, 1024px\" \/><figcaption class=\"wp-element-caption\">Depuis les nombreux points de vue de la \"Bassa de les Olles\", vous pourrez observer de nombreux oiseaux, dont les majestueux flamants roses.<\/figcaption><\/figure>\n\n\n\n<h2 class=\"wp-block-heading\" id=\"propuesta2\">Proposition 2 : le delta de l'\u00c8bre et la cha\u00eene de montagnes du Montsi\u00e0.<\/h2>\n\n\n<style>.kadence-column37141_c0da0b-3a > .kt-inside-inner-col{padding-top:var(--global-kb-spacing-xxs, 0.5rem);padding-right:var(--global-kb-spacing-xxs, 0.5rem);padding-bottom:var(--global-kb-spacing-xxs, 0.5rem);padding-left:var(--global-kb-spacing-xxs, 0.5rem);}.kadence-column37141_c0da0b-3a > .kt-inside-inner-col,.kadence-column37141_c0da0b-3a > .kt-inside-inner-col:before{border-top-left-radius:0px;border-top-right-radius:0px;border-bottom-right-radius:0px;border-bottom-left-radius:0px;}.kadence-column37141_c0da0b-3a > .kt-inside-inner-col{column-gap:var(--global-kb-gap-sm, 1rem);}.kadence-column37141_c0da0b-3a > .kt-inside-inner-col{flex-direction:column;}.kadence-column37141_c0da0b-3a > .kt-inside-inner-col > .aligncenter{width:100%;}.kadence-column37141_c0da0b-3a > .kt-inside-inner-col{background-color:#f0f0f0;}.kadence-column37141_c0da0b-3a > .kt-inside-inner-col:before{opacity:0.3;}.kadence-column37141_c0da0b-3a{position:relative;}@media all and (max-width: 1024px){.kadence-column37141_c0da0b-3a > .kt-inside-inner-col{flex-direction:column;justify-content:center;}}@media all and (max-width: 767px){.kadence-column37141_c0da0b-3a > .kt-inside-inner-col{flex-direction:column;justify-content:center;}}<\/style>\n<div class=\"wp-block-kadence-column kadence-column37141_c0da0b-3a\"><div class=\"kt-inside-inner-col\">\n<p><strong><u>Type d'itin\u00e9raire :<\/u><\/strong> des itin\u00e9raires ind\u00e9pendants.<br>- <strong><u>Itin\u00e9raire 1 :<\/u><\/strong> <a href=\"#propuesta2ruta1\">Mont\u00e9e \u00e0 la \"Foradada\" de Montsi\u00e0.<\/a><br>- <strong><u>Itin\u00e9raire 2 :<\/u><\/strong> <a href=\"#propuesta2ruta2\">Promenade le long de la pointe de Fangar jusqu'au phare.<\/a><br>- <strong><u>Itin\u00e9raire 3 :<\/u><\/strong> <a href=\"#propuesta2ruta3\">L'embouchure de l'Ebre et le phare de Garxal.<\/a><\/p>\n<\/div><\/div>\n\n\n\n<p><\/p>\n\n\n\n<iframe loading=\"lazy\" src=\"https:\/\/travesiapirenaica.com\/rutas\/rutas3.php?&amp;ruta=costa_catalana2\" allow=\"fullscreen\" width=\"100%\" height=\"400\"><\/iframe>\n\n\n\n<p>Le <strong>Delta de l'Ebre<\/strong> est le produit des s\u00e9diments que la rivi\u00e8re a entra\u00een\u00e9s jour apr\u00e8s jour, formant une structure plate avec sa forme de fl\u00e8che caract\u00e9ristique. Parsem\u00e9e de villages, de lagunes, de rizi\u00e8res, de canaux d'irrigation... Nous vous proposons trois itin\u00e9raires en voiture pour entrer en contact avec cet espace naturel qui ne vous laissera pas indiff\u00e9rent.<\/p>\n\n\n\n<h3 class=\"wp-block-heading\" id=\"propuesta2ruta1\"><strong>Itin\u00e9raire 1 : Mont\u00e9e \u00e0 la \"Foradada\" de Montsi\u00e0.<\/strong><\/h3>\n\n\n<style>.wp-block-kadence-advancedbtn.kb-btns37141_891113-b5{gap:var(--global-kb-gap-xs, 0.5rem );justify-content:flex-start;align-items:center;}.kt-btns37141_891113-b5 .kt-button{font-weight:normal;font-style:normal;}.kt-btns37141_891113-b5 .kt-btn-wrap-0{margin-right:5px;}.wp-block-kadence-advancedbtn.kt-btns37141_891113-b5 .kt-btn-wrap-0 .kt-button{color:#555555;border-color:#555555;}.wp-block-kadence-advancedbtn.kt-btns37141_891113-b5 .kt-btn-wrap-0 .kt-button:hover, .wp-block-kadence-advancedbtn.kt-btns37141_891113-b5 .kt-btn-wrap-0 .kt-button:focus{color:#ffffff;border-color:#444444;}.wp-block-kadence-advancedbtn.kt-btns37141_891113-b5 .kt-btn-wrap-0 .kt-button::before{display:none;}.wp-block-kadence-advancedbtn.kt-btns37141_891113-b5 .kt-btn-wrap-0 .kt-button:hover, .wp-block-kadence-advancedbtn.kt-btns37141_891113-b5 .kt-btn-wrap-0 .kt-button:focus{background:#444444;}<\/style>\n<div class=\"wp-block-kadence-advancedbtn kb-buttons-wrap kb-btns37141_891113-b5\"><style>ul.menu .wp-block-kadence-advancedbtn .kb-btn37141_2d6ecb-b9.kb-button{width:initial;}<\/style><span class=\"kb-button kt-button button kb-btn37141_2d6ecb-b9 kt-btn-size-standard kt-btn-width-type-auto kb-btn-global-fill  kt-btn-has-text-true kt-btn-has-svg-false  wp-block-kadence-singlebtn\"><span class=\"kt-btn-inner-text\">Circulaire<\/span><\/span>\n\n<style>ul.menu .wp-block-kadence-advancedbtn .kb-btn37141_b297ba-73.kb-button{width:initial;}<\/style><span class=\"kb-button kt-button button kb-btn37141_b297ba-73 kt-btn-size-standard kt-btn-width-type-auto kb-btn-global-fill  kt-btn-has-text-true kt-btn-has-svg-false  wp-block-kadence-singlebtn\"><span class=\"kt-btn-inner-text\">10,5 km<\/span><\/span>\n\n<style>ul.menu .wp-block-kadence-advancedbtn .kb-btn37141_64fef1-05.kb-button{width:initial;}<\/style><span class=\"kb-button kt-button button kb-btn37141_64fef1-05 kt-btn-size-standard kt-btn-width-type-auto kb-btn-global-fill  kt-btn-has-text-true kt-btn-has-svg-false  wp-block-kadence-singlebtn\"><span class=\"kt-btn-inner-text\">+\/- 655 m<\/span><\/span><\/div>\n\n\n\n<p>Parcours circulaire d'environ 10 km au d\u00e9part de \"Els Alseres\".<strong>La zone de loisirs de Mundana\".<\/strong>. La partie spectaculaire de l'itin\u00e9raire est la mont\u00e9e le long d'un tron\u00e7on rocheux qui nous permet de contempler l'ensemble du delta, jusqu'\u00e0 ce que nous arrivions \u00e0 <strong>\"la Foradada<\/strong>. De l'int\u00e9rieur de ce trou rocheux, nous pouvons voir une grande partie du delta. La descente nous surprend avec un bosquet de ch\u00eanes verts tr\u00e8s ombrag\u00e9 et la curieuse<strong> source du Burgar<\/strong>.<\/p>\n\n\n\n<figure class=\"wp-block-image size-large\"><img loading=\"lazy\" decoding=\"async\" width=\"1024\" height=\"768\" src=\"https:\/\/travesiapirenaica.com\/wp-content\/uploads\/2023\/07\/IMG_4102-1024x768.jpg\" alt=\"\" class=\"wp-image-37162\" srcset=\"https:\/\/travesiapirenaica.com\/wp-content\/uploads\/2023\/07\/IMG_4102-1024x768.jpg 1024w, https:\/\/travesiapirenaica.com\/wp-content\/uploads\/2023\/07\/IMG_4102-300x225.jpg 300w, https:\/\/travesiapirenaica.com\/wp-content\/uploads\/2023\/07\/IMG_4102-768x576.jpg 768w, https:\/\/travesiapirenaica.com\/wp-content\/uploads\/2023\/07\/IMG_4102-1536x1152.jpg 1536w, https:\/\/travesiapirenaica.com\/wp-content\/uploads\/2023\/07\/IMG_4102-600x450.jpg 600w, https:\/\/travesiapirenaica.com\/wp-content\/uploads\/2023\/07\/IMG_4102.jpg 1672w\" sizes=\"auto, (max-width: 1024px) 100vw, 1024px\" \/><figcaption class=\"wp-element-caption\">Depuis la Foradada, on peut voir Sant Carles de la R\u00e0pita et la Punta de la Banya (\"barre sud du delta\").<\/figcaption><\/figure>\n\n\n\n<h3 class=\"wp-block-heading\" id=\"propuesta2ruta2\"><strong>Itin\u00e9raire 2 : le long de la pointe de Fangar jusqu'au phare.<\/strong><\/h3>\n\n\n<style>.wp-block-kadence-advancedbtn.kb-btns37141_36805f-c9{gap:var(--global-kb-gap-xs, 0.5rem );justify-content:flex-start;align-items:center;}.kt-btns37141_36805f-c9 .kt-button{font-weight:normal;font-style:normal;}.kt-btns37141_36805f-c9 .kt-btn-wrap-0{margin-right:5px;}.wp-block-kadence-advancedbtn.kt-btns37141_36805f-c9 .kt-btn-wrap-0 .kt-button{color:#555555;border-color:#555555;}.wp-block-kadence-advancedbtn.kt-btns37141_36805f-c9 .kt-btn-wrap-0 .kt-button:hover, .wp-block-kadence-advancedbtn.kt-btns37141_36805f-c9 .kt-btn-wrap-0 .kt-button:focus{color:#ffffff;border-color:#444444;}.wp-block-kadence-advancedbtn.kt-btns37141_36805f-c9 .kt-btn-wrap-0 .kt-button::before{display:none;}.wp-block-kadence-advancedbtn.kt-btns37141_36805f-c9 .kt-btn-wrap-0 .kt-button:hover, .wp-block-kadence-advancedbtn.kt-btns37141_36805f-c9 .kt-btn-wrap-0 .kt-button:focus{background:#444444;}<\/style>\n<div class=\"wp-block-kadence-advancedbtn kb-buttons-wrap kb-btns37141_36805f-c9\"><style>ul.menu .wp-block-kadence-advancedbtn .kb-btn37141_a05698-8e.kb-button{width:initial;}<\/style><span class=\"kb-button kt-button button kb-btn37141_a05698-8e kt-btn-size-standard kt-btn-width-type-auto kb-btn-global-fill  kt-btn-has-text-true kt-btn-has-svg-false  wp-block-kadence-singlebtn\"><span class=\"kt-btn-inner-text\">Lin\u00e9aire<\/span><\/span>\n\n<style>ul.menu .wp-block-kadence-advancedbtn .kb-btn37141_8409c2-02.kb-button{width:initial;}<\/style><span class=\"kb-button kt-button button kb-btn37141_8409c2-02 kt-btn-size-standard kt-btn-width-type-auto kb-btn-global-fill  kt-btn-has-text-true kt-btn-has-svg-false  wp-block-kadence-singlebtn\"><span class=\"kt-btn-inner-text\">8,2 km (aller-retour)<\/span><\/span>\n\n<style>ul.menu .wp-block-kadence-advancedbtn .kb-btn37141_09d2f2-93.kb-button{width:initial;}<\/style><span class=\"kb-button kt-button button kb-btn37141_09d2f2-93 kt-btn-size-standard kt-btn-width-type-auto kb-btn-global-fill  kt-btn-has-text-true kt-btn-has-svg-false  wp-block-kadence-singlebtn\"><span class=\"kt-btn-inner-text\">+\/- 0 m<\/span><\/span><\/div>\n\n\n\n<p>Notre itin\u00e9raire commence \u00e0 la \"<strong>Mas dels Bascos<\/strong>\"(restaurant situ\u00e9 dans le <strong>Plage de Marquesa<\/strong>au bout de la route. TV-3451). C'est environ 4 km le long de la pointe de Fangar qui nous permet d'atteindre le phare photog\u00e9nique du m\u00eame nom. Il faudra revenir par le m\u00eame chemin. <\/p>\n\n\n\n<figure class=\"wp-block-image size-large\"><img loading=\"lazy\" decoding=\"async\" width=\"1024\" height=\"685\" src=\"https:\/\/travesiapirenaica.com\/wp-content\/uploads\/2023\/07\/DSC_0053-1024x685.jpg\" alt=\"\" class=\"wp-image-37165\" srcset=\"https:\/\/travesiapirenaica.com\/wp-content\/uploads\/2023\/07\/DSC_0053-1024x685.jpg 1024w, https:\/\/travesiapirenaica.com\/wp-content\/uploads\/2023\/07\/DSC_0053-300x201.jpg 300w, https:\/\/travesiapirenaica.com\/wp-content\/uploads\/2023\/07\/DSC_0053-768x514.jpg 768w, https:\/\/travesiapirenaica.com\/wp-content\/uploads\/2023\/07\/DSC_0053-1536x1028.jpg 1536w, https:\/\/travesiapirenaica.com\/wp-content\/uploads\/2023\/07\/DSC_0053-2048x1371.jpg 2048w, https:\/\/travesiapirenaica.com\/wp-content\/uploads\/2023\/07\/DSC_0053-600x402.jpg 600w\" sizes=\"auto, (max-width: 1024px) 100vw, 1024px\" \/><figcaption class=\"wp-element-caption\">Cette route nous permettra d'entrer dans la pointe de Fangar (\"barre nord du delta\").<\/figcaption><\/figure>\n\n\n\n<h3 class=\"wp-block-heading\" id=\"propuesta2ruta3\"><strong>Itin\u00e9raire 3 : l'embouchure de l'\u00c8bre et le phare de Garxal.<\/strong><\/h3>\n\n\n<style>.wp-block-kadence-advancedbtn.kb-btns37141_81f040-6a{gap:var(--global-kb-gap-xs, 0.5rem );justify-content:flex-start;align-items:center;}.kt-btns37141_81f040-6a .kt-button{font-weight:normal;font-style:normal;}.kt-btns37141_81f040-6a .kt-btn-wrap-0{margin-right:5px;}.wp-block-kadence-advancedbtn.kt-btns37141_81f040-6a .kt-btn-wrap-0 .kt-button{color:#555555;border-color:#555555;}.wp-block-kadence-advancedbtn.kt-btns37141_81f040-6a .kt-btn-wrap-0 .kt-button:hover, .wp-block-kadence-advancedbtn.kt-btns37141_81f040-6a .kt-btn-wrap-0 .kt-button:focus{color:#ffffff;border-color:#444444;}.wp-block-kadence-advancedbtn.kt-btns37141_81f040-6a .kt-btn-wrap-0 .kt-button::before{display:none;}.wp-block-kadence-advancedbtn.kt-btns37141_81f040-6a .kt-btn-wrap-0 .kt-button:hover, .wp-block-kadence-advancedbtn.kt-btns37141_81f040-6a .kt-btn-wrap-0 .kt-button:focus{background:#444444;}<\/style>\n<div class=\"wp-block-kadence-advancedbtn kb-buttons-wrap kb-btns37141_81f040-6a\"><style>ul.menu .wp-block-kadence-advancedbtn .kb-btn37141_cff29c-6d.kb-button{width:initial;}<\/style><span class=\"kb-button kt-button button kb-btn37141_cff29c-6d kt-btn-size-standard kt-btn-width-type-auto kb-btn-global-fill  kt-btn-has-text-true kt-btn-has-svg-false  wp-block-kadence-singlebtn\"><span class=\"kt-btn-inner-text\">Circulaire<\/span><\/span>\n\n<style>ul.menu .wp-block-kadence-advancedbtn .kb-btn37141_7f5a2b-e6.kb-button{width:initial;}<\/style><span class=\"kb-button kt-button button kb-btn37141_7f5a2b-e6 kt-btn-size-standard kt-btn-width-type-auto kb-btn-global-fill  kt-btn-has-text-true kt-btn-has-svg-false  wp-block-kadence-singlebtn\"><span class=\"kt-btn-inner-text\">7,2 km<\/span><\/span>\n\n<style>ul.menu .wp-block-kadence-advancedbtn .kb-btn37141_c5644b-48.kb-button{width:initial;}<\/style><span class=\"kb-button kt-button button kb-btn37141_c5644b-48 kt-btn-size-standard kt-btn-width-type-auto kb-btn-global-fill  kt-btn-has-text-true kt-btn-has-svg-false  wp-block-kadence-singlebtn\"><span class=\"kt-btn-inner-text\">+\/- 5 m<\/span><\/span><\/div>\n\n\n\n<p>Nous partons du <strong>urbanisation de Riumar<\/strong>d'o\u00f9 nous traverserons une zone de dunes en suivant le GR 99 jusqu'\u00e0 ce que nous atteignions l'embouchure de la rivi\u00e8re. <strong>Le belv\u00e9d\u00e8re de la Ziggourat<\/strong> o <strong>Phare de Garxal<\/strong>situ\u00e9 \u00e0 l'embouchure de l'Ebre avec vue sur les \u00eeles de Buda et de Sant Antoni. Pour compl\u00e9ter le parcours d'un peu plus de 7 km, nous irons chercher le sentier qui nous m\u00e8nera \u00e0 l'estany les Illes et au point de d\u00e9part.<\/p>\n\n\n\n<figure class=\"wp-block-image size-large\"><img loading=\"lazy\" decoding=\"async\" width=\"1024\" height=\"769\" src=\"https:\/\/travesiapirenaica.com\/wp-content\/uploads\/2023\/07\/IMG_0176-1024x769.jpg\" alt=\"\" class=\"wp-image-37166\" srcset=\"https:\/\/travesiapirenaica.com\/wp-content\/uploads\/2023\/07\/IMG_0176-1024x769.jpg 1024w, https:\/\/travesiapirenaica.com\/wp-content\/uploads\/2023\/07\/IMG_0176-300x225.jpg 300w, https:\/\/travesiapirenaica.com\/wp-content\/uploads\/2023\/07\/IMG_0176-768x577.jpg 768w, https:\/\/travesiapirenaica.com\/wp-content\/uploads\/2023\/07\/IMG_0176-1536x1154.jpg 1536w, https:\/\/travesiapirenaica.com\/wp-content\/uploads\/2023\/07\/IMG_0176-2048x1539.jpg 2048w, https:\/\/travesiapirenaica.com\/wp-content\/uploads\/2023\/07\/IMG_0176-600x451.jpg 600w\" sizes=\"auto, (max-width: 1024px) 100vw, 1024px\" \/><figcaption class=\"wp-element-caption\">L'une des alternatives \u00e0 la marche dans le delta est la location d'un v\u00e9lo. <\/figcaption><\/figure>\n\n\n\n<hr class=\"wp-block-separator has-alpha-channel-opacity\"\/>\n\n\n\n<h2 class=\"wp-block-heading\" id=\"propuesta3\"><strong>Proposition 3 : c\u00f4te centrale et cha\u00eenes montagneuses c\u00f4ti\u00e8res de Barcelone.<\/strong><\/h2>\n\n\n<style>.kadence-column37141_8334a6-42 > .kt-inside-inner-col{padding-top:var(--global-kb-spacing-xxs, 0.5rem);padding-right:var(--global-kb-spacing-xxs, 0.5rem);padding-bottom:var(--global-kb-spacing-xxs, 0.5rem);padding-left:var(--global-kb-spacing-xxs, 0.5rem);}.kadence-column37141_8334a6-42 > .kt-inside-inner-col,.kadence-column37141_8334a6-42 > .kt-inside-inner-col:before{border-top-left-radius:0px;border-top-right-radius:0px;border-bottom-right-radius:0px;border-bottom-left-radius:0px;}.kadence-column37141_8334a6-42 > .kt-inside-inner-col{column-gap:var(--global-kb-gap-sm, 1rem);}.kadence-column37141_8334a6-42 > .kt-inside-inner-col{flex-direction:column;}.kadence-column37141_8334a6-42 > .kt-inside-inner-col > .aligncenter{width:100%;}.kadence-column37141_8334a6-42 > .kt-inside-inner-col{background-color:#f0f0f0;}.kadence-column37141_8334a6-42 > .kt-inside-inner-col:before{opacity:0.3;}.kadence-column37141_8334a6-42{position:relative;}@media all and (max-width: 1024px){.kadence-column37141_8334a6-42 > .kt-inside-inner-col{flex-direction:column;justify-content:center;}}@media all and (max-width: 767px){.kadence-column37141_8334a6-42 > .kt-inside-inner-col{flex-direction:column;justify-content:center;}}<\/style>\n<div class=\"wp-block-kadence-column kadence-column37141_8334a6-42\"><div class=\"kt-inside-inner-col\">\n<p><strong><u>Type d'itin\u00e9raire :<\/u><\/strong> lin\u00e9aire.<br><strong><u>Accueil :<\/u> <\/strong>Sitges.<br><strong><u>Finale :<\/u><\/strong> L'Hospitalet de Llobregat (arr\u00eat de m\u00e9tro Bellvitge Hospital).<br>- <strong><u>\u00c9tape 1 :<\/u><\/strong> <a href=\"#propuesta3etapa1\"><strong>GR 92 entre Sitges et Garraf<\/strong>.<\/a><br>- <u><strong>\u00c9tape 2 :<\/strong><\/u> <a href=\"#propuesta3etapa2\"><strong>de Garraf \u00e0 Gav\u00e0, via Morella.<\/strong><\/a><br>- <u><strong>\u00c9tape 3 :<\/strong><\/u> <a href=\"#propuesta3etapa3\"><strong> de Gav\u00e0 au Llobregat, en passant par les cerisiers d'Ordal.<\/strong><\/a><\/p>\n<\/div><\/div>\n\n\n\n<p><\/p>\n\n\n\n<iframe loading=\"lazy\" src=\"https:\/\/travesiapirenaica.com\/rutas\/rutas3.php?&amp;ruta=costa_catalana3\" allow=\"fullscreen\" width=\"100%\" height=\"400\"><\/iframe>\n\n\n\n<p>Avec ces trois \u00e9tapes \u00e0 travers Barcelone, vous aurez un peu de tout. La premi\u00e8re partie est domin\u00e9e par des mont\u00e9es exigeantes, la solitude et les paysages ouverts de la r\u00e9gion de Barcelone. <strong>Garraf<\/strong>La deuxi\u00e8me partie de l'itin\u00e9raire permet de d\u00e9couvrir les points de vue, les criques et les vestiges de l'histoire qui a marqu\u00e9 ce massif calcaire. La deuxi\u00e8me partie de l'itin\u00e9raire, qui passe par les <strong>Montagnes ordinaires<\/strong> est plus douce, avec ses cerisiers, ses amandiers, ses pin\u00e8des et quelques villages. Et la troisi\u00e8me partie, \u00e0 travers la zone agricole et une route agr\u00e9able le long de la route de la soie. <strong>Rivi\u00e8re Llobregat.<\/strong><\/p>\n\n\n\n<figure class=\"wp-block-image size-large\"><img loading=\"lazy\" decoding=\"async\" width=\"768\" height=\"1024\" src=\"https:\/\/travesiapirenaica.com\/wp-content\/uploads\/2023\/07\/IMG_0961-768x1024.jpg\" alt=\"\" class=\"wp-image-37191\" srcset=\"https:\/\/travesiapirenaica.com\/wp-content\/uploads\/2023\/07\/IMG_0961-768x1024.jpg 768w, https:\/\/travesiapirenaica.com\/wp-content\/uploads\/2023\/07\/IMG_0961-225x300.jpg 225w, https:\/\/travesiapirenaica.com\/wp-content\/uploads\/2023\/07\/IMG_0961-1152x1536.jpg 1152w, https:\/\/travesiapirenaica.com\/wp-content\/uploads\/2023\/07\/IMG_0961-1536x2048.jpg 1536w, https:\/\/travesiapirenaica.com\/wp-content\/uploads\/2023\/07\/IMG_0961-600x800.jpg 600w, https:\/\/travesiapirenaica.com\/wp-content\/uploads\/2023\/07\/IMG_0961-scaled.jpg 1920w\" sizes=\"auto, (max-width: 768px) 100vw, 768px\" \/><figcaption class=\"wp-element-caption\">Le paysage en mosa\u00efque de for\u00eats et de vergers de cerisiers sera le fil conducteur d'une partie de l'itin\u00e9raire.<\/figcaption><\/figure>\n\n\n\n<h3 class=\"wp-block-heading\" id=\"propuesta3etapa1\"><strong>\u00c9tape 1 : GR 92 entre Sitges et Garraf.<\/strong><\/h3>\n\n\n<style>.wp-block-kadence-advancedbtn.kb-btns37141_e00dee-3a{gap:var(--global-kb-gap-xs, 0.5rem );justify-content:flex-start;align-items:center;}.kt-btns37141_e00dee-3a .kt-button{font-weight:normal;font-style:normal;}.kt-btns37141_e00dee-3a .kt-btn-wrap-0{margin-right:5px;}.wp-block-kadence-advancedbtn.kt-btns37141_e00dee-3a .kt-btn-wrap-0 .kt-button{color:#555555;border-color:#555555;}.wp-block-kadence-advancedbtn.kt-btns37141_e00dee-3a .kt-btn-wrap-0 .kt-button:hover, .wp-block-kadence-advancedbtn.kt-btns37141_e00dee-3a .kt-btn-wrap-0 .kt-button:focus{color:#ffffff;border-color:#444444;}.wp-block-kadence-advancedbtn.kt-btns37141_e00dee-3a .kt-btn-wrap-0 .kt-button::before{display:none;}.wp-block-kadence-advancedbtn.kt-btns37141_e00dee-3a .kt-btn-wrap-0 .kt-button:hover, .wp-block-kadence-advancedbtn.kt-btns37141_e00dee-3a .kt-btn-wrap-0 .kt-button:focus{background:#444444;}<\/style>\n<div class=\"wp-block-kadence-advancedbtn kb-buttons-wrap kb-btns37141_e00dee-3a\"><style>ul.menu .wp-block-kadence-advancedbtn .kb-btn37141_d1e4cf-e4.kb-button{width:initial;}<\/style><span class=\"kb-button kt-button button kb-btn37141_d1e4cf-e4 kt-btn-size-standard kt-btn-width-type-auto kb-btn-global-fill  kt-btn-has-text-true kt-btn-has-svg-false  wp-block-kadence-singlebtn\"><span class=\"kt-btn-inner-text\">14,8 km<\/span><\/span>\n\n<style>ul.menu .wp-block-kadence-advancedbtn .kb-btn37141_d723ac-15.kb-button{width:initial;}<\/style><span class=\"kb-button kt-button button kb-btn37141_d723ac-15 kt-btn-size-standard kt-btn-width-type-auto kb-btn-global-fill  kt-btn-has-text-true kt-btn-has-svg-false  wp-block-kadence-singlebtn\"><span class=\"kt-btn-inner-text\">+\/- 595 m<\/span><\/span><\/div>\n\n\n\n<p>Ce tron\u00e7on de pr\u00e8s de 15 km de l'\u00e9tape 22 du GR92, nous permettra de faire connaissance avec le curieux ermitage blanc de <strong>la Trinit\u00e9<\/strong> et le petit noyau de maisons \u00e0 <strong>Campd\u00e0sens<\/strong>Nous traverserons le massif calcaire entre pins, palmiers, vignes, ch\u00eanes kerm\u00e8s, figuiers... Nous traverserons le massif calcaire entre pins, palmiers, vignes, ch\u00eanes kerm\u00e8s, figuiers... qui nous conduira au petit village du Garraf avec sa crique caract\u00e9ristique.<\/p>\n\n\n\n<figure class=\"wp-block-image size-large\"><img loading=\"lazy\" decoding=\"async\" width=\"1024\" height=\"768\" src=\"https:\/\/travesiapirenaica.com\/wp-content\/uploads\/2023\/07\/IMG_20211101_082723-1024x768.jpg\" alt=\"\" class=\"wp-image-37189\" srcset=\"https:\/\/travesiapirenaica.com\/wp-content\/uploads\/2023\/07\/IMG_20211101_082723-1024x768.jpg 1024w, https:\/\/travesiapirenaica.com\/wp-content\/uploads\/2023\/07\/IMG_20211101_082723-300x225.jpg 300w, https:\/\/travesiapirenaica.com\/wp-content\/uploads\/2023\/07\/IMG_20211101_082723-768x576.jpg 768w, https:\/\/travesiapirenaica.com\/wp-content\/uploads\/2023\/07\/IMG_20211101_082723-1536x1152.jpg 1536w, https:\/\/travesiapirenaica.com\/wp-content\/uploads\/2023\/07\/IMG_20211101_082723-2048x1536.jpg 2048w, https:\/\/travesiapirenaica.com\/wp-content\/uploads\/2023\/07\/IMG_20211101_082723-600x450.jpg 600w\" sizes=\"auto, (max-width: 1024px) 100vw, 1024px\" \/><figcaption class=\"wp-element-caption\">La plage du petit village blanc de Garraf m\u00e9rite une visite tranquille.<\/figcaption><\/figure>\n\n\n\n<h3 class=\"wp-block-heading\" id=\"propuesta3etapa2\"><strong>\u00c9tape 2 : de Garraf \u00e0 Gav\u00e0, en passant par Morella.<\/strong><\/h3>\n\n\n<style>.wp-block-kadence-advancedbtn.kb-btns37141_cbc872-11{gap:var(--global-kb-gap-xs, 0.5rem );justify-content:flex-start;align-items:center;}.kt-btns37141_cbc872-11 .kt-button{font-weight:normal;font-style:normal;}.kt-btns37141_cbc872-11 .kt-btn-wrap-0{margin-right:5px;}.wp-block-kadence-advancedbtn.kt-btns37141_cbc872-11 .kt-btn-wrap-0 .kt-button{color:#555555;border-color:#555555;}.wp-block-kadence-advancedbtn.kt-btns37141_cbc872-11 .kt-btn-wrap-0 .kt-button:hover, .wp-block-kadence-advancedbtn.kt-btns37141_cbc872-11 .kt-btn-wrap-0 .kt-button:focus{color:#ffffff;border-color:#444444;}.wp-block-kadence-advancedbtn.kt-btns37141_cbc872-11 .kt-btn-wrap-0 .kt-button::before{display:none;}.wp-block-kadence-advancedbtn.kt-btns37141_cbc872-11 .kt-btn-wrap-0 .kt-button:hover, .wp-block-kadence-advancedbtn.kt-btns37141_cbc872-11 .kt-btn-wrap-0 .kt-button:focus{background:#444444;}<\/style>\n<div class=\"wp-block-kadence-advancedbtn kb-buttons-wrap kb-btns37141_cbc872-11\"><style>ul.menu .wp-block-kadence-advancedbtn .kb-btn37141_08474e-38.kb-button{width:initial;}<\/style><span class=\"kb-button kt-button button kb-btn37141_08474e-38 kt-btn-size-standard kt-btn-width-type-auto kb-btn-global-fill  kt-btn-has-text-true kt-btn-has-svg-false  wp-block-kadence-singlebtn\"><span class=\"kt-btn-inner-text\">24,0 km<\/span><\/span>\n\n<style>ul.menu .wp-block-kadence-advancedbtn .kb-btn37141_3cf5ca-2d.kb-button{width:initial;}<\/style><span class=\"kb-button kt-button button kb-btn37141_3cf5ca-2d kt-btn-size-standard kt-btn-width-type-auto kb-btn-global-fill  kt-btn-has-text-true kt-btn-has-svg-false  wp-block-kadence-singlebtn\"><span class=\"kt-btn-inner-text\">+\/- 750 m<\/span><\/span><\/div>\n\n\n\n<p>Un parcours exigeant de 24 km sur un terrain calcaire, partant du niveau de la mer, nous permettra de traverser l'\"encajonado\".<strong>Fonds Vallgrassa<\/strong>\"L'itin\u00e9raire m\u00e8ne au sommet du massif, \u00e0 pr\u00e8s de 600 m\u00e8tres d'altitude, puis descend \u00e0 travers une mosa\u00efque de cultures et de for\u00eats jusqu'\u00e0 la ville de Gav\u00e0. <\/p>\n\n\n\n<figure class=\"wp-block-image size-large\"><img loading=\"lazy\" decoding=\"async\" width=\"1024\" height=\"768\" src=\"https:\/\/travesiapirenaica.com\/wp-content\/uploads\/2023\/07\/IMG_2092-1024x768.jpg\" alt=\"\" class=\"wp-image-37188\" srcset=\"https:\/\/travesiapirenaica.com\/wp-content\/uploads\/2023\/07\/IMG_2092-1024x768.jpg 1024w, https:\/\/travesiapirenaica.com\/wp-content\/uploads\/2023\/07\/IMG_2092-300x225.jpg 300w, https:\/\/travesiapirenaica.com\/wp-content\/uploads\/2023\/07\/IMG_2092-768x576.jpg 768w, https:\/\/travesiapirenaica.com\/wp-content\/uploads\/2023\/07\/IMG_2092-1536x1152.jpg 1536w, https:\/\/travesiapirenaica.com\/wp-content\/uploads\/2023\/07\/IMG_2092-2048x1536.jpg 2048w, https:\/\/travesiapirenaica.com\/wp-content\/uploads\/2023\/07\/IMG_2092-600x450.jpg 600w\" sizes=\"auto, (max-width: 1024px) 100vw, 1024px\" \/><figcaption class=\"wp-element-caption\">Les vues de Morella sont spectaculaires.<\/figcaption><\/figure>\n\n\n\n<h3 class=\"wp-block-heading\" id=\"propuesta3etapa3\"><strong>\u00c9tape 3 : de Gav\u00e0 \u00e0 la rivi\u00e8re Llobregat, en passant par les cerisiers d'Ordal.<\/strong><\/h3>\n\n\n<style>.wp-block-kadence-advancedbtn.kb-btns37141_2a4cc1-48{gap:var(--global-kb-gap-xs, 0.5rem );justify-content:flex-start;align-items:center;}.kt-btns37141_2a4cc1-48 .kt-button{font-weight:normal;font-style:normal;}.kt-btns37141_2a4cc1-48 .kt-btn-wrap-0{margin-right:5px;}.wp-block-kadence-advancedbtn.kt-btns37141_2a4cc1-48 .kt-btn-wrap-0 .kt-button{color:#555555;border-color:#555555;}.wp-block-kadence-advancedbtn.kt-btns37141_2a4cc1-48 .kt-btn-wrap-0 .kt-button:hover, .wp-block-kadence-advancedbtn.kt-btns37141_2a4cc1-48 .kt-btn-wrap-0 .kt-button:focus{color:#ffffff;border-color:#444444;}.wp-block-kadence-advancedbtn.kt-btns37141_2a4cc1-48 .kt-btn-wrap-0 .kt-button::before{display:none;}.wp-block-kadence-advancedbtn.kt-btns37141_2a4cc1-48 .kt-btn-wrap-0 .kt-button:hover, .wp-block-kadence-advancedbtn.kt-btns37141_2a4cc1-48 .kt-btn-wrap-0 .kt-button:focus{background:#444444;}<\/style>\n<div class=\"wp-block-kadence-advancedbtn kb-buttons-wrap kb-btns37141_2a4cc1-48\"><style>ul.menu .wp-block-kadence-advancedbtn .kb-btn37141_97952e-d5.kb-button{width:initial;}<\/style><span class=\"kb-button kt-button button kb-btn37141_97952e-d5 kt-btn-size-standard kt-btn-width-type-auto kb-btn-global-fill  kt-btn-has-text-true kt-btn-has-svg-false  wp-block-kadence-singlebtn\"><span class=\"kt-btn-inner-text\">23,2 km<\/span><\/span>\n\n<style>ul.menu .wp-block-kadence-advancedbtn .kb-btn37141_334862-5e.kb-button{width:initial;}<\/style><span class=\"kb-button kt-button button kb-btn37141_334862-5e kt-btn-size-standard kt-btn-width-type-auto kb-btn-global-fill  kt-btn-has-text-true kt-btn-has-svg-false  wp-block-kadence-singlebtn\"><span class=\"kt-btn-inner-text\">+\/- 470 m<\/span><\/span><\/div>\n\n\n\n<p>Cet itin\u00e9raire, d'une longueur d'un peu plus de 23 km, suivra le balisage du GR 92 dans sa premi\u00e8re partie, \u00e0 travers des for\u00eats et des vergers de cerisiers dans les montagnes de l'Ordal. La deuxi\u00e8me partie traverse des champs d'artichauts et suit l'embouchure du Llobregat jusqu'\u00e0 la station de m\u00e9tro Hospital de Bellvitge.<\/p>\n\n\n\n<figure class=\"wp-block-image size-large\"><img loading=\"lazy\" decoding=\"async\" width=\"1024\" height=\"768\" src=\"https:\/\/travesiapirenaica.com\/wp-content\/uploads\/2023\/07\/IMG_0715-1024x768.jpg\" alt=\"\" class=\"wp-image-37190\" srcset=\"https:\/\/travesiapirenaica.com\/wp-content\/uploads\/2023\/07\/IMG_0715-1024x768.jpg 1024w, https:\/\/travesiapirenaica.com\/wp-content\/uploads\/2023\/07\/IMG_0715-300x225.jpg 300w, https:\/\/travesiapirenaica.com\/wp-content\/uploads\/2023\/07\/IMG_0715-768x576.jpg 768w, https:\/\/travesiapirenaica.com\/wp-content\/uploads\/2023\/07\/IMG_0715-1536x1152.jpg 1536w, https:\/\/travesiapirenaica.com\/wp-content\/uploads\/2023\/07\/IMG_0715-2048x1536.jpg 2048w, https:\/\/travesiapirenaica.com\/wp-content\/uploads\/2023\/07\/IMG_0715-600x450.jpg 600w\" sizes=\"auto, (max-width: 1024px) 100vw, 1024px\" \/><figcaption class=\"wp-element-caption\">Nous suivrons le cours du Llobregat, avec les montagnes de l'Ordal derri\u00e8re nous. <\/figcaption><\/figure>\n\n\n\n<hr class=\"wp-block-separator has-alpha-channel-opacity\"\/>\n\n\n\n<h2 class=\"wp-block-heading\" id=\"propuesta4\">Proposition 4 : la c\u00f4te centrale du Maresme.<\/h2>\n\n\n<style>.kadence-column37141_006baf-0c > .kt-inside-inner-col{padding-top:var(--global-kb-spacing-xxs, 0.5rem);padding-right:var(--global-kb-spacing-xxs, 0.5rem);padding-bottom:var(--global-kb-spacing-xxs, 0.5rem);padding-left:var(--global-kb-spacing-xxs, 0.5rem);}.kadence-column37141_006baf-0c > .kt-inside-inner-col,.kadence-column37141_006baf-0c > .kt-inside-inner-col:before{border-top-left-radius:0px;border-top-right-radius:0px;border-bottom-right-radius:0px;border-bottom-left-radius:0px;}.kadence-column37141_006baf-0c > .kt-inside-inner-col{column-gap:var(--global-kb-gap-sm, 1rem);}.kadence-column37141_006baf-0c > .kt-inside-inner-col{flex-direction:column;}.kadence-column37141_006baf-0c > .kt-inside-inner-col > .aligncenter{width:100%;}.kadence-column37141_006baf-0c > .kt-inside-inner-col{background-color:#f0f0f0;}.kadence-column37141_006baf-0c > .kt-inside-inner-col:before{opacity:0.3;}.kadence-column37141_006baf-0c{position:relative;}@media all and (max-width: 1024px){.kadence-column37141_006baf-0c > .kt-inside-inner-col{flex-direction:column;justify-content:center;}}@media all and (max-width: 767px){.kadence-column37141_006baf-0c > .kt-inside-inner-col{flex-direction:column;justify-content:center;}}<\/style>\n<div class=\"wp-block-kadence-column kadence-column37141_006baf-0c\"><div class=\"kt-inside-inner-col\">\n<p><strong><u>Type d'itin\u00e9raire :<\/u><\/strong> lin\u00e9aire.<br><strong><u>Accueil :<\/u> <\/strong>Sant Pol.<br><strong><u>Finale :<\/u><\/strong> Tordera.<br>- <strong><u>\u00c9tape 1 :<\/u><\/strong> <a href=\"#propuesta4etapa3\"><strong>de Sant Pol \u00e0 Pineda de Mar.<\/strong><\/a><br>- <u><strong>\u00c9tape 2 :<\/strong><\/u> <a href=\"#propuesta4etapa2\"><strong><strong>de Pineda de Mar \u00e0 Santa Susanna, en passant par Montpalau.<\/strong><\/strong><\/a><br>- <u><strong>\u00c9tape 3 :<\/strong><\/u> <a href=\"#propuesta4etapa1\"><strong> <strong>de Santa Susanna \u00e0 Tordera<\/strong>, <strong>\u00e0 travers la sierra d'en Burgada.<\/strong><\/strong><\/a><\/p>\n<\/div><\/div>\n\n\n\n<p><\/p>\n\n\n\n<iframe loading=\"lazy\" src=\"https:\/\/travesiapirenaica.com\/rutas\/rutas3.php?&amp;ruta=costa_catalana4\" allow=\"fullscreen\" width=\"100%\" height=\"400\"><\/iframe>\n\n\n\n<p>La r\u00e9gion du Maresme est constitu\u00e9e de modestes cha\u00eenes de montagnes c\u00f4ti\u00e8res, mais avec des pentes abruptes qui descendent jusqu'\u00e0 la plaine c\u00f4ti\u00e8re. Le mat\u00e9riau g\u00e9ologique dominant est le granit, qui se d\u00e9compose en un gravier sp\u00e9cial, le \"saul\u00f3\", qui forme les plages de la r\u00e9gion. Les vall\u00e9es, les ruisseaux, les for\u00eats, les sommets et les zones agricoles, ainsi que les villages qui ont conserv\u00e9 leur essence, font de cette r\u00e9gion un endroit d'un grand charme et d'une grande beaut\u00e9. Les trois itin\u00e9raires que nous proposons sont extraits du livre : <strong><a href=\"https:\/\/lafinestralectora.cat\/maresme\/\" target=\"_blank\" rel=\"noreferrer noopener\">\"Maresme. 17 excursions a peu\".<\/a><\/strong> et sont accessibles par le<a href=\"https:\/\/rodalies.gencat.cat\/es\/linies_estacions_i_trens\/index.html?linia=r1\" target=\"_blank\" rel=\"noreferrer noopener\"> <strong>ligne R1<\/strong><\/a> de<strong> Rodalies<\/strong>. <\/p>\n\n\n\n<figure class=\"wp-block-image size-large\"><img loading=\"lazy\" decoding=\"async\" width=\"1024\" height=\"768\" src=\"https:\/\/travesiapirenaica.com\/wp-content\/uploads\/2023\/07\/9-2-1024x768.jpg\" alt=\"\" class=\"wp-image-37199\" srcset=\"https:\/\/travesiapirenaica.com\/wp-content\/uploads\/2023\/07\/9-2-1024x768.jpg 1024w, https:\/\/travesiapirenaica.com\/wp-content\/uploads\/2023\/07\/9-2-300x225.jpg 300w, https:\/\/travesiapirenaica.com\/wp-content\/uploads\/2023\/07\/9-2-768x576.jpg 768w, https:\/\/travesiapirenaica.com\/wp-content\/uploads\/2023\/07\/9-2-1536x1152.jpg 1536w, https:\/\/travesiapirenaica.com\/wp-content\/uploads\/2023\/07\/9-2-2048x1536.jpg 2048w, https:\/\/travesiapirenaica.com\/wp-content\/uploads\/2023\/07\/9-2-600x450.jpg 600w\" sizes=\"auto, (max-width: 1024px) 100vw, 1024px\" \/><figcaption class=\"wp-element-caption\">Le Maresme nous offre des images d'une grande beaut\u00e9, comme celle-ci d'une zone agricole avec la ville de Pineda de Mar en arri\u00e8re-plan. <\/figcaption><\/figure>\n\n\n\n<h3 class=\"wp-block-heading\" id=\"propuesta4etapa1\"><strong>\u00c9tape 1 : de Sant Pol \u00e0 Pineda de Mar.<\/strong><\/h3>\n\n\n<style>.wp-block-kadence-advancedbtn.kb-btns37141_1611b1-e9{gap:var(--global-kb-gap-xs, 0.5rem );justify-content:flex-start;align-items:center;}.kt-btns37141_1611b1-e9 .kt-button{font-weight:normal;font-style:normal;}.kt-btns37141_1611b1-e9 .kt-btn-wrap-0{margin-right:5px;}.wp-block-kadence-advancedbtn.kt-btns37141_1611b1-e9 .kt-btn-wrap-0 .kt-button{color:#555555;border-color:#555555;}.wp-block-kadence-advancedbtn.kt-btns37141_1611b1-e9 .kt-btn-wrap-0 .kt-button:hover, .wp-block-kadence-advancedbtn.kt-btns37141_1611b1-e9 .kt-btn-wrap-0 .kt-button:focus{color:#ffffff;border-color:#444444;}.wp-block-kadence-advancedbtn.kt-btns37141_1611b1-e9 .kt-btn-wrap-0 .kt-button::before{display:none;}.wp-block-kadence-advancedbtn.kt-btns37141_1611b1-e9 .kt-btn-wrap-0 .kt-button:hover, .wp-block-kadence-advancedbtn.kt-btns37141_1611b1-e9 .kt-btn-wrap-0 .kt-button:focus{background:#444444;}<\/style>\n<div class=\"wp-block-kadence-advancedbtn kb-buttons-wrap kb-btns37141_1611b1-e9\"><style>ul.menu .wp-block-kadence-advancedbtn .kb-btn37141_d8a5ba-1e.kb-button{width:initial;}<\/style><span class=\"kb-button kt-button button kb-btn37141_d8a5ba-1e kt-btn-size-standard kt-btn-width-type-auto kb-btn-global-fill  kt-btn-has-text-true kt-btn-has-svg-false  wp-block-kadence-singlebtn\"><span class=\"kt-btn-inner-text\">15,2 km<\/span><\/span>\n\n<style>ul.menu .wp-block-kadence-advancedbtn .kb-btn37141_8b145d-ba.kb-button{width:initial;}<\/style><span class=\"kb-button kt-button button kb-btn37141_8b145d-ba kt-btn-size-standard kt-btn-width-type-auto kb-btn-global-fill  kt-btn-has-text-true kt-btn-has-svg-false  wp-block-kadence-singlebtn\"><span class=\"kt-btn-inner-text\">+\/- 550 m<\/span><\/span><\/div>\n\n\n\n<p>Un itin\u00e9raire d'environ 15 km entre deux villes c\u00f4ti\u00e8res o\u00f9 l'on peut contempler des vall\u00e9es agricoles, des ruisseaux avec les vestiges de moulins \u00e0 eau, des fours \u00e0 chaux et les restes d'un aqueduc romain.  <\/p>\n\n\n\n<figure class=\"wp-block-image size-large\"><img loading=\"lazy\" decoding=\"async\" width=\"1024\" height=\"768\" src=\"https:\/\/travesiapirenaica.com\/wp-content\/uploads\/2023\/07\/11-1024x768.jpg\" alt=\"\" class=\"wp-image-37200\" srcset=\"https:\/\/travesiapirenaica.com\/wp-content\/uploads\/2023\/07\/11-1024x768.jpg 1024w, https:\/\/travesiapirenaica.com\/wp-content\/uploads\/2023\/07\/11-300x225.jpg 300w, https:\/\/travesiapirenaica.com\/wp-content\/uploads\/2023\/07\/11-768x576.jpg 768w, https:\/\/travesiapirenaica.com\/wp-content\/uploads\/2023\/07\/11-1536x1152.jpg 1536w, https:\/\/travesiapirenaica.com\/wp-content\/uploads\/2023\/07\/11-600x450.jpg 600w, https:\/\/travesiapirenaica.com\/wp-content\/uploads\/2023\/07\/11.jpg 2048w\" sizes=\"auto, (max-width: 1024px) 100vw, 1024px\" \/><figcaption class=\"wp-element-caption\">Ces quatre arcades correspondent \u00e0 un aqueduc qui se d\u00e9versait dans le village de Can Roig (Ier-5e si\u00e8cle apr. J.-C.). On peut le voir sur la route de Pineda \u00e0 Hortsaviny\u00e0. <\/figcaption><\/figure>\n\n\n\n<h3 class=\"wp-block-heading\" id=\"propuesta4etapa2\"><strong>\u00c9tape 2 : De Pineda de Mar \u00e0 Santa Susanna, le long du Montpalau.<\/strong><\/h3>\n\n\n<style>.wp-block-kadence-advancedbtn.kb-btns37141_01eeac-9f{gap:var(--global-kb-gap-xs, 0.5rem );justify-content:flex-start;align-items:center;}.kt-btns37141_01eeac-9f .kt-button{font-weight:normal;font-style:normal;}.kt-btns37141_01eeac-9f .kt-btn-wrap-0{margin-right:5px;}.wp-block-kadence-advancedbtn.kt-btns37141_01eeac-9f .kt-btn-wrap-0 .kt-button{color:#555555;border-color:#555555;}.wp-block-kadence-advancedbtn.kt-btns37141_01eeac-9f .kt-btn-wrap-0 .kt-button:hover, .wp-block-kadence-advancedbtn.kt-btns37141_01eeac-9f .kt-btn-wrap-0 .kt-button:focus{color:#ffffff;border-color:#444444;}.wp-block-kadence-advancedbtn.kt-btns37141_01eeac-9f .kt-btn-wrap-0 .kt-button::before{display:none;}.wp-block-kadence-advancedbtn.kt-btns37141_01eeac-9f .kt-btn-wrap-0 .kt-button:hover, .wp-block-kadence-advancedbtn.kt-btns37141_01eeac-9f .kt-btn-wrap-0 .kt-button:focus{background:#444444;}<\/style>\n<div class=\"wp-block-kadence-advancedbtn kb-buttons-wrap kb-btns37141_01eeac-9f\"><style>ul.menu .wp-block-kadence-advancedbtn .kb-btn37141_f151bf-60.kb-button{width:initial;}<\/style><span class=\"kb-button kt-button button kb-btn37141_f151bf-60 kt-btn-size-standard kt-btn-width-type-auto kb-btn-global-fill  kt-btn-has-text-true kt-btn-has-svg-false  wp-block-kadence-singlebtn\"><span class=\"kt-btn-inner-text\">13,6 km<\/span><\/span>\n\n<style>ul.menu .wp-block-kadence-advancedbtn .kb-btn37141_475d2e-1d.kb-button{width:initial;}<\/style><span class=\"kb-button kt-button button kb-btn37141_475d2e-1d kt-btn-size-standard kt-btn-width-type-auto kb-btn-global-fill  kt-btn-has-text-true kt-btn-has-svg-false  wp-block-kadence-singlebtn\"><span class=\"kt-btn-inner-text\">+\/- 475 m<\/span><\/span><\/div>\n\n\n\n<p>Nous ferons l'ascension de deux sommets, le premier, <strong>le Montpalau<\/strong>dans le massif du Montnegre, avec des vestiges ib\u00e9riques et m\u00e9di\u00e9vaux. Et le second,<strong> la Gu\u00e0rdia<\/strong>avec des vues imprenables. Nous alternerons les for\u00eats de ch\u00eanes-li\u00e8ges, de ch\u00eanes verts et de pins avec les terres agricoles. Une fontaine et quelques vestiges historiques nous accompagneront sur les un peu plus de 13 km de cet itin\u00e9raire.<\/p>\n\n\n\n<figure class=\"wp-block-image size-large\"><img loading=\"lazy\" decoding=\"async\" width=\"1024\" height=\"768\" src=\"https:\/\/travesiapirenaica.com\/wp-content\/uploads\/2023\/07\/10-2-1024x768.jpg\" alt=\"\" class=\"wp-image-37201\" srcset=\"https:\/\/travesiapirenaica.com\/wp-content\/uploads\/2023\/07\/10-2-1024x768.jpg 1024w, https:\/\/travesiapirenaica.com\/wp-content\/uploads\/2023\/07\/10-2-300x225.jpg 300w, https:\/\/travesiapirenaica.com\/wp-content\/uploads\/2023\/07\/10-2-768x576.jpg 768w, https:\/\/travesiapirenaica.com\/wp-content\/uploads\/2023\/07\/10-2-1536x1152.jpg 1536w, https:\/\/travesiapirenaica.com\/wp-content\/uploads\/2023\/07\/10-2-2048x1536.jpg 2048w, https:\/\/travesiapirenaica.com\/wp-content\/uploads\/2023\/07\/10-2-600x450.jpg 600w\" sizes=\"auto, (max-width: 1024px) 100vw, 1024px\" \/><figcaption class=\"wp-element-caption\">En arri\u00e8re-plan, on aper\u00e7oit le pic de Montpalau et, derri\u00e8re lui, les derniers contreforts de la cha\u00eene du Montnegre.<\/figcaption><\/figure>\n\n\n\n<h3 class=\"wp-block-heading\" id=\"propuesta4etapa3\"><strong>\u00c9tape 3 : de Santa Susanna \u00e0 Tordera<\/strong>, <strong>\u00e0 travers la sierra d'en Burgada.<\/strong><\/h3>\n\n\n<style>.wp-block-kadence-advancedbtn.kb-btns37141_da8d50-e9{gap:var(--global-kb-gap-xs, 0.5rem );justify-content:flex-start;align-items:center;}.kt-btns37141_da8d50-e9 .kt-button{font-weight:normal;font-style:normal;}.kt-btns37141_da8d50-e9 .kt-btn-wrap-0{margin-right:5px;}.wp-block-kadence-advancedbtn.kt-btns37141_da8d50-e9 .kt-btn-wrap-0 .kt-button{color:#555555;border-color:#555555;}.wp-block-kadence-advancedbtn.kt-btns37141_da8d50-e9 .kt-btn-wrap-0 .kt-button:hover, .wp-block-kadence-advancedbtn.kt-btns37141_da8d50-e9 .kt-btn-wrap-0 .kt-button:focus{color:#ffffff;border-color:#444444;}.wp-block-kadence-advancedbtn.kt-btns37141_da8d50-e9 .kt-btn-wrap-0 .kt-button::before{display:none;}.wp-block-kadence-advancedbtn.kt-btns37141_da8d50-e9 .kt-btn-wrap-0 .kt-button:hover, .wp-block-kadence-advancedbtn.kt-btns37141_da8d50-e9 .kt-btn-wrap-0 .kt-button:focus{background:#444444;}<\/style>\n<div class=\"wp-block-kadence-advancedbtn kb-buttons-wrap kb-btns37141_da8d50-e9\"><style>ul.menu .wp-block-kadence-advancedbtn .kb-btn37141_ea1b33-dc.kb-button{width:initial;}<\/style><span class=\"kb-button kt-button button kb-btn37141_ea1b33-dc kt-btn-size-standard kt-btn-width-type-auto kb-btn-global-fill  kt-btn-has-text-true kt-btn-has-svg-false  wp-block-kadence-singlebtn\"><span class=\"kt-btn-inner-text\">16,5 km<\/span><\/span>\n\n<style>ul.menu .wp-block-kadence-advancedbtn .kb-btn37141_e4fa92-05.kb-button{width:initial;}<\/style><span class=\"kb-button kt-button button kb-btn37141_e4fa92-05 kt-btn-size-standard kt-btn-width-type-auto kb-btn-global-fill  kt-btn-has-text-true kt-btn-has-svg-false  wp-block-kadence-singlebtn\"><span class=\"kt-btn-inner-text\">+ 370 \/ -350 m<\/span><\/span><\/div>\n\n\n\n<p>Cette visite comporte trois parties distinctes : la <strong>Ruisseau Santa Susanna<\/strong>le petit <strong>sierra d'en Burgada<\/strong>que nous devrons traverser, et les <strong>Ruisseau de Vallmany\u00e0<\/strong>qui forme une vall\u00e9e agricole avec la <strong>Lac Can Torrent<\/strong>Il est tr\u00e8s int\u00e9ressant pour l'observation de la faune et de la flore. Les presque 17 km de cette \u00e9tape seront compl\u00e9t\u00e9s par la travers\u00e9e de la ville de Tordera et de la rivi\u00e8re du m\u00eame nom pour retrouver l'arr\u00eat du train.<\/p>\n\n\n\n<figure class=\"wp-block-image size-large\"><img loading=\"lazy\" decoding=\"async\" width=\"768\" height=\"1024\" src=\"https:\/\/travesiapirenaica.com\/wp-content\/uploads\/2023\/07\/7-1-768x1024.jpg\" alt=\"\" class=\"wp-image-37202\" srcset=\"https:\/\/travesiapirenaica.com\/wp-content\/uploads\/2023\/07\/7-1-768x1024.jpg 768w, https:\/\/travesiapirenaica.com\/wp-content\/uploads\/2023\/07\/7-1-225x300.jpg 225w, https:\/\/travesiapirenaica.com\/wp-content\/uploads\/2023\/07\/7-1-1152x1536.jpg 1152w, https:\/\/travesiapirenaica.com\/wp-content\/uploads\/2023\/07\/7-1-1536x2048.jpg 1536w, https:\/\/travesiapirenaica.com\/wp-content\/uploads\/2023\/07\/7-1-600x800.jpg 600w, https:\/\/travesiapirenaica.com\/wp-content\/uploads\/2023\/07\/7-1-scaled.jpg 1920w\" sizes=\"auto, (max-width: 768px) 100vw, 768px\" \/><figcaption class=\"wp-element-caption\">Dans le lac d'inondation temporaire de Can Torrent, on trouve une v\u00e9g\u00e9tation fluviale int\u00e9ressante, compos\u00e9e d'ormes, de fr\u00eanes, de lys, de gattiliers... Ainsi que des crustac\u00e9s, des tritons, des tortues, des grenouilles...<\/figcaption><\/figure>\n\n\n\n<hr class=\"wp-block-separator has-alpha-channel-opacity\"\/>\n\n\n\n<h2 class=\"wp-block-heading\" id=\"propuesta5\">Proposition 5 : la Costa Brava, le long du GR92 et du \"cam\u00ed de ronda\".<\/h2>\n\n\n<style>.kadence-column37141_1e5d0f-9f > .kt-inside-inner-col{padding-top:var(--global-kb-spacing-xxs, 0.5rem);padding-right:var(--global-kb-spacing-xxs, 0.5rem);padding-bottom:var(--global-kb-spacing-xxs, 0.5rem);padding-left:var(--global-kb-spacing-xxs, 0.5rem);}.kadence-column37141_1e5d0f-9f > .kt-inside-inner-col,.kadence-column37141_1e5d0f-9f > .kt-inside-inner-col:before{border-top-left-radius:0px;border-top-right-radius:0px;border-bottom-right-radius:0px;border-bottom-left-radius:0px;}.kadence-column37141_1e5d0f-9f > .kt-inside-inner-col{column-gap:var(--global-kb-gap-sm, 1rem);}.kadence-column37141_1e5d0f-9f > .kt-inside-inner-col{flex-direction:column;}.kadence-column37141_1e5d0f-9f > .kt-inside-inner-col > .aligncenter{width:100%;}.kadence-column37141_1e5d0f-9f > .kt-inside-inner-col{background-color:#f0f0f0;}.kadence-column37141_1e5d0f-9f > .kt-inside-inner-col:before{opacity:0.3;}.kadence-column37141_1e5d0f-9f{position:relative;}@media all and (max-width: 1024px){.kadence-column37141_1e5d0f-9f > .kt-inside-inner-col{flex-direction:column;justify-content:center;}}@media all and (max-width: 767px){.kadence-column37141_1e5d0f-9f > .kt-inside-inner-col{flex-direction:column;justify-content:center;}}<\/style>\n<div class=\"wp-block-kadence-column kadence-column37141_1e5d0f-9f\"><div class=\"kt-inside-inner-col\">\n<p><strong><u>Type d'itin\u00e9raire :<\/u><\/strong> lin\u00e9aire.<br><strong><u>Accueil :<\/u> <\/strong>Sant Feliu de Gu\u00edxols.<br><strong><u>Finale :<\/u><\/strong> Blanes.<br>- <strong><u>\u00c9tape 1 :<\/u><\/strong> <a href=\"#propuesta5etapa1\"><strong><strong>de Sant Feliu de Gu\u00edxols \u00e0 Tossa de Mar.<\/strong><\/strong><\/a><br>- <u><strong>\u00c9tape 2 :<\/strong><\/u> <a href=\"#propuesta5etapa2\"><strong><strong><strong>de Tossa de Mar \u00e0 Lloret de Mar.<\/strong><\/strong><\/strong><\/a><br>- <u><strong>\u00c9tape 3 :<\/strong><\/u> <a href=\"#propuesta5etapa3\"><strong> <strong><strong>de Lloret de Mar \u00e0 Blanes.<\/strong><\/strong><\/strong><\/a><\/p>\n<\/div><\/div>\n\n\n\n<p><\/p>\n\n\n\n<iframe loading=\"lazy\" src=\"https:\/\/travesiapirenaica.com\/rutas\/rutas3.php?&amp;ruta=costa_catalana5\" allow=\"fullscreen\" width=\"100%\" height=\"400\"><\/iframe>\n\n\n\n<p>Puis nous arrivons \u00e0 ce que l'on appelle la Costa Brava de G\u00e9rone. Des falaises rocheuses entour\u00e9es de pins qui nous conduisent \u00e0 monter et \u00e0 descendre des sentiers taill\u00e9s dans la roche, certains pav\u00e9s, d'autres plus expos\u00e9s. Certains sont accompagn\u00e9s de cordes ou de structures m\u00e9talliques pour faciliter l'ascension et vous laisseront s\u00fbrement bouche b\u00e9e en contemplant le bleu de la M\u00e9diterran\u00e9e. Pour cette proposition, vous pouvez vous rendre au point de d\u00e9part depuis Barcelone avec le bus de la <strong>entreprise Moventis <\/strong>(<strong><a href=\"https:\/\/compras.moventis.es\/online\/\" target=\"_blank\" rel=\"noreferrer noopener\">web<\/a><\/strong>) et le voyage de retour peut \u00eatre effectu\u00e9 \u00e0 l'aide de la fonction <strong>ligne R1<\/strong> de <strong>Rodalies<\/strong> (<strong><a href=\"https:\/\/rodalies.gencat.cat\/es\/inici\/index.html\" target=\"_blank\" rel=\"noreferrer noopener\">web<\/a><\/strong>).<\/p>\n\n\n\n<figure class=\"wp-block-image size-large\"><img loading=\"lazy\" decoding=\"async\" width=\"1024\" height=\"768\" src=\"https:\/\/travesiapirenaica.com\/wp-content\/uploads\/2023\/07\/IMG_1636-1024x768.jpg\" alt=\"\" class=\"wp-image-37219\" srcset=\"https:\/\/travesiapirenaica.com\/wp-content\/uploads\/2023\/07\/IMG_1636-1024x768.jpg 1024w, https:\/\/travesiapirenaica.com\/wp-content\/uploads\/2023\/07\/IMG_1636-300x225.jpg 300w, https:\/\/travesiapirenaica.com\/wp-content\/uploads\/2023\/07\/IMG_1636-768x576.jpg 768w, https:\/\/travesiapirenaica.com\/wp-content\/uploads\/2023\/07\/IMG_1636-1536x1152.jpg 1536w, https:\/\/travesiapirenaica.com\/wp-content\/uploads\/2023\/07\/IMG_1636-2048x1536.jpg 2048w, https:\/\/travesiapirenaica.com\/wp-content\/uploads\/2023\/07\/IMG_1636-600x450.jpg 600w\" sizes=\"auto, (max-width: 1024px) 100vw, 1024px\" \/><figcaption class=\"wp-element-caption\">Des vues imprenables sur la mer, toujours accompagn\u00e9es de pins et de sous-bois m\u00e9diterran\u00e9ens.<\/figcaption><\/figure>\n\n\n\n<h3 class=\"wp-block-heading\" id=\"propuesta5etapa1\"><strong>\u00c9tape 1 : de Sant Feliu de Gu\u00edxols \u00e0 Tossa de Mar.<\/strong><\/h3>\n\n\n<style>.wp-block-kadence-advancedbtn.kb-btns37141_d47af6-b5{gap:var(--global-kb-gap-xs, 0.5rem );justify-content:flex-start;align-items:center;}.kt-btns37141_d47af6-b5 .kt-button{font-weight:normal;font-style:normal;}.kt-btns37141_d47af6-b5 .kt-btn-wrap-0{margin-right:5px;}.wp-block-kadence-advancedbtn.kt-btns37141_d47af6-b5 .kt-btn-wrap-0 .kt-button{color:#555555;border-color:#555555;}.wp-block-kadence-advancedbtn.kt-btns37141_d47af6-b5 .kt-btn-wrap-0 .kt-button:hover, .wp-block-kadence-advancedbtn.kt-btns37141_d47af6-b5 .kt-btn-wrap-0 .kt-button:focus{color:#ffffff;border-color:#444444;}.wp-block-kadence-advancedbtn.kt-btns37141_d47af6-b5 .kt-btn-wrap-0 .kt-button::before{display:none;}.wp-block-kadence-advancedbtn.kt-btns37141_d47af6-b5 .kt-btn-wrap-0 .kt-button:hover, .wp-block-kadence-advancedbtn.kt-btns37141_d47af6-b5 .kt-btn-wrap-0 .kt-button:focus{background:#444444;}<\/style>\n<div class=\"wp-block-kadence-advancedbtn kb-buttons-wrap kb-btns37141_d47af6-b5\"><style>ul.menu .wp-block-kadence-advancedbtn .kb-btn37141_a99bb4-47.kb-button{width:initial;}<\/style><span class=\"kb-button kt-button button kb-btn37141_a99bb4-47 kt-btn-size-standard kt-btn-width-type-auto kb-btn-global-fill  kt-btn-has-text-true kt-btn-has-svg-false  wp-block-kadence-singlebtn\"><span class=\"kt-btn-inner-text\">20,4 km<\/span><\/span>\n\n<style>ul.menu .wp-block-kadence-advancedbtn .kb-btn37141_f3e9c0-d2.kb-button{width:initial;}<\/style><span class=\"kb-button kt-button button kb-btn37141_f3e9c0-d2 kt-btn-size-standard kt-btn-width-type-auto kb-btn-global-fill  kt-btn-has-text-true kt-btn-has-svg-false  wp-block-kadence-singlebtn\"><span class=\"kt-btn-inner-text\">+\/- 660 m<\/span><\/span><\/div>\n\n\n\n<p>Ce premier parcours co\u00efncide avec l'\u00e9tape 10 du GR92. En un peu plus de 20 km, nous marcherons le long du <strong>Massif de l'Ardenya<\/strong>nous irons jusqu'au point de vue de la <strong>Puig Cadiretes<\/strong> et nous marcherons sur des pistes foresti\u00e8res accompagn\u00e9es de la for\u00eat de ch\u00eanes-li\u00e8ges, la for\u00eat dominante de cet espace naturel. <\/p>\n\n\n\n<figure class=\"wp-block-image size-large\"><img loading=\"lazy\" decoding=\"async\" width=\"1024\" height=\"768\" src=\"https:\/\/travesiapirenaica.com\/wp-content\/uploads\/2023\/07\/IMG_0398-1024x768.jpg\" alt=\"\" class=\"wp-image-37223\" srcset=\"https:\/\/travesiapirenaica.com\/wp-content\/uploads\/2023\/07\/IMG_0398-1024x768.jpg 1024w, https:\/\/travesiapirenaica.com\/wp-content\/uploads\/2023\/07\/IMG_0398-300x225.jpg 300w, https:\/\/travesiapirenaica.com\/wp-content\/uploads\/2023\/07\/IMG_0398-768x576.jpg 768w, https:\/\/travesiapirenaica.com\/wp-content\/uploads\/2023\/07\/IMG_0398-1536x1152.jpg 1536w, https:\/\/travesiapirenaica.com\/wp-content\/uploads\/2023\/07\/IMG_0398-2048x1536.jpg 2048w, https:\/\/travesiapirenaica.com\/wp-content\/uploads\/2023\/07\/IMG_0398-600x450.jpg 600w\" sizes=\"auto, (max-width: 1024px) 100vw, 1024px\" \/><figcaption class=\"wp-element-caption\">La toujours photog\u00e9nique Tossa de Mar et son quartier m\u00e9di\u00e9val pr\u00e8s de la c\u00f4te.<\/figcaption><\/figure>\n\n\n\n<h3 class=\"wp-block-heading\" id=\"propuesta5etapa2\"><strong>\u00c9tape 2 : de Tossa de Mar \u00e0 Lloret de Mar.<\/strong><\/h3>\n\n\n<style>.wp-block-kadence-advancedbtn.kb-btns37141_735f2e-b8{gap:var(--global-kb-gap-xs, 0.5rem );justify-content:flex-start;align-items:center;}.kt-btns37141_735f2e-b8 .kt-button{font-weight:normal;font-style:normal;}.kt-btns37141_735f2e-b8 .kt-btn-wrap-0{margin-right:5px;}.wp-block-kadence-advancedbtn.kt-btns37141_735f2e-b8 .kt-btn-wrap-0 .kt-button{color:#555555;border-color:#555555;}.wp-block-kadence-advancedbtn.kt-btns37141_735f2e-b8 .kt-btn-wrap-0 .kt-button:hover, .wp-block-kadence-advancedbtn.kt-btns37141_735f2e-b8 .kt-btn-wrap-0 .kt-button:focus{color:#ffffff;border-color:#444444;}.wp-block-kadence-advancedbtn.kt-btns37141_735f2e-b8 .kt-btn-wrap-0 .kt-button::before{display:none;}.wp-block-kadence-advancedbtn.kt-btns37141_735f2e-b8 .kt-btn-wrap-0 .kt-button:hover, .wp-block-kadence-advancedbtn.kt-btns37141_735f2e-b8 .kt-btn-wrap-0 .kt-button:focus{background:#444444;}<\/style>\n<div class=\"wp-block-kadence-advancedbtn kb-buttons-wrap kb-btns37141_735f2e-b8\"><style>ul.menu .wp-block-kadence-advancedbtn .kb-btn37141_a6d88f-3f.kb-button{width:initial;}<\/style><span class=\"kb-button kt-button button kb-btn37141_a6d88f-3f kt-btn-size-standard kt-btn-width-type-auto kb-btn-global-fill  kt-btn-has-text-true kt-btn-has-svg-false  wp-block-kadence-singlebtn\"><span class=\"kt-btn-inner-text\">15,8 km<\/span><\/span>\n\n<style>ul.menu .wp-block-kadence-advancedbtn .kb-btn37141_eefb0b-62.kb-button{width:initial;}<\/style><span class=\"kb-button kt-button button kb-btn37141_eefb0b-62 kt-btn-size-standard kt-btn-width-type-auto kb-btn-global-fill  kt-btn-has-text-true kt-btn-has-svg-false  wp-block-kadence-singlebtn\"><span class=\"kt-btn-inner-text\">+\/- 800 m<\/span><\/span><\/div>\n\n\n\n<p>Depuis le centre historique de Tossa, nous marcherons sur le sentier c\u00f4tier, en alternant avec le GR 92 dans un va-et-vient continu. Nous passerons par des criques, des chemins pav\u00e9s et des points de vue spectaculaires. La M\u00e9diterran\u00e9e sera notre toile de fond pendant pr\u00e8s de 16 km de l'itin\u00e9raire.<\/p>\n\n\n\n<figure class=\"wp-block-image size-large\"><img loading=\"lazy\" decoding=\"async\" width=\"1024\" height=\"768\" src=\"https:\/\/travesiapirenaica.com\/wp-content\/uploads\/2023\/07\/IMG_1599-1-1024x768.jpg\" alt=\"\" class=\"wp-image-37222\" srcset=\"https:\/\/travesiapirenaica.com\/wp-content\/uploads\/2023\/07\/IMG_1599-1-1024x768.jpg 1024w, https:\/\/travesiapirenaica.com\/wp-content\/uploads\/2023\/07\/IMG_1599-1-300x225.jpg 300w, https:\/\/travesiapirenaica.com\/wp-content\/uploads\/2023\/07\/IMG_1599-1-768x576.jpg 768w, https:\/\/travesiapirenaica.com\/wp-content\/uploads\/2023\/07\/IMG_1599-1-1536x1152.jpg 1536w, https:\/\/travesiapirenaica.com\/wp-content\/uploads\/2023\/07\/IMG_1599-1-2048x1536.jpg 2048w, https:\/\/travesiapirenaica.com\/wp-content\/uploads\/2023\/07\/IMG_1599-1-600x450.jpg 600w\" sizes=\"auto, (max-width: 1024px) 100vw, 1024px\" \/><figcaption class=\"wp-element-caption\">La crique et les environs de Tossa de Mar, en partant le long du sentier c\u00f4tier.<\/figcaption><\/figure>\n\n\n\n<h3 class=\"wp-block-heading\" id=\"propuesta5etapa3\"><strong>\u00c9tape 3 : de Lloret de Mar \u00e0 Blanes.<\/strong><\/h3>\n\n\n<style>.wp-block-kadence-advancedbtn.kb-btns37141_5bcc54-0c{gap:var(--global-kb-gap-xs, 0.5rem );justify-content:flex-start;align-items:center;}.kt-btns37141_5bcc54-0c .kt-button{font-weight:normal;font-style:normal;}.kt-btns37141_5bcc54-0c .kt-btn-wrap-0{margin-right:5px;}.wp-block-kadence-advancedbtn.kt-btns37141_5bcc54-0c .kt-btn-wrap-0 .kt-button{color:#555555;border-color:#555555;}.wp-block-kadence-advancedbtn.kt-btns37141_5bcc54-0c .kt-btn-wrap-0 .kt-button:hover, .wp-block-kadence-advancedbtn.kt-btns37141_5bcc54-0c .kt-btn-wrap-0 .kt-button:focus{color:#ffffff;border-color:#444444;}.wp-block-kadence-advancedbtn.kt-btns37141_5bcc54-0c .kt-btn-wrap-0 .kt-button::before{display:none;}.wp-block-kadence-advancedbtn.kt-btns37141_5bcc54-0c .kt-btn-wrap-0 .kt-button:hover, .wp-block-kadence-advancedbtn.kt-btns37141_5bcc54-0c .kt-btn-wrap-0 .kt-button:focus{background:#444444;}<\/style>\n<div class=\"wp-block-kadence-advancedbtn kb-buttons-wrap kb-btns37141_5bcc54-0c\"><style>ul.menu .wp-block-kadence-advancedbtn .kb-btn37141_315dae-44.kb-button{width:initial;}<\/style><span class=\"kb-button kt-button button kb-btn37141_315dae-44 kt-btn-size-standard kt-btn-width-type-auto kb-btn-global-fill  kt-btn-has-text-true kt-btn-has-svg-false  wp-block-kadence-singlebtn\"><span class=\"kt-btn-inner-text\">13,6 km<\/span><\/span>\n\n<style>ul.menu .wp-block-kadence-advancedbtn .kb-btn37141_2513a1-7b.kb-button{width:initial;}<\/style><span class=\"kb-button kt-button button kb-btn37141_2513a1-7b kt-btn-size-standard kt-btn-width-type-auto kb-btn-global-fill  kt-btn-has-text-true kt-btn-has-svg-false  wp-block-kadence-singlebtn\"><span class=\"kt-btn-inner-text\">+\/- 510 m<\/span><\/span><\/div>\n\n\n\n<p>Criques, ermitages, jardins botaniques, points de vue... nous accompagneront sur ce sentier c\u00f4tier marqu\u00e9 GR 92 dans sa premi\u00e8re partie. Le dernier tron\u00e7on nous fera traverser le centre ville de Blanes jusqu'\u00e0 l'arr\u00eat du train. <\/p>\n\n\n\n<figure class=\"wp-block-image size-large\"><img loading=\"lazy\" decoding=\"async\" width=\"1024\" height=\"768\" src=\"https:\/\/travesiapirenaica.com\/wp-content\/uploads\/2023\/07\/IMG_1646-1024x768.jpg\" alt=\"\" class=\"wp-image-37229\" srcset=\"https:\/\/travesiapirenaica.com\/wp-content\/uploads\/2023\/07\/IMG_1646-1024x768.jpg 1024w, https:\/\/travesiapirenaica.com\/wp-content\/uploads\/2023\/07\/IMG_1646-300x225.jpg 300w, https:\/\/travesiapirenaica.com\/wp-content\/uploads\/2023\/07\/IMG_1646-768x576.jpg 768w, https:\/\/travesiapirenaica.com\/wp-content\/uploads\/2023\/07\/IMG_1646-1536x1152.jpg 1536w, https:\/\/travesiapirenaica.com\/wp-content\/uploads\/2023\/07\/IMG_1646-2048x1536.jpg 2048w, https:\/\/travesiapirenaica.com\/wp-content\/uploads\/2023\/07\/IMG_1646-600x450.jpg 600w\" sizes=\"auto, (max-width: 1024px) 100vw, 1024px\" \/><figcaption class=\"wp-element-caption\">Certains tron\u00e7ons de l'itin\u00e9raire comportent des chemins pav\u00e9s, ce qui n'enl\u00e8ve rien \u00e0 la beaut\u00e9 de l'environnement.<\/figcaption><\/figure>\n\n\n\n<p><\/p>\n\n\n\n<p><strong><br><\/strong><\/p>","protected":false},"excerpt":{"rendered":"1) Le GR92 et la Costa Dorada \u00e0 Tarragone ; 2) Le delta de l'Ebre et la cha\u00eene de montagnes du Montsi\u00e0 ; 3) La c\u00f4te centrale et les cha\u00eenes de montagnes c\u00f4ti\u00e8res de Barcelone ; 4) La c\u00f4te centrale du Maresme ; 5) La Costa Brava, le long du GR92 et du \"cam\u00ed de ronda\".","protected":false},"author":1141,"featured_media":37335,"comment_status":"closed","ping_status":"closed","sticky":false,"template":"","format":"standard","meta":{"_kad_blocks_custom_css":"","_kad_blocks_head_custom_js":"","_kad_blocks_body_custom_js":"","_kad_blocks_footer_custom_js":"","episode_type":"audio","audio_file":"","podmotor_file_id":"","podmotor_episode_id":"","cover_image":"","cover_image_id":"","duration":"","filesize":"","filesize_raw":"","date_recorded":"","explicit":"","block":"","_kad_post_transparent":"","_kad_post_title":"","_kad_post_layout":"","_kad_post_sidebar_id":"","_kad_post_content_style":"","_kad_post_vertical_padding":"","_kad_post_feature":"","_kad_post_feature_position":"","_kad_post_header":false,"_kad_post_footer":false,"_kad_post_classname":"","_jetpack_memberships_contains_paid_content":false,"footnotes":""},"categories":[2940],"tags":[3026,3053,3059],"series":[],"class_list":["post-37141","post","type-post","status-publish","format-standard","has-post-thumbnail","hentry","category-rutas-espana","tag-cataluna","tag-catalunya","tag-rutas"],"episode_featured_image":"https:\/\/travesiapirenaica.com\/wp-content\/uploads\/2023\/07\/IMG_1615-1-scaled.jpg","episode_player_image":"https:\/\/travesiapirenaica.com\/wp-content\/uploads\/2017\/12\/Caratula-Podcast-Maldita-Montana_1500x1500_72pp-p_.jpg","download_link":"","player_link":"","audio_player":false,"episode_data":{"playerMode":"dark","subscribeUrls":[],"rssFeedUrl":"https:\/\/travesiapirenaica.com\/fr\/feed\/podcast\/maldita-montana","embedCode":"<blockquote class=\"wp-embedded-content\" data-secret=\"gkNpec0NUo\"><a href=\"https:\/\/travesiapirenaica.com\/fr\/rutas-tres-dias-costa-catalana\/\">Las mejores rutas de 3 d\u00edas por la costa catalana<\/a><\/blockquote><iframe sandbox=\"allow-scripts\" security=\"restricted\" src=\"https:\/\/travesiapirenaica.com\/fr\/rutas-tres-dias-costa-catalana\/embed\/#?secret=gkNpec0NUo\" width=\"500\" height=\"350\" title=\"\u00ab\u00a0Las mejores rutas de 3 d\u00edas por la costa catalana\u00a0\u00bb &#8212; Traves\u00eda.\" data-secret=\"gkNpec0NUo\" frameborder=\"0\" marginwidth=\"0\" marginheight=\"0\" scrolling=\"no\" class=\"wp-embedded-content\"><\/iframe><script>\n\/*! This file is auto-generated *\/\n!function(d,l){\"use strict\";l.querySelector&&d.addEventListener&&\"undefined\"!=typeof URL&&(d.wp=d.wp||{},d.wp.receiveEmbedMessage||(d.wp.receiveEmbedMessage=function(e){var t=e.data;if((t||t.secret||t.message||t.value)&&!\/[^a-zA-Z0-9]\/.test(t.secret)){for(var s,r,n,a=l.querySelectorAll('iframe[data-secret=\"'+t.secret+'\"]'),o=l.querySelectorAll('blockquote[data-secret=\"'+t.secret+'\"]'),c=new RegExp(\"^https?:$\",\"i\"),i=0;i<o.length;i++)o[i].style.display=\"none\";for(i=0;i<a.length;i++)s=a[i],e.source===s.contentWindow&&(s.removeAttribute(\"style\"),\"height\"===t.message?(1e3<(r=parseInt(t.value,10))?r=1e3:~~r<200&&(r=200),s.height=r):\"link\"===t.message&&(r=new URL(s.getAttribute(\"src\")),n=new URL(t.value),c.test(n.protocol))&&n.host===r.host&&l.activeElement===s&&(d.top.location.href=t.value))}},d.addEventListener(\"message\",d.wp.receiveEmbedMessage,!1),l.addEventListener(\"DOMContentLoaded\",function(){for(var e,t,s=l.querySelectorAll(\"iframe.wp-embedded-content\"),r=0;r<s.length;r++)(t=(e=s[r]).getAttribute(\"data-secret\"))||(t=Math.random().toString(36).substring(2,12),e.src+=\"#?secret=\"+t,e.setAttribute(\"data-secret\",t)),e.contentWindow.postMessage({message:\"ready\",secret:t},\"*\")},!1)))}(window,document);\n\/\/# sourceURL=https:\/\/travesiapirenaica.com\/wp-includes\/js\/wp-embed.min.js\n<\/script>\n"},"taxonomy_info":{"category":[{"value":2940,"label":"Rutas"}],"post_tag":[{"value":3026,"label":"Catalu\u00f1a"},{"value":3053,"label":"catalunya"},{"value":3059,"label":"Rutas"}]},"featured_image_src_large":["https:\/\/travesiapirenaica.com\/wp-content\/uploads\/2023\/07\/IMG_1615-1-1024x768.jpg",1024,768,true],"author_info":{"display_name":"Rafa L\u00f3pez Mart\u00edn","author_link":"https:\/\/travesiapirenaica.com\/fr\/author\/rafalopez\/"},"comment_info":0,"category_info":[{"term_id":2940,"name":"Rutas","slug":"rutas-espana","term_group":0,"term_taxonomy_id":2956,"taxonomy":"category","description":"Rutas en Espa\u00f1a","parent":2930,"count":38,"filter":"raw","cat_ID":2940,"category_count":38,"category_description":"Rutas en Espa\u00f1a","cat_name":"Rutas","category_nicename":"rutas-espana","category_parent":2930}],"tag_info":[{"term_id":3026,"name":"Catalu\u00f1a","slug":"cataluna","term_group":0,"term_taxonomy_id":3042,"taxonomy":"post_tag","description":"","parent":0,"count":22,"filter":"raw"},{"term_id":3053,"name":"catalunya","slug":"catalunya","term_group":0,"term_taxonomy_id":3069,"taxonomy":"post_tag","description":"","parent":0,"count":7,"filter":"raw"},{"term_id":3059,"name":"Rutas","slug":"rutas","term_group":0,"term_taxonomy_id":3075,"taxonomy":"post_tag","description":"","parent":0,"count":27,"filter":"raw"}],"jetpack_featured_media_url":"https:\/\/travesiapirenaica.com\/wp-content\/uploads\/2023\/07\/IMG_1615-1-scaled.jpg","jetpack_sharing_enabled":true,"_links":{"self":[{"href":"https:\/\/travesiapirenaica.com\/fr\/wp-json\/wp\/v2\/posts\/37141","targetHints":{"allow":["GET"]}}],"collection":[{"href":"https:\/\/travesiapirenaica.com\/fr\/wp-json\/wp\/v2\/posts"}],"about":[{"href":"https:\/\/travesiapirenaica.com\/fr\/wp-json\/wp\/v2\/types\/post"}],"author":[{"embeddable":true,"href":"https:\/\/travesiapirenaica.com\/fr\/wp-json\/wp\/v2\/users\/1141"}],"replies":[{"embeddable":true,"href":"https:\/\/travesiapirenaica.com\/fr\/wp-json\/wp\/v2\/comments?post=37141"}],"version-history":[{"count":0,"href":"https:\/\/travesiapirenaica.com\/fr\/wp-json\/wp\/v2\/posts\/37141\/revisions"}],"wp:featuredmedia":[{"embeddable":true,"href":"https:\/\/travesiapirenaica.com\/fr\/wp-json\/wp\/v2\/media\/37335"}],"wp:attachment":[{"href":"https:\/\/travesiapirenaica.com\/fr\/wp-json\/wp\/v2\/media?parent=37141"}],"wp:term":[{"taxonomy":"category","embeddable":true,"href":"https:\/\/travesiapirenaica.com\/fr\/wp-json\/wp\/v2\/categories?post=37141"},{"taxonomy":"post_tag","embeddable":true,"href":"https:\/\/travesiapirenaica.com\/fr\/wp-json\/wp\/v2\/tags?post=37141"},{"taxonomy":"series","embeddable":true,"href":"https:\/\/travesiapirenaica.com\/fr\/wp-json\/wp\/v2\/series?post=37141"}],"curies":[{"name":"wp","href":"https:\/\/api.w.org\/{rel}","templated":true}]}}