{"id":37997,"date":"2023-10-23T11:51:00","date_gmt":"2023-10-23T09:51:00","guid":{"rendered":"https:\/\/travesiapirenaica.com\/?p=37997"},"modified":"2024-09-16T17:16:00","modified_gmt":"2024-09-16T15:16:00","slug":"kilian-jornet-redecouvre-les-pyrenees-177-sommets-de-3000-m-en-8-jours","status":"publish","type":"post","link":"https:\/\/travesiapirenaica.com\/fr\/kilian-jornet-redescubriendo-pirineo-177-cimas-3000-m-en-8-dias\/","title":{"rendered":"L'aventure de Kilian Jornet \u00e0 la red\u00e9couverte des Pyr\u00e9n\u00e9es : 177 sommets de plus de 3 000 m en 8 jours"},"content":{"rendered":"<\/p>\n\n\n\n<figure class=\"wp-block-embed is-type-video is-provider-youtube wp-block-embed-youtube wp-embed-aspect-16-9 wp-has-aspect-ratio\"><div class=\"wp-block-embed__wrapper\">\n<iframe loading=\"lazy\" title=\"177 sommets en 8 jours : l&#039;incroyable odyss\u00e9e pyr\u00e9n\u00e9enne de Kilian Jornet\" width=\"720\" height=\"405\" src=\"https:\/\/www.youtube.com\/embed\/1tC5RogvtEU?feature=oembed\" frameborder=\"0\" allow=\"accelerometer; autoplay; clipboard-write; encrypted-media; gyroscope; picture-in-picture; web-share\" referrerpolicy=\"strict-origin-when-cross-origin\" allowfullscreen><\/iframe>\n<\/div><\/figure>\n\n\n<p>\n\n\n\n<p><em>Kilian Jornet a commenc\u00e9 son voyage au pied du pic Frondella et l'a termin\u00e9 sur la Pica d'Estats, pour retrouver les sommets qui l'ont vu grandir, dans ce qu'il d\u00e9finit comme l'une des aventures les plus difficiles de sa vie.<\/em><\/p>\n\n\n\n<p><em>Au total, il a parcouru 485,65 kilom\u00e8tres et accumul\u00e9 un d\u00e9nivel\u00e9 de plus de 43 000 m\u00e8tres, en plus de 155 heures d'activit\u00e9 physique.<\/em>.<\/p>\n\n\n\n<ul class=\"wp-block-list\">\n<li><strong>VOUS POUVEZ \u00caTRE INT\u00c9RESS\u00c9 PAR : <a href=\"https:\/\/travesiapirenaica.com\/fr\/les-transpyrenees-de-kilian-jornet\/\">La travers\u00e9e transpyr\u00e9n\u00e9enne de Kilian Jornet (en 2010)<\/a><\/strong><\/li>\n<\/ul>\n\n\n\n<p>Hier, apr\u00e8s \u00eatre descendu de la Pica d'Estats et avoir encha\u00een\u00e9 <strong>177 sommets de plus de 3 000 m\u00e8tres en seulement 8 jours, Kilian Jornet <\/strong>Il a d\u00e9crit le voyage comme une \"exp\u00e9rience incroyable\". \"Red\u00e9couvrir les sommets dont je ne me souvenais plus a \u00e9t\u00e9 une exp\u00e9rience spectaculaire et, d'autre part, une exp\u00e9rience incroyable, <strong>l'une des choses les plus difficiles que j'ai jamais faites<\/strong>\", souligne-t-il.&nbsp;<\/p>\n\n\n\n<p>Atteindre le sommet du Vignemale, du Monte Perdido ou de l'Aneto sont des objectifs importants pour de nombreux amoureux de la montagne. Il y a quelques ann\u00e9es, ils l'\u00e9taient aussi pour <strong>Kilian Jornet<\/strong>. C'est pourquoi il r\u00eavait depuis longtemps de retourner dans les Pyr\u00e9n\u00e9es et de retrouver les sommets et les paysages de son enfance.&nbsp;<\/p>\n\n\n\n<p>\"Cette ann\u00e9e, je voulais participer \u00e0 quelques courses, mais une blessure m'en a emp\u00each\u00e9. Apr\u00e8s ma convalescence, j'ai commenc\u00e9 \u00e0 r\u00e9fl\u00e9chir \u00e0 diff\u00e9rents projets et j'ai eu l'id\u00e9e d'encha\u00eener les sommets de plus de 3 000 m\u00e8tres dans les Pyr\u00e9n\u00e9es. J'avais cette id\u00e9e en t\u00eate mais je ne savais pas si c'\u00e9tait un d\u00e9fi possible ou si c'\u00e9tait de la folie. Apr\u00e8s avoir consult\u00e9 et pris conseil aupr\u00e8s de personnes qui connaissent tr\u00e8s bien les itin\u00e9raires pyr\u00e9n\u00e9ens, j'ai d\u00e9cid\u00e9 de le faire\", explique Kilian Jornet.&nbsp;<\/p>\n\n\n\n<figure class=\"wp-block-gallery has-nested-images columns-default is-cropped wp-block-gallery-1 is-layout-flex wp-block-gallery-is-layout-flex\">\n<figure class=\"wp-block-image size-large\"><img loading=\"lazy\" decoding=\"async\" width=\"768\" height=\"1024\" data-id=\"38018\" src=\"https:\/\/travesiapirenaica.com\/wp-content\/uploads\/2023\/10\/La-aventura-de-Kilian-Jornet-redescubriendo-el-Pirineo-3-768x1024.jpg\" alt=\"L&#039;aventure de Kilian Jornet \u00e0 la red\u00e9couverte des Pyr\u00e9n\u00e9es 3\" class=\"wp-image-38018\" srcset=\"https:\/\/travesiapirenaica.com\/wp-content\/uploads\/2023\/10\/La-aventura-de-Kilian-Jornet-redescubriendo-el-Pirineo-3-768x1024.jpg 768w, https:\/\/travesiapirenaica.com\/wp-content\/uploads\/2023\/10\/La-aventura-de-Kilian-Jornet-redescubriendo-el-Pirineo-3-225x300.jpg 225w, https:\/\/travesiapirenaica.com\/wp-content\/uploads\/2023\/10\/La-aventura-de-Kilian-Jornet-redescubriendo-el-Pirineo-3-600x800.jpg 600w, https:\/\/travesiapirenaica.com\/wp-content\/uploads\/2023\/10\/La-aventura-de-Kilian-Jornet-redescubriendo-el-Pirineo-3.jpg 900w\" sizes=\"auto, (max-width: 768px) 100vw, 768px\" \/><\/figure>\n\n\n\n<figure class=\"wp-block-image size-large\"><img loading=\"lazy\" decoding=\"async\" width=\"768\" height=\"1024\" data-id=\"38017\" src=\"https:\/\/travesiapirenaica.com\/wp-content\/uploads\/2023\/10\/La-aventura-de-Kilian-Jornet-redescubriendo-el-Pirineo-2-768x1024.jpg\" alt=\"\" class=\"wp-image-38017\" srcset=\"https:\/\/travesiapirenaica.com\/wp-content\/uploads\/2023\/10\/La-aventura-de-Kilian-Jornet-redescubriendo-el-Pirineo-2-768x1024.jpg 768w, https:\/\/travesiapirenaica.com\/wp-content\/uploads\/2023\/10\/La-aventura-de-Kilian-Jornet-redescubriendo-el-Pirineo-2-225x300.jpg 225w, https:\/\/travesiapirenaica.com\/wp-content\/uploads\/2023\/10\/La-aventura-de-Kilian-Jornet-redescubriendo-el-Pirineo-2-600x800.jpg 600w, https:\/\/travesiapirenaica.com\/wp-content\/uploads\/2023\/10\/La-aventura-de-Kilian-Jornet-redescubriendo-el-Pirineo-2.jpg 900w\" sizes=\"auto, (max-width: 768px) 100vw, 768px\" \/><\/figure>\n\n\n\n<figure class=\"wp-block-image size-large\"><img loading=\"lazy\" decoding=\"async\" width=\"768\" height=\"1024\" data-id=\"38015\" src=\"https:\/\/travesiapirenaica.com\/wp-content\/uploads\/2023\/10\/La-aventura-de-Kilian-Jornet-redescubriendo-el-Pirineo-4-768x1024.jpg\" alt=\"L&#039;aventure de Kilian Jornet \u00e0 la red\u00e9couverte des Pyr\u00e9n\u00e9es 4\" class=\"wp-image-38015\" srcset=\"https:\/\/travesiapirenaica.com\/wp-content\/uploads\/2023\/10\/La-aventura-de-Kilian-Jornet-redescubriendo-el-Pirineo-4-768x1024.jpg 768w, https:\/\/travesiapirenaica.com\/wp-content\/uploads\/2023\/10\/La-aventura-de-Kilian-Jornet-redescubriendo-el-Pirineo-4-225x300.jpg 225w, https:\/\/travesiapirenaica.com\/wp-content\/uploads\/2023\/10\/La-aventura-de-Kilian-Jornet-redescubriendo-el-Pirineo-4-600x800.jpg 600w, https:\/\/travesiapirenaica.com\/wp-content\/uploads\/2023\/10\/La-aventura-de-Kilian-Jornet-redescubriendo-el-Pirineo-4.jpg 900w\" sizes=\"auto, (max-width: 768px) 100vw, 768px\" \/><\/figure>\n<\/figure>\n\n\n\n<h2 class=\"wp-block-heading\"><strong>Les trois mille de Kilian Jornet<\/strong><\/h2>\n\n\n\n<p>Son aventure a commenc\u00e9 le lundi 2 octobre au pied du pic Frondella (Sallent de G\u00e1llego, Huesca) dans le but de profiter de l'itin\u00e9raire et de franchir la ligne de d\u00e9marcation. <strong>Pyr\u00e9n\u00e9es<\/strong> un total de 177 sommets de plus de 3 000 m\u00e8tres. Au cours de ce p\u00e9riple \u00e0 travers certains des sommets les plus embl\u00e9matiques de la serralada pyr\u00e9n\u00e9enne, il a r\u00e9ussi \u00e0 encha\u00eener <strong>plus de 40 sommets en une seule journ\u00e9e<\/strong>Il a d\u00fb marcher pendant 39 heures d'affil\u00e9e et relier des tron\u00e7ons \u00e0 v\u00e9lo. Malgr\u00e9 l'\u00e9puisement accumul\u00e9, la r\u00e9compense d'avoir atteint chaque sommet en a valu la peine : \"gravir toutes ces cr\u00eates a \u00e9t\u00e9 un plaisir et j'ai vraiment appr\u00e9ci\u00e9 les itin\u00e9raires. J'avais gravi ces sommets \u00e0 l'\u00e2ge de 13 ans mais je ne m'en souvenais pas, ce qui a rendu cette exp\u00e9rience tr\u00e8s intense sur le plan visuel\".&nbsp;<\/p>\n\n\n\n<ul class=\"wp-block-list\">\n<li><strong>VOUS POURRIEZ \u00caTRE INT\u00c9RESS\u00c9S : Kilian Jornet : <a href=\"https:\/\/eduazcona.com\/kilian-jornet-marca-personal-negocio\/\" target=\"_blank\" rel=\"noreferrer noopener\">La marque personnelle et le mod\u00e8le d'entreprise qui red\u00e9finissent le succ\u00e8s dans le sport et au-del\u00e0.<\/a><\/strong><\/li>\n<\/ul>\n\n\n\n<figure class=\"wp-block-image size-large\"><img loading=\"lazy\" decoding=\"async\" width=\"1024\" height=\"768\" src=\"https:\/\/travesiapirenaica.com\/wp-content\/uploads\/2023\/10\/La-aventura-de-Kilian-Jornet-redescubriendo-el-Pirineo-1024x768.jpg\" alt=\"L&#039;aventure de Kilian Jornet \u00e0 la red\u00e9couverte des Pyr\u00e9n\u00e9es\" class=\"wp-image-37998\" srcset=\"https:\/\/travesiapirenaica.com\/wp-content\/uploads\/2023\/10\/La-aventura-de-Kilian-Jornet-redescubriendo-el-Pirineo-1024x768.jpg 1024w, https:\/\/travesiapirenaica.com\/wp-content\/uploads\/2023\/10\/La-aventura-de-Kilian-Jornet-redescubriendo-el-Pirineo-300x225.jpg 300w, https:\/\/travesiapirenaica.com\/wp-content\/uploads\/2023\/10\/La-aventura-de-Kilian-Jornet-redescubriendo-el-Pirineo-768x576.jpg 768w, https:\/\/travesiapirenaica.com\/wp-content\/uploads\/2023\/10\/La-aventura-de-Kilian-Jornet-redescubriendo-el-Pirineo-600x450.jpg 600w, https:\/\/travesiapirenaica.com\/wp-content\/uploads\/2023\/10\/La-aventura-de-Kilian-Jornet-redescubriendo-el-Pirineo.jpg 1200w\" sizes=\"auto, (max-width: 1024px) 100vw, 1024px\" \/><\/figure>\n\n\n\n<p>Au cours de cette aventure, l'athl\u00e8te a retrouv\u00e9 les ar\u00eates des sommets les plus embl\u00e9matiques de la cha\u00eene pyr\u00e9n\u00e9enne : Balaitus, Garmo Negro, Vignemale, Cilindro, Monte Perdido, Pic Long, Pic de Posets, Punta de Lliterola, Aneto, Say\u00f3, Montcalm ou Pica d'Estats, parmi de nombreux autres sommets couronn\u00e9s par Kilian Jornet au cours des 8 derniers jours.<\/p>\n\n\n\n<p>Le voyage s'est achev\u00e9 le matin du 10 octobre 2023, lorsque les premiers rayons du soleil ont illumin\u00e9 le sommet de la plus haute montagne de Catalogne, le Mont Blanc. <strong>Pica d'Estats<\/strong>dans le parc naturel de l'Alt Pirineu. Apr\u00e8s \u00eatre redescendu quelques heures plus tard, Kilian Jornet a mis fin \u00e0 cette exp\u00e9rience m\u00e9morable qui lui a permis de r\u00e9aliser une fois de plus \u00e0 quel point la nature peut \u00eatre belle et vuln\u00e9rable.&nbsp;<\/p>\n\n\n\n<p>Pendant plus de 8 jours, les passionn\u00e9s de montagne ont pu suivre le parcours de l'athl\u00e8te \u00e0 travers les Alpes. <a href=\"https:\/\/www.instagram.com\/kilianjornet\/\" target=\"_blank\" rel=\"noreferrer noopener nofollow\">R\u00e9seaux sociaux de Kilian Jornet<\/a> et le <a href=\"https:\/\/www.instagram.com\/nnormal_official\/\" target=\"_blank\" rel=\"noreferrer noopener nofollow\">Canaux sociaux normaux<\/a>o\u00f9 les fans ont \u00e9galement pu le voir et l'entendre pendant certaines de ses pauses. Ils ont \u00e9galement pu le suivre \u00e0 travers les <a href=\"https:\/\/www.strava.com\/pros\/5452411?hl=es-ES\" target=\"_blank\" rel=\"noreferrer noopener nofollow\">Profil Strava<\/a> de Kilian Jornet.<br>Apr\u00e8s un retour aux Pyr\u00e9n\u00e9es et aux paysages qui l'ont vu grandir, <strong>a accumul\u00e9 un total de 485,65 kilom\u00e8tres, un d\u00e9nivel\u00e9 de plus de 43 000 m\u00e8tres et plus de 155 heures d'activit\u00e9 physique.<\/strong>. Au cours de cette aventure intense, l'athl\u00e8te et fondateur de NNormal a \u00e9galement pu tester diff\u00e9rents prototypes de la marque sur des terrains et dans des conditions tr\u00e8s techniques et vari\u00e9es : \" cela a \u00e9t\u00e9 un excellent terrain de travail : l'utilisation que l'on peut donner \u00e0 un produit pendant quelques ann\u00e9es, concentr\u00e9e en une semaine \".<\/p>\n\n\n\n<figure class=\"wp-block-image size-large\"><img loading=\"lazy\" decoding=\"async\" width=\"1024\" height=\"847\" src=\"https:\/\/travesiapirenaica.com\/wp-content\/uploads\/2023\/10\/image-1024x847.png\" alt=\"\" class=\"wp-image-38021\" srcset=\"https:\/\/travesiapirenaica.com\/wp-content\/uploads\/2023\/10\/image-1024x847.png 1024w, https:\/\/travesiapirenaica.com\/wp-content\/uploads\/2023\/10\/image-300x248.png 300w, https:\/\/travesiapirenaica.com\/wp-content\/uploads\/2023\/10\/image-768x635.png 768w, https:\/\/travesiapirenaica.com\/wp-content\/uploads\/2023\/10\/image-600x496.png 600w, https:\/\/travesiapirenaica.com\/wp-content\/uploads\/2023\/10\/image.png 1072w\" sizes=\"auto, (max-width: 1024px) 100vw, 1024px\" \/><\/figure>\n\n\n\n<p><strong>Kilian Jornet<\/strong> Il a grandi dans un refuge des Pyr\u00e9n\u00e9es et la montagne a toujours \u00e9t\u00e9 son terrain de jeu, qu'il s'agisse de course \u00e0 pied, d'escalade ou de ski. Athl\u00e8te pluridisciplinaire, il a \u00e9galement battu des records de vitesse sur des montagnes du monde entier, dont une double ascension de l'Everest.<\/p>\n\n\n\n<p>Aujourd'hui, Kilian vit en Norv\u00e8ge, o\u00f9 il continue d'explorer ses limites dans les sports de montagne et d'inspirer une large communaut\u00e9 avec des films, des livres et du contenu num\u00e9rique. Kilian s'est \u00e9galement engag\u00e9 dans la lutte contre le changement climatique et s'efforce de sensibiliser le public \u00e0 la n\u00e9cessit\u00e9 de prot\u00e9ger notre environnement.<\/p>","protected":false},"excerpt":{"rendered":"Kilian Jornet a commenc\u00e9 son p\u00e9riple au pied du pic Frondella et l'a termin\u00e9 en...","protected":false},"author":1,"featured_media":38016,"comment_status":"closed","ping_status":"closed","sticky":false,"template":"","format":"standard","meta":{"_kad_blocks_custom_css":"","_kad_blocks_head_custom_js":"","_kad_blocks_body_custom_js":"","_kad_blocks_footer_custom_js":"","episode_type":"audio","audio_file":"","podmotor_file_id":"","podmotor_episode_id":"","cover_image":"","cover_image_id":"","duration":"","filesize":"","filesize_raw":"","date_recorded":"","explicit":"","block":"","_kad_post_transparent":"","_kad_post_title":"","_kad_post_layout":"","_kad_post_sidebar_id":"","_kad_post_content_style":"","_kad_post_vertical_padding":"","_kad_post_feature":"","_kad_post_feature_position":"","_kad_post_header":false,"_kad_post_footer":false,"_kad_post_classname":"","_jetpack_memberships_contains_paid_content":false,"footnotes":""},"categories":[3002,3012],"tags":[3126],"series":[],"class_list":["post-37997","post","type-post","status-publish","format-standard","has-post-thumbnail","hentry","category-actualidad","category-running-pirineos","tag-kilian-jornet"],"episode_featured_image":"https:\/\/travesiapirenaica.com\/wp-content\/uploads\/2023\/10\/La-aventura-de-Kilian-Jornet-redescubriendo-el-Pirineo-1.jpg","episode_player_image":"https:\/\/travesiapirenaica.com\/wp-content\/uploads\/2017\/12\/Caratula-Podcast-Maldita-Montana_1500x1500_72pp-p_.jpg","download_link":"","player_link":"","audio_player":false,"episode_data":{"playerMode":"dark","subscribeUrls":[],"rssFeedUrl":"https:\/\/travesiapirenaica.com\/fr\/feed\/podcast\/maldita-montana","embedCode":"<blockquote class=\"wp-embedded-content\" data-secret=\"EYtYt6b8wM\"><a href=\"https:\/\/travesiapirenaica.com\/fr\/kilian-jornet-redescubriendo-pirineo-177-cimas-3000-m-en-8-dias\/\">La aventura de Kilian Jornet redescubriendo el Pirineo: 177 cimas de m\u00e1s de 3.000 m en 8 d\u00edas<\/a><\/blockquote><iframe sandbox=\"allow-scripts\" security=\"restricted\" src=\"https:\/\/travesiapirenaica.com\/fr\/kilian-jornet-redescubriendo-pirineo-177-cimas-3000-m-en-8-dias\/embed\/#?secret=EYtYt6b8wM\" width=\"500\" height=\"350\" title=\"\u00ab\u00a0La aventura de Kilian Jornet redescubriendo el Pirineo: 177 cimas de m\u00e1s de 3.000 m en 8 d\u00edas\u00a0\u00bb &#8212; Traves\u00eda.\" data-secret=\"EYtYt6b8wM\" frameborder=\"0\" marginwidth=\"0\" marginheight=\"0\" scrolling=\"no\" class=\"wp-embedded-content\"><\/iframe><script>\n\/*! This file is auto-generated *\/\n!function(d,l){\"use strict\";l.querySelector&&d.addEventListener&&\"undefined\"!=typeof URL&&(d.wp=d.wp||{},d.wp.receiveEmbedMessage||(d.wp.receiveEmbedMessage=function(e){var t=e.data;if((t||t.secret||t.message||t.value)&&!\/[^a-zA-Z0-9]\/.test(t.secret)){for(var s,r,n,a=l.querySelectorAll('iframe[data-secret=\"'+t.secret+'\"]'),o=l.querySelectorAll('blockquote[data-secret=\"'+t.secret+'\"]'),c=new RegExp(\"^https?:$\",\"i\"),i=0;i<o.length;i++)o[i].style.display=\"none\";for(i=0;i<a.length;i++)s=a[i],e.source===s.contentWindow&&(s.removeAttribute(\"style\"),\"height\"===t.message?(1e3<(r=parseInt(t.value,10))?r=1e3:~~r<200&&(r=200),s.height=r):\"link\"===t.message&&(r=new URL(s.getAttribute(\"src\")),n=new URL(t.value),c.test(n.protocol))&&n.host===r.host&&l.activeElement===s&&(d.top.location.href=t.value))}},d.addEventListener(\"message\",d.wp.receiveEmbedMessage,!1),l.addEventListener(\"DOMContentLoaded\",function(){for(var e,t,s=l.querySelectorAll(\"iframe.wp-embedded-content\"),r=0;r<s.length;r++)(t=(e=s[r]).getAttribute(\"data-secret\"))||(t=Math.random().toString(36).substring(2,12),e.src+=\"#?secret=\"+t,e.setAttribute(\"data-secret\",t)),e.contentWindow.postMessage({message:\"ready\",secret:t},\"*\")},!1)))}(window,document);\n\/\/# sourceURL=https:\/\/travesiapirenaica.com\/wp-includes\/js\/wp-embed.min.js\n<\/script>\n"},"taxonomy_info":{"category":[{"value":3002,"label":"Actualidad"},{"value":3012,"label":"Running"}],"post_tag":[{"value":3126,"label":"Kilian Jornet"}]},"featured_image_src_large":["https:\/\/travesiapirenaica.com\/wp-content\/uploads\/2023\/10\/La-aventura-de-Kilian-Jornet-redescubriendo-el-Pirineo-1-768x1024.jpg",768,1024,true],"author_info":{"display_name":"Traves\u00eda Pirenaica","author_link":"https:\/\/travesiapirenaica.com\/fr\/author\/travesia-pirenaica\/"},"comment_info":0,"category_info":[{"term_id":3002,"name":"Actualidad","slug":"actualidad","term_group":0,"term_taxonomy_id":3018,"taxonomy":"category","description":"Actualidad","parent":0,"count":75,"filter":"raw","cat_ID":3002,"category_count":75,"category_description":"Actualidad","cat_name":"Actualidad","category_nicename":"actualidad","category_parent":0},{"term_id":3012,"name":"Running","slug":"running-pirineos","term_group":0,"term_taxonomy_id":3028,"taxonomy":"category","description":"Running Pirineos","parent":5,"count":4,"filter":"raw","cat_ID":3012,"category_count":4,"category_description":"Running Pirineos","cat_name":"Running","category_nicename":"running-pirineos","category_parent":5}],"tag_info":[{"term_id":3126,"name":"Kilian Jornet","slug":"kilian-jornet","term_group":0,"term_taxonomy_id":3142,"taxonomy":"post_tag","description":"","parent":0,"count":6,"filter":"raw"}],"jetpack_featured_media_url":"https:\/\/travesiapirenaica.com\/wp-content\/uploads\/2023\/10\/La-aventura-de-Kilian-Jornet-redescubriendo-el-Pirineo-1.jpg","jetpack_sharing_enabled":true,"_links":{"self":[{"href":"https:\/\/travesiapirenaica.com\/fr\/wp-json\/wp\/v2\/posts\/37997","targetHints":{"allow":["GET"]}}],"collection":[{"href":"https:\/\/travesiapirenaica.com\/fr\/wp-json\/wp\/v2\/posts"}],"about":[{"href":"https:\/\/travesiapirenaica.com\/fr\/wp-json\/wp\/v2\/types\/post"}],"author":[{"embeddable":true,"href":"https:\/\/travesiapirenaica.com\/fr\/wp-json\/wp\/v2\/users\/1"}],"replies":[{"embeddable":true,"href":"https:\/\/travesiapirenaica.com\/fr\/wp-json\/wp\/v2\/comments?post=37997"}],"version-history":[{"count":0,"href":"https:\/\/travesiapirenaica.com\/fr\/wp-json\/wp\/v2\/posts\/37997\/revisions"}],"wp:featuredmedia":[{"embeddable":true,"href":"https:\/\/travesiapirenaica.com\/fr\/wp-json\/wp\/v2\/media\/38016"}],"wp:attachment":[{"href":"https:\/\/travesiapirenaica.com\/fr\/wp-json\/wp\/v2\/media?parent=37997"}],"wp:term":[{"taxonomy":"category","embeddable":true,"href":"https:\/\/travesiapirenaica.com\/fr\/wp-json\/wp\/v2\/categories?post=37997"},{"taxonomy":"post_tag","embeddable":true,"href":"https:\/\/travesiapirenaica.com\/fr\/wp-json\/wp\/v2\/tags?post=37997"},{"taxonomy":"series","embeddable":true,"href":"https:\/\/travesiapirenaica.com\/fr\/wp-json\/wp\/v2\/series?post=37997"}],"curies":[{"name":"wp","href":"https:\/\/api.w.org\/{rel}","templated":true}]}}