{"id":3802,"date":"2017-09-27T10:09:31","date_gmt":"2017-09-27T08:09:31","guid":{"rendered":"http:\/\/travesiapirenaica.com\/?p=3802"},"modified":"2019-01-21T19:03:34","modified_gmt":"2019-01-21T18:03:34","slug":"equipement-de-montagne-pour-les-enfants","status":"publish","type":"post","link":"https:\/\/travesiapirenaica.com\/fr\/equipo-montana-para-ninos\/","title":{"rendered":"Vacances dans les Pyr\u00e9n\u00e9es : de quel \u00e9quipement de montagne vos enfants ont-ils besoin ?"},"content":{"rendered":"<p>Si nous partons en famille \u00e0 la montagne, il est n\u00e9cessaire d'avoir un bon \u00e9quipement. <strong>\u00e9quipement de montagne pour les enfants<\/strong>. L'alpinisme et m\u00eame l'escalade peuvent \u00eatre pratiqu\u00e9s par des familles avec enfants. Il s'agit d'une activit\u00e9 gratifiante qui met les enfants au d\u00e9fi, \u00e9largit leurs connaissances et les aide \u00e0 se d\u00e9velopper gr\u00e2ce \u00e0 un renforcement positif.<\/p>\n<p>Mais la s\u00e9curit\u00e9 doit \u00eatre notre principal guide en montagne, surtout si nous sortons avec des enfants.<\/p>\n<h2>Pr\u00e9parer le voyage en montagne \u00e0 l'avance<\/h2>\n<p>Penser \u00e0 l'avance, c'est pr\u00e9venir les impr\u00e9vus. En montagne, des situations inattendues peuvent toujours se produire, qu'il s'agisse d'un changement soudain de la m\u00e9t\u00e9o, d'une chute, d'une p\u00e9nurie d'eau, d'une absence de couverture de t\u00e9l\u00e9phonie mobile au moment o\u00f9 nous en avons besoin ou d'une coupure de courant. C'est pourquoi il est essentiel de se pr\u00e9parer aux situations \u00e0 risque.<\/p>\n<blockquote class=\"instagram-media\" style=\"background: #FFF; border: 0; border-radius: 3px; box-shadow: 0 0 1px 0 rgba(0,0,0,0.5),0 1px 10px 0 rgba(0,0,0,0.15); margin: 1px; max-width: 740px; padding: 0; width: calc(100% - 2px);\" data-instgrm-version=\"7\">\n<div style=\"padding: 8px;\">\n<div style=\"background: #F8F8F8; line-height: 0; margin-top: 40px; padding: 50.0% 0; text-align: center; width: 100%;\"><\/div>\n<p style=\"color: #c9c8cd; font-family: Arial,sans-serif; font-size: 14px; line-height: 17px; margin-bottom: 0; margin-top: 8px; overflow: hidden; padding: 8px 0 7px; text-align: center; text-overflow: ellipsis; white-space: nowrap;\"><a style=\"color: #c9c8cd; font-family: Arial,sans-serif; font-size: 14px; font-style: normal; font-weight: normal; line-height: 17px; text-decoration: none;\" href=\"https:\/\/www.instagram.com\/p\/BZCFd6KA4Vb\/\" target=\"_blank\" rel=\"noopener\">A post shared by Traves\u00eda Pirenaica (@travesiapirenaica)<\/a> sur <time style=\"font-family: Arial,sans-serif; font-size: 14px; line-height: 17px;\" datetime=\"2017-09-14T19:07:21+00:00\">Sep 14, 2017 at 12:07 PDT<\/time><\/p>\n<\/div>\n<\/blockquote>\n<p>Un endroit id\u00e9al pour s'amuser en famille est le <strong>Pyr\u00e9n\u00e9es<\/strong>. Pour sa grande beaut\u00e9 naturelle, avec ses rivi\u00e8res qui descendent de la haute montagne ou ses for\u00eats de h\u00eatres, de pins noirs et de sapins, qui donnent de la couleur aux itin\u00e9raires. Pour ses villages compl\u00e8tement int\u00e9gr\u00e9s dans la montagne, offrant des lieux de repos, des traditions et de la culture. C'est un endroit magique o\u00f9 aller avec ses enfants.<\/p>\n<p>Les enfants peuvent et doivent \u00eatre \u00e9quip\u00e9s comme les adultes, toujours avec des v\u00eatements qui les aident \u00e0 marcher confortablement. S'il s'agit de nourrissons ou de tr\u00e8s jeunes enfants, ils doivent \u00eatre transport\u00e9s dans un sac \u00e0 dos. <strong><a href=\"https:\/\/www.amazon.es\/s\/ref=nb_sb_ss_fb_1_26?__mk_es_ES=%C3%85M%C3%85%C5%BD%C3%95%C3%91&amp;url=search-alias%3Dsporting&amp;field-keywords=mochila+portabebes+monta%C3%B1a&amp;sprefix=mochila+portabebes+monta%C3%B1a%2Cundefined%2C169&amp;crid=19R4AV3FLTZOL&amp;rh=n%3A2454136031%2Ck%3Amochila+portabebes+monta%C3%B1a&amp;_encoding=UTF8&amp;tag=travesiapiren-21&amp;linkCode=ur2&amp;linkId=be2f9cd84b976b425f5ba787ef00a330&amp;camp=3638&amp;creative=24630\" target=\"_blank\" rel=\"noopener\">porte-b\u00e9b\u00e9s adapt\u00e9s au trekking<\/a><img loading=\"lazy\" decoding=\"async\" style=\"border: none !important; margin: 0px !important;\" src=\"\/\/ir-es.amazon-adsystem.com\/e\/ir?t=travesiapiren-21&amp;l=ur2&amp;o=30\" alt=\"\" width=\"1\" height=\"1\" border=\"0\"><\/strong>.<\/p>\n<p><span style=\"font-size: 18pt;\"><strong>1.<\/strong> <\/span>Les enfants, s'ils ne sont pas trop jeunes, devraient porter<strong> <a href=\"https:\/\/www.amazon.es\/Fj%C3%A4llr%C3%A4ven-K%C3%A5nken-Mini-Mochila-29\/dp\/B005M94XMK\/ref=sr_1_7?s=sports&amp;ie=UTF8&amp;qid=1506498910&amp;sr=1-7&amp;keywords=mochila+ni%C3%B1o&amp;_encoding=UTF8&amp;tag=travesiapiren-21&amp;linkCode=ur2&amp;linkId=e56f4783e4f2f99d0f5c79b32004529e&amp;camp=3638&amp;creative=24630\" target=\"_blank\" rel=\"noopener\">son propre sac \u00e0 dos<\/a><img loading=\"lazy\" decoding=\"async\" style=\"border: none !important; margin: 0px !important;\" src=\"\/\/ir-es.amazon-adsystem.com\/e\/ir?t=travesiapiren-21&amp;l=ur2&amp;o=30\" alt=\"\" width=\"1\" height=\"1\" border=\"0\"><\/strong>. Avec suffisamment d'eau et des aliments \u00e9nerg\u00e9tiques, tels que des barres de c\u00e9r\u00e9ales ou similaires, des noix et du chocolat. Le sac \u00e0 dos ne doit pas peser trop lourd, mais les enfants auront ainsi l'impression d'\u00eatre responsables comme des adultes.<\/p>\n<p><span style=\"font-size: 18pt;\"><strong>2.<\/strong> <\/span>Les <a href=\"https:\/\/travesiapirenaica.com\/fr\/vetements-de-randonnee-en-montagne\/\">les v\u00eatements doivent \u00eatre adapt\u00e9s aux itin\u00e9raires<\/a> qui ont \u00e9t\u00e9 planifi\u00e9s. Si vous partez avec des enfants, les itin\u00e9raires seront adapt\u00e9s \u00e0 leur \u00e2ge, tant en termes de longueur que de difficult\u00e9. Les enfants doivent \u00eatre \u00e9quip\u00e9s de v\u00eatements et de <a href=\"https:\/\/www.amazon.es\/s\/ref=sr_nr_n_0?fst=as%3Aoff&amp;rh=n%3A2454136031%2Cn%3A2008067031%2Ck%3Abotas+monta%C3%B1a+ni%C3%B1o&amp;keywords=botas+monta%C3%B1a+ni%C3%B1o&amp;ie=UTF8&amp;qid=1506499242&amp;rnid=2665403031&amp;_encoding=UTF8&amp;tag=travesiapiren-21&amp;linkCode=ur2&amp;linkId=9d42232fe02cf78a071ea33e4c4f9379&amp;camp=3638&amp;creative=24630\" target=\"_blank\" rel=\"noopener\"><strong> bottes de trekking<\/strong>&nbsp;<\/a>(assurez-vous que leurs chaussures ne sont pas trop grandes et que leurs chaussettes ne frottent pas contre elles), un chapeau et une protection solaire, car le soleil peut br\u00fbler en montagne. Des v\u00eatements chauds et un coupe-vent, \u00e0 la fois en cas de froid et en cas de vent soudain (en montagne, le temps change parfois brusquement).<\/p>\n<p><span style=\"font-size: 18pt;\"><strong>3.<\/strong><\/span> Les adultes doivent \u00e9galement \u00eatre munis d'un <a href=\"https:\/\/travesiapirenaica.com\/fr\/trousse-de-secours-pour-la-montagne\/\"><strong>trousse de premiers secours<\/strong><\/a>carte, boussole et <strong><a href=\"https:\/\/travesiapirenaica.com\/fr\/meilleur-gps-montana\/\" target=\"_blank\" rel=\"noopener\">GPS<\/a><\/strong><img loading=\"lazy\" decoding=\"async\" style=\"border: none !important; margin: 0px !important;\" src=\"\/\/ir-es.amazon-adsystem.com\/e\/ir?t=travesiapiren-21&amp;l=am2&amp;o=30&amp;a=B00XLVXILI\" alt=\"\" width=\"1\" height=\"1\" border=\"0\">. Il faut \u00eatre prudent, m\u00eame si l'itin\u00e9raire est peu difficile. Il n'est jamais superflu et ces articles ne sont pas lourds et n'augmentent pas le poids d'un sac \u00e0 dos.<\/p>\n<p><span style=\"font-size: 18pt;\"><strong>4.<\/strong><\/span> Les t\u00e9l\u00e9phones portables doivent \u00eatre charg\u00e9s et il est conseill\u00e9 d'ajouter une batterie externe pour les recharger si n\u00e9cessaire.<\/p>\n<p><span style=\"font-size: 18pt;\"><strong>5.<\/strong><\/span> &nbsp;Vous devez apporter <strong>mat\u00e9riel de camping<\/strong> n\u00e9cessaires pour la visite :<\/p>\n<p>- Un sifflet, qui peut \u00eatre utile pour signaler votre position,<\/p>\n<p>- Une corde en nylon polyvalente, une torche et un couteau,<\/p>\n<p>- Les mouchoirs en papier comme substitut au papier hygi\u00e9nique,<\/p>\n<p>- Sacs poubelles (nous devons prot\u00e9ger l'environnement et \u00e9duquer les enfants \u00e0 le pr\u00e9server).<\/p>\n<figure id=\"attachment_3807\" aria-describedby=\"caption-attachment-3807\" style=\"width: 1024px\" class=\"wp-caption aligncenter\"><a href=\"http:\/\/travesiapirenaica.com\/wp-content\/uploads\/2017\/09\/Photo-by-Annie-Spratt-on-Unsplash_02_web.jpg\"><img loading=\"lazy\" decoding=\"async\" class=\"size-full wp-image-3807\" src=\"http:\/\/travesiapirenaica.com\/wp-content\/uploads\/2017\/09\/Photo-by-Annie-Spratt-on-Unsplash_02_web.jpg\" alt=\"Equipement de montagne pour les enfants \/ Photo : Annie Spratt on Unsplash\" width=\"1024\" height=\"683\"><\/a><figcaption id=\"caption-attachment-3807\" class=\"wp-caption-text\">\u00c9quipement de montagne pour les enfants : ce qu'il faut pour profiter de la montagne<br \/>\/ Photo : Annie Spratt sur Unsplash<\/figcaption><\/figure>\n<p>Tout ce qui peut nous aider \u00e0 un moment donn\u00e9 n'est pas mauvais, tant que ce n'est pas un fardeau inutile.<\/p>\n<p>Un conseil : les enfants doivent participer, \u00e0 leur mani\u00e8re, \u00e0 la planification des itin\u00e9raires et des randonn\u00e9es. V\u00e9rifier le temps qu'il fera en montagne, pr\u00e9parer le sac \u00e0 dos la veille, revoir l'itin\u00e9raire, la dur\u00e9e, les endroits particuliers que nous allons voir et appr\u00e9cier. De cette mani\u00e8re, les enfants s'engagent et se sentent partie prenante de l'activit\u00e9.<\/p>\n<p>Les escapades et les vacances en montagne sont des loisirs tr\u00e8s recommand\u00e9s pour les enfants. <strong>\u00e9quipement de montagne pour les enfants <\/strong>parce que c'est essentiel. Ces sorties responsabilisent les enfants, qui apprennent \u00e0 planifier, \u00e0 pr\u00e9voir les dangers, \u00e0 \u00eatre responsables et \u00e0 profiter de la nature. Un vrai d\u00e9fi pour eux.<br \/>\n<span style=\"font-size: 18pt;\"><strong>LIRE AUSSI :<\/strong><\/span><\/p>\n<ul style=\"list-style-type: disc;\">\n<li><a href=\"https:\/\/travesiapirenaica.com\/fr\/porte-bebe\/\"><span style=\"font-size: 24px;\"><b>Comment choisir un porte-b\u00e9b\u00e9 &gt;&gt;&gt;&gt;.<\/b><\/span><\/a><\/li>\n<\/ul>","protected":false},"excerpt":{"rendered":"Si nous partons en famille \u00e0 la montagne, il est n\u00e9cessaire d'avoir un bon \u00e9quipement...","protected":false},"author":1,"featured_media":5183,"comment_status":"closed","ping_status":"closed","sticky":false,"template":"","format":"image","meta":{"_kad_blocks_custom_css":"","_kad_blocks_head_custom_js":"","_kad_blocks_body_custom_js":"","_kad_blocks_footer_custom_js":"","episode_type":"","audio_file":"","podmotor_file_id":"","podmotor_episode_id":"","cover_image":"","cover_image_id":"","duration":"","filesize":"","filesize_raw":"","date_recorded":"","explicit":"","block":"","_kad_post_transparent":"","_kad_post_title":"","_kad_post_layout":"","_kad_post_sidebar_id":"","_kad_post_content_style":"","_kad_post_vertical_padding":"","_kad_post_feature":"","_kad_post_feature_position":"","_kad_post_header":false,"_kad_post_footer":false,"_kad_post_classname":"","_jetpack_memberships_contains_paid_content":false,"footnotes":""},"categories":[21],"tags":[],"series":[],"class_list":["post-3802","post","type-post","status-publish","format-image","has-post-thumbnail","hentry","category-material","post_format-post-format-image"],"episode_featured_image":"https:\/\/travesiapirenaica.com\/wp-content\/uploads\/2017\/09\/annie-spratt-245122_760x600.jpg","episode_player_image":"https:\/\/travesiapirenaica.com\/wp-content\/uploads\/2017\/12\/Caratula-Podcast-Maldita-Montana_1500x1500_72pp-p_.jpg","download_link":"","player_link":"","audio_player":false,"episode_data":{"playerMode":"dark","subscribeUrls":[],"rssFeedUrl":"https:\/\/travesiapirenaica.com\/fr\/feed\/podcast\/maldita-montana","embedCode":"<blockquote class=\"wp-embedded-content\" data-secret=\"LkzWQvZQHc\"><a href=\"https:\/\/travesiapirenaica.com\/fr\/equipo-montana-para-ninos\/\">Vacaciones en los Pirineos: \u00bfqu\u00e9 equipo de monta\u00f1a para ni\u00f1os necesitan tus hijos?<\/a><\/blockquote><iframe sandbox=\"allow-scripts\" security=\"restricted\" src=\"https:\/\/travesiapirenaica.com\/fr\/equipo-montana-para-ninos\/embed\/#?secret=LkzWQvZQHc\" width=\"500\" height=\"350\" title=\"\u00ab\u00a0Vacaciones en los Pirineos: \u00bfqu\u00e9 equipo de monta\u00f1a para ni\u00f1os necesitan tus hijos?\u00a0\u00bb &#8212; Traves\u00eda.\" data-secret=\"LkzWQvZQHc\" frameborder=\"0\" marginwidth=\"0\" marginheight=\"0\" scrolling=\"no\" class=\"wp-embedded-content\"><\/iframe><script>\n\/*! This file is auto-generated *\/\n!function(d,l){\"use strict\";l.querySelector&&d.addEventListener&&\"undefined\"!=typeof URL&&(d.wp=d.wp||{},d.wp.receiveEmbedMessage||(d.wp.receiveEmbedMessage=function(e){var t=e.data;if((t||t.secret||t.message||t.value)&&!\/[^a-zA-Z0-9]\/.test(t.secret)){for(var s,r,n,a=l.querySelectorAll('iframe[data-secret=\"'+t.secret+'\"]'),o=l.querySelectorAll('blockquote[data-secret=\"'+t.secret+'\"]'),c=new RegExp(\"^https?:$\",\"i\"),i=0;i<o.length;i++)o[i].style.display=\"none\";for(i=0;i<a.length;i++)s=a[i],e.source===s.contentWindow&&(s.removeAttribute(\"style\"),\"height\"===t.message?(1e3<(r=parseInt(t.value,10))?r=1e3:~~r<200&&(r=200),s.height=r):\"link\"===t.message&&(r=new URL(s.getAttribute(\"src\")),n=new URL(t.value),c.test(n.protocol))&&n.host===r.host&&l.activeElement===s&&(d.top.location.href=t.value))}},d.addEventListener(\"message\",d.wp.receiveEmbedMessage,!1),l.addEventListener(\"DOMContentLoaded\",function(){for(var e,t,s=l.querySelectorAll(\"iframe.wp-embedded-content\"),r=0;r<s.length;r++)(t=(e=s[r]).getAttribute(\"data-secret\"))||(t=Math.random().toString(36).substring(2,12),e.src+=\"#?secret=\"+t,e.setAttribute(\"data-secret\",t)),e.contentWindow.postMessage({message:\"ready\",secret:t},\"*\")},!1)))}(window,document);\n\/\/# sourceURL=https:\/\/travesiapirenaica.com\/wp-includes\/js\/wp-embed.min.js\n<\/script>\n"},"taxonomy_info":{"category":[{"value":21,"label":"Material"}]},"featured_image_src_large":["https:\/\/travesiapirenaica.com\/wp-content\/uploads\/2017\/09\/annie-spratt-245122_760x600.jpg",760,600,false],"author_info":{"display_name":"Traves\u00eda Pirenaica","author_link":"https:\/\/travesiapirenaica.com\/fr\/author\/travesia-pirenaica\/"},"comment_info":0,"category_info":[{"term_id":21,"name":"Material","slug":"material","term_group":0,"term_taxonomy_id":21,"taxonomy":"category","description":"Material","parent":0,"count":51,"filter":"raw","cat_ID":21,"category_count":51,"category_description":"Material","cat_name":"Material","category_nicename":"material","category_parent":0}],"tag_info":false,"jetpack_featured_media_url":"https:\/\/travesiapirenaica.com\/wp-content\/uploads\/2017\/09\/annie-spratt-245122_760x600.jpg","jetpack_sharing_enabled":true,"_links":{"self":[{"href":"https:\/\/travesiapirenaica.com\/fr\/wp-json\/wp\/v2\/posts\/3802","targetHints":{"allow":["GET"]}}],"collection":[{"href":"https:\/\/travesiapirenaica.com\/fr\/wp-json\/wp\/v2\/posts"}],"about":[{"href":"https:\/\/travesiapirenaica.com\/fr\/wp-json\/wp\/v2\/types\/post"}],"author":[{"embeddable":true,"href":"https:\/\/travesiapirenaica.com\/fr\/wp-json\/wp\/v2\/users\/1"}],"replies":[{"embeddable":true,"href":"https:\/\/travesiapirenaica.com\/fr\/wp-json\/wp\/v2\/comments?post=3802"}],"version-history":[{"count":0,"href":"https:\/\/travesiapirenaica.com\/fr\/wp-json\/wp\/v2\/posts\/3802\/revisions"}],"wp:featuredmedia":[{"embeddable":true,"href":"https:\/\/travesiapirenaica.com\/fr\/wp-json\/wp\/v2\/media\/5183"}],"wp:attachment":[{"href":"https:\/\/travesiapirenaica.com\/fr\/wp-json\/wp\/v2\/media?parent=3802"}],"wp:term":[{"taxonomy":"category","embeddable":true,"href":"https:\/\/travesiapirenaica.com\/fr\/wp-json\/wp\/v2\/categories?post=3802"},{"taxonomy":"post_tag","embeddable":true,"href":"https:\/\/travesiapirenaica.com\/fr\/wp-json\/wp\/v2\/tags?post=3802"},{"taxonomy":"series","embeddable":true,"href":"https:\/\/travesiapirenaica.com\/fr\/wp-json\/wp\/v2\/series?post=3802"}],"curies":[{"name":"wp","href":"https:\/\/api.w.org\/{rel}","templated":true}]}}