{"id":38406,"date":"2023-11-20T00:22:44","date_gmt":"2023-11-19T23:22:44","guid":{"rendered":"https:\/\/travesiapirenaica.com\/?p=38406"},"modified":"2024-11-15T10:44:59","modified_gmt":"2024-11-15T09:44:59","slug":"montanchez-castanar-molinos","status":"publish","type":"post","link":"https:\/\/travesiapirenaica.com\/fr\/montanchez-castanar-molinos\/","title":{"rendered":"Sierra de Mont\u00e1nchez (C\u00e1ceres). Itin\u00e9raire circulaire passant par El Casta\u00f1ar et la Garganta de los Molinos."},"content":{"rendered":"<style>.wp-block-kadence-advancedbtn.kb-btns38406_3976a7-9c{gap:var(--global-kb-gap-xs, 0.5rem );justify-content:center;align-items:center;}.kt-btns38406_3976a7-9c .kt-button{font-weight:normal;font-style:normal;}.kt-btns38406_3976a7-9c .kt-btn-wrap-0{margin-right:5px;}.wp-block-kadence-advancedbtn.kt-btns38406_3976a7-9c .kt-btn-wrap-0 .kt-button{color:#555555;border-color:#555555;}.wp-block-kadence-advancedbtn.kt-btns38406_3976a7-9c .kt-btn-wrap-0 .kt-button:hover, .wp-block-kadence-advancedbtn.kt-btns38406_3976a7-9c .kt-btn-wrap-0 .kt-button:focus{color:#ffffff;border-color:#444444;}.wp-block-kadence-advancedbtn.kt-btns38406_3976a7-9c .kt-btn-wrap-0 .kt-button::before{display:none;}.wp-block-kadence-advancedbtn.kt-btns38406_3976a7-9c .kt-btn-wrap-0 .kt-button:hover, .wp-block-kadence-advancedbtn.kt-btns38406_3976a7-9c .kt-btn-wrap-0 .kt-button:focus{background:#444444;}<\/style>\n<div class=\"wp-block-kadence-advancedbtn kb-buttons-wrap kb-btns38406_3976a7-9c\"><style>ul.menu .wp-block-kadence-advancedbtn .kb-btn38406_c66f0d-41.kb-button{width:initial;}<\/style><span class=\"kb-button kt-button button kb-btn38406_c66f0d-41 kt-btn-size-standard kt-btn-width-type-auto kb-btn-global-fill  kt-btn-has-text-true kt-btn-has-svg-false  wp-block-kadence-singlebtn\"><span class=\"kt-btn-inner-text\">4h05min<\/span><\/span>\n\n<style>ul.menu .wp-block-kadence-advancedbtn .kb-btn38406_0890f9-89.kb-button{width:initial;}<\/style><span class=\"kb-button kt-button button kb-btn38406_0890f9-89 kt-btn-size-standard kt-btn-width-type-auto kb-btn-global-fill  kt-btn-has-text-true kt-btn-has-svg-false  wp-block-kadence-singlebtn\"><span class=\"kt-btn-inner-text\">10,3km<\/span><\/span>\n\n<style>ul.menu .wp-block-kadence-advancedbtn .kb-btn38406_8ab926-2b.kb-button{width:initial;}<\/style><span class=\"kb-button kt-button button kb-btn38406_8ab926-2b kt-btn-size-standard kt-btn-width-type-auto kb-btn-global-fill  kt-btn-has-text-true kt-btn-has-svg-false  wp-block-kadence-singlebtn\"><span class=\"kt-btn-inner-text\">+\/-450m<\/span><\/span><\/div>\n\n\n\n<p>L'endroit que nous vous proposons de visiter cette semaine pourrait \u00eatre consid\u00e9r\u00e9 comme assez m\u00e9connu en dehors de l'Estr\u00e9madure, il s'agit de la Sierra de Mont\u00e1nchez. Il s'agit d'une petite cha\u00eene de montagnes situ\u00e9e au sud de la province de C\u00e1ceres, entre les bassins du Tage et du Guadiana, qui, \u00e0 son point culminant, \u00e0 seulement 994 m\u00e8tres d'altitude, pr\u00e9sente suffisamment d'attraits pour m\u00e9riter une visite.<\/p>\n\n\n\n<p>Sur l'itin\u00e9raire que nous proposons, nous en visiterons plusieurs, en commen\u00e7ant par la <strong>ch\u00e2taigneraie<\/strong>Un spectacle pour les sens en automne et \u00e0 tout moment de l'ann\u00e9e. Nous poursuivrons notre route sur des chemins ruraux bord\u00e9s d'anciens murs de pierre, de ch\u00eanes, de ch\u00eanes-li\u00e8ges, de ch\u00eanes verts... La combinaison du travail de la nature et de celui de l'homme est harmonieuse : chemins pav\u00e9s, terrasses d'oliviers durement travaill\u00e9s par les pentes abruptes des montagnes, canaux d'irrigation et anciens moulins, comme le sugg\u00e8re le nom du village lui-m\u00eame. <strong>Gorge des Moulins<\/strong>.<\/p>\n\n\n\n<p>L'itin\u00e9raire que nous d\u00e9crivons peut se faire depuis Montanchez ou depuis Arroyomolinos. Nous le d\u00e9crivons ici \u00e0 partir de Montanchez, car c'est le plus courant, mais ce n'est pas ainsi que nous l'avons fait. Nous sommes partis tard d'Arroyomolinos pour arriver \u00e0 Mont\u00e1nchez \u00e0 l'heure du d\u00e9jeuner, car nous ne voulions pas partir sans avoir go\u00fbt\u00e9 son fameux jambon. Si vous partez plus t\u00f4t, vous pourrez toujours \u00eatre \u00e0 Montanchez \u00e0 cette heure-l\u00e0.<\/p>\n\n\n\n<h3 class=\"wp-block-heading\">R\u00e9sum\u00e9 :<\/h3>\n\n\n\n<p>Itin\u00e9raire circulaire depuis Montanchez, au cours duquel nous visiterons sa c\u00e9l\u00e8bre ch\u00e2taigneraie et la Garganta de los Molinos. L'itin\u00e9raire commence par suivre le chemin local de la route \"De donde nace\", qui co\u00efncide avec la route de Casta\u00f1ar, pour la quitter apr\u00e8s 45 minutes \u00e0 Roblegordo et descendre \u00e0 la recherche du \"Camino de las Vaquerizas\" et descendre ensuite jusqu'\u00e0 la Garganta de los Molinos. Nous reviendrons par cette gorge et par la partie inf\u00e9rieure de la ch\u00e2taigneraie, partie que nous avions manqu\u00e9e \u00e0 l'aller.<\/p>\n\n\n\n<h3 class=\"wp-block-heading\">Carte :<\/h3>\n\n\n\n<iframe loading=\"lazy\" src=\"https:\/\/travesiapirenaica.com\/rutas\/rutas.php?&amp;ruta=montanchez\" allow=\"fullscreen\" width=\"100%\" height=\"400\"><\/iframe>\n\n\n\n<figure class=\"wp-block-image size-full\"><img loading=\"lazy\" decoding=\"async\" width=\"738\" height=\"559\" src=\"https:\/\/travesiapirenaica.com\/wp-content\/uploads\/2023\/11\/perfil-montanchez.jpg\" alt=\"\" class=\"wp-image-38428\" style=\"aspect-ratio:4\/3;object-fit:cover\" srcset=\"https:\/\/travesiapirenaica.com\/wp-content\/uploads\/2023\/11\/perfil-montanchez.jpg 738w, https:\/\/travesiapirenaica.com\/wp-content\/uploads\/2023\/11\/perfil-montanchez-300x227.jpg 300w, https:\/\/travesiapirenaica.com\/wp-content\/uploads\/2023\/11\/perfil-montanchez-600x454.jpg 600w\" sizes=\"auto, (max-width: 738px) 100vw, 738px\" \/><\/figure>\n\n\n\n<h3 class=\"wp-block-heading\">T\u00e9l\u00e9chargeable :<\/h3>\n\n\n<style>.wp-block-kadence-advancedbtn.kb-btns38406_3d7586-ca{gap:var(--global-kb-gap-xs, 0.5rem );justify-content:center;align-items:center;}.kt-btns38406_3d7586-ca .kt-button{font-weight:normal;font-style:normal;}.kt-btns38406_3d7586-ca .kt-btn-wrap-0{margin-right:5px;}.wp-block-kadence-advancedbtn.kt-btns38406_3d7586-ca .kt-btn-wrap-0 .kt-button{color:#555555;border-color:#555555;}.wp-block-kadence-advancedbtn.kt-btns38406_3d7586-ca .kt-btn-wrap-0 .kt-button:hover, .wp-block-kadence-advancedbtn.kt-btns38406_3d7586-ca .kt-btn-wrap-0 .kt-button:focus{color:#ffffff;border-color:#444444;}.wp-block-kadence-advancedbtn.kt-btns38406_3d7586-ca .kt-btn-wrap-0 .kt-button::before{display:none;}.wp-block-kadence-advancedbtn.kt-btns38406_3d7586-ca .kt-btn-wrap-0 .kt-button:hover, .wp-block-kadence-advancedbtn.kt-btns38406_3d7586-ca .kt-btn-wrap-0 .kt-button:focus{background:#444444;}<\/style>\n<div class=\"wp-block-kadence-advancedbtn kb-buttons-wrap kb-btns38406_3d7586-ca\"><style>ul.menu .wp-block-kadence-advancedbtn .kb-btn38406_e63744-21.kb-button{width:initial;}<\/style><a class=\"kb-button kt-button button kb-btn38406_e63744-21 kt-btn-size-xlarge kt-btn-width-type-auto kb-btn-global-fill  kt-btn-has-text-true kt-btn-has-svg-true  wp-block-kadence-singlebtn\" href=\"https:\/\/travesiapirenaica.com\/rutas\/mapa\/gpx-geojson\/montanchez.gpx\" download=\"\" target=\"_blank\" rel=\"noreferrer noopener\"><span class=\"kt-btn-inner-text\">T\u00e9l\u00e9charger la piste<\/span><span class=\"kb-svg-icon-wrap kb-svg-icon-fe_download kt-btn-icon-side-right\"><svg viewbox=\"0 0 24 24\"  fill=\"none\" stroke=\"currentColor\" stroke-width=\"2\" stroke-linecap=\"round\" stroke-linejoin=\"round\" xmlns=\"http:\/\/www.w3.org\/2000\/svg\"  aria-hidden=\"true\"><path d=\"M21 15v4a2 2 0 0 1-2 2H5a2 2 0 0 1-2-2v-4\"\/><polyline points=\"7 10 12 15 17 10\"\/><line x1=\"12\" y1=\"15\" x2=\"12\" y2=\"3\"\/><\/svg><\/span><\/a><\/div>\n\n\n\n<h3 class=\"wp-block-heading\">Comment s'y rendre :<\/h3>\n\n\n\n<p>Voir dans <a href=\"https:\/\/www.google.es\/maps\/place\/Plaza+de+Toros+de+Mont%C3%A1nchez\/@39.2230458,-6.1493868,17z\/data=!3m1!4b1!4m6!3m5!1s0xd15cbf37a60182f:0xa36d2aa96664bc66!8m2!3d39.2230417!4d-6.1468119!16s%2Fg%2F11c58gztm_?entry=ttu\" target=\"_blank\" rel=\"noopener\">Google Maps<\/a>.<\/p>\n\n\n\n<p>Pour se rendre aux ar\u00e8nes de Montanchez, d'o\u00f9 part cette excursion, il faut prendre le p\u00e9riph\u00e9rique de la ville vers le sud, vers l'est de la ville, du c\u00f4t\u00e9 oppos\u00e9 \u00e0 celui o\u00f9 se trouve le ch\u00e2teau. Il suffit de suivre les panneaux indiquant \"Plaza de Toros\" et \"Piscinas\". Au total, il y a 47 km depuis C\u00e1ceres, comme depuis M\u00e9rida.<\/p>\n\n\n<style>.kadence-column38406_3e7309-6f > .kt-inside-inner-col{padding-top:var(--global-kb-spacing-xxs, 0.5rem);padding-right:var(--global-kb-spacing-xxs, 0.5rem);padding-bottom:var(--global-kb-spacing-xxs, 0.5rem);padding-left:var(--global-kb-spacing-xxs, 0.5rem);}.kadence-column38406_3e7309-6f > .kt-inside-inner-col,.kadence-column38406_3e7309-6f > .kt-inside-inner-col:before{border-top-left-radius:5px;border-top-right-radius:5px;border-bottom-right-radius:5px;border-bottom-left-radius:5px;}.kadence-column38406_3e7309-6f > .kt-inside-inner-col{column-gap:var(--global-kb-gap-sm, 1rem);}.kadence-column38406_3e7309-6f > .kt-inside-inner-col{flex-direction:column;}.kadence-column38406_3e7309-6f > .kt-inside-inner-col > .aligncenter{width:100%;}.kadence-column38406_3e7309-6f > .kt-inside-inner-col{background-color:#f0f0f0;}.kadence-column38406_3e7309-6f > .kt-inside-inner-col:before{opacity:0.3;}.kadence-column38406_3e7309-6f{position:relative;}@media all and (max-width: 1024px){.kadence-column38406_3e7309-6f > .kt-inside-inner-col{flex-direction:column;justify-content:center;}}@media all and (max-width: 767px){.kadence-column38406_3e7309-6f > .kt-inside-inner-col{flex-direction:column;justify-content:center;}}<\/style>\n<div class=\"wp-block-kadence-column kadence-column38406_3e7309-6f\"><div class=\"kt-inside-inner-col\">\n<h3 class=\"wp-block-heading\">Fiche technique :<\/h3>\n\n\n\n<p><strong><u>Distance :<\/u><\/strong> 10,3 km.<br><strong><u>Diff\u00e9rence d'altitude cumul\u00e9e :<\/u> <\/strong>+\/- 450m.<br><strong><u>Calendrier :<\/u><\/strong> environ 5 heures. Temps de marche sans arr\u00eats : 4h05min.<br><strong><u>L'eau :<\/u><\/strong> il n'y a pas de fontaines le long du parcours.<br><strong><u>Difficult\u00e9 :<\/u><\/strong> Il y a de nombreux carrefours le long de la route. Il est conseill\u00e9 d'emporter un GPS. Sinon, hormis le d\u00e9nivel\u00e9, les sentiers et chemins sont bien trac\u00e9s et faciles \u00e0 parcourir.<br><strong><u>Equipement recommand\u00e9 pour l'\u00e9t\u00e9 :<\/u><\/strong> bottes ou pantoufles, deux <a href=\"https:\/\/travesiapirenaica.com\/fr\/batons-de-trekking\/\">b\u00e2tons de marche<\/a>, <a href=\"https:\/\/travesiapirenaica.com\/fr\/meilleur-gps-montana\/\">GPS<\/a>, <a href=\"https:\/\/travesiapirenaica.com\/fr\/bouteille-de-trekking\/\">cantine<\/a>.<\/p>\n<\/div><\/div>\n\n\n\n<h3 class=\"wp-block-heading\">Itin\u00e9raire :<\/h3>\n\n\n\n<p><strong>(0h00min ; 0,0km) Ar\u00e8nes de Montanchez (735m)<\/strong>. Une fois arriv\u00e9s au rond-point situ\u00e9 \u00e0 l'angle sud-ouest des ar\u00e8nes, qui sont en fait une place quadrangulaire, nous commen\u00e7ons \u00e0 marcher vers l'est par la rue Rejoyuela. D\u00e8s le d\u00e9part, nous trouverons un panneau d'information avec plusieurs itin\u00e9raires balis\u00e9s \u00e0 travers la sierra qui commencent et finissent ici : la Route des Molinos (PR-CC 27), la Route \"De donde nace\" (SL-CC 5), la Route de Casta\u00f1ar (SL-CC 6) et la Route des Vaquerizas (PR-CC 28).<\/p>\n\n\n\n<figure class=\"wp-block-image size-large\"><img loading=\"lazy\" decoding=\"async\" width=\"1024\" height=\"682\" src=\"https:\/\/travesiapirenaica.com\/wp-content\/uploads\/2023\/11\/01_panel-1024x682.jpg\" alt=\"\" class=\"wp-image-38407\" srcset=\"https:\/\/travesiapirenaica.com\/wp-content\/uploads\/2023\/11\/01_panel-1024x682.jpg 1024w, https:\/\/travesiapirenaica.com\/wp-content\/uploads\/2023\/11\/01_panel-300x200.jpg 300w, https:\/\/travesiapirenaica.com\/wp-content\/uploads\/2023\/11\/01_panel-768x512.jpg 768w, https:\/\/travesiapirenaica.com\/wp-content\/uploads\/2023\/11\/01_panel-600x400.jpg 600w, https:\/\/travesiapirenaica.com\/wp-content\/uploads\/2023\/11\/01_panel.jpg 1280w\" sizes=\"auto, (max-width: 1024px) 100vw, 1024px\" \/><figcaption class=\"wp-element-caption\">Panneau d'information avec des itin\u00e9raires balis\u00e9s \u00e0 travers les montagnes.<\/figcaption><\/figure>\n\n\n\n<p>Notre itin\u00e9raire partage certains tron\u00e7ons avec eux, mais n'est aucun d'entre eux. Nous poursuivons notre promenade en direction du sud, en laissant les piscines municipales sur la droite et un petit parking sur la gauche. Le chemin passe entre de petites parcelles agricoles o\u00f9, au d\u00e9but, il faut faire attention \u00e0 faire les bons croisements : d'abord \u00e0 gauche, puis \u00e0 droite et, plus tard, tout droit\/\u00e0 droite le long du chemin principal.<\/p>\n\n\n\n<figure class=\"wp-block-image size-full\"><img loading=\"lazy\" decoding=\"async\" width=\"1024\" height=\"768\" src=\"https:\/\/travesiapirenaica.com\/wp-content\/uploads\/2023\/11\/02_montanchez.jpg\" alt=\"\" class=\"wp-image-38408\" srcset=\"https:\/\/travesiapirenaica.com\/wp-content\/uploads\/2023\/11\/02_montanchez.jpg 1024w, https:\/\/travesiapirenaica.com\/wp-content\/uploads\/2023\/11\/02_montanchez-300x225.jpg 300w, https:\/\/travesiapirenaica.com\/wp-content\/uploads\/2023\/11\/02_montanchez-768x576.jpg 768w, https:\/\/travesiapirenaica.com\/wp-content\/uploads\/2023\/11\/02_montanchez-600x450.jpg 600w\" sizes=\"auto, (max-width: 1024px) 100vw, 1024px\" \/><figcaption class=\"wp-element-caption\">Retour vers Montanchez<\/figcaption><\/figure>\n\n\n\n<p><strong>(0h15min ; 0,8km) Travers\u00e9e de l'itin\u00e9raire aller-retour (766m).<\/strong> Lorsque vous arrivez \u00e0 une fourche avec un portail bleu et une porte bleue au milieu, les chemins de l'aller et du retour se s\u00e9parent. Bien que l'itin\u00e9raire puisse \u00eatre emprunt\u00e9 dans les deux sens, nous le d\u00e9crivons ici dans le sens des aiguilles d'une montre, c'est-\u00e0-dire que nous prendrons le chemin de gauche. Nous ne tardons pas \u00e0 atteindre les premiers arbres, pr\u00e9lude \u00e0 la merveilleuse ch\u00e2taigneraie qui nous attend. Malheureusement, elle n'est pas tr\u00e8s grande et, plus t\u00f4t que nous l'aurions souhait\u00e9, nous arrivons \u00e0 un carrefour o\u00f9 elle se termine et o\u00f9 notre itin\u00e9raire se s\u00e9pare de celui de la Ch\u00e2taigneraie.<\/p>\n\n\n\n<p><strong>(0h30min ; 1,5km) Travers\u00e9e Ruta del Casta\u00f1ar - Ruta \"De donde Nace\" (785m).<\/strong> Ici, il vaut la peine de faire un petit d\u00e9tour par le chemin de droite et de s'immerger quelques instants dans la ch\u00e2taigneraie. Prenez un <a href=\"https:\/\/es.wikipedia.org\/wiki\/Ba%C3%B1o_de_bosque\" target=\"_blank\" rel=\"noopener\">bain de for\u00eat<\/a>.<\/p>\n\n\n\n<figure class=\"wp-block-image size-full\"><img loading=\"lazy\" decoding=\"async\" width=\"1024\" height=\"768\" src=\"https:\/\/travesiapirenaica.com\/wp-content\/uploads\/2023\/11\/03_castanar.jpg\" alt=\"\" class=\"wp-image-38409\" srcset=\"https:\/\/travesiapirenaica.com\/wp-content\/uploads\/2023\/11\/03_castanar.jpg 1024w, https:\/\/travesiapirenaica.com\/wp-content\/uploads\/2023\/11\/03_castanar-300x225.jpg 300w, https:\/\/travesiapirenaica.com\/wp-content\/uploads\/2023\/11\/03_castanar-768x576.jpg 768w, https:\/\/travesiapirenaica.com\/wp-content\/uploads\/2023\/11\/03_castanar-600x450.jpg 600w\" sizes=\"auto, (max-width: 1024px) 100vw, 1024px\" \/><figcaption class=\"wp-element-caption\">Chemin entre les ch\u00e2taigniers.<\/figcaption><\/figure>\n\n\n\n<p>Poursuivant notre route, nous continuons tout droit sur un sentier bord\u00e9 de hauts murs de pierre de plus d'un m\u00e8tre de haut.<\/p>\n\n\n\n<figure class=\"wp-block-image size-full\"><img loading=\"lazy\" decoding=\"async\" width=\"1024\" height=\"768\" src=\"https:\/\/travesiapirenaica.com\/wp-content\/uploads\/2023\/11\/04_muros.jpg\" alt=\"\" class=\"wp-image-38410\" srcset=\"https:\/\/travesiapirenaica.com\/wp-content\/uploads\/2023\/11\/04_muros.jpg 1024w, https:\/\/travesiapirenaica.com\/wp-content\/uploads\/2023\/11\/04_muros-300x225.jpg 300w, https:\/\/travesiapirenaica.com\/wp-content\/uploads\/2023\/11\/04_muros-768x576.jpg 768w, https:\/\/travesiapirenaica.com\/wp-content\/uploads\/2023\/11\/04_muros-600x450.jpg 600w\" sizes=\"auto, (max-width: 1024px) 100vw, 1024px\" \/><figcaption class=\"wp-element-caption\">De hauts murs de pierre bordent la route.<\/figcaption><\/figure>\n\n\n\n<p>Peu \u00e0 peu, le versant sud de la sierra se dessine, avec la Garganta de los Molinos en vue plongeante et Arroyomolinos en arri\u00e8re-plan.<\/p>\n\n\n\n<figure class=\"wp-block-image size-full\"><img loading=\"lazy\" decoding=\"async\" width=\"1024\" height=\"768\" src=\"https:\/\/travesiapirenaica.com\/wp-content\/uploads\/2023\/11\/05_garganta.jpg\" alt=\"\" class=\"wp-image-38411\" srcset=\"https:\/\/travesiapirenaica.com\/wp-content\/uploads\/2023\/11\/05_garganta.jpg 1024w, https:\/\/travesiapirenaica.com\/wp-content\/uploads\/2023\/11\/05_garganta-300x225.jpg 300w, https:\/\/travesiapirenaica.com\/wp-content\/uploads\/2023\/11\/05_garganta-768x576.jpg 768w, https:\/\/travesiapirenaica.com\/wp-content\/uploads\/2023\/11\/05_garganta-600x450.jpg 600w\" sizes=\"auto, (max-width: 1024px) 100vw, 1024px\" \/><figcaption class=\"wp-element-caption\">Garganta de los Molinos avec Arroyomolinos en arri\u00e8re-plan. Sur le versant gauche, on peut voir le \"Camino de las Vaquerizas\".<\/figcaption><\/figure>\n\n\n\n<p>Le sentier passe \u00e0 mi-chemin de la pente de Roblegordo, o\u00f9 il faut faire tr\u00e8s attention \u00e0 ne pas manquer le sentier de descente non balis\u00e9 qui se trouve sur la droite.<\/p>\n\n\n\n<p><strong>(0h45min ; 2,2km) Chemin de descente (820m).<\/strong> Nous quittons le sentier SL-CC 5 (Route \"De donde Nace\"). L'embranchement se trouve au d\u00e9but d'une petite mont\u00e9e, peu apr\u00e8s avoir pass\u00e9 un endroit avec des vues magnifiques, qui est suivie d'une petite descente. Le sentier perd rapidement de la hauteur pour devenir, plus bas, pr\u00e8s du fond de la vall\u00e9e, un large sentier qui prendra une orientation ouest. Poursuivre sur ce chemin pendant environ 250 m\u00e8tres, en guettant un sentier qui descend sur la gauche et traverse l'autre c\u00f4t\u00e9 de la vall\u00e9e.<\/p>\n\n\n\n<p>Si nous suivons le large chemin que nous avons emprunt\u00e9 jusqu'au bout, nous atteindrons en un peu plus de 100 m\u00e8tres le sentier de retour par la Garganta de los Molinos, une bonne option pour raccourcir cet itin\u00e9raire (5,5 km).<\/p>\n\n\n\n<p><strong>(1h00min ; 2,8km) route \u00e0 gauche (717m)<\/strong> qui traverse la rive gauche de la vall\u00e9e, le \"Camino de las Vaquerizas\". Ce chemin se transforme rapidement en un sentier qui monte \u00e0 mi-hauteur de la colline sur la gauche. Les vues sont fabuleuses sur la vall\u00e9e de la rivi\u00e8re Aljuc\u00e9n et la Garganta de los Molinos.<\/p>\n\n\n\n<figure class=\"wp-block-image size-full\"><img loading=\"lazy\" decoding=\"async\" width=\"1024\" height=\"768\" src=\"https:\/\/travesiapirenaica.com\/wp-content\/uploads\/2023\/11\/06_garganta.jpg\" alt=\"\" class=\"wp-image-38412\" srcset=\"https:\/\/travesiapirenaica.com\/wp-content\/uploads\/2023\/11\/06_garganta.jpg 1024w, https:\/\/travesiapirenaica.com\/wp-content\/uploads\/2023\/11\/06_garganta-300x225.jpg 300w, https:\/\/travesiapirenaica.com\/wp-content\/uploads\/2023\/11\/06_garganta-768x576.jpg 768w, https:\/\/travesiapirenaica.com\/wp-content\/uploads\/2023\/11\/06_garganta-600x450.jpg 600w\" sizes=\"auto, (max-width: 1024px) 100vw, 1024px\" \/><figcaption class=\"wp-element-caption\">Le long du \"Camino de las Vaquerizas\" avec Arroyomolinos en contrebas.<\/figcaption><\/figure>\n\n\n\n<p>Plus bas, le sentier entre dans la for\u00eat et commence \u00e0 s'\u00e9loigner \u00e0 gauche (est) de la Garganta de los Molinos, pour ensuite tourner \u00e0 180\u00ba et commencer \u00e0 revenir \u00e0 travers un terrain inconfortable fait de mont\u00e9es et de descentes. Au lieu-dit Las Galgeras, le sentier descend vers la Garganta de los Molinos pour rejoindre le sentier de retour, tout pr\u00e8s de la piste qui vient d'Arroyomolinos et d'une piscine.<\/p>\n\n\n\n<figure class=\"wp-block-image size-large\"><img loading=\"lazy\" decoding=\"async\" width=\"1024\" height=\"768\" src=\"https:\/\/travesiapirenaica.com\/wp-content\/uploads\/2023\/11\/07_garganta_molinos-1024x768.jpg\" alt=\"\" class=\"wp-image-38413\" srcset=\"https:\/\/travesiapirenaica.com\/wp-content\/uploads\/2023\/11\/07_garganta_molinos-1024x768.jpg 1024w, https:\/\/travesiapirenaica.com\/wp-content\/uploads\/2023\/11\/07_garganta_molinos-300x225.jpg 300w, https:\/\/travesiapirenaica.com\/wp-content\/uploads\/2023\/11\/07_garganta_molinos-768x576.jpg 768w, https:\/\/travesiapirenaica.com\/wp-content\/uploads\/2023\/11\/07_garganta_molinos-1536x1152.jpg 1536w, https:\/\/travesiapirenaica.com\/wp-content\/uploads\/2023\/11\/07_garganta_molinos-2048x1536.jpg 2048w, https:\/\/travesiapirenaica.com\/wp-content\/uploads\/2023\/11\/07_garganta_molinos-600x450.jpg 600w\" sizes=\"auto, (max-width: 1024px) 100vw, 1024px\" \/><figcaption class=\"wp-element-caption\">Au d\u00e9but du sentier de la Garganta de los Molinos.<\/figcaption><\/figure>\n\n\n\n<p><strong>(2h15min ; 6,2km) Chemin de la Garganta de los Molinos (474m).<\/strong> Il est impossible de se perdre sur le chemin du retour. Il remonte le long du fond de la vall\u00e9e en passant par les ruines de plusieurs moulins et d'anciennes infrastructures.<\/p>\n\n\n\n<figure class=\"wp-block-image size-full\"><img loading=\"lazy\" decoding=\"async\" width=\"1024\" height=\"768\" src=\"https:\/\/travesiapirenaica.com\/wp-content\/uploads\/2023\/11\/08_ruedas_de_molino.jpg\" alt=\"\" class=\"wp-image-38414\" srcset=\"https:\/\/travesiapirenaica.com\/wp-content\/uploads\/2023\/11\/08_ruedas_de_molino.jpg 1024w, https:\/\/travesiapirenaica.com\/wp-content\/uploads\/2023\/11\/08_ruedas_de_molino-300x225.jpg 300w, https:\/\/travesiapirenaica.com\/wp-content\/uploads\/2023\/11\/08_ruedas_de_molino-768x576.jpg 768w, https:\/\/travesiapirenaica.com\/wp-content\/uploads\/2023\/11\/08_ruedas_de_molino-600x450.jpg 600w\" sizes=\"auto, (max-width: 1024px) 100vw, 1024px\" \/><figcaption class=\"wp-element-caption\">Pierres \u00e0 moudre.<\/figcaption><\/figure>\n\n\n\n<figure class=\"wp-block-image size-full\"><img loading=\"lazy\" decoding=\"async\" width=\"1024\" height=\"768\" src=\"https:\/\/travesiapirenaica.com\/wp-content\/uploads\/2023\/11\/09_arroyomolinos.jpg\" alt=\"\" class=\"wp-image-38415\" srcset=\"https:\/\/travesiapirenaica.com\/wp-content\/uploads\/2023\/11\/09_arroyomolinos.jpg 1024w, https:\/\/travesiapirenaica.com\/wp-content\/uploads\/2023\/11\/09_arroyomolinos-300x225.jpg 300w, https:\/\/travesiapirenaica.com\/wp-content\/uploads\/2023\/11\/09_arroyomolinos-768x576.jpg 768w, https:\/\/travesiapirenaica.com\/wp-content\/uploads\/2023\/11\/09_arroyomolinos-600x450.jpg 600w\" sizes=\"auto, (max-width: 1024px) 100vw, 1024px\" \/><figcaption class=\"wp-element-caption\">Arroyomolinos pendant l'ascension<\/figcaption><\/figure>\n\n\n\n<figure class=\"wp-block-image size-full\"><img loading=\"lazy\" decoding=\"async\" width=\"1024\" height=\"768\" src=\"https:\/\/travesiapirenaica.com\/wp-content\/uploads\/2023\/11\/10_molino.jpg\" alt=\"\" class=\"wp-image-38416\" srcset=\"https:\/\/travesiapirenaica.com\/wp-content\/uploads\/2023\/11\/10_molino.jpg 1024w, https:\/\/travesiapirenaica.com\/wp-content\/uploads\/2023\/11\/10_molino-300x225.jpg 300w, https:\/\/travesiapirenaica.com\/wp-content\/uploads\/2023\/11\/10_molino-768x576.jpg 768w, https:\/\/travesiapirenaica.com\/wp-content\/uploads\/2023\/11\/10_molino-600x450.jpg 600w\" sizes=\"auto, (max-width: 1024px) 100vw, 1024px\" \/><figcaption class=\"wp-element-caption\">Vestiges d'un ancien moulin<\/figcaption><\/figure>\n\n\n\n<figure class=\"wp-block-image size-full\"><img loading=\"lazy\" decoding=\"async\" width=\"1024\" height=\"768\" src=\"https:\/\/travesiapirenaica.com\/wp-content\/uploads\/2023\/11\/11_senda.jpg\" alt=\"\" class=\"wp-image-38417\" srcset=\"https:\/\/travesiapirenaica.com\/wp-content\/uploads\/2023\/11\/11_senda.jpg 1024w, https:\/\/travesiapirenaica.com\/wp-content\/uploads\/2023\/11\/11_senda-300x225.jpg 300w, https:\/\/travesiapirenaica.com\/wp-content\/uploads\/2023\/11\/11_senda-768x576.jpg 768w, https:\/\/travesiapirenaica.com\/wp-content\/uploads\/2023\/11\/11_senda-600x450.jpg 600w\" sizes=\"auto, (max-width: 1024px) 100vw, 1024px\" \/><figcaption class=\"wp-element-caption\">Joli sentier \u00e0 travers les gorges.<\/figcaption><\/figure>\n\n\n\n<figure class=\"wp-block-image size-full\"><img loading=\"lazy\" decoding=\"async\" width=\"1024\" height=\"768\" src=\"https:\/\/travesiapirenaica.com\/wp-content\/uploads\/2023\/11\/12_rueda_molino.jpg\" alt=\"\" class=\"wp-image-38418\" srcset=\"https:\/\/travesiapirenaica.com\/wp-content\/uploads\/2023\/11\/12_rueda_molino.jpg 1024w, https:\/\/travesiapirenaica.com\/wp-content\/uploads\/2023\/11\/12_rueda_molino-300x225.jpg 300w, https:\/\/travesiapirenaica.com\/wp-content\/uploads\/2023\/11\/12_rueda_molino-768x576.jpg 768w, https:\/\/travesiapirenaica.com\/wp-content\/uploads\/2023\/11\/12_rueda_molino-600x450.jpg 600w\" sizes=\"auto, (max-width: 1024px) 100vw, 1024px\" \/><figcaption class=\"wp-element-caption\">Roue de moulin d\u00e9corative.<\/figcaption><\/figure>\n\n\n\n<figure class=\"wp-block-image size-full\"><img loading=\"lazy\" decoding=\"async\" width=\"1024\" height=\"768\" src=\"https:\/\/travesiapirenaica.com\/wp-content\/uploads\/2023\/11\/13_villa_granado.jpg\" alt=\"\" class=\"wp-image-38419\" srcset=\"https:\/\/travesiapirenaica.com\/wp-content\/uploads\/2023\/11\/13_villa_granado.jpg 1024w, https:\/\/travesiapirenaica.com\/wp-content\/uploads\/2023\/11\/13_villa_granado-300x225.jpg 300w, https:\/\/travesiapirenaica.com\/wp-content\/uploads\/2023\/11\/13_villa_granado-768x576.jpg 768w, https:\/\/travesiapirenaica.com\/wp-content\/uploads\/2023\/11\/13_villa_granado-600x450.jpg 600w\" sizes=\"auto, (max-width: 1024px) 100vw, 1024px\" \/><figcaption class=\"wp-element-caption\">Passage par la Villa Granado<\/figcaption><\/figure>\n\n\n\n<p>Apr\u00e8s environ trois quarts d'heure, nous avons pass\u00e9 Villa Granado, juste avant de d\u00e9boucher sur une...<\/p>\n\n\n\n<p><strong>(3h05min ; 7,7km) piste en dalles (694m)<\/strong> o\u00f9 se trouve un poste d'information. La pente devient plus raide pour gagner la partie sup\u00e9rieure et atteindre \u00e0 nouveau la ch\u00e2taigneraie par le bas.<\/p>\n\n\n\n<figure class=\"wp-block-image size-full\"><img loading=\"lazy\" decoding=\"async\" width=\"1024\" height=\"768\" src=\"https:\/\/travesiapirenaica.com\/wp-content\/uploads\/2023\/11\/14_villa_granado.jpg\" alt=\"\" class=\"wp-image-38420\" srcset=\"https:\/\/travesiapirenaica.com\/wp-content\/uploads\/2023\/11\/14_villa_granado.jpg 1024w, https:\/\/travesiapirenaica.com\/wp-content\/uploads\/2023\/11\/14_villa_granado-300x225.jpg 300w, https:\/\/travesiapirenaica.com\/wp-content\/uploads\/2023\/11\/14_villa_granado-768x576.jpg 768w, https:\/\/travesiapirenaica.com\/wp-content\/uploads\/2023\/11\/14_villa_granado-600x450.jpg 600w\" sizes=\"auto, (max-width: 1024px) 100vw, 1024px\" \/><figcaption class=\"wp-element-caption\">Villa Granado vue d'en haut<\/figcaption><\/figure>\n\n\n\n<p><strong>(3h35min ; 8,9km) Ruta del Casta\u00f1ar (755m)<\/strong>. En suivant ce sentier, qui laisse la ch\u00e2taigneraie sur la droite, on revient \u00e0 la...<\/p>\n\n\n\n<figure class=\"wp-block-image size-full\"><img loading=\"lazy\" decoding=\"async\" width=\"1024\" height=\"768\" src=\"https:\/\/travesiapirenaica.com\/wp-content\/uploads\/2023\/11\/15_castanar.jpg\" alt=\"\" class=\"wp-image-38421\" srcset=\"https:\/\/travesiapirenaica.com\/wp-content\/uploads\/2023\/11\/15_castanar.jpg 1024w, https:\/\/travesiapirenaica.com\/wp-content\/uploads\/2023\/11\/15_castanar-300x225.jpg 300w, https:\/\/travesiapirenaica.com\/wp-content\/uploads\/2023\/11\/15_castanar-768x576.jpg 768w, https:\/\/travesiapirenaica.com\/wp-content\/uploads\/2023\/11\/15_castanar-600x450.jpg 600w\" sizes=\"auto, (max-width: 1024px) 100vw, 1024px\" \/><figcaption class=\"wp-element-caption\">Chemin \u00e0 c\u00f4t\u00e9 de la ch\u00e2taigneraie.<\/figcaption><\/figure>\n\n\n\n<p><strong>(3h50min ; 9,6km) Itin\u00e9raire de travers\u00e9e aller\/retour (766m)<\/strong> et au...<\/p>\n\n\n\n<p><strong>(4h05min ; 10,3km) Ar\u00e8nes de Montanchez (735m)<\/strong>.<\/p>","protected":false},"excerpt":{"rendered":"Itin\u00e9raire circulaire depuis Montanchez, au cours duquel nous visiterons sa c\u00e9l\u00e8bre ch\u00e2taigneraie et la Garganta de los Molinos. L'itin\u00e9raire commence par suivre le chemin local de la route \"De donde nace\", qui co\u00efncide avec la route de Casta\u00f1ar, pour la quitter apr\u00e8s 45 minutes \u00e0 Roblegordo et descendre \u00e0 la recherche du \"Camino de las Vaquerizas\" et ensuite \u00e0 la Garganta de los Molinos. Nous reviendrons par cette gorge et par la partie inf\u00e9rieure de la ch\u00e2taigneraie, celle que nous avions manqu\u00e9e \u00e0 l'aller.","protected":false},"author":3,"featured_media":38430,"comment_status":"closed","ping_status":"closed","sticky":false,"template":"","format":"standard","meta":{"_kad_blocks_custom_css":"","_kad_blocks_head_custom_js":"","_kad_blocks_body_custom_js":"","_kad_blocks_footer_custom_js":"","episode_type":"audio","audio_file":"","podmotor_file_id":"","podmotor_episode_id":"","cover_image":"","cover_image_id":"","duration":"","filesize":"","filesize_raw":"","date_recorded":"","explicit":"","block":"","_kad_post_transparent":"","_kad_post_title":"","_kad_post_layout":"","_kad_post_sidebar_id":"","_kad_post_content_style":"","_kad_post_vertical_padding":"","_kad_post_feature":"","_kad_post_feature_position":"","_kad_post_header":false,"_kad_post_footer":false,"_kad_post_classname":"","_jetpack_memberships_contains_paid_content":false,"footnotes":""},"categories":[2940,18,2930],"tags":[2791,3062,3063,3059,3064],"series":[],"class_list":["post-38406","post","type-post","status-publish","format-standard","has-post-thumbnail","hentry","category-rutas-espana","category-destinos","category-espana","tag-caceres","tag-extremadura","tag-montanchez","tag-rutas","tag-rutas-otono"],"episode_featured_image":"https:\/\/travesiapirenaica.com\/wp-content\/uploads\/2023\/11\/garganta-molinos-scaled.jpg","episode_player_image":"https:\/\/travesiapirenaica.com\/wp-content\/uploads\/2017\/12\/Caratula-Podcast-Maldita-Montana_1500x1500_72pp-p_.jpg","download_link":"","player_link":"","audio_player":false,"episode_data":{"playerMode":"dark","subscribeUrls":[],"rssFeedUrl":"https:\/\/travesiapirenaica.com\/fr\/feed\/podcast\/maldita-montana","embedCode":"<blockquote class=\"wp-embedded-content\" data-secret=\"xXOJlH7fyJ\"><a href=\"https:\/\/travesiapirenaica.com\/fr\/montanchez-castanar-molinos\/\">Sierra de Mont\u00e1nchez (C\u00e1ceres). Ruta circular por el Casta\u00f1ar y la Garganta de los Molinos.<\/a><\/blockquote><iframe sandbox=\"allow-scripts\" security=\"restricted\" src=\"https:\/\/travesiapirenaica.com\/fr\/montanchez-castanar-molinos\/embed\/#?secret=xXOJlH7fyJ\" width=\"500\" height=\"350\" title=\"\u00ab\u00a0Sierra de Mont\u00e1nchez (C\u00e1ceres). Ruta circular por el Casta\u00f1ar y la Garganta de los Molinos.\u00a0\u00bb &#8212; Traves\u00eda.\" data-secret=\"xXOJlH7fyJ\" frameborder=\"0\" marginwidth=\"0\" marginheight=\"0\" scrolling=\"no\" class=\"wp-embedded-content\"><\/iframe><script>\n\/*! This file is auto-generated *\/\n!function(d,l){\"use strict\";l.querySelector&&d.addEventListener&&\"undefined\"!=typeof URL&&(d.wp=d.wp||{},d.wp.receiveEmbedMessage||(d.wp.receiveEmbedMessage=function(e){var t=e.data;if((t||t.secret||t.message||t.value)&&!\/[^a-zA-Z0-9]\/.test(t.secret)){for(var s,r,n,a=l.querySelectorAll('iframe[data-secret=\"'+t.secret+'\"]'),o=l.querySelectorAll('blockquote[data-secret=\"'+t.secret+'\"]'),c=new RegExp(\"^https?:$\",\"i\"),i=0;i<o.length;i++)o[i].style.display=\"none\";for(i=0;i<a.length;i++)s=a[i],e.source===s.contentWindow&&(s.removeAttribute(\"style\"),\"height\"===t.message?(1e3<(r=parseInt(t.value,10))?r=1e3:~~r<200&&(r=200),s.height=r):\"link\"===t.message&&(r=new URL(s.getAttribute(\"src\")),n=new URL(t.value),c.test(n.protocol))&&n.host===r.host&&l.activeElement===s&&(d.top.location.href=t.value))}},d.addEventListener(\"message\",d.wp.receiveEmbedMessage,!1),l.addEventListener(\"DOMContentLoaded\",function(){for(var e,t,s=l.querySelectorAll(\"iframe.wp-embedded-content\"),r=0;r<s.length;r++)(t=(e=s[r]).getAttribute(\"data-secret\"))||(t=Math.random().toString(36).substring(2,12),e.src+=\"#?secret=\"+t,e.setAttribute(\"data-secret\",t)),e.contentWindow.postMessage({message:\"ready\",secret:t},\"*\")},!1)))}(window,document);\n\/\/# sourceURL=https:\/\/travesiapirenaica.com\/wp-includes\/js\/wp-embed.min.js\n<\/script>\n"},"taxonomy_info":{"category":[{"value":2940,"label":"Rutas"},{"value":18,"label":"Destinos"},{"value":2930,"label":"Espa\u00f1a"}],"post_tag":[{"value":2791,"label":"C\u00e1ceres"},{"value":3062,"label":"Extremadura"},{"value":3063,"label":"Montanchez"},{"value":3059,"label":"Rutas"},{"value":3064,"label":"Rutas oto\u00f1o"}]},"featured_image_src_large":["https:\/\/travesiapirenaica.com\/wp-content\/uploads\/2023\/11\/garganta-molinos-1024x683.jpg",1024,683,true],"author_info":{"display_name":"Enrique L\u00f3pez Mondrag\u00f3n","author_link":"https:\/\/travesiapirenaica.com\/fr\/author\/kike8611\/"},"comment_info":0,"category_info":[{"term_id":2940,"name":"Rutas","slug":"rutas-espana","term_group":0,"term_taxonomy_id":2956,"taxonomy":"category","description":"Rutas en Espa\u00f1a","parent":2930,"count":38,"filter":"raw","cat_ID":2940,"category_count":38,"category_description":"Rutas en Espa\u00f1a","cat_name":"Rutas","category_nicename":"rutas-espana","category_parent":2930},{"term_id":18,"name":"Destinos","slug":"destinos","term_group":0,"term_taxonomy_id":18,"taxonomy":"category","description":"","parent":0,"count":122,"filter":"raw","cat_ID":18,"category_count":122,"category_description":"","cat_name":"Destinos","category_nicename":"destinos","category_parent":0},{"term_id":2930,"name":"Espa\u00f1a","slug":"espana","term_group":0,"term_taxonomy_id":2946,"taxonomy":"category","description":"Espa\u00f1a","parent":18,"count":57,"filter":"raw","cat_ID":2930,"category_count":57,"category_description":"Espa\u00f1a","cat_name":"Espa\u00f1a","category_nicename":"espana","category_parent":18}],"tag_info":[{"term_id":2791,"name":"C\u00e1ceres","slug":"caceres","term_group":0,"term_taxonomy_id":2807,"taxonomy":"post_tag","description":"C\u00e1ceres ","parent":0,"count":4,"filter":"raw"},{"term_id":3062,"name":"Extremadura","slug":"extremadura","term_group":0,"term_taxonomy_id":3078,"taxonomy":"post_tag","description":"","parent":0,"count":4,"filter":"raw"},{"term_id":3063,"name":"Montanchez","slug":"montanchez","term_group":0,"term_taxonomy_id":3079,"taxonomy":"post_tag","description":"","parent":0,"count":1,"filter":"raw"},{"term_id":3059,"name":"Rutas","slug":"rutas","term_group":0,"term_taxonomy_id":3075,"taxonomy":"post_tag","description":"","parent":0,"count":27,"filter":"raw"},{"term_id":3064,"name":"Rutas oto\u00f1o","slug":"rutas-otono","term_group":0,"term_taxonomy_id":3080,"taxonomy":"post_tag","description":"","parent":0,"count":2,"filter":"raw"}],"jetpack_featured_media_url":"https:\/\/travesiapirenaica.com\/wp-content\/uploads\/2023\/11\/garganta-molinos-scaled.jpg","jetpack_sharing_enabled":true,"_links":{"self":[{"href":"https:\/\/travesiapirenaica.com\/fr\/wp-json\/wp\/v2\/posts\/38406","targetHints":{"allow":["GET"]}}],"collection":[{"href":"https:\/\/travesiapirenaica.com\/fr\/wp-json\/wp\/v2\/posts"}],"about":[{"href":"https:\/\/travesiapirenaica.com\/fr\/wp-json\/wp\/v2\/types\/post"}],"author":[{"embeddable":true,"href":"https:\/\/travesiapirenaica.com\/fr\/wp-json\/wp\/v2\/users\/3"}],"replies":[{"embeddable":true,"href":"https:\/\/travesiapirenaica.com\/fr\/wp-json\/wp\/v2\/comments?post=38406"}],"version-history":[{"count":0,"href":"https:\/\/travesiapirenaica.com\/fr\/wp-json\/wp\/v2\/posts\/38406\/revisions"}],"wp:featuredmedia":[{"embeddable":true,"href":"https:\/\/travesiapirenaica.com\/fr\/wp-json\/wp\/v2\/media\/38430"}],"wp:attachment":[{"href":"https:\/\/travesiapirenaica.com\/fr\/wp-json\/wp\/v2\/media?parent=38406"}],"wp:term":[{"taxonomy":"category","embeddable":true,"href":"https:\/\/travesiapirenaica.com\/fr\/wp-json\/wp\/v2\/categories?post=38406"},{"taxonomy":"post_tag","embeddable":true,"href":"https:\/\/travesiapirenaica.com\/fr\/wp-json\/wp\/v2\/tags?post=38406"},{"taxonomy":"series","embeddable":true,"href":"https:\/\/travesiapirenaica.com\/fr\/wp-json\/wp\/v2\/series?post=38406"}],"curies":[{"name":"wp","href":"https:\/\/api.w.org\/{rel}","templated":true}]}}