{"id":38517,"date":"2024-01-10T16:00:29","date_gmt":"2024-01-10T15:00:29","guid":{"rendered":"https:\/\/travesiapirenaica.com\/?p=38517"},"modified":"2024-01-24T18:30:29","modified_gmt":"2024-01-24T17:30:29","slug":"concours-de-micro-histoires2023","status":"publish","type":"post","link":"https:\/\/travesiapirenaica.com\/fr\/concurso-microrrelatos2023\/","title":{"rendered":"Relatos de Altura : 3e concours de micror\u00e9cits de montagne"},"content":{"rendered":"<p><strong>57 micro-r\u00e9cits.<\/strong> C'est ainsi que s'ach\u00e8ve la r\u00e9ception des candidatures au concours.<\/p>\n\n\n\n<p>Qualit\u00e9, originalit\u00e9, cr\u00e9ativit\u00e9... Le jury aura du mal \u00e0 s\u00e9lectionner les deux micro-histoires gagnantes cette ann\u00e9e. Je m'en porte garant. <\/p>\n\n\n\n<p>Tout d'abord, roulement de tambour.<\/p>\n\n\n\n<p><em>\"Et le gagnant est\"<\/em>ou sont. Nous avons le plaisir d'annoncer les deux textes s\u00e9lectionn\u00e9s qui recevront les prix du concours (<a href=\"https:\/\/travesiapirenaica.com\/fr\/concours-de-micro-histoires2023\/\">voir les bases<\/a>).<\/p>\n\n\n\n<ul class=\"wp-block-list\">\n<li><strong>PREMIER PRIX<\/strong>Juan Pel\u00e1ez G\u00f3mez \/ <strong>LA VOIE DU BAS<\/strong><\/li>\n\n\n\n<li><strong>DEUXI\u00c8ME PRIX<\/strong>Javier Garc\u00eda Ruiz \/ <strong>GR 11<\/strong><\/li>\n<\/ul>\n\n\n\n<p>D'autre part, comme lors de la derni\u00e8re \u00e9dition, nous rassemblerons toutes les micro-histoires dans un livre afin de leur donner la pr\u00e9sence qu'elles m\u00e9ritent et de correspondre d'une certaine mani\u00e8re au soin que tous les participants ont apport\u00e9 \u00e0 ces micro-histoires. Nous les partagerons \u00e9galement ici et sur le site web de la Commission europ\u00e9enne. <a href=\"https:\/\/travesia.substack.com\/\" target=\"_blank\" rel=\"noreferrer noopener nofollow\"><em>bulletin d'information <\/em> hebdomadaire<\/a>.<\/p>\n\n\n\n<p>Au nom de toute l'\u00e9quipe de Traves\u00eda Pirenaica, nous tenons \u00e0 vous remercier, car c'est la Communaut\u00e9 qui donne un sens \u00e0 ce que nous faisons.<\/p>\n\n\n\n<h2 class=\"wp-block-heading\">Approche et r\u00e8glement du concours<\/h2>\n\n\n\n<p>Apr\u00e8s les deux premi\u00e8res \u00e9ditions du concours de micro-r\u00e9cits de montagne \"<strong>Histoires de haute altitude<\/strong>\"Nous avons le plaisir d'annoncer, comme cela devient une tradition \u00e0 cette \u00e9poque de l'ann\u00e9e, que le programme de formation \u00e0 l'emploi de l'Union europ\u00e9enne a \u00e9t\u00e9 lanc\u00e9. <strong>troisi\u00e8me \u00e9dition du concours<\/strong>.<\/p>\n\n\n\n<p>Un grand merci \u00e0 tous ceux qui ont particip\u00e9 et rendu cela possible. Nous esp\u00e9rons que cette ann\u00e9e encore sera un succ\u00e8s et que nous pourrons continuer \u00e0 la c\u00e9l\u00e9brer pendant de nombreuses ann\u00e9es.<\/p>\n\n\n\n<h3 class=\"wp-block-heading\">Objet<\/h3>\n\n\n\n<p>Traves\u00eda Pirenaica annonce la <strong>III Concours de micro-r\u00e9cits de montagne \"Relatos de Altura\".<\/strong><\/p>\n\n\n\n<p>L'objectif du concours est d'allier la passion de la montagne au plaisir et au talent de l'\u00e9criture.<\/p>\n\n\n\n<p>Les laur\u00e9ats du concours de micro-r\u00e9cits recevront les prix suivants :<\/p>\n\n\n\n<ul class=\"wp-block-list\">\n<li>1er prix : <a href=\"https:\/\/www.smartbox.com\/es\/nuestras-smartbox\/estancias\/de-viaje-por-aragon-y-pirineos-549940.html\" target=\"_blank\" rel=\"noopener\">Coffret de voyage Aragon et Pyr\u00e9n\u00e9es<\/a> (\u00e9valu\u00e9e \u00e0 119,9 euros).<\/li>\n\n\n\n<li>2\u00e8me prix : <a href=\"https:\/\/piriniar.com\/tienda\/hbc5nxhlqyajffz7763ygic66buirn-45wae-kdgky\" target=\"_blank\" rel=\"noopener\">Carte des Pyr\u00e9n\u00e9es Piriniar Original<\/a> (d'une valeur de 39 euros).<\/li>\n<\/ul>\n\n\n\n<h3 class=\"wp-block-heading\">R\u00e8glement du concours :<\/h3>\n\n\n\n<ol class=\"wp-block-list\">\n<li>La participation est ouverte aux personnes de tout \u00e2ge.<\/li>\n\n\n\n<li>Le micro-r\u00e9cit doit \u00eatre \u00e9crit en espagnol, \u00eatre original et in\u00e9dit.<\/li>\n\n\n\n<li>Les micro-histoires auront pour th\u00e8me la montagne comme toile de fond.<\/li>\n\n\n\n<li>La longueur des micro-r\u00e9cits ne doit pas d\u00e9passer un an. <strong>150 mots maximum<\/strong>.<\/li>\n\n\n\n<li>Les micro-r\u00e9cits portant atteinte \u00e0 la dignit\u00e9 d'autrui ou ayant un contenu adulte, violent, x\u00e9nophobe, raciste ou diffamatoire ne seront pas accept\u00e9s.<\/li>\n\n\n\n<li>Chaque participant peut soumettre au maximum une micro-histoire.<\/li>\n\n\n\n<li>Le <strong>d\u00e9lai <\/strong>pour envoyer les micro-histoires <strong>commence le 6 d\u00e9cembre et expire le 31 d\u00e9cembre inclus.<\/strong><\/li>\n\n\n\n<li>Aucune nouvelle ne sera accept\u00e9e apr\u00e8s la date limite et, d'une mani\u00e8re g\u00e9n\u00e9rale, aucune nouvelle ne respectant pas les conditions \u00e9nonc\u00e9es dans le pr\u00e9sent r\u00e8glement.<\/li>\n\n\n\n<li>Pour participer, vous devez envoyer un courriel \u00e0 l'adresse suivante<strong> <a href=\"mailto:info@travesiapirenaica.com\">info@travesiapirenaica.com<\/a><\/strong> avec le <strong>objet \"III concours \"Relatos de Altura<\/strong>en joignant deux fichiers au format PDF.\n<ol class=\"wp-block-list\">\n<li>L'un avec l'autre <strong>nouvelle<\/strong>. Le nom du fichier portera le titre de la micro-histoire.<\/li>\n\n\n\n<li>Un autre avec le <strong>coordonn\u00e9es du participant<\/strong>. Le nom du fichier sera le titre de la nouvelle suivi de \"_auteur\". Il comprendra :\n<ol class=\"wp-block-list\">\n<li>Titre de l'histoire<\/li>\n\n\n\n<li>Nom et pr\u00e9nom<\/li>\n\n\n\n<li>Adresse<\/li>\n\n\n\n<li>Coordonn\u00e9es : (t\u00e9l\u00e9phone et\/ou adresse \u00e9lectronique).<\/li>\n<\/ol>\n<\/li>\n<\/ol>\n<\/li>\n\n\n\n<li>Il y aura<strong> deux gagnants<\/strong>. Premier prix et deuxi\u00e8me prix.<\/li>\n\n\n\n<li>Les gagnants seront inform\u00e9s par t\u00e9l\u00e9phone ou par courrier \u00e9lectronique avant le 12 janvier. <\/li>\n\n\n\n<li>Les micro-histoires gagnantes seront publi\u00e9es sur le site web de Traves\u00eda Pirenaica, dans le bulletin d'information et sur les m\u00e9dias sociaux.<\/li>\n\n\n\n<li>En g\u00e9n\u00e9ral, toute micro-histoire peut \u00eatre publi\u00e9e sur le site web de Traves\u00eda Pirenaica, dans le bulletin d'information et sur les m\u00e9dias sociaux.<\/li>\n\n\n\n<li>Le <strong>jury <\/strong>sera form\u00e9 par les administrateurs de Traves\u00eda Pirenaica : Eduardo Azcona et Enrique L\u00f3pez.<\/li>\n\n\n\n<li>Les participants c\u00e8dent gratuitement \u00e0 Traves\u00eda Pirenaica les droits d'\u00e9dition, de reproduction, de distribution, de transformation, de communication publique et tout autre droit n\u00e9cessaire \u00e0 la commercialisation totale ou partielle de l'\u0153uvre sur tout support, pour le monde entier et pour la dur\u00e9e maximale autoris\u00e9e par la loi.<\/li>\n\n\n\n<li>Les participants assument l'enti\u00e8re responsabilit\u00e9 et garantissent Traves\u00eda Pirenaica contre toute r\u00e9clamation de tiers relative \u00e0 tout engagement et\/ou charge que l'auteur pourrait avoir contract\u00e9 et qui pourrait affecter les droits correspondant \u00e0 Traves\u00eda Pirenaica conform\u00e9ment aux stipulations du pr\u00e9sent r\u00e8glement.<\/li>\n\n\n\n<li>La participation au concours implique l'acceptation pleine et enti\u00e8re du pr\u00e9sent r\u00e8glement.<\/li>\n<\/ol>\n\n\n\n<h3 class=\"has-text-align-center\"><em>\u00c9coutez l'appel de la montagne et participez !<br>Envoyez-nous votre nouvelle  <span style=\"color:#c45a25\" ;=\"\">#RELATOSDEALHEIGHT<\/span><\/em><\/h3>\n\n\n\n<blockquote class=\"instagram-media\" data-instgrm-captioned data-instgrm-permalink=\"https:\/\/www.instagram.com\/reel\/C04Aip5IPs-\/?utm_source=ig_embed&amp;utm_campaign=loading\" data-instgrm-version=\"14\" style=\" background:#FFF; border:0; border-radius:3px; box-shadow:0 0 1px 0 rgba(0,0,0,0.5),0 1px 10px 0 rgba(0,0,0,0.15); margin: 1px; max-width:540px; min-width:326px; padding:0; width:99.375%; width:-webkit-calc(100% - 2px); width:calc(100% - 2px);\"><div style=\"padding:16px;\"> <a href=\"https:\/\/www.instagram.com\/reel\/C04Aip5IPs-\/?utm_source=ig_embed&amp;utm_campaign=loading\" style=\" background:#FFFFFF; line-height:0; padding:0 0; text-align:center; text-decoration:none; width:100%;\" target=\"_blank\" rel=\"noopener\"> <div style=\" display: flex; flex-direction: row; align-items: center;\"> <div style=\"background-color: #F4F4F4; border-radius: 50%; flex-grow: 0; height: 40px; margin-right: 14px; width: 40px;\"><\/div> <div style=\"display: flex; flex-direction: column; flex-grow: 1; justify-content: center;\"> <div style=\" background-color: #F4F4F4; border-radius: 4px; flex-grow: 0; height: 14px; margin-bottom: 6px; width: 100px;\"><\/div> <div style=\" background-color: #F4F4F4; border-radius: 4px; flex-grow: 0; height: 14px; width: 60px;\"><\/div><\/div><\/div><div style=\"padding: 19% 0;\"><\/div> <div style=\"display:block; height:50px; margin:0 auto 12px; width:50px;\"><svg width=\"50px\" height=\"50px\" viewbox=\"0 0 60 60\" version=\"1.1\" xmlns=\"https:\/\/www.w3.org\/2000\/svg\" xmlns:xlink=\"https:\/\/www.w3.org\/1999\/xlink\"><g stroke=\"none\" stroke-width=\"1\" fill=\"none\" fill-rule=\"evenodd\"><g transform=\"translate(-511.000000, -20.000000)\" fill=\"#000000\"><g><path d=\"M556.869,30.41 C554.814,30.41 553.148,32.076 553.148,34.131 C553.148,36.186 554.814,37.852 556.869,37.852 C558.924,37.852 560.59,36.186 560.59,34.131 C560.59,32.076 558.924,30.41 556.869,30.41 M541,60.657 C535.114,60.657 530.342,55.887 530.342,50 C530.342,44.114 535.114,39.342 541,39.342 C546.887,39.342 551.658,44.114 551.658,50 C551.658,55.887 546.887,60.657 541,60.657 M541,33.886 C532.1,33.886 524.886,41.1 524.886,50 C524.886,58.899 532.1,66.113 541,66.113 C549.9,66.113 557.115,58.899 557.115,50 C557.115,41.1 549.9,33.886 541,33.886 M565.378,62.101 C565.244,65.022 564.756,66.606 564.346,67.663 C563.803,69.06 563.154,70.057 562.106,71.106 C561.058,72.155 560.06,72.803 558.662,73.347 C557.607,73.757 556.021,74.244 553.102,74.378 C549.944,74.521 548.997,74.552 541,74.552 C533.003,74.552 532.056,74.521 528.898,74.378 C525.979,74.244 524.393,73.757 523.338,73.347 C521.94,72.803 520.942,72.155 519.894,71.106 C518.846,70.057 518.197,69.06 517.654,67.663 C517.244,66.606 516.755,65.022 516.623,62.101 C516.479,58.943 516.448,57.996 516.448,50 C516.448,42.003 516.479,41.056 516.623,37.899 C516.755,34.978 517.244,33.391 517.654,32.338 C518.197,30.938 518.846,29.942 519.894,28.894 C520.942,27.846 521.94,27.196 523.338,26.654 C524.393,26.244 525.979,25.756 528.898,25.623 C532.057,25.479 533.004,25.448 541,25.448 C548.997,25.448 549.943,25.479 553.102,25.623 C556.021,25.756 557.607,26.244 558.662,26.654 C560.06,27.196 561.058,27.846 562.106,28.894 C563.154,29.942 563.803,30.938 564.346,32.338 C564.756,33.391 565.244,34.978 565.378,37.899 C565.522,41.056 565.552,42.003 565.552,50 C565.552,57.996 565.522,58.943 565.378,62.101 M570.82,37.631 C570.674,34.438 570.167,32.258 569.425,30.349 C568.659,28.377 567.633,26.702 565.965,25.035 C564.297,23.368 562.623,22.342 560.652,21.575 C558.743,20.834 556.562,20.326 553.369,20.18 C550.169,20.033 549.148,20 541,20 C532.853,20 531.831,20.033 528.631,20.18 C525.438,20.326 523.257,20.834 521.349,21.575 C519.376,22.342 517.703,23.368 516.035,25.035 C514.368,26.702 513.342,28.377 512.574,30.349 C511.834,32.258 511.326,34.438 511.181,37.631 C511.035,40.831 511,41.851 511,50 C511,58.147 511.035,59.17 511.181,62.369 C511.326,65.562 511.834,67.743 512.574,69.651 C513.342,71.625 514.368,73.296 516.035,74.965 C517.703,76.634 519.376,77.658 521.349,78.425 C523.257,79.167 525.438,79.673 528.631,79.82 C531.831,79.965 532.853,80.001 541,80.001 C549.148,80.001 550.169,79.965 553.369,79.82 C556.562,79.673 558.743,79.167 560.652,78.425 C562.623,77.658 564.297,76.634 565.965,74.965 C567.633,73.296 568.659,71.625 569.425,69.651 C570.167,67.743 570.674,65.562 570.82,62.369 C570.966,59.17 571,58.147 571,50 C571,41.851 570.966,40.831 570.82,37.631\"><\/path><\/g><\/g><\/g><\/svg><\/div><div style=\"padding-top: 8px;\"> <div style=\" color:#3897f0; font-family:Arial,sans-serif; font-size:14px; font-style:normal; font-weight:550; line-height:18px;\">Voir ce message sur Instagram<\/div><\/div><div style=\"padding: 12.5% 0;\"><\/div> <div style=\"display: flex; flex-direction: row; margin-bottom: 14px; align-items: center;\"><div> <div style=\"background-color: #F4F4F4; border-radius: 50%; height: 12.5px; width: 12.5px; transform: translateX(0px) translateY(7px);\"><\/div> <div style=\"background-color: #F4F4F4; height: 12.5px; transform: rotate(-45deg) translateX(3px) translateY(1px); width: 12.5px; flex-grow: 0; margin-right: 14px; margin-left: 2px;\"><\/div> <div style=\"background-color: #F4F4F4; border-radius: 50%; height: 12.5px; width: 12.5px; transform: translateX(9px) translateY(-18px);\"><\/div><\/div><div style=\"margin-left: 8px;\"> <div style=\" background-color: #F4F4F4; border-radius: 50%; flex-grow: 0; height: 20px; width: 20px;\"><\/div> <div style=\" width: 0; height: 0; border-top: 2px solid transparent; border-left: 6px solid #f4f4f4; border-bottom: 2px solid transparent; transform: translateX(16px) translateY(-4px) rotate(30deg)\"><\/div><\/div><div style=\"margin-left: auto;\"> <div style=\" width: 0px; border-top: 8px solid #F4F4F4; border-right: 8px solid transparent; transform: translateY(16px);\"><\/div> <div style=\" background-color: #F4F4F4; flex-grow: 0; height: 12px; width: 16px; transform: translateY(-4px);\"><\/div> <div style=\" width: 0; height: 0; border-top: 8px solid #F4F4F4; border-left: 8px solid transparent; transform: translateY(-4px) translateX(8px);\"><\/div><\/div><\/div> <div style=\"display: flex; flex-direction: column; flex-grow: 1; justify-content: center; margin-bottom: 24px;\"> <div style=\" background-color: #F4F4F4; border-radius: 4px; flex-grow: 0; height: 14px; margin-bottom: 6px; width: 224px;\"><\/div> <div style=\" background-color: #F4F4F4; border-radius: 4px; flex-grow: 0; height: 14px; width: 144px;\"><\/div><\/div><\/a><p style=\" color:#c9c8cd; font-family:Arial,sans-serif; font-size:14px; line-height:17px; margin-bottom:0; margin-top:8px; overflow:hidden; padding:8px 0 7px; text-align:center; text-overflow:ellipsis; white-space:nowrap;\"><a href=\"https:\/\/www.instagram.com\/reel\/C04Aip5IPs-\/?utm_source=ig_embed&amp;utm_campaign=loading\" style=\" color:#c9c8cd; font-family:Arial,sans-serif; font-size:14px; font-style:normal; font-weight:normal; line-height:17px; text-decoration:none;\" target=\"_blank\" rel=\"noopener\">A post shared by Travesia (@travesiapirenaica)<\/a><\/p><\/div><\/blockquote> <script async src=\"\/\/www.instagram.com\/embed.js\"><\/script>","protected":false},"excerpt":{"rendered":"57 micro-r\u00e9cits. C'est ainsi que s'est achev\u00e9e la r\u00e9ception des textes pour le concours. Qualit\u00e9, originalit\u00e9, cr\u00e9ativit\u00e9... Les...","protected":false},"author":1,"featured_media":38616,"comment_status":"closed","ping_status":"closed","sticky":false,"template":"","format":"standard","meta":{"_kad_blocks_custom_css":"","_kad_blocks_head_custom_js":"","_kad_blocks_body_custom_js":"","_kad_blocks_footer_custom_js":"","episode_type":"audio","audio_file":"","podmotor_file_id":"","podmotor_episode_id":"","cover_image":"","cover_image_id":"","duration":"","filesize":"","filesize_raw":"","date_recorded":"","explicit":"","block":"","_kad_post_transparent":"","_kad_post_title":"","_kad_post_layout":"","_kad_post_sidebar_id":"","_kad_post_content_style":"","_kad_post_vertical_padding":"","_kad_post_feature":"","_kad_post_feature_position":"","_kad_post_header":false,"_kad_post_footer":false,"_kad_post_classname":"","_jetpack_memberships_contains_paid_content":false,"footnotes":""},"categories":[54],"tags":[3065,3022],"series":[],"class_list":["post-38517","post","type-post","status-publish","format-standard","has-post-thumbnail","hentry","category-cultura","tag-concurso","tag-microrrelatos"],"episode_featured_image":"https:\/\/travesiapirenaica.com\/wp-content\/uploads\/2023\/11\/Relatos-de-altura-III.jpg","episode_player_image":"https:\/\/travesiapirenaica.com\/wp-content\/uploads\/2017\/12\/Caratula-Podcast-Maldita-Montana_1500x1500_72pp-p_.jpg","download_link":"","player_link":"","audio_player":false,"episode_data":{"playerMode":"dark","subscribeUrls":[],"rssFeedUrl":"https:\/\/travesiapirenaica.com\/fr\/feed\/podcast\/maldita-montana","embedCode":"<blockquote class=\"wp-embedded-content\" data-secret=\"YvCMNcRHaC\"><a href=\"https:\/\/travesiapirenaica.com\/fr\/concurso-microrrelatos2023\/\">Relatos de Altura: III Concurso de Microrrelatos de Monta\u00f1a<\/a><\/blockquote><iframe sandbox=\"allow-scripts\" security=\"restricted\" src=\"https:\/\/travesiapirenaica.com\/fr\/concurso-microrrelatos2023\/embed\/#?secret=YvCMNcRHaC\" width=\"500\" height=\"350\" title=\"\u00ab\u00a0Relatos de Altura: III Concurso de Microrrelatos de Monta\u00f1a\u00a0\u00bb &#8212; Traves\u00eda.\" data-secret=\"YvCMNcRHaC\" frameborder=\"0\" marginwidth=\"0\" marginheight=\"0\" scrolling=\"no\" class=\"wp-embedded-content\"><\/iframe><script>\n\/*! This file is auto-generated *\/\n!function(d,l){\"use strict\";l.querySelector&&d.addEventListener&&\"undefined\"!=typeof URL&&(d.wp=d.wp||{},d.wp.receiveEmbedMessage||(d.wp.receiveEmbedMessage=function(e){var t=e.data;if((t||t.secret||t.message||t.value)&&!\/[^a-zA-Z0-9]\/.test(t.secret)){for(var s,r,n,a=l.querySelectorAll('iframe[data-secret=\"'+t.secret+'\"]'),o=l.querySelectorAll('blockquote[data-secret=\"'+t.secret+'\"]'),c=new RegExp(\"^https?:$\",\"i\"),i=0;i<o.length;i++)o[i].style.display=\"none\";for(i=0;i<a.length;i++)s=a[i],e.source===s.contentWindow&&(s.removeAttribute(\"style\"),\"height\"===t.message?(1e3<(r=parseInt(t.value,10))?r=1e3:~~r<200&&(r=200),s.height=r):\"link\"===t.message&&(r=new URL(s.getAttribute(\"src\")),n=new URL(t.value),c.test(n.protocol))&&n.host===r.host&&l.activeElement===s&&(d.top.location.href=t.value))}},d.addEventListener(\"message\",d.wp.receiveEmbedMessage,!1),l.addEventListener(\"DOMContentLoaded\",function(){for(var e,t,s=l.querySelectorAll(\"iframe.wp-embedded-content\"),r=0;r<s.length;r++)(t=(e=s[r]).getAttribute(\"data-secret\"))||(t=Math.random().toString(36).substring(2,12),e.src+=\"#?secret=\"+t,e.setAttribute(\"data-secret\",t)),e.contentWindow.postMessage({message:\"ready\",secret:t},\"*\")},!1)))}(window,document);\n\/\/# sourceURL=https:\/\/travesiapirenaica.com\/wp-includes\/js\/wp-embed.min.js\n<\/script>\n"},"taxonomy_info":{"category":[{"value":54,"label":"Cultura"}],"post_tag":[{"value":3065,"label":"concurso"},{"value":3022,"label":"microrrelatos"}]},"featured_image_src_large":["https:\/\/travesiapirenaica.com\/wp-content\/uploads\/2023\/11\/Relatos-de-altura-III-1024x768.jpg",1024,768,true],"author_info":{"display_name":"Traves\u00eda Pirenaica","author_link":"https:\/\/travesiapirenaica.com\/fr\/author\/travesia-pirenaica\/"},"comment_info":0,"category_info":[{"term_id":54,"name":"Cultura","slug":"cultura","term_group":0,"term_taxonomy_id":54,"taxonomy":"category","description":"","parent":0,"count":239,"filter":"raw","cat_ID":54,"category_count":239,"category_description":"","cat_name":"Cultura","category_nicename":"cultura","category_parent":0}],"tag_info":[{"term_id":3065,"name":"concurso","slug":"concurso","term_group":0,"term_taxonomy_id":3081,"taxonomy":"post_tag","description":"","parent":0,"count":2,"filter":"raw"},{"term_id":3022,"name":"microrrelatos","slug":"microrrelatos","term_group":0,"term_taxonomy_id":3038,"taxonomy":"post_tag","description":"","parent":0,"count":212,"filter":"raw"}],"jetpack_featured_media_url":"https:\/\/travesiapirenaica.com\/wp-content\/uploads\/2023\/11\/Relatos-de-altura-III.jpg","jetpack_sharing_enabled":true,"_links":{"self":[{"href":"https:\/\/travesiapirenaica.com\/fr\/wp-json\/wp\/v2\/posts\/38517","targetHints":{"allow":["GET"]}}],"collection":[{"href":"https:\/\/travesiapirenaica.com\/fr\/wp-json\/wp\/v2\/posts"}],"about":[{"href":"https:\/\/travesiapirenaica.com\/fr\/wp-json\/wp\/v2\/types\/post"}],"author":[{"embeddable":true,"href":"https:\/\/travesiapirenaica.com\/fr\/wp-json\/wp\/v2\/users\/1"}],"replies":[{"embeddable":true,"href":"https:\/\/travesiapirenaica.com\/fr\/wp-json\/wp\/v2\/comments?post=38517"}],"version-history":[{"count":0,"href":"https:\/\/travesiapirenaica.com\/fr\/wp-json\/wp\/v2\/posts\/38517\/revisions"}],"wp:featuredmedia":[{"embeddable":true,"href":"https:\/\/travesiapirenaica.com\/fr\/wp-json\/wp\/v2\/media\/38616"}],"wp:attachment":[{"href":"https:\/\/travesiapirenaica.com\/fr\/wp-json\/wp\/v2\/media?parent=38517"}],"wp:term":[{"taxonomy":"category","embeddable":true,"href":"https:\/\/travesiapirenaica.com\/fr\/wp-json\/wp\/v2\/categories?post=38517"},{"taxonomy":"post_tag","embeddable":true,"href":"https:\/\/travesiapirenaica.com\/fr\/wp-json\/wp\/v2\/tags?post=38517"},{"taxonomy":"series","embeddable":true,"href":"https:\/\/travesiapirenaica.com\/fr\/wp-json\/wp\/v2\/series?post=38517"}],"curies":[{"name":"wp","href":"https:\/\/api.w.org\/{rel}","templated":true}]}}