{"id":38980,"date":"2024-01-14T00:06:23","date_gmt":"2024-01-13T23:06:23","guid":{"rendered":"https:\/\/travesiapirenaica.com\/?p=38980"},"modified":"2024-01-14T00:15:29","modified_gmt":"2024-01-13T23:15:29","slug":"alex-txikon-se-repose-au-c2-apres-la-deuxieme-rotation-en-haute-altitude-de-son-expedition-hivernale-a-lannapurna","status":"publish","type":"post","link":"https:\/\/travesiapirenaica.com\/fr\/alex-txikon-descansa-ya-en-c2-en-la-segunda-rotacion-en-altura-de-su-expedicion-invernal-al-annapurna\/","title":{"rendered":"Alex Txikon termine son exp\u00e9dition hivernale \u00e0 l'Annapurna"},"content":{"rendered":"<ul class=\"wp-block-list\">\n<li><strong>L'\u00e9quipe d'alpinistes est d\u00e9j\u00e0 en train de d\u00e9monter le CB de l'Annapurna.<\/strong><\/li>\n\n\n\n<li><strong>\"Je pense qu'il serait imprudent de rester, \u00e9tant donn\u00e9 les conditions exceptionnellement bonnes, mais en m\u00eame temps difficiles et risqu\u00e9es, qui r\u00e8gnent sur l'Annapurna\", d\u00e9clare Alex Txikon.<\/strong><\/li>\n<\/ul>\n\n\n\n<p><strong> <\/strong>Alex Txikon, Chhepal, Magkpa, Ang-gyalu, Mayla, MigTemba, Lakpa, Tashi, Moeses, Mattia et Andres ont mis fin \u00e0 l'exp\u00e9dition hivernale #AnnapurnaColdPeaks. Apr\u00e8s plus d'un mois et demi depuis le d\u00e9but de l'aventure, l'\u00e9quipe d'alpinistes a d\u00e9cid\u00e9 de ne pas poursuivre l'ascension en raison des conditions difficiles qui r\u00e8gnent sur l'Annapurna. En r\u00e9sum\u00e9, une exp\u00e9dition qui a consist\u00e9 en trois rotations en altitude et qui, pour diff\u00e9rentes raisons, a d\u00fb faire demi-tour une fois au C3 (6 400 m). \"Nous avons d\u00e9j\u00e0 pris trop de risques. C'est une chose pour moi de me faire prendre, mais pas pour mes compagnons\", avoue Alex Txikon.<\/p>\n\n\n\n<p>Dans le m\u00eame ordre d'id\u00e9es, l'homme de Lemoa explique que \"l'Annapurna nous en a assez dit, nous avons essay\u00e9, nous avons la force et l'envie, mais peut-\u00eatre que je n'ai pas la faim du sommet, ayant atteint le sommet du Manaslu il y a un an\", et ajoute que \"tout le monde ici est surtout l\u00e0 pour moi, et si je pars, il ne se passera rien. C'est autre chose s'ils partent, ce n'est pas une bonne chose \u00e0 faire pour assouvir notre ego de sommet\".\u00a0<\/p>\n\n\n\n<figure class=\"wp-block-embed is-type-video is-provider-youtube wp-block-embed-youtube wp-embed-aspect-16-9 wp-has-aspect-ratio\"><div class=\"wp-block-embed__wrapper\">\n<iframe loading=\"lazy\" title=\"Alex Txikon termine son exp\u00e9dition hivernale \u00e0 l&#039;Annapurna\" width=\"720\" height=\"405\" src=\"https:\/\/www.youtube.com\/embed\/MCBCi5F3uqM?feature=oembed\" frameborder=\"0\" allow=\"accelerometer; autoplay; clipboard-write; encrypted-media; gyroscope; picture-in-picture; web-share\" allowfullscreen><\/iframe>\n<\/div><\/figure>\n\n\n\n<p>\"Nous nous sommes battus, nous avons tout port\u00e9 nous-m\u00eames, nous avons tout \u00e9quip\u00e9 nous-m\u00eames. J'ai fait une erreur tout seul et nous nous sommes tous relev\u00e9s. Je pense qu'il serait imprudent de rester, \u00e9tant donn\u00e9 les conditions exceptionnellement bonnes, mais en m\u00eame temps compromettantes et risqu\u00e9es, dans lesquelles se trouve l'Annapurna, en constante transformation\", d\u00e9clare Txikon.&nbsp;<\/p>\n\n\n\n<p>Selon CB, la d\u00e9cision n'a pas \u00e9t\u00e9 facile \u00e0 prendre et, pour ne rien arranger, le ciel, \u00e0 l'exception des deux derniers jours, n'a pas cess\u00e9 de gronder. Alors, comme le pr\u00e9vient Txikon, \"je ne peux pas me permettre le luxe d'exposer davantage mes compagnons, et donc, apr\u00e8s en avoir parl\u00e9 et m\u00e9dit\u00e9 toute la matin\u00e9e, nous avons d\u00e9cid\u00e9 de dire oui \u00e0 la vie garantie, et nous laisserons derri\u00e8re nous nos pr\u00e9tentions \u00e0 continuer d'essayer\".<\/p>\n\n\n\n<p>\"Un remerciement sp\u00e9cial \u00e0 tous mes coll\u00e8gues, nous avons souffert et aussi appr\u00e9ci\u00e9, \u00e0 tous ceux qui nous ont suivis, et aux sponsors et amis. Graccie mile, obrigado, eskerrik asko, merci beaucoup et \u0927\u0928\u094d\u092f\u0935\u093e\u0926\", conclut Alex Txikon.<\/p>\n\n\n\n<figure class=\"wp-block-image size-large\"><img loading=\"lazy\" decoding=\"async\" width=\"1024\" height=\"768\" src=\"https:\/\/travesiapirenaica.com\/wp-content\/uploads\/2024\/01\/ANNAPURNA-1024x768.jpeg\" alt=\"Alex Txikon avance et atteint le C2 de l&#039;Annapurna (5.600m env.) en profitant de la fen\u00eatre de beau temps.\" class=\"wp-image-39133\" srcset=\"https:\/\/travesiapirenaica.com\/wp-content\/uploads\/2024\/01\/ANNAPURNA-1024x768.jpeg 1024w, https:\/\/travesiapirenaica.com\/wp-content\/uploads\/2024\/01\/ANNAPURNA-300x225.jpeg 300w, https:\/\/travesiapirenaica.com\/wp-content\/uploads\/2024\/01\/ANNAPURNA-768x576.jpeg 768w, https:\/\/travesiapirenaica.com\/wp-content\/uploads\/2024\/01\/ANNAPURNA-600x450.jpeg 600w, https:\/\/travesiapirenaica.com\/wp-content\/uploads\/2024\/01\/ANNAPURNA.jpeg 1200w\" sizes=\"auto, (max-width: 1024px) 100vw, 1024px\" \/><figcaption class=\"wp-element-caption\">Alex Txikon avance et atteint le C2 de l'Annapurna (5.600m env.) en profitant de la fen\u00eatre de beau temps.<\/figcaption><\/figure>\n\n\n\n<h2 class=\"wp-block-heading\">Alex Txikon atteint C3 et retourne \u00e0 BC apr\u00e8s avoir d\u00fb abandonner le mat\u00e9riel qu'il avait d\u00e9pos\u00e9 dans une grande crevasse.<\/h2>\n\n\n\n<ul class=\"wp-block-list\">\n<li><strong>L'\u00e9quipe d'escalade a atteint le C3 ce matin, mais en raison de l'effondrement d'une structure de glace, le d\u00e9p\u00f4t du camp a disparu.<\/strong><\/li>\n\n\n\n<li><strong>Pour l'instant, toute l'\u00e9quipe se repose \u00e0 la CB.<\/strong><\/li>\n<\/ul>\n\n\n\n<p>Toute l'\u00e9quipe d'alpinistes est maintenant au CB de l'Annapurna apr\u00e8s avoir atteint le C3 (6 400m) ce matin lors de la troisi\u00e8me rotation en haute altitude de leur exp\u00e9dition hivernale #AnnapurnaColdPeaks. Malheureusement, \u00e0 leur arriv\u00e9e, ils ont constat\u00e9 que la cache (piquets, vis \u00e0 glace, 2 000 m\u00e8tres de corde, gaz, 3 tentes enneig\u00e9es) avait \"disparu\", en raison de l'effondrement de l'une des structures de glace.&nbsp;<\/p>\n\n\n\n<figure class=\"wp-block-image size-large\"><img loading=\"lazy\" decoding=\"async\" width=\"683\" height=\"1024\" src=\"https:\/\/travesiapirenaica.com\/wp-content\/uploads\/2024\/01\/1705001540810_1705001539276_Annapurna-1-683x1024.jpeg\" alt=\"\" class=\"wp-image-39139\" srcset=\"https:\/\/travesiapirenaica.com\/wp-content\/uploads\/2024\/01\/1705001540810_1705001539276_Annapurna-1-683x1024.jpeg 683w, https:\/\/travesiapirenaica.com\/wp-content\/uploads\/2024\/01\/1705001540810_1705001539276_Annapurna-1-200x300.jpeg 200w, https:\/\/travesiapirenaica.com\/wp-content\/uploads\/2024\/01\/1705001540810_1705001539276_Annapurna-1-768x1152.jpeg 768w, https:\/\/travesiapirenaica.com\/wp-content\/uploads\/2024\/01\/1705001540810_1705001539276_Annapurna-1-1024x1536.jpeg 1024w, https:\/\/travesiapirenaica.com\/wp-content\/uploads\/2024\/01\/1705001540810_1705001539276_Annapurna-1-1366x2048.jpeg 1366w, https:\/\/travesiapirenaica.com\/wp-content\/uploads\/2024\/01\/1705001540810_1705001539276_Annapurna-1-600x900.jpeg 600w, https:\/\/travesiapirenaica.com\/wp-content\/uploads\/2024\/01\/1705001540810_1705001539276_Annapurna-1-scaled.jpeg 1707w\" sizes=\"auto, (max-width: 683px) 100vw, 683px\" \/><\/figure>\n\n\n\n<p>Selon le Bizkaarien, \"nous avons perdu tout le r\u00e9servoir C3, et pas \u00e0 cause du vent, mais \u00e0 cause de l'effondrement d'une des structures de glace, qui a provoqu\u00e9 la disparition de pratiquement tout le mat\u00e9riel que nous avions dans ce camp, \u00e0 l'exception de quelques bobines de corde\".&nbsp;<\/p>\n\n\n\n<p>Concr\u00e8tement, \"la zone o\u00f9 se trouvait le gisement en C3 a c\u00e9d\u00e9, formant une fissure par laquelle tout le mat\u00e9riel a \u00e9t\u00e9 perdu. Il s'agit d'un terrain complexe, avec un ensemble de s\u00e9racs que l'on pourrait comparer \u00e0 une cascade de glace. Dans l'\u00e9tat actuel de l'Annapurna, sans pr\u00e9cipitations et avec des temp\u00e9ratures tr\u00e8s basses, il n'y a pratiquement pas d'endroit s\u00fbr\", explique M. Txikon. Cette situation a contraint toute l'\u00e9quipe \u00e0 retourner en Colombie-Britannique.<\/p>\n\n\n\n<p>\"C'est dommage car nous sommes tr\u00e8s forts et c'est la deuxi\u00e8me fois que nous devons revenir au CB depuis la C3 en \u00e9tant bien... Mais nous n'avions pas le mat\u00e9riel\", a d\u00e9clar\u00e9 Txikon.&nbsp;<\/p>\n\n\n\n<p>Pour l'instant, toute l'\u00e9quipe se repose au CB de l'Annapurna et \u00e9value les possibilit\u00e9s que la montagne peut offrir dans les jours \u00e0 venir.<\/p>\n\n\n\n<figure class=\"wp-block-image size-large\"><img loading=\"lazy\" decoding=\"async\" width=\"473\" height=\"1024\" src=\"https:\/\/travesiapirenaica.com\/wp-content\/uploads\/2024\/01\/c3-473x1024.jpeg\" alt=\"\" class=\"wp-image-39141\" srcset=\"https:\/\/travesiapirenaica.com\/wp-content\/uploads\/2024\/01\/c3-473x1024.jpeg 473w, https:\/\/travesiapirenaica.com\/wp-content\/uploads\/2024\/01\/c3-139x300.jpeg 139w, https:\/\/travesiapirenaica.com\/wp-content\/uploads\/2024\/01\/c3-709x1536.jpeg 709w, https:\/\/travesiapirenaica.com\/wp-content\/uploads\/2024\/01\/c3-600x1299.jpeg 600w, https:\/\/travesiapirenaica.com\/wp-content\/uploads\/2024\/01\/c3.jpeg 739w\" sizes=\"auto, (max-width: 473px) 100vw, 473px\" \/><\/figure>\n\n\n\n<h2 class=\"wp-block-heading\">Alex Txikon progresse et atteint le C2 de l'Annapurna (5.600m env.) en profitant de la bonne fen\u00eatre m\u00e9t\u00e9o (Mise \u00e0 jour 10\/01\/2024)<\/h2>\n\n\n\n<ul class=\"wp-block-list\">\n<li><strong>Toute l'\u00e9quipe de grimpeurs a atteint le C2 ce matin, bien qu'Andr\u00e9s Navamuel et Ang Gyalu soient redescendus au CB.<\/strong><\/li>\n\n\n\n<li><strong>En deux heures et demie, ils ont parcouru le tron\u00e7on entre C1 et C2, par beau temps et sous un soleil radieux.<\/strong><\/li>\n<\/ul>\n\n\n\n<p>Alex Txikon, Ang Gyalu, Tashi, Lakpa, Moises, Passang Nurbu, Ming Temba, Pemba, Andres Navamuel et Mattia Conte ont atteint l'Annapurna C2 (5 600 m environ) ce matin lors de la troisi\u00e8me rotation en haute altitude de leur exp\u00e9dition hivernale #AnnapurnaColdPeaks. Contrairement \u00e0 la veille, les alpinistes ont pu profiter d'une fen\u00eatre de beau temps aujourd'hui. De m\u00eame, Andres Navamuel et Ang Gyalu sont retourn\u00e9s au BC apr\u00e8s s'\u00eatre un peu repos\u00e9s sur le C2.<\/p>\n\n\n\n<p>L'\u00e9quipe a mis environ deux heures et demie pour parcourir la distance entre C1 (5 150 m) et C2 (5 600 m environ). Les conditions m\u00e9t\u00e9orologiques ont permis aux alpinistes de se reposer et, avec un bon rythme et une bonne m\u00e9t\u00e9o, ils ont pu grimper sans probl\u00e8me, effectuant l'ensemble de l'itin\u00e9raire sous le soleil. En ce moment, les alpinistes sont dans leurs sacs, car ils avertissent que la temp\u00e9rature \u00e0 l'ext\u00e9rieur des tentes est d'environ moins 25\u00ba Celsius.<\/p>\n\n\n\n<p>Les nouvelles pr\u00e9visions m\u00e9t\u00e9orologiques semblent s'\u00eatre am\u00e9lior\u00e9es, ce qui favorise la strat\u00e9gie d'ascension des alpinistes. Dans cette ligne, si les choses restent comme pr\u00e9vu, demain l'\u00e9quipe vise \u00e0 atteindre C3, et s'ils se sentent aussi bien qu'ils l'ont fait jusqu'\u00e0 pr\u00e9sent, demain soir ils monteront vers le sommet.<\/p>\n\n\n\n<figure class=\"wp-block-image size-large\"><img loading=\"lazy\" decoding=\"async\" width=\"1024\" height=\"768\" src=\"https:\/\/travesiapirenaica.com\/wp-content\/uploads\/2024\/01\/Alex-Txikon-arranca-su-tercera-rotacion-en-altura-de-su-invernal-al-Annapurna-muy-pendiente-del-viento-1024x768.jpeg\" alt=\"Alex Txikon entame sa troisi\u00e8me rotation en haute altitude de son hiver \u00e0 l&#039;Annapurna en surveillant attentivement le vent.\" class=\"wp-image-39110\" srcset=\"https:\/\/travesiapirenaica.com\/wp-content\/uploads\/2024\/01\/Alex-Txikon-arranca-su-tercera-rotacion-en-altura-de-su-invernal-al-Annapurna-muy-pendiente-del-viento-1024x768.jpeg 1024w, https:\/\/travesiapirenaica.com\/wp-content\/uploads\/2024\/01\/Alex-Txikon-arranca-su-tercera-rotacion-en-altura-de-su-invernal-al-Annapurna-muy-pendiente-del-viento-300x225.jpeg 300w, https:\/\/travesiapirenaica.com\/wp-content\/uploads\/2024\/01\/Alex-Txikon-arranca-su-tercera-rotacion-en-altura-de-su-invernal-al-Annapurna-muy-pendiente-del-viento-768x576.jpeg 768w, https:\/\/travesiapirenaica.com\/wp-content\/uploads\/2024\/01\/Alex-Txikon-arranca-su-tercera-rotacion-en-altura-de-su-invernal-al-Annapurna-muy-pendiente-del-viento-600x450.jpeg 600w, https:\/\/travesiapirenaica.com\/wp-content\/uploads\/2024\/01\/Alex-Txikon-arranca-su-tercera-rotacion-en-altura-de-su-invernal-al-Annapurna-muy-pendiente-del-viento.jpeg 1200w\" sizes=\"auto, (max-width: 1024px) 100vw, 1024px\" \/><\/figure>\n\n\n\n<h2 class=\"wp-block-heading\">Alex Txikon entame sa troisi\u00e8me rotation en haute altitude de son hiver \u00e0 l'Annapurna en surveillant attentivement le vent. <em>(Mise \u00e0 jour 09\/01\/24)<\/em><\/h2>\n\n\n\n<ul class=\"wp-block-list\">\n<li><strong>Txikon, Chhepal, Ang Gyalu, Tashi, Lakpa, Moises et Mattia Conte passeront la nuit au C1 (5 150 m), tandis que Passang Nurbu, Ming Temba et Pemba monteront demain du BC directement au C2 (5 600 m environ).<\/strong><\/li>\n\n\n\n<li><strong>Ils ont grimp\u00e9 avec un lourd fardeau, mais ont tout de m\u00eame r\u00e9ussi \u00e0 franchir la diff\u00e9rence d'altitude de plus de 1 000 m par rapport \u00e0 la Colombie-Britannique en un peu plus de 4 heures, apr\u00e8s avoir d\u00fb s'arr\u00eater pendant environ une heure en raison d'une tr\u00e8s forte avalanche.<\/strong><\/li>\n<\/ul>\n\n\n\n<p>Alex Txikon, Ang Gyalu, Tashi, Lakpa, Moises et Mattia Conte se reposent d\u00e9j\u00e0 au C1 Annapurna (5.150.m), apr\u00e8s avoir entam\u00e9 ce matin la troisi\u00e8me rotation en haute altitude de leur exp\u00e9dition hivernale #AnnapurnaColdPeaks, tr\u00e8s conscients du vent en raison des fortes rafales enregistr\u00e9es en altitude. Passang Nurbu, Ming Temba et Pemba monteront demain de BC directement \u00e0 C2 (5.600m environ).<\/p>\n\n\n\n<figure class=\"wp-block-embed is-type-rich is-provider-twitter wp-block-embed-twitter\"><div class=\"wp-block-embed__wrapper\">\n<blockquote class=\"twitter-tweet\" data-width=\"550\" data-dnt=\"true\"><p lang=\"it\" dir=\"ltr\">\u203c\ufe0fMedia team : comme pr\u00e9vu hier, la m\u00e9t\u00e9o a permis \u00e0 Alex et au reste des grimpeurs de se diriger vers le C1 ce matin. Qu'est-ce qu'Alex transporte dans son sac \u00e0 dos pour une rotation de quota ? Dans cette vid\u00e9o, il nous en parle <a href=\"https:\/\/t.co\/uzcLy1Muoj\">pic.twitter.com\/uzcLy1Muoj<\/a><\/p>- Alex Txikon (@AlexTxikon) <a href=\"https:\/\/twitter.com\/AlexTxikon\/status\/1744651376733327521?ref_src=twsrc%5Etfw\" target=\"_blank\" rel=\"noopener\">9 janvier 2024<\/a><\/blockquote><script async src=\"https:\/\/platform.twitter.com\/widgets.js\" charset=\"utf-8\"><\/script>\n<\/div><\/figure>\n\n\n\n<p>L'\u00e9quipe d'alpinistes s'est \u00e9lanc\u00e9e vers 11h15 (heure n\u00e9palaise) pour la troisi\u00e8me rotation en haute altitude de l'exp\u00e9dition, une semaine apr\u00e8s leur retour en Colombie-Britannique suite \u00e0 la deuxi\u00e8me rotation en haute altitude qui a permis d'\u00e9quiper le C3 (6400m). Ainsi, bien qu'ayant grimp\u00e9 avec beaucoup de poids et ayant d\u00fb s'arr\u00eater pendant environ une heure suite \u00e0 une tr\u00e8s forte avalanche, les alpinistes ont atteint C1 en seulement 4 heures, vers 15:15.<\/p>\n\n\n\n<p>Selon Txikon, \"quitter le camp de base et franchir les plus de 1000 m\u00e8tres de d\u00e9nivel\u00e9 jusqu'au C1 en un peu plus de 4 heures, sachant que nous avons \u00e9t\u00e9 stopp\u00e9s pendant une heure \u00e0 cause d'une tr\u00e8s forte avalanche, c'est quelque chose qui montre que nous nous en sortons tr\u00e8s bien\". En ce qui concerne l'avalanche, Alex avoue : \"5 minutes de plus et nous aurions \u00e9t\u00e9 ray\u00e9s de la surface de la terre. C'\u00e9tait l'avalanche la plus forte depuis que nous sommes ici.<\/p>\n\n\n\n<p>Pour l'heure, les alpinistes se reposent au C1, mais sont surtout tr\u00e8s attentifs aux pr\u00e9visions m\u00e9t\u00e9orologiques, en raison du vent violent qui souffle en altitude. En effet, les rafales de vent pourraient atteindre jusqu'\u00e0 50 km\/heure. Ainsi, si la m\u00e9t\u00e9o et les conditions de la montagne le permettent, l'\u00e9quipe d'alpinistes s'\u00e9lancera demain vers le C2.<\/p>\n\n\n\n<figure class=\"wp-block-image size-large\"><img loading=\"lazy\" decoding=\"async\" width=\"1024\" height=\"768\" src=\"https:\/\/travesiapirenaica.com\/wp-content\/uploads\/2023\/12\/alextxikon-3-1024x768.jpeg\" alt=\"\" class=\"wp-image-38982\" srcset=\"https:\/\/travesiapirenaica.com\/wp-content\/uploads\/2023\/12\/alextxikon-3-1024x768.jpeg 1024w, https:\/\/travesiapirenaica.com\/wp-content\/uploads\/2023\/12\/alextxikon-3-300x225.jpeg 300w, https:\/\/travesiapirenaica.com\/wp-content\/uploads\/2023\/12\/alextxikon-3-768x576.jpeg 768w, https:\/\/travesiapirenaica.com\/wp-content\/uploads\/2023\/12\/alextxikon-3-1536x1152.jpeg 1536w, https:\/\/travesiapirenaica.com\/wp-content\/uploads\/2023\/12\/alextxikon-3-2048x1536.jpeg 2048w, https:\/\/travesiapirenaica.com\/wp-content\/uploads\/2023\/12\/alextxikon-3-600x450.jpeg 600w\" sizes=\"auto, (max-width: 1024px) 100vw, 1024px\" \/><\/figure>\n\n\n\n<h2 class=\"wp-block-heading\">Alex Txikon de retour en C.-B. apr\u00e8s avoir atteint et \u00e9quip\u00e9 C3 lors de la deuxi\u00e8me rotation en haute altitude de son exp\u00e9dition hivernale \u00e0 l'Annapurna (Mise \u00e0 jour 02\/01\/2024)<\/h2>\n\n\n\n<ul class=\"wp-block-list\">\n<li><strong>L'\u00e9quipe d'escalade a effectu\u00e9 un bon portage de C2 \u00e0 C3 hier, mais a d\u00fb se replier sur CB pour des raisons de s\u00e9curit\u00e9 en raison du vent fort.<\/strong><\/li>\n\n\n\n<li><strong>En chiffres, ils ont fait 1 500 m en positif avec plus de 20 kg dans leur sac \u00e0 dos et 2 500 m en n\u00e9gatif.<\/strong><\/li>\n\n\n\n<li><strong>Selon Alex Txikon, \"nous avons effectu\u00e9 une rotation d'altitude optimale\".<\/strong><\/li>\n<\/ul>\n\n\n\n<p>Alex Txikon, Chhepal, Passan Nurbu, Mig temba, Pemba Lakpa, Ang Gyalu et Magkpa sont d\u00e9j\u00e0 au CB (4.200m) pour se reposer, apr\u00e8s le grand travail de portage de C2 (5.600m env.) \u00e0 C3 (6.400m) qu'ils ont effectu\u00e9 hier. Mattia Conte et Tashi se reposent \u00e0 C1 (5.150m). De cette fa\u00e7on, l'\u00e9quipe d'alpinistes a termin\u00e9 hier la deuxi\u00e8me rotation en altitude de #AnnapurnaColdPeaks qu'ils ont commenc\u00e9 il y a 3 jours, car, pour des raisons de s\u00e9curit\u00e9, en raison du vent fort qui soufflait, ils ont d\u00fb se replier vers BC.<\/p>\n\n\n\n<p>Pr\u00e8s d'une semaine apr\u00e8s avoir termin\u00e9 la premi\u00e8re rotation, le 30 d\u00e9cembre, les alpinistes ont entam\u00e9 la deuxi\u00e8me rotation en haute altitude de leur exp\u00e9dition hivernale \u00e0 l'Annapurna avec une attaque \"peut-\u00eatre trop ambitieuse\", selon Alex Txikon. Pour ce faire, ils sont partis en plusieurs groupes en direction du C1. Le premier groupe, form\u00e9 par Mattia et Andr\u00e9s, est parti vers 9 h 45 et vers 11 h, Alex est parti seul, bien que suivi de pr\u00e8s par un autre groupe. Cette m\u00eame nuit, certains ont dormi dans le C1 et d'autres dans le CB pour monter directement au C2.&nbsp;<\/p>\n\n\n\n<p>Le 31 d\u00e9cembre, certains d'entre eux, comme Txikon, Pemba et Mig Temba, ont transport\u00e9 20-22 kilos (tentes, nourriture, mat\u00e9riel, etc.) du C1 au C2, o\u00f9 ils ont pass\u00e9 la nuit. Ils ont \u00e9galement port\u00e9 les affaires de Lakpa, Ang Gyalu et Magkpa, qui les ont transport\u00e9es directement au C3, puis sont retourn\u00e9s au C2 pour la nuit.&nbsp;<\/p>\n\n\n\n<figure class=\"wp-block-image alignwide size-large\"><img loading=\"lazy\" decoding=\"async\" width=\"576\" height=\"1024\" src=\"https:\/\/travesiapirenaica.com\/wp-content\/uploads\/2024\/01\/020124-576x1024.jpeg\" alt=\"\" class=\"wp-image-39023\" srcset=\"https:\/\/travesiapirenaica.com\/wp-content\/uploads\/2024\/01\/020124-576x1024.jpeg 576w, https:\/\/travesiapirenaica.com\/wp-content\/uploads\/2024\/01\/020124-169x300.jpeg 169w, https:\/\/travesiapirenaica.com\/wp-content\/uploads\/2024\/01\/020124-768x1366.jpeg 768w, https:\/\/travesiapirenaica.com\/wp-content\/uploads\/2024\/01\/020124-864x1536.jpeg 864w, https:\/\/travesiapirenaica.com\/wp-content\/uploads\/2024\/01\/020124-600x1067.jpeg 600w, https:\/\/travesiapirenaica.com\/wp-content\/uploads\/2024\/01\/020124.jpeg 899w\" sizes=\"auto, (max-width: 576px) 100vw, 576px\" \/><\/figure>\n\n\n\n<p>Hier, l'\u00e9quipe d'escalade a d\u00e9pos\u00e9 le reste du mat\u00e9riel n\u00e9cessaire au C3, portant plus de 20 kg sur leur dos de C2 \u00e0 C3. En chiffres, ils ont fait environ 1 500 m en positif et 2 500 m en n\u00e9gatif pour revenir se reposer au CB, o\u00f9 ils sont arriv\u00e9s assez fatigu\u00e9s. \"Nous sommes arriv\u00e9s \u00e0 une heure tr\u00e8s raisonnable au C3, mais les conditions m\u00e9t\u00e9orologiques \u00e9taient beaucoup plus d\u00e9favorables que ce que nous avions imagin\u00e9 et que ce que l'on nous avait dit. Donc, cette attaque, que nous pensions rester au C4, ou m\u00eame une possible attaque au sommet, nous avons d\u00e9cid\u00e9 de l'abandonner pour continuer \u00e0 vivre un jour de plus\", explique Txikon.<\/p>\n\n\n\n<p>Le Bizkaarien avoue \u00e9galement que \"c'est \u00e9videmment un coup psychologique parce que les gens se voient tr\u00e8s haut, mais notre succ\u00e8s, honn\u00eatement, a \u00e9t\u00e9 de savoir g\u00e9rer la pression et de savoir quand faire demi-tour, surtout quand les choses ne semblaient pas favorables pour nous ou pour une \u00e9ventuelle attaque au sommet. Et, comme nous l'avons confirm\u00e9 aujourd'hui, nous aurions eu un s\u00e9rieux probl\u00e8me l\u00e0-haut, car il y a eu de tr\u00e8s fortes rafales de vent \u00e0 haute altitude\". Et d'ajouter : \"le travail que nous avons fait hier a \u00e9t\u00e9 tr\u00e8s dur, oui, mais j'ose dire que nous avons fait une rotation optimale en altitude, en arrivant et en d\u00e9posant tout le mat\u00e9riel n\u00e9cessaire au C3, comme les tentes, les cordes, etc.<\/p>\n\n\n\n<p>Aujourd'hui est une journ\u00e9e calme en Colombie-Britannique, o\u00f9 l'on reprend des forces et de l'\u00e9nergie pour se pr\u00e9parer \u00e0 la troisi\u00e8me rotation en haute altitude de l'exp\u00e9dition #AnnapurnaColdPeaks. L'\u00e9quipe surveille \u00e9galement de pr\u00e8s les pr\u00e9visions m\u00e9t\u00e9orologiques, de sorte que lorsque la montagne et les conditions m\u00e9t\u00e9orologiques le permettront, ils pourront envisager une nouvelle attaque.&nbsp;<\/p>\n\n\n\n<h2 class=\"wp-block-heading\">Alex Txikon se repose maintenant au C2 dans la deuxi\u00e8me rotation \u00e0 ALTURA de son exp\u00e9dition hivernale \u00e0 l'Annapurna (Mis \u00e0 jour le 31 d\u00e9cembre 2023).<\/h2>\n\n\n\n<ul class=\"wp-block-list\">\n<li><strong>L'\u00e9quipe d'escalade a atteint le C2 en seulement 2 heures, apr\u00e8s avoir port\u00e9 plus de 20 kilos sur le dos.<\/strong><\/li>\n\n\n\n<li><strong>Lakpa, Ang Gyalu et Magkpa passeront la nuit au C3 pour y d\u00e9poser la corde.<\/strong><\/li>\n\n\n\n<li><strong>L'objectif est de continuer \u00e0 prendre de l'altitude demain.<\/strong><\/li>\n<\/ul>\n\n\n\n<figure class=\"wp-block-image size-large\"><img loading=\"lazy\" decoding=\"async\" width=\"1024\" height=\"768\" src=\"https:\/\/travesiapirenaica.com\/wp-content\/uploads\/2023\/12\/alextxikon-3-1024x768.jpeg\" alt=\"\" class=\"wp-image-38982\" srcset=\"https:\/\/travesiapirenaica.com\/wp-content\/uploads\/2023\/12\/alextxikon-3-1024x768.jpeg 1024w, https:\/\/travesiapirenaica.com\/wp-content\/uploads\/2023\/12\/alextxikon-3-300x225.jpeg 300w, https:\/\/travesiapirenaica.com\/wp-content\/uploads\/2023\/12\/alextxikon-3-768x576.jpeg 768w, https:\/\/travesiapirenaica.com\/wp-content\/uploads\/2023\/12\/alextxikon-3-1536x1152.jpeg 1536w, https:\/\/travesiapirenaica.com\/wp-content\/uploads\/2023\/12\/alextxikon-3-2048x1536.jpeg 2048w, https:\/\/travesiapirenaica.com\/wp-content\/uploads\/2023\/12\/alextxikon-3-600x450.jpeg 600w\" sizes=\"auto, (max-width: 1024px) 100vw, 1024px\" \/><\/figure>\n\n\n\n<p>Alex Txikon, Chhepal, Passan Nurbu, Mig temba, Pemba et Mattia Conte sont d\u00e9j\u00e0 au C2 de l'Annapurna (5 600m environ), apr\u00e8s avoir grimp\u00e9 en un peu plus de 2 heures du C1 au C2 charg\u00e9s de plus de 20kg. Lakpa, Ang Gyalu et Magkpa passeront la nuit au C3 afin d'y laisser la corde pour la deuxi\u00e8me rotation en altitude de #AnnapurnaColdPeaks.&nbsp;<\/p>\n\n\n\n<figure class=\"wp-block-embed is-type-rich is-provider-twitter wp-block-embed-twitter\"><div class=\"wp-block-embed__wrapper\">\n<blockquote class=\"twitter-tweet\" data-width=\"550\" data-dnt=\"true\"><p lang=\"es\" dir=\"ltr\">Alex explique qu'il a grimp\u00e9 en un peu plus de 2 heures du C1 au C2 en portant plus de 20 kg. Ils sont forts et enthousiastes. Demain, l'objectif est de continuer \u00e0 prendre de l'altitude.<\/p>- Alex Txikon (@AlexTxikon) <a href=\"https:\/\/twitter.com\/AlexTxikon\/status\/1741489821653090434?ref_src=twsrc%5Etfw\" target=\"_blank\" rel=\"noopener\">31 d\u00e9cembre 2023<\/a><\/blockquote><script async src=\"https:\/\/platform.twitter.com\/widgets.js\" charset=\"utf-8\"><\/script>\n<\/div><\/figure>\n\n\n\n<p>\"Nous sommes tous tr\u00e8s bien, c'est un parcours tr\u00e8s froid, nous n'avons pas eu de vent, mais malgr\u00e9 tout, c'\u00e9tait une journ\u00e9e tr\u00e8s froide. Mais nous savons ce que nous sommes venus chercher, c'est l'hiver\", a d\u00e9clar\u00e9 Alex Txikon. Le Bizkaarien a indiqu\u00e9 que certains d'entre eux, comme lui, Pemba et Mig Temba, portaient 20-22 kilos lorsqu'ils sont partis du C1, y compris les tentes, la nourriture et les affaires de ceux qui \u00e9taient mont\u00e9s au C3, c'est-\u00e0-dire Lakpa, Ang Gyalu et Magkpa. \"J'ai mis environ deux heures pour monter du C1 au C2, parce qu'il faisait froid et que j'ai profit\u00e9 de l'occasion pour aller vite\", a t-il d\u00e9clar\u00e9.<\/p>\n\n\n\n<p>Dans le m\u00eame ordre d'id\u00e9es, Txikon a \u00e9galement comment\u00e9 la strat\u00e9gie d'ascension : \"Lakpa, Ang Gyalu et Magkpa passent la nuit au C3 pour d\u00e9poser la corde, afin que demain nous puissions grimper plus repos\u00e9s\". Il a termin\u00e9 en expliquant que \"maintenant nous devons manger et boire, r\u00e9cup\u00e9rer notre \u00e9nergie, parce que l'intention est de continuer \u00e0 prendre de l'altitude demain\".&nbsp;<\/p>","protected":false},"excerpt":{"rendered":"Alex Txikon, Chhepal, Magkpa, Ang-gyalu, Mayla, MigTemba, Lakpa, Tashi, Moeses, Mattia et Andres ont donn\u00e9...","protected":false},"author":1,"featured_media":39146,"comment_status":"closed","ping_status":"closed","sticky":false,"template":"","format":"standard","meta":{"_kad_blocks_custom_css":"","_kad_blocks_head_custom_js":"","_kad_blocks_body_custom_js":"","_kad_blocks_footer_custom_js":"","episode_type":"audio","audio_file":"","podmotor_file_id":"","podmotor_episode_id":"","cover_image":"","cover_image_id":"","duration":"","filesize":"","filesize_raw":"","date_recorded":"","explicit":"","block":"","_kad_post_transparent":"","_kad_post_title":"","_kad_post_layout":"","_kad_post_sidebar_id":"","_kad_post_content_style":"","_kad_post_vertical_padding":"","_kad_post_feature":"","_kad_post_feature_position":"","_kad_post_header":false,"_kad_post_footer":false,"_kad_post_classname":"","_jetpack_memberships_contains_paid_content":false,"footnotes":""},"categories":[3002],"tags":[],"series":[],"class_list":["post-38980","post","type-post","status-publish","format-standard","has-post-thumbnail","hentry","category-actualidad"],"episode_featured_image":"https:\/\/travesiapirenaica.com\/wp-content\/uploads\/2024\/01\/Equipo-scaled.jpeg","episode_player_image":"https:\/\/travesiapirenaica.com\/wp-content\/uploads\/2017\/12\/Caratula-Podcast-Maldita-Montana_1500x1500_72pp-p_.jpg","download_link":"","player_link":"","audio_player":false,"episode_data":{"playerMode":"dark","subscribeUrls":[],"rssFeedUrl":"https:\/\/travesiapirenaica.com\/fr\/feed\/podcast\/maldita-montana","embedCode":"<blockquote class=\"wp-embedded-content\" data-secret=\"AFXrrgF8H1\"><a href=\"https:\/\/travesiapirenaica.com\/fr\/alex-txikon-descansa-ya-en-c2-en-la-segunda-rotacion-en-altura-de-su-expedicion-invernal-al-annapurna\/\">Alex Txikon da por concluida su expedicion invernal al Annapurna<\/a><\/blockquote><iframe sandbox=\"allow-scripts\" security=\"restricted\" src=\"https:\/\/travesiapirenaica.com\/fr\/alex-txikon-descansa-ya-en-c2-en-la-segunda-rotacion-en-altura-de-su-expedicion-invernal-al-annapurna\/embed\/#?secret=AFXrrgF8H1\" width=\"500\" height=\"350\" title=\"\u00ab\u00a0Alex Txikon da por concluida su expedicion invernal al Annapurna\u00a0\u00bb &#8212; Traves\u00eda.\" data-secret=\"AFXrrgF8H1\" frameborder=\"0\" marginwidth=\"0\" marginheight=\"0\" scrolling=\"no\" class=\"wp-embedded-content\"><\/iframe><script>\n\/*! This file is auto-generated *\/\n!function(d,l){\"use strict\";l.querySelector&&d.addEventListener&&\"undefined\"!=typeof URL&&(d.wp=d.wp||{},d.wp.receiveEmbedMessage||(d.wp.receiveEmbedMessage=function(e){var t=e.data;if((t||t.secret||t.message||t.value)&&!\/[^a-zA-Z0-9]\/.test(t.secret)){for(var s,r,n,a=l.querySelectorAll('iframe[data-secret=\"'+t.secret+'\"]'),o=l.querySelectorAll('blockquote[data-secret=\"'+t.secret+'\"]'),c=new RegExp(\"^https?:$\",\"i\"),i=0;i<o.length;i++)o[i].style.display=\"none\";for(i=0;i<a.length;i++)s=a[i],e.source===s.contentWindow&&(s.removeAttribute(\"style\"),\"height\"===t.message?(1e3<(r=parseInt(t.value,10))?r=1e3:~~r<200&&(r=200),s.height=r):\"link\"===t.message&&(r=new URL(s.getAttribute(\"src\")),n=new URL(t.value),c.test(n.protocol))&&n.host===r.host&&l.activeElement===s&&(d.top.location.href=t.value))}},d.addEventListener(\"message\",d.wp.receiveEmbedMessage,!1),l.addEventListener(\"DOMContentLoaded\",function(){for(var e,t,s=l.querySelectorAll(\"iframe.wp-embedded-content\"),r=0;r<s.length;r++)(t=(e=s[r]).getAttribute(\"data-secret\"))||(t=Math.random().toString(36).substring(2,12),e.src+=\"#?secret=\"+t,e.setAttribute(\"data-secret\",t)),e.contentWindow.postMessage({message:\"ready\",secret:t},\"*\")},!1)))}(window,document);\n\/\/# sourceURL=https:\/\/travesiapirenaica.com\/wp-includes\/js\/wp-embed.min.js\n<\/script>\n"},"taxonomy_info":{"category":[{"value":3002,"label":"Actualidad"}]},"featured_image_src_large":["https:\/\/travesiapirenaica.com\/wp-content\/uploads\/2024\/01\/Equipo-683x1024.jpeg",683,1024,true],"author_info":{"display_name":"Traves\u00eda Pirenaica","author_link":"https:\/\/travesiapirenaica.com\/fr\/author\/travesia-pirenaica\/"},"comment_info":0,"category_info":[{"term_id":3002,"name":"Actualidad","slug":"actualidad","term_group":0,"term_taxonomy_id":3018,"taxonomy":"category","description":"Actualidad","parent":0,"count":75,"filter":"raw","cat_ID":3002,"category_count":75,"category_description":"Actualidad","cat_name":"Actualidad","category_nicename":"actualidad","category_parent":0}],"tag_info":false,"jetpack_featured_media_url":"https:\/\/travesiapirenaica.com\/wp-content\/uploads\/2024\/01\/Equipo-scaled.jpeg","jetpack_sharing_enabled":true,"_links":{"self":[{"href":"https:\/\/travesiapirenaica.com\/fr\/wp-json\/wp\/v2\/posts\/38980","targetHints":{"allow":["GET"]}}],"collection":[{"href":"https:\/\/travesiapirenaica.com\/fr\/wp-json\/wp\/v2\/posts"}],"about":[{"href":"https:\/\/travesiapirenaica.com\/fr\/wp-json\/wp\/v2\/types\/post"}],"author":[{"embeddable":true,"href":"https:\/\/travesiapirenaica.com\/fr\/wp-json\/wp\/v2\/users\/1"}],"replies":[{"embeddable":true,"href":"https:\/\/travesiapirenaica.com\/fr\/wp-json\/wp\/v2\/comments?post=38980"}],"version-history":[{"count":0,"href":"https:\/\/travesiapirenaica.com\/fr\/wp-json\/wp\/v2\/posts\/38980\/revisions"}],"wp:featuredmedia":[{"embeddable":true,"href":"https:\/\/travesiapirenaica.com\/fr\/wp-json\/wp\/v2\/media\/39146"}],"wp:attachment":[{"href":"https:\/\/travesiapirenaica.com\/fr\/wp-json\/wp\/v2\/media?parent=38980"}],"wp:term":[{"taxonomy":"category","embeddable":true,"href":"https:\/\/travesiapirenaica.com\/fr\/wp-json\/wp\/v2\/categories?post=38980"},{"taxonomy":"post_tag","embeddable":true,"href":"https:\/\/travesiapirenaica.com\/fr\/wp-json\/wp\/v2\/tags?post=38980"},{"taxonomy":"series","embeddable":true,"href":"https:\/\/travesiapirenaica.com\/fr\/wp-json\/wp\/v2\/series?post=38980"}],"curies":[{"name":"wp","href":"https:\/\/api.w.org\/{rel}","templated":true}]}}