{"id":39782,"date":"2024-02-09T06:56:29","date_gmt":"2024-02-09T05:56:29","guid":{"rendered":"https:\/\/travesiapirenaica.com\/?p=39782"},"modified":"2024-02-14T13:43:27","modified_gmt":"2024-02-14T12:43:27","slug":"laxathjod-a-salmon-nation-un-documentaire-sur-la-lutte-pour-proteger-les-eaux-cristallines-de-lislande-et-le-saumon-sauvage-contre-les-elevages-industriels-de-saumon-en-eaux-libres","status":"publish","type":"post","link":"https:\/\/travesiapirenaica.com\/fr\/laxathjod-a-salmon-nation-un-documental-sobre-la-lucha-para-proteger-las-aguas-cristalinas-de-islandia-y-el-salmon-salvaje-frente-a-las-piscifactorias-de-salmon-industriales-en-aguas-abiertas\/","title":{"rendered":"\"Laxa\u00fej\u00f3\u00f0 - A Salmon Nation\", un documentaire sur la lutte pour prot\u00e9ger les eaux islandaises et le saumon sauvage des fermes piscicoles industrielles."},"content":{"rendered":"<ul class=\"wp-block-list\">\n<li><strong>Ce nouveau documentaire met en lumi\u00e8re le co\u00fbt environnemental de la p\u00eache au saumon. <\/strong><\/li>\n<\/ul>\n\n\n\n<p>L'entreprise de v\u00eatements de sport Patagonia publie son nouveau documentaire,&nbsp;<strong><em>Laxa\u00fej\u00f3\u00f0 - Une nation de saumons<\/em><\/strong>Le rapport sur la lutte pour prot\u00e9ger les eaux vierges de l'Islande et le saumon sauvage contre les \u00e9levages industriels de saumon en eau libre.<\/p>\n\n\n\n<figure class=\"wp-block-embed is-type-video is-provider-youtube wp-block-embed-youtube wp-embed-aspect-16-9 wp-has-aspect-ratio\"><div class=\"wp-block-embed__wrapper\">\n<iframe loading=\"lazy\" title=\"Laxa\u00fej\u00f3\u00f0 | A Salmon Nation | Patagonia Films\" width=\"720\" height=\"405\" src=\"https:\/\/www.youtube.com\/embed\/rfLBmMK1SAg?feature=oembed\" frameborder=\"0\" allow=\"accelerometer; autoplay; clipboard-write; encrypted-media; gyroscope; picture-in-picture; web-share\" allowfullscreen><\/iframe>\n<\/div><\/figure>\n\n\n\n<p><strong>La campagne demande au gouvernement islandais de montrer l'exemple en Europe en interdisant les \u00e9levages de saumon en eau libre le long de son littoral.<\/strong><\/p>\n\n\n\n<p>Ce documentaire de 27 minutes raconte l'histoire d'un pays uni par ses terres et ses eaux, et le pouvoir d'une communaut\u00e9 qui s'efforce de prot\u00e9ger la nature et la vie sauvage qui ont contribu\u00e9 \u00e0 forger l'identit\u00e9 de la nation. Il sera pr\u00e9sent\u00e9 en avant-premi\u00e8re lors d'un \u00e9v\u00e9nement public \u00e0 Reykjavik et en ligne, dans le cadre d'une campagne internationale de sensibilisation aux dommages caus\u00e9s par les \u00e9levages en eaux libres aux poissons sauvages, aux milieux naturels et aux animaux d'\u00e9levage.<\/p>\n\n\n\n<p>Yvon Chouinard, fondateur de Patagonia, a d\u00e9clar\u00e9 :<\/p>\n\n\n\n<p>\"Depuis mon premier voyage en Islande en 1960, nous avons vu les stocks de saumon sauvage diminuer et maintenant, si l'industrie de l'\u00e9levage du saumon est autoris\u00e9e \u00e0 poursuivre sur la m\u00eame voie, les esp\u00e8ces sauvages seront rel\u00e9gu\u00e9es \u00e0 l'histoire et la nature vierge sera ruin\u00e9e. Cela s'est d\u00e9j\u00e0 produit au Royaume-Uni et en Norv\u00e8ge.<\/p>\n\n\n\n<p>En Islande, comme ailleurs, l'\u00e9conomie tourne autour de la nature, et non l'inverse. Si nous d\u00e9truisons la nature, nous d\u00e9truirons notre \u00e9conomie. Il faudra faire preuve de vision et de leadership pour inverser la tendance, mais nous savons que c'est possible.<\/p>\n\n\n\n<h2 class=\"wp-block-heading\"><strong>Lutter pour un meilleur avenir pour l'Islande<\/strong><\/h2>\n\n\n\n<p>L'industrie du saumon d'\u00e9levage se d\u00e9veloppe dans les fjords d'Islande, o\u00f9 d'immenses cages en eau libre abritent des millions de poissons d'\u00e9levage. Ces cages permettent aux maladies et \u00e0 la pollution de se r\u00e9pandre dans l'environnement imm\u00e9diat, o\u00f9 le saumon sauvage et la truite de mer luttent pour leur survie.<\/p>\n\n\n\n<p>Un nouveau projet de loi sur l'aquaculture, en cours d'\u00e9laboration et devant \u00eatre approuv\u00e9 cette ann\u00e9e, pourrait imm\u00e9diatement instaurer une r\u00e9glementation environnementale plus stricte et des normes plus s\u00e9v\u00e8res en mati\u00e8re de bien-\u00eatre animal pour les \u00e9levages de saumon en eau libre en Islande, avec une transition vers une interdiction totale \u00e0 l'avenir.<\/p>\n\n\n\n<p>Le lancement de&nbsp;<em>Laxa\u00fej\u00f3\u00f0 - Une nation de saumons<\/em>&nbsp;fait suite \u00e0 la publication du projet de loi, auquel les Islandais ont r\u00e9pondu dans le cadre d'une p\u00e9riode de consultation publique. Ce processus a battu des records en Islande avec plus de 300 commentaires, le plus grand nombre de commentaires publics de l'histoire, y compris des d\u00e9clarations du fondateur de Patagonia, Yvon Chouinard, et de son PDG, Ryan Gellert.<\/p>\n\n\n\n<p>ONG luttant pour la protection des eaux islandaises et des stocks de saumon sauvage, y compris les organisations financ\u00e9es par Patagonia,&nbsp;<a href=\"https:\/\/iwf.is\/\" target=\"_blank\" rel=\"noreferrer noopener nofollow\">Fonds islandais pour la protection de la nature (IWF)<\/a>&nbsp;y&nbsp;<a href=\"https:\/\/nasf.is\/en\/about_nasf\/#:~:text=The%2520North%2520Atlantic%2520Salmon%2520Fund,Atlantic%2520salmon%2520and%2520marine%2520biodiversity.\" target=\"_blank\" rel=\"noreferrer noopener nofollow\">Fonds pour le saumon de l'Atlantique Nord (NASF)<\/a>ont exprim\u00e9 leur profonde inqui\u00e9tude quant au projet actuel.<\/p>\n\n\n\n<p>J\u00f3n Kaldal, du Fonds islandais pour la protection de la nature, a comment\u00e9 l'\u00e9v\u00e9nement :<\/p>\n\n\n\n<p>\"<em>Le projet de loi sur l'aquaculture n'a pas l'ambition de promouvoir un meilleur avenir pour l'Islande. Il autorise des taux de mortalit\u00e9 trop \u00e9lev\u00e9s et pr\u00e9voit des sanctions trop l\u00e9g\u00e8res pour les contrevenants. Il s'appuie \u00e9galement trop sur l'autod\u00e9claration du secteur, ce qui, par le pass\u00e9, a conduit les entreprises \u00e0 dissimuler des informations ou \u00e0 diffuser des donn\u00e9es inexactes. Le gouvernement islandais doit aller plus loin pour rem\u00e9dier aux lacunes actuelles du projet de loi dans le projet de loi final\".<\/em><\/p>\n\n\n\n<p><strong>Le probl\u00e8me des \u00e9levages de saumon en Europe<\/strong><br>&nbsp;<br>En dehors de l'Islande, le secteur du saumon d'\u00e9levage est en plein essor dans toute l'Europe, en particulier en Norv\u00e8ge, en \u00c9cosse et en Irlande, sous l'impulsion d'int\u00e9r\u00eats commerciaux essentiellement norv\u00e9giens. La consommation mondiale de saumon est trois fois plus \u00e9lev\u00e9e qu'en 1980 (source :&nbsp;<a href=\"https:\/\/www.worldwildlife.org\/industries\/farmed-salmon\" target=\"_blank\" rel=\"noreferrer noopener nofollow\">https:\/\/www.worldwildlife.org\/industries\/farmed-salmon<\/a>). L'augmentation de la production s'accompagne d'une augmentation de la consommation.<\/p>\n\n\n<div class=\"wp-block-image\">\n<figure class=\"aligncenter size-large\"><img loading=\"lazy\" decoding=\"async\" width=\"1024\" height=\"768\" src=\"https:\/\/travesiapirenaica.com\/wp-content\/uploads\/2024\/02\/A-SALMON-NATION_STILLS_13_1.6.1-1024x768.jpg\" alt=\"\" class=\"wp-image-39785\" srcset=\"https:\/\/travesiapirenaica.com\/wp-content\/uploads\/2024\/02\/A-SALMON-NATION_STILLS_13_1.6.1-1024x768.jpg 1024w, https:\/\/travesiapirenaica.com\/wp-content\/uploads\/2024\/02\/A-SALMON-NATION_STILLS_13_1.6.1-300x225.jpg 300w, https:\/\/travesiapirenaica.com\/wp-content\/uploads\/2024\/02\/A-SALMON-NATION_STILLS_13_1.6.1-768x576.jpg 768w, https:\/\/travesiapirenaica.com\/wp-content\/uploads\/2024\/02\/A-SALMON-NATION_STILLS_13_1.6.1-600x450.jpg 600w, https:\/\/travesiapirenaica.com\/wp-content\/uploads\/2024\/02\/A-SALMON-NATION_STILLS_13_1.6.1.jpg 1200w\" sizes=\"auto, (max-width: 1024px) 100vw, 1024px\" \/><\/figure>\n<\/div>\n\n\n<p>Depuis 2019, date du lancement de la campagne mondiale&nbsp;<em>Artifishal<\/em><a href=\"https:\/\/www.google.com\/url?q=https%3A%2F%2Fgreenmedialab.us4.list-manage.com%2Ftrack%2Fclick%3Fu%3D4b6c5703a7db7b122fb3f1204%26id%3Dbd1bf1c39a%26e%3Dd274cf7dbe&amp;sa=D&amp;sntz=1&amp;usg=AOvVaw15pB4cQvwxxVjNR-FHTgK3\" target=\"_blank\" rel=\"noreferrer noopener\">&nbsp;<\/a>Avec Laxa\u00fej\u00f3\u00f0 - A Salmon Nation, Patagonia a tir\u00e9 la sonnette d'alarme sur le statut menac\u00e9 du saumon sauvage en raison des menaces que repr\u00e9sentent les fermes oc\u00e9aniques et les \u00e9levages de poissons. Cinq ans plus tard, avec Laxa\u00fej\u00f3\u00f0 - A Salmon Nation, Patagonia demande au gouvernement islandais de montrer l'exemple en Europe en interdisant les nouveaux \u00e9levages de saumon en cage en pleine mer et en supprimant progressivement les \u00e9levages existants.<\/p>\n\n\n\n<p>En plus de soutenir l'IWF et le NASF en Islande, Patagonia soutient plusieurs ONG \u00e0 travers l'Europe dans leurs campagnes locales contre les \u00e9levages de saumon en eau libre, par l'interm\u00e9diaire de partenaires.&nbsp;<br>comme dans les parcs d'engraissement de saumon \u00e9cossais<em><a href=\"https:\/\/www.google.com\/url?q=https%3A%2F%2Fgreenmedialab.us4.list-manage.com%2Ftrack%2Fclick%3Fu%3D4b6c5703a7db7b122fb3f1204%26id%3Dc560519278%26e%3Dd274cf7dbe&amp;sa=D&amp;sntz=1&amp;usg=AOvVaw3h58yaY4ll6YgdbdVHE5Tm\" target=\"_blank\" rel=\"noreferrer noopener\">&nbsp;<\/a>y&nbsp;<\/em>Poissons sauvages gr\u00e2ce \u00e0 des subventions de 1% for the Planet<a href=\"https:\/\/www.google.com\/url?q=https%3A%2F%2Fgreenmedialab.us4.list-manage.com%2Ftrack%2Fclick%3Fu%3D4b6c5703a7db7b122fb3f1204%26id%3Da385de0855%26e%3Dd274cf7dbe&amp;sa=D&amp;sntz=1&amp;usg=AOvVaw2euW94B7MLoEBdQOPpCYNA\" target=\"_blank\" rel=\"noreferrer noopener\">.<\/a><br>&nbsp;<br>La campagne contre les \u00e9levages de saumon est soutenue par des personnalit\u00e9s publiques, telles que l'artiste et musicienne Bj\u00f6rk, qui fait don des b\u00e9n\u00e9fices de sa derni\u00e8re chanson,&nbsp;<em>Oral<\/em>une collaboration avec l'artiste espagnole Rosal\u00eda, pour soutenir la cause. Oral peut \u00eatre \u00e9cout\u00e9 sur&nbsp;<em>Laxa\u00fej\u00f3\u00f0 - Une nation de saumons.<\/em><\/p>\n\n\n<div class=\"wp-block-image\">\n<figure class=\"aligncenter size-large\"><img loading=\"lazy\" decoding=\"async\" width=\"1024\" height=\"768\" src=\"https:\/\/travesiapirenaica.com\/wp-content\/uploads\/2024\/02\/A-SALMON-NATION_STILLS_14_1.7.1-1024x768.jpg\" alt=\"\" class=\"wp-image-39786\" srcset=\"https:\/\/travesiapirenaica.com\/wp-content\/uploads\/2024\/02\/A-SALMON-NATION_STILLS_14_1.7.1-1024x768.jpg 1024w, https:\/\/travesiapirenaica.com\/wp-content\/uploads\/2024\/02\/A-SALMON-NATION_STILLS_14_1.7.1-300x225.jpg 300w, https:\/\/travesiapirenaica.com\/wp-content\/uploads\/2024\/02\/A-SALMON-NATION_STILLS_14_1.7.1-768x576.jpg 768w, https:\/\/travesiapirenaica.com\/wp-content\/uploads\/2024\/02\/A-SALMON-NATION_STILLS_14_1.7.1-600x450.jpg 600w, https:\/\/travesiapirenaica.com\/wp-content\/uploads\/2024\/02\/A-SALMON-NATION_STILLS_14_1.7.1.jpg 1200w\" sizes=\"auto, (max-width: 1024px) 100vw, 1024px\" \/><\/figure>\n<\/div>\n\n\n<p><strong>Soutenez la campagne, signez la p\u00e9tition et profitez&nbsp;<em>Laxa\u00fej\u00f3\u00f0 - Une nation de saumons<\/em>&nbsp;<\/strong><a href=\"https:\/\/eu.patagonia.com\/gb\/en\/iceland\/\" target=\"_blank\" rel=\"noreferrer noopener nofollow\"><strong>ici<\/strong><\/a><strong>.<\/strong><\/p>\n\n\n\n<p><\/p>","protected":false},"excerpt":{"rendered":"L'entreprise de v\u00eatements de sport Patagonia sort son nouveau documentaire, Laxa\u00fej\u00f3\u00f0 - A Salmon Nation, sur...","protected":false},"author":954,"featured_media":39784,"comment_status":"closed","ping_status":"closed","sticky":false,"template":"","format":"standard","meta":{"_kad_blocks_custom_css":"","_kad_blocks_head_custom_js":"","_kad_blocks_body_custom_js":"","_kad_blocks_footer_custom_js":"","episode_type":"audio","audio_file":"","podmotor_file_id":"","podmotor_episode_id":"","cover_image":"","cover_image_id":"","duration":"","filesize":"","filesize_raw":"","date_recorded":"","explicit":"","block":"","_kad_post_transparent":"","_kad_post_title":"","_kad_post_layout":"","_kad_post_sidebar_id":"","_kad_post_content_style":"","_kad_post_vertical_padding":"","_kad_post_feature":"hide","_kad_post_feature_position":"","_kad_post_header":false,"_kad_post_footer":false,"_kad_post_classname":"","_jetpack_memberships_contains_paid_content":false,"footnotes":""},"categories":[3002,3008],"tags":[],"series":[],"class_list":["post-39782","post","type-post","status-publish","format-standard","has-post-thumbnail","hentry","category-actualidad","category-ecologia-medio-ambiente"],"episode_featured_image":"https:\/\/travesiapirenaica.com\/wp-content\/uploads\/2024\/02\/HERO_IMAGE_A-SALMON-NATION_STILLS_6_1.3.1.jpg","episode_player_image":"https:\/\/travesiapirenaica.com\/wp-content\/uploads\/2017\/12\/Caratula-Podcast-Maldita-Montana_1500x1500_72pp-p_.jpg","download_link":"","player_link":"","audio_player":false,"episode_data":{"playerMode":"dark","subscribeUrls":[],"rssFeedUrl":"https:\/\/travesiapirenaica.com\/fr\/feed\/podcast\/maldita-montana","embedCode":"<blockquote class=\"wp-embedded-content\" data-secret=\"J0KDWfuX5d\"><a href=\"https:\/\/travesiapirenaica.com\/fr\/laxathjod-a-salmon-nation-un-documental-sobre-la-lucha-para-proteger-las-aguas-cristalinas-de-islandia-y-el-salmon-salvaje-frente-a-las-piscifactorias-de-salmon-industriales-en-aguas-abiertas\/\">\u00abLaxa\u00fej\u00f3\u00f0 &#8211; A Salmon Nation\u00bb, un documental sobre la lucha para proteger las aguas de Islandia y el salm\u00f3n salvaje frente a las piscifactor\u00edas industriales.<\/a><\/blockquote><iframe sandbox=\"allow-scripts\" security=\"restricted\" src=\"https:\/\/travesiapirenaica.com\/fr\/laxathjod-a-salmon-nation-un-documental-sobre-la-lucha-para-proteger-las-aguas-cristalinas-de-islandia-y-el-salmon-salvaje-frente-a-las-piscifactorias-de-salmon-industriales-en-aguas-abiertas\/embed\/#?secret=J0KDWfuX5d\" width=\"500\" height=\"350\" title=\"\u00ab\u00a0\u00abLaxa\u00fej\u00f3\u00f0 &#8211; A Salmon Nation\u00bb, un documental sobre la lucha para proteger las aguas de Islandia y el salm\u00f3n salvaje frente a las piscifactor\u00edas industriales.\u00a0\u00bb &#8212; Traves\u00eda.\" data-secret=\"J0KDWfuX5d\" frameborder=\"0\" marginwidth=\"0\" marginheight=\"0\" scrolling=\"no\" class=\"wp-embedded-content\"><\/iframe><script>\n\/*! This file is auto-generated *\/\n!function(d,l){\"use strict\";l.querySelector&&d.addEventListener&&\"undefined\"!=typeof URL&&(d.wp=d.wp||{},d.wp.receiveEmbedMessage||(d.wp.receiveEmbedMessage=function(e){var t=e.data;if((t||t.secret||t.message||t.value)&&!\/[^a-zA-Z0-9]\/.test(t.secret)){for(var s,r,n,a=l.querySelectorAll('iframe[data-secret=\"'+t.secret+'\"]'),o=l.querySelectorAll('blockquote[data-secret=\"'+t.secret+'\"]'),c=new RegExp(\"^https?:$\",\"i\"),i=0;i<o.length;i++)o[i].style.display=\"none\";for(i=0;i<a.length;i++)s=a[i],e.source===s.contentWindow&&(s.removeAttribute(\"style\"),\"height\"===t.message?(1e3<(r=parseInt(t.value,10))?r=1e3:~~r<200&&(r=200),s.height=r):\"link\"===t.message&&(r=new URL(s.getAttribute(\"src\")),n=new URL(t.value),c.test(n.protocol))&&n.host===r.host&&l.activeElement===s&&(d.top.location.href=t.value))}},d.addEventListener(\"message\",d.wp.receiveEmbedMessage,!1),l.addEventListener(\"DOMContentLoaded\",function(){for(var e,t,s=l.querySelectorAll(\"iframe.wp-embedded-content\"),r=0;r<s.length;r++)(t=(e=s[r]).getAttribute(\"data-secret\"))||(t=Math.random().toString(36).substring(2,12),e.src+=\"#?secret=\"+t,e.setAttribute(\"data-secret\",t)),e.contentWindow.postMessage({message:\"ready\",secret:t},\"*\")},!1)))}(window,document);\n\/\/# sourceURL=https:\/\/travesiapirenaica.com\/wp-includes\/js\/wp-embed.min.js\n<\/script>\n"},"taxonomy_info":{"category":[{"value":3002,"label":"Actualidad"},{"value":3008,"label":"Ecolog\u00eda \/ Medio ambiente"}]},"featured_image_src_large":["https:\/\/travesiapirenaica.com\/wp-content\/uploads\/2024\/02\/HERO_IMAGE_A-SALMON-NATION_STILLS_6_1.3.1-1024x768.jpg",1024,768,true],"author_info":{"display_name":"Moises Campos","author_link":"https:\/\/travesiapirenaica.com\/fr\/author\/moises-campos\/"},"comment_info":0,"category_info":[{"term_id":3002,"name":"Actualidad","slug":"actualidad","term_group":0,"term_taxonomy_id":3018,"taxonomy":"category","description":"Actualidad","parent":0,"count":75,"filter":"raw","cat_ID":3002,"category_count":75,"category_description":"Actualidad","cat_name":"Actualidad","category_nicename":"actualidad","category_parent":0},{"term_id":3008,"name":"Ecolog\u00eda \/ Medio ambiente","slug":"ecologia-medio-ambiente","term_group":0,"term_taxonomy_id":3024,"taxonomy":"category","description":"Ecolog\u00eda \/ Medio ambiente","parent":0,"count":26,"filter":"raw","cat_ID":3008,"category_count":26,"category_description":"Ecolog\u00eda \/ Medio ambiente","cat_name":"Ecolog\u00eda \/ Medio ambiente","category_nicename":"ecologia-medio-ambiente","category_parent":0}],"tag_info":false,"jetpack_featured_media_url":"https:\/\/travesiapirenaica.com\/wp-content\/uploads\/2024\/02\/HERO_IMAGE_A-SALMON-NATION_STILLS_6_1.3.1.jpg","jetpack_sharing_enabled":true,"_links":{"self":[{"href":"https:\/\/travesiapirenaica.com\/fr\/wp-json\/wp\/v2\/posts\/39782","targetHints":{"allow":["GET"]}}],"collection":[{"href":"https:\/\/travesiapirenaica.com\/fr\/wp-json\/wp\/v2\/posts"}],"about":[{"href":"https:\/\/travesiapirenaica.com\/fr\/wp-json\/wp\/v2\/types\/post"}],"author":[{"embeddable":true,"href":"https:\/\/travesiapirenaica.com\/fr\/wp-json\/wp\/v2\/users\/954"}],"replies":[{"embeddable":true,"href":"https:\/\/travesiapirenaica.com\/fr\/wp-json\/wp\/v2\/comments?post=39782"}],"version-history":[{"count":0,"href":"https:\/\/travesiapirenaica.com\/fr\/wp-json\/wp\/v2\/posts\/39782\/revisions"}],"wp:featuredmedia":[{"embeddable":true,"href":"https:\/\/travesiapirenaica.com\/fr\/wp-json\/wp\/v2\/media\/39784"}],"wp:attachment":[{"href":"https:\/\/travesiapirenaica.com\/fr\/wp-json\/wp\/v2\/media?parent=39782"}],"wp:term":[{"taxonomy":"category","embeddable":true,"href":"https:\/\/travesiapirenaica.com\/fr\/wp-json\/wp\/v2\/categories?post=39782"},{"taxonomy":"post_tag","embeddable":true,"href":"https:\/\/travesiapirenaica.com\/fr\/wp-json\/wp\/v2\/tags?post=39782"},{"taxonomy":"series","embeddable":true,"href":"https:\/\/travesiapirenaica.com\/fr\/wp-json\/wp\/v2\/series?post=39782"}],"curies":[{"name":"wp","href":"https:\/\/api.w.org\/{rel}","templated":true}]}}