{"id":39889,"date":"2024-02-14T11:33:35","date_gmt":"2024-02-14T10:33:35","guid":{"rendered":"https:\/\/travesiapirenaica.com\/?p=39889"},"modified":"2025-01-14T18:06:44","modified_gmt":"2025-01-14T17:06:44","slug":"histoires-de-haute-altitude-iii-brosses-et-bateaux","status":"publish","type":"post","link":"https:\/\/travesiapirenaica.com\/fr\/relatos-de-altura-iii-brochas-y-botes\/","title":{"rendered":"Brosses et bidons"},"content":{"rendered":"<p><em>Nous poursuivons la publication des micro-histoires de la troisi\u00e8me \u00e9dition du concours :&nbsp;<a href=\"https:\/\/travesiapirenaica.com\/fr\/concours-de-micro-histoires2023\/\">Histoires de haute altitude<\/a>nous vous laissons appr\u00e9cier avec \"<strong>Brosses et bidons<\/strong>\"par Emilio Mateos Ortega.<\/em><\/p>\n\n\n\n<h2 class=\"wp-block-heading\" id=\"aqui-y-ahora\"><strong><em><strong>Brosses et bidons<\/strong><\/em><\/strong><\/h2>\n\n\n\n<p><em>-par Emilio Mateos Ortega-.<\/em><\/p>\n\n\n\n<p>Il ne se souvient pas de la date \u00e0 laquelle son grand-p\u00e8re l'a emmen\u00e9 pour la premi\u00e8re fois en montagne, mais il se rappelle que c'est son grand-p\u00e8re qui lui a donn\u00e9 le go\u00fbt de l'altitude.<\/p>\n\n\n\n<p>C'\u00e9tait l'\u00e9poque o\u00f9 il combinait ses \u00e9tudes secondaires et universitaires avec des excursions dans les falaises et les ravins, transportant tout ce mat\u00e9riel de bric et de broc, des cordes et des sandwiches dans son sac \u00e0 dos, qu'il a continu\u00e9 \u00e0 partager avec le vieil homme pendant quelques ann\u00e9es.<\/p>\n\n\n\n<p>Tout a chang\u00e9 avec le temps, le vieux n'est plus l\u00e0, mais l'activit\u00e9 qu'il a d\u00e9velopp\u00e9e fait que les baudriers, les cordes, les mousquetons, les huit, les cartes d'identit\u00e9 et, bien s\u00fbr, les casques font toujours partie de sa vie. Ces ann\u00e9es \u00e0 la Facult\u00e9 des Beaux-Arts ont model\u00e9 son app\u00e9tit ; maintenant, avec un grand coll\u00e8gue, il structure la fa\u00e7ade \u00e0 peindre, suspendue \u00e0 une bonne installation.<\/p>\n\n\n\n<p>- Paco, passe-moi les pinceaux et les pots, cette fresque va \u00eatre magnifique !<\/p>","protected":false},"excerpt":{"rendered":"Nous poursuivons la publication des micro-r\u00e9cits de la troisi\u00e8me \u00e9dition du concours : Relatos de Altura,...","protected":false},"author":1,"featured_media":39891,"comment_status":"closed","ping_status":"closed","sticky":false,"template":"","format":"standard","meta":{"_kad_blocks_custom_css":"","_kad_blocks_head_custom_js":"","_kad_blocks_body_custom_js":"","_kad_blocks_footer_custom_js":"","episode_type":"audio","audio_file":"","podmotor_file_id":"","podmotor_episode_id":"","cover_image":"","cover_image_id":"","duration":"","filesize":"","filesize_raw":"","date_recorded":"","explicit":"","block":"","_kad_post_transparent":"","_kad_post_title":"","_kad_post_layout":"","_kad_post_sidebar_id":"","_kad_post_content_style":"","_kad_post_vertical_padding":"","_kad_post_feature":"","_kad_post_feature_position":"","_kad_post_header":false,"_kad_post_footer":false,"_kad_post_classname":"","_jetpack_memberships_contains_paid_content":false,"footnotes":""},"categories":[54],"tags":[3022],"series":[],"class_list":["post-39889","post","type-post","status-publish","format-standard","has-post-thumbnail","hentry","category-cultura","tag-microrrelatos"],"episode_featured_image":"https:\/\/travesiapirenaica.com\/wp-content\/uploads\/2024\/02\/Relatos-de-altura-III-Brochas-y-botes.jpg","episode_player_image":"https:\/\/travesiapirenaica.com\/wp-content\/uploads\/2017\/12\/Caratula-Podcast-Maldita-Montana_1500x1500_72pp-p_.jpg","download_link":"","player_link":"","audio_player":false,"episode_data":{"playerMode":"dark","subscribeUrls":[],"rssFeedUrl":"https:\/\/travesiapirenaica.com\/fr\/feed\/podcast\/maldita-montana","embedCode":"<blockquote class=\"wp-embedded-content\" data-secret=\"nHBrCVlK2w\"><a href=\"https:\/\/travesiapirenaica.com\/fr\/relatos-de-altura-iii-brochas-y-botes\/\">Brochas y botes<\/a><\/blockquote><iframe sandbox=\"allow-scripts\" security=\"restricted\" src=\"https:\/\/travesiapirenaica.com\/fr\/relatos-de-altura-iii-brochas-y-botes\/embed\/#?secret=nHBrCVlK2w\" width=\"500\" height=\"350\" title=\"\u00ab\u00a0Brochas y botes\u00a0\u00bb &#8212; Traves\u00eda.\" data-secret=\"nHBrCVlK2w\" frameborder=\"0\" marginwidth=\"0\" marginheight=\"0\" scrolling=\"no\" class=\"wp-embedded-content\"><\/iframe><script>\n\/*! This file is auto-generated *\/\n!function(d,l){\"use strict\";l.querySelector&&d.addEventListener&&\"undefined\"!=typeof URL&&(d.wp=d.wp||{},d.wp.receiveEmbedMessage||(d.wp.receiveEmbedMessage=function(e){var t=e.data;if((t||t.secret||t.message||t.value)&&!\/[^a-zA-Z0-9]\/.test(t.secret)){for(var s,r,n,a=l.querySelectorAll('iframe[data-secret=\"'+t.secret+'\"]'),o=l.querySelectorAll('blockquote[data-secret=\"'+t.secret+'\"]'),c=new RegExp(\"^https?:$\",\"i\"),i=0;i<o.length;i++)o[i].style.display=\"none\";for(i=0;i<a.length;i++)s=a[i],e.source===s.contentWindow&&(s.removeAttribute(\"style\"),\"height\"===t.message?(1e3<(r=parseInt(t.value,10))?r=1e3:~~r<200&&(r=200),s.height=r):\"link\"===t.message&&(r=new URL(s.getAttribute(\"src\")),n=new URL(t.value),c.test(n.protocol))&&n.host===r.host&&l.activeElement===s&&(d.top.location.href=t.value))}},d.addEventListener(\"message\",d.wp.receiveEmbedMessage,!1),l.addEventListener(\"DOMContentLoaded\",function(){for(var e,t,s=l.querySelectorAll(\"iframe.wp-embedded-content\"),r=0;r<s.length;r++)(t=(e=s[r]).getAttribute(\"data-secret\"))||(t=Math.random().toString(36).substring(2,12),e.src+=\"#?secret=\"+t,e.setAttribute(\"data-secret\",t)),e.contentWindow.postMessage({message:\"ready\",secret:t},\"*\")},!1)))}(window,document);\n\/\/# sourceURL=https:\/\/travesiapirenaica.com\/wp-includes\/js\/wp-embed.min.js\n<\/script>\n"},"taxonomy_info":{"category":[{"value":54,"label":"Cultura"}],"post_tag":[{"value":3022,"label":"microrrelatos"}]},"featured_image_src_large":["https:\/\/travesiapirenaica.com\/wp-content\/uploads\/2024\/02\/Relatos-de-altura-III-Brochas-y-botes-1024x768.jpg",1024,768,true],"author_info":{"display_name":"Traves\u00eda Pirenaica","author_link":"https:\/\/travesiapirenaica.com\/fr\/author\/travesia-pirenaica\/"},"comment_info":0,"category_info":[{"term_id":54,"name":"Cultura","slug":"cultura","term_group":0,"term_taxonomy_id":54,"taxonomy":"category","description":"","parent":0,"count":239,"filter":"raw","cat_ID":54,"category_count":239,"category_description":"","cat_name":"Cultura","category_nicename":"cultura","category_parent":0}],"tag_info":[{"term_id":3022,"name":"microrrelatos","slug":"microrrelatos","term_group":0,"term_taxonomy_id":3038,"taxonomy":"post_tag","description":"","parent":0,"count":212,"filter":"raw"}],"jetpack_featured_media_url":"https:\/\/travesiapirenaica.com\/wp-content\/uploads\/2024\/02\/Relatos-de-altura-III-Brochas-y-botes.jpg","jetpack_sharing_enabled":true,"_links":{"self":[{"href":"https:\/\/travesiapirenaica.com\/fr\/wp-json\/wp\/v2\/posts\/39889","targetHints":{"allow":["GET"]}}],"collection":[{"href":"https:\/\/travesiapirenaica.com\/fr\/wp-json\/wp\/v2\/posts"}],"about":[{"href":"https:\/\/travesiapirenaica.com\/fr\/wp-json\/wp\/v2\/types\/post"}],"author":[{"embeddable":true,"href":"https:\/\/travesiapirenaica.com\/fr\/wp-json\/wp\/v2\/users\/1"}],"replies":[{"embeddable":true,"href":"https:\/\/travesiapirenaica.com\/fr\/wp-json\/wp\/v2\/comments?post=39889"}],"version-history":[{"count":0,"href":"https:\/\/travesiapirenaica.com\/fr\/wp-json\/wp\/v2\/posts\/39889\/revisions"}],"wp:featuredmedia":[{"embeddable":true,"href":"https:\/\/travesiapirenaica.com\/fr\/wp-json\/wp\/v2\/media\/39891"}],"wp:attachment":[{"href":"https:\/\/travesiapirenaica.com\/fr\/wp-json\/wp\/v2\/media?parent=39889"}],"wp:term":[{"taxonomy":"category","embeddable":true,"href":"https:\/\/travesiapirenaica.com\/fr\/wp-json\/wp\/v2\/categories?post=39889"},{"taxonomy":"post_tag","embeddable":true,"href":"https:\/\/travesiapirenaica.com\/fr\/wp-json\/wp\/v2\/tags?post=39889"},{"taxonomy":"series","embeddable":true,"href":"https:\/\/travesiapirenaica.com\/fr\/wp-json\/wp\/v2\/series?post=39889"}],"curies":[{"name":"wp","href":"https:\/\/api.w.org\/{rel}","templated":true}]}}