{"id":40107,"date":"2024-02-28T12:46:44","date_gmt":"2024-02-28T11:46:44","guid":{"rendered":"https:\/\/travesiapirenaica.com\/?p=40107"},"modified":"2024-10-09T13:35:09","modified_gmt":"2024-10-09T11:35:09","slug":"coup-denvoi-de-la-tournee-espagnole-du-festival-du-film-de-montagne-de-banff","status":"publish","type":"post","link":"https:\/\/travesiapirenaica.com\/fr\/arranca-la-gira-espanola-del-banff-mountain-film-festival\/","title":{"rendered":"Coup d'envoi de la tourn\u00e9e espagnole du festival du film de montagne BANFF"},"content":{"rendered":"<ul class=\"wp-block-list\">\n<li><strong>Le prestigieux festival du film de montagne pr\u00e9sentera 8 projets audiovisuels de renom lors de cinq \u00e9tapes nationales.<\/strong><\/li>\n<\/ul>\n\n\n\n<ul class=\"wp-block-list\">\n<li><strong>Jaca ouvre la tourn\u00e9e ce week-end avec la pr\u00e9sence de Marta Jimenez, protagoniste d'un saut BASE sans pr\u00e9c\u00e9dent dans le Torre\u00f3n de los Galayos.<\/strong><\/li>\n<\/ul>\n\n\n\n<figure class=\"wp-block-embed is-type-video is-provider-youtube wp-block-embed-youtube wp-embed-aspect-16-9 wp-has-aspect-ratio\"><div class=\"wp-block-embed__wrapper\">\n<iframe loading=\"lazy\" title=\"Coup d&#039;envoi du BANFF World Tour Espagne 2024\" width=\"720\" height=\"405\" src=\"https:\/\/www.youtube.com\/embed\/Ed08J23G6K0?feature=oembed\" frameborder=\"0\" allow=\"accelerometer; autoplay; clipboard-write; encrypted-media; gyroscope; picture-in-picture; web-share\" referrerpolicy=\"strict-origin-when-cross-origin\" allowfullscreen><\/iframe>\n<\/div><\/figure>\n\n\n\n<p>La tourn\u00e9e espagnole de l'un des festivals de films de montagne les plus anciens et les plus prestigieux du monde est de retour. Les <strong>Tourn\u00e9e mondiale du festival du film de montagne BANFF<\/strong> L'\u00e9v\u00e9nement se d\u00e9roule dans notre pays avec une s\u00e9lection minutieuse de projections renomm\u00e9es, ainsi que des conf\u00e9rences, des ateliers et des sorties qui compl\u00e8tent le programme de chacune des \u00e9tapes pr\u00e9vues pour cette \u00e9dition 2024. D'abord avec trois \u00e9v\u00e9nements dans les Pyr\u00e9n\u00e9es aragonaises et catalanes : <a href=\"https:\/\/banffworldtour.com\/?page_id=10138\" target=\"_blank\" rel=\"noreferrer noopener nofollow\">Jaca<\/a> (1er et 2 mars), <a href=\"https:\/\/banffworldtour.com\/?page_id=10183\" target=\"_blank\" rel=\"noreferrer noopener nofollow\">Castej\u00f3n de Sos<\/a> (15 mars), <a href=\"https:\/\/banffworldtour.com\/?page_id=10180\" target=\"_blank\" rel=\"noreferrer noopener nofollow\">Benasque<\/a> (16 et 17 mars) et <a href=\"https:\/\/banffworldtour.com\/?page_id=10279\" target=\"_blank\" rel=\"noreferrer noopener nofollow\">Vielha<\/a> (29 et 30 mars), puis \u00e0 Zamora (4 mai), cl\u00f4turant un calendrier qui pourrait encore s'\u00e9toffer.<\/p>\n\n\n\n<p>Pendant le week-end, \u00e0 chaque arr\u00eat <strong>sera examin\u00e9e <\/strong><a href=\"https:\/\/www.instagram.com\/p\/C3DYXVrJXc5\/\" target=\"_blank\" rel=\"noreferrer noopener nofollow\"><strong>8 \u0153uvres audiovisuelles<\/strong><\/a> li\u00e9s aux sports extr\u00eames, aux voyages, \u00e0 l'aventure et \u00e0 la nature. Les points forts sont les suivants <strong>Chronoception<\/strong>l'histoire d'une exp\u00e9dition de ski et de snowboard de trois semaines dans les montagnes inexplor\u00e9es d'Asie ; ou <strong>Paysage sonore<\/strong>Le court-m\u00e9trage sur l'escalade a re\u00e7u le prix d'excellence cr\u00e9ative du BANFF.<\/p>\n\n\n<div class=\"wp-block-image\">\n<figure class=\"aligncenter size-large is-resized\"><img loading=\"lazy\" decoding=\"async\" width=\"819\" height=\"1024\" src=\"https:\/\/travesiapirenaica.com\/wp-content\/uploads\/2024\/02\/7658ea404a0d52794ea7da375beec65fe030de7bdec956096c4584f4599394cc-rimg-w1200-h1500-gmir-819x1024.webp\" alt=\"\" class=\"wp-image-40110\" style=\"width:auto;height:600px\" srcset=\"https:\/\/travesiapirenaica.com\/wp-content\/uploads\/2024\/02\/7658ea404a0d52794ea7da375beec65fe030de7bdec956096c4584f4599394cc-rimg-w1200-h1500-gmir-819x1024.webp 819w, https:\/\/travesiapirenaica.com\/wp-content\/uploads\/2024\/02\/7658ea404a0d52794ea7da375beec65fe030de7bdec956096c4584f4599394cc-rimg-w1200-h1500-gmir-240x300.webp 240w, https:\/\/travesiapirenaica.com\/wp-content\/uploads\/2024\/02\/7658ea404a0d52794ea7da375beec65fe030de7bdec956096c4584f4599394cc-rimg-w1200-h1500-gmir-768x960.webp 768w, https:\/\/travesiapirenaica.com\/wp-content\/uploads\/2024\/02\/7658ea404a0d52794ea7da375beec65fe030de7bdec956096c4584f4599394cc-rimg-w1200-h1500-gmir-600x750.webp 600w, https:\/\/travesiapirenaica.com\/wp-content\/uploads\/2024\/02\/7658ea404a0d52794ea7da375beec65fe030de7bdec956096c4584f4599394cc-rimg-w1200-h1500-gmir.webp 1200w\" sizes=\"auto, (max-width: 819px) 100vw, 819px\" \/><\/figure>\n<\/div>\n\n\n<p>Au-del\u00e0 de l'\u00e9cran, tous les jeudis, la programmation de chaque localit\u00e9 sera inaugur\u00e9e par l'\u00e9quipe d'animation. <strong>Atelier participatif gratuit \"Que savez-vous de la neige et des avalanches ?<\/strong> par l'ACNA (Asociaci\u00f3n Conocimiento Nieve y Aludes). Autre <strong>atelier<\/strong>, deux <strong>conf\u00e9rences<\/strong> et le <strong>Rencontre et accueil <\/strong>compl\u00e8teront l'offre pour les amoureux de la montagne sur chaque site.<\/p>\n\n\n\n<p>Dans le cas de <strong>Jaca<\/strong>qui accueille pour la neuvi\u00e8me fois une \u00e9tape BANFF en Espagne, la vedette devait \u00eatre Alex Huber avec une conf\u00e9rence le samedi et un cours de ma\u00eetre sur l'escalade le dimanche. Finalement, pour des raisons de force majeure, il sera remplac\u00e9 par une autre conf\u00e9rence int\u00e9ressante, celle d'Alex Huber. <strong>Marta Jim\u00e9nez<\/strong>qui, avec son partenaire Eric de Cima, a r\u00e9alis\u00e9 le premier saut BASE du Torre\u00f3n de los Galayos. Il montrera la r\u00e9alisation du saut, \"La cerise sur le g\u00e2teau\", et donnera une classe de ma\u00eetre sur l'alpinisme \u00e0 l'Indoorwall de Jaca le dimanche 3.<\/p>\n\n\n\n<p>Apr\u00e8s Jaca, l'excursion se poursuivra dans les Pyr\u00e9n\u00e9es aragonaises avec la visite de <strong>Castej\u00f3n de Sos<\/strong> (15 mars), o\u00f9 il y aura un Cine Forum de Abriendo Camino Vol.1, avec les athl\u00e8tes de l'\u00e9quipe f\u00e9minine d'alpinisme de la FEDME 2022-2024. Le week-end, l'action se d\u00e9placera \u00e0 <strong>Benasque<\/strong> avec la projection des \u0153uvres audiovisuelles, des conf\u00e9rences, des ateliers et l'exposition Rowaling, qui sera itin\u00e9rante et se d\u00e9placera \u00e9galement \u00e0 Vielha. <em><\/em><\/p>\n\n\n\n<p>C'est \u00e0 Vielha (Lleida) que s'ach\u00e8vera \u00e0 la fin du mois la tourn\u00e9e pyr\u00e9n\u00e9enne de la BANNF. Avec le m\u00eame programme audiovisuel, ainsi que - entre autres - la conf\u00e9rence \"Atracci\u00f3 Instintiva\" de Miquel Mas et Marc Subirana, qui cl\u00f4turera la tourn\u00e9e avec sa conf\u00e9rence \"Atracci\u00f3 Instintiva\". <strong>atelier pratique sur les techniques d'encordement sur glacier et d'autosauvetage en crevasse<\/strong> pour les utilisateurs avec ou sans formation pr\u00e9alable.<\/p>\n\n\n\n<p>Les <a href=\"https:\/\/entradium.com\/es\/organizers\/nomad-reels\" target=\"_blank\" rel=\"noreferrer noopener nofollow\">billets<\/a> pour l'ensemble des projections, ateliers et conf\u00e9rences dans les Pyr\u00e9n\u00e9es sont d\u00e9j\u00e0 <strong>disponible<\/strong>. Programmation et billetterie pour l'arr\u00eat programm\u00e9 en <strong>Zamora<\/strong>le 4 mai au Teatro Ramos Carri\u00f3n, sera interpr\u00e9t\u00e9 par <a href=\"https:\/\/teatroramoscarrionzamora.com\/\" target=\"_blank\" rel=\"noreferrer noopener nofollow\">bient\u00f4t disponible<\/a>. Courir, c'est voler.<\/p>\n\n\n\n<h2 class=\"wp-block-heading\"><strong>\u00c0 propos de la tourn\u00e9e mondiale du festival du film de montagne BANFF<\/strong><\/h2>\n\n\n\n<p>Le BANFF Mountain Film Festival est le festival international de r\u00e9f\u00e9rence en mati\u00e8re de films de montagne, d'aventure et de sports extr\u00eames qui se tient chaque ann\u00e9e - depuis 1976 - au Banff Centre, dans l'Alberta (Canada). Une fois termin\u00e9, il parcourt le monde avec le BANFF Mountain Film Festival World Tour, qui fait le tour de dizaines de pays et accumule des milliers de projections. En 2016, il est venu pour la premi\u00e8re fois en Espagne, o\u00f9 il est accompagn\u00e9 d'un programme d'activit\u00e9s li\u00e9es au monde de la montagne dans le cadre d'un programme culturel et sportif complet. La tourn\u00e9e en Espagne est possible gr\u00e2ce au soutien de l'ambassade du Canada en Espagne, des mairies de Jaca, Benasque, Castej\u00f3n de Sos et Vielha e Mijaran, ainsi que du Conselh Generau d'Aran. Nous remercions \u00e9galement les sponsors Leatherman, Bestard, Osso, Sinner, Mammut, Indoorwall Jaca, Inturmark Hotels et Sommos Hotels. Ainsi qu'\u00e0 la collaboration de l'ACNA et des stations de ski de Candanch\u00fa, Aramon Cerler et Baqueira-Beret.<\/p>","protected":false},"excerpt":{"rendered":"La tourn\u00e9e espagnole de l'un des festivals les plus anciens et les plus prestigieux du monde revient...","protected":false},"author":954,"featured_media":40108,"comment_status":"closed","ping_status":"closed","sticky":false,"template":"","format":"standard","meta":{"_kad_blocks_custom_css":"","_kad_blocks_head_custom_js":"","_kad_blocks_body_custom_js":"","_kad_blocks_footer_custom_js":"","episode_type":"audio","audio_file":"","podmotor_file_id":"","podmotor_episode_id":"","cover_image":"","cover_image_id":"","duration":"","filesize":"","filesize_raw":"","date_recorded":"","explicit":"","block":"","_kad_post_transparent":"","_kad_post_title":"","_kad_post_layout":"","_kad_post_sidebar_id":"","_kad_post_content_style":"","_kad_post_vertical_padding":"","_kad_post_feature":"","_kad_post_feature_position":"","_kad_post_header":false,"_kad_post_footer":false,"_kad_post_classname":"","_jetpack_memberships_contains_paid_content":false,"footnotes":""},"categories":[3002],"tags":[3182],"series":[],"class_list":["post-40107","post","type-post","status-publish","format-standard","has-post-thumbnail","hentry","category-actualidad","tag-pmff"],"episode_featured_image":"https:\/\/travesiapirenaica.com\/wp-content\/uploads\/2024\/02\/BANFF-Mountain-Film-Festival.jpg","episode_player_image":"https:\/\/travesiapirenaica.com\/wp-content\/uploads\/2017\/12\/Caratula-Podcast-Maldita-Montana_1500x1500_72pp-p_.jpg","download_link":"","player_link":"","audio_player":false,"episode_data":{"playerMode":"dark","subscribeUrls":[],"rssFeedUrl":"https:\/\/travesiapirenaica.com\/fr\/feed\/podcast\/maldita-montana","embedCode":"<blockquote class=\"wp-embedded-content\" data-secret=\"Yro9rtciaa\"><a href=\"https:\/\/travesiapirenaica.com\/fr\/arranca-la-gira-espanola-del-banff-mountain-film-festival\/\">Arranca la gira espa\u00f1ola del BANFF Mountain Film Festival<\/a><\/blockquote><iframe sandbox=\"allow-scripts\" security=\"restricted\" src=\"https:\/\/travesiapirenaica.com\/fr\/arranca-la-gira-espanola-del-banff-mountain-film-festival\/embed\/#?secret=Yro9rtciaa\" width=\"500\" height=\"350\" title=\"\u00ab\u00a0Arranca la gira espa\u00f1ola del BANFF Mountain Film Festival\u00a0\u00bb &#8212; Traves\u00eda.\" data-secret=\"Yro9rtciaa\" frameborder=\"0\" marginwidth=\"0\" marginheight=\"0\" scrolling=\"no\" class=\"wp-embedded-content\"><\/iframe><script>\n\/*! This file is auto-generated *\/\n!function(d,l){\"use strict\";l.querySelector&&d.addEventListener&&\"undefined\"!=typeof URL&&(d.wp=d.wp||{},d.wp.receiveEmbedMessage||(d.wp.receiveEmbedMessage=function(e){var t=e.data;if((t||t.secret||t.message||t.value)&&!\/[^a-zA-Z0-9]\/.test(t.secret)){for(var s,r,n,a=l.querySelectorAll('iframe[data-secret=\"'+t.secret+'\"]'),o=l.querySelectorAll('blockquote[data-secret=\"'+t.secret+'\"]'),c=new RegExp(\"^https?:$\",\"i\"),i=0;i<o.length;i++)o[i].style.display=\"none\";for(i=0;i<a.length;i++)s=a[i],e.source===s.contentWindow&&(s.removeAttribute(\"style\"),\"height\"===t.message?(1e3<(r=parseInt(t.value,10))?r=1e3:~~r<200&&(r=200),s.height=r):\"link\"===t.message&&(r=new URL(s.getAttribute(\"src\")),n=new URL(t.value),c.test(n.protocol))&&n.host===r.host&&l.activeElement===s&&(d.top.location.href=t.value))}},d.addEventListener(\"message\",d.wp.receiveEmbedMessage,!1),l.addEventListener(\"DOMContentLoaded\",function(){for(var e,t,s=l.querySelectorAll(\"iframe.wp-embedded-content\"),r=0;r<s.length;r++)(t=(e=s[r]).getAttribute(\"data-secret\"))||(t=Math.random().toString(36).substring(2,12),e.src+=\"#?secret=\"+t,e.setAttribute(\"data-secret\",t)),e.contentWindow.postMessage({message:\"ready\",secret:t},\"*\")},!1)))}(window,document);\n\/\/# sourceURL=https:\/\/travesiapirenaica.com\/wp-includes\/js\/wp-embed.min.js\n<\/script>\n"},"taxonomy_info":{"category":[{"value":3002,"label":"Actualidad"}],"post_tag":[{"value":3182,"label":"PMFF"}]},"featured_image_src_large":["https:\/\/travesiapirenaica.com\/wp-content\/uploads\/2024\/02\/BANFF-Mountain-Film-Festival-1024x768.jpg",1024,768,true],"author_info":{"display_name":"Moises Campos","author_link":"https:\/\/travesiapirenaica.com\/fr\/author\/moises-campos\/"},"comment_info":0,"category_info":[{"term_id":3002,"name":"Actualidad","slug":"actualidad","term_group":0,"term_taxonomy_id":3018,"taxonomy":"category","description":"Actualidad","parent":0,"count":75,"filter":"raw","cat_ID":3002,"category_count":75,"category_description":"Actualidad","cat_name":"Actualidad","category_nicename":"actualidad","category_parent":0}],"tag_info":[{"term_id":3182,"name":"PMFF","slug":"pmff","term_group":0,"term_taxonomy_id":3198,"taxonomy":"post_tag","description":"","parent":0,"count":11,"filter":"raw"}],"jetpack_featured_media_url":"https:\/\/travesiapirenaica.com\/wp-content\/uploads\/2024\/02\/BANFF-Mountain-Film-Festival.jpg","jetpack_sharing_enabled":true,"_links":{"self":[{"href":"https:\/\/travesiapirenaica.com\/fr\/wp-json\/wp\/v2\/posts\/40107","targetHints":{"allow":["GET"]}}],"collection":[{"href":"https:\/\/travesiapirenaica.com\/fr\/wp-json\/wp\/v2\/posts"}],"about":[{"href":"https:\/\/travesiapirenaica.com\/fr\/wp-json\/wp\/v2\/types\/post"}],"author":[{"embeddable":true,"href":"https:\/\/travesiapirenaica.com\/fr\/wp-json\/wp\/v2\/users\/954"}],"replies":[{"embeddable":true,"href":"https:\/\/travesiapirenaica.com\/fr\/wp-json\/wp\/v2\/comments?post=40107"}],"version-history":[{"count":0,"href":"https:\/\/travesiapirenaica.com\/fr\/wp-json\/wp\/v2\/posts\/40107\/revisions"}],"wp:featuredmedia":[{"embeddable":true,"href":"https:\/\/travesiapirenaica.com\/fr\/wp-json\/wp\/v2\/media\/40108"}],"wp:attachment":[{"href":"https:\/\/travesiapirenaica.com\/fr\/wp-json\/wp\/v2\/media?parent=40107"}],"wp:term":[{"taxonomy":"category","embeddable":true,"href":"https:\/\/travesiapirenaica.com\/fr\/wp-json\/wp\/v2\/categories?post=40107"},{"taxonomy":"post_tag","embeddable":true,"href":"https:\/\/travesiapirenaica.com\/fr\/wp-json\/wp\/v2\/tags?post=40107"},{"taxonomy":"series","embeddable":true,"href":"https:\/\/travesiapirenaica.com\/fr\/wp-json\/wp\/v2\/series?post=40107"}],"curies":[{"name":"wp","href":"https:\/\/api.w.org\/{rel}","templated":true}]}}