{"id":4066,"date":"2017-10-30T09:33:12","date_gmt":"2017-10-30T07:33:12","guid":{"rendered":"http:\/\/travesiapirenaica.com\/?p=4066"},"modified":"2024-09-17T11:11:58","modified_gmt":"2024-09-17T09:11:58","slug":"renclusa-aneto-refuge","status":"publish","type":"post","link":"https:\/\/travesiapirenaica.com\/fr\/refugio-renclusa-aneto\/","title":{"rendered":"Refuge La Renclusa : au pied de la montagne Aneto."},"content":{"rendered":"<p>Le <strong><a href=\"https:\/\/go90north.com\" target=\"_blank\" rel=\"noopener\">abri<\/a> de La Renclusa<\/strong>au pied du massif de la Maladeta, est le dernier lieu \"civilis\u00e9\" pour ceux qui entreprennent l'ascension du sommet des Pyr\u00e9n\u00e9es, l'Aneto (3 404 m). Situ\u00e9 sur le versant nord du massif, il est \u00e9galement le point de d\u00e9part de plus d'une vingtaine de sommets d\u00e9passant la barre des 3000 m, ainsi qu'une \u00e9tape strat\u00e9gique sur des travers\u00e9es telles que le retour \u00e0 l'Aneto, la variante de l'ascension de l'Aneto et la travers\u00e9e de la vall\u00e9e de l'Aiguillon. <strong>GR11.5<\/strong> ou le <strong><a href=\"http:\/\/travesiapirenaica.com\/fr\/arp\/arp.html\/\" target=\"_blank\" rel=\"noopener\">Haute Route des Pyr\u00e9n\u00e9es (ARP)<\/a><\/strong>.<\/p>\n<p>La construction du refuge de la Renclusa a \u00e9t\u00e9 encourag\u00e9e par le Centre Excursionista de Catalunya et il a \u00e9t\u00e9 inaugur\u00e9 en ao\u00fbt 1916. Depuis lors, la r\u00e9alit\u00e9 de ce refuge et d'autres a beaucoup chang\u00e9. La soci\u00e9t\u00e9 dans laquelle nous vivons et l'afflux croissant d'alpinistes posent aujourd'hui une s\u00e9rie de d\u00e9fis environnementaux.<\/p>\n<p>Le 6 octobre, nous avons pu voir en <strong>La2<\/strong>un nouveau chapitre de la <strong>Coccinelle verte<\/strong> au cours de laquelle on nous a montr\u00e9 les difficult\u00e9s consid\u00e9rables li\u00e9es \u00e0 la gestion durable d'une telle construction, la vie quotidienne du refuge, les histoires des gens qui ne font que passer et celles des gardes qui y ont consacr\u00e9 leur vie.<\/p>\n<p>Voici la vid\u00e9o de ce magnifique reportage.<\/p>\n<div style=\"width: 100%; padding-top: 64%; position: relative; border-bottom: 1px solid #aaa; display: inline-block; background: rgba(255,255,255,0.9);\">\n<p><iframe loading=\"lazy\" style=\"width: 100%; height: 90%; position: absolute; left: 0; top: 0; overflow: hidden;\" src=\"http:\/\/www.rtve.es\/drmn\/embed\/video\/4250698\" name=\"El refugio\" width=\"300\" height=\"150\" frameborder=\"0\" scrolling=\"no\" allowfullscreen=\"allowfullscreen\"><\/iframe><\/p>\n<div style=\"position: absolute; bottom: 0; left: 0; font-family: arial,helvetica,sans-serif; font-size: 12px; line-height: 1.833; display: inline-block; padding: 5px 0 5px 10px;\"><span style=\"float: left; margin-right: 10px;\"><img decoding=\"async\" style=\"height: 20px; width: auto; background: transparent; padding: 0; margin: 0;\" src=\"http:\/\/img.irtve.es\/css\/rtve.commons\/rtve.header.footer\/i\/logoRTVEes.png\" \/><\/span> <a style=\"color: #333; font-weight: bold;\" title=\"L&#039;abri\" href=\"http:\/\/www.rtve.es\/alacarta\/videos\/el-escarabajo-verde\/escarabajo-verde-refugio\/4250698\/\" target=\"_blank\" rel=\"noopener\"><strong>L'abri<\/strong><\/a><\/div>\n<\/div>","protected":false},"excerpt":{"rendered":"Le refuge Renclusa, situ\u00e9 au pied du massif de la Maladeta, est le...","protected":false},"author":1,"featured_media":5145,"comment_status":"closed","ping_status":"closed","sticky":false,"template":"","format":"image","meta":{"_kad_blocks_custom_css":"","_kad_blocks_head_custom_js":"","_kad_blocks_body_custom_js":"","_kad_blocks_footer_custom_js":"","episode_type":"audio","audio_file":"","podmotor_file_id":"","podmotor_episode_id":"","cover_image":"","cover_image_id":"","duration":"","filesize":"","filesize_raw":"","date_recorded":"","explicit":"","block":"","_kad_post_transparent":"","_kad_post_title":"","_kad_post_layout":"","_kad_post_sidebar_id":"","_kad_post_content_style":"","_kad_post_vertical_padding":"","_kad_post_feature":"","_kad_post_feature_position":"","_kad_post_header":false,"_kad_post_footer":false,"_kad_post_classname":"","_jetpack_memberships_contains_paid_content":false,"footnotes":""},"categories":[5],"tags":[],"series":[],"class_list":["post-4066","post","type-post","status-publish","format-image","has-post-thumbnail","hentry","category-pirineos","post_format-post-format-image"],"episode_featured_image":"https:\/\/travesiapirenaica.com\/wp-content\/uploads\/2017\/10\/renclusa-768x506-1.jpg","episode_player_image":"https:\/\/travesiapirenaica.com\/wp-content\/uploads\/2017\/12\/Caratula-Podcast-Maldita-Montana_1500x1500_72pp-p_.jpg","download_link":"","player_link":"","audio_player":false,"episode_data":{"playerMode":"dark","subscribeUrls":[],"rssFeedUrl":"https:\/\/travesiapirenaica.com\/fr\/feed\/podcast\/maldita-montana","embedCode":"<blockquote class=\"wp-embedded-content\" data-secret=\"qZNhVlwrlq\"><a href=\"https:\/\/travesiapirenaica.com\/fr\/refugio-renclusa-aneto\/\">El refugio de La Renclusa: a los pies del Aneto<\/a><\/blockquote><iframe sandbox=\"allow-scripts\" security=\"restricted\" src=\"https:\/\/travesiapirenaica.com\/fr\/refugio-renclusa-aneto\/embed\/#?secret=qZNhVlwrlq\" width=\"500\" height=\"350\" title=\"\u00ab\u00a0El refugio de La Renclusa: a los pies del Aneto\u00a0\u00bb &#8212; Traves\u00eda.\" data-secret=\"qZNhVlwrlq\" frameborder=\"0\" marginwidth=\"0\" marginheight=\"0\" scrolling=\"no\" class=\"wp-embedded-content\"><\/iframe><script>\n\/*! This file is auto-generated *\/\n!function(d,l){\"use strict\";l.querySelector&&d.addEventListener&&\"undefined\"!=typeof URL&&(d.wp=d.wp||{},d.wp.receiveEmbedMessage||(d.wp.receiveEmbedMessage=function(e){var t=e.data;if((t||t.secret||t.message||t.value)&&!\/[^a-zA-Z0-9]\/.test(t.secret)){for(var s,r,n,a=l.querySelectorAll('iframe[data-secret=\"'+t.secret+'\"]'),o=l.querySelectorAll('blockquote[data-secret=\"'+t.secret+'\"]'),c=new RegExp(\"^https?:$\",\"i\"),i=0;i<o.length;i++)o[i].style.display=\"none\";for(i=0;i<a.length;i++)s=a[i],e.source===s.contentWindow&&(s.removeAttribute(\"style\"),\"height\"===t.message?(1e3<(r=parseInt(t.value,10))?r=1e3:~~r<200&&(r=200),s.height=r):\"link\"===t.message&&(r=new URL(s.getAttribute(\"src\")),n=new URL(t.value),c.test(n.protocol))&&n.host===r.host&&l.activeElement===s&&(d.top.location.href=t.value))}},d.addEventListener(\"message\",d.wp.receiveEmbedMessage,!1),l.addEventListener(\"DOMContentLoaded\",function(){for(var e,t,s=l.querySelectorAll(\"iframe.wp-embedded-content\"),r=0;r<s.length;r++)(t=(e=s[r]).getAttribute(\"data-secret\"))||(t=Math.random().toString(36).substring(2,12),e.src+=\"#?secret=\"+t,e.setAttribute(\"data-secret\",t)),e.contentWindow.postMessage({message:\"ready\",secret:t},\"*\")},!1)))}(window,document);\n\/\/# sourceURL=https:\/\/travesiapirenaica.com\/wp-includes\/js\/wp-embed.min.js\n<\/script>\n"},"taxonomy_info":{"category":[{"value":5,"label":"Pirineos"}]},"featured_image_src_large":["https:\/\/travesiapirenaica.com\/wp-content\/uploads\/2017\/10\/renclusa-768x506-1-1024x440.jpg",1024,440,true],"author_info":{"display_name":"Traves\u00eda Pirenaica","author_link":"https:\/\/travesiapirenaica.com\/fr\/author\/travesia-pirenaica\/"},"comment_info":0,"category_info":[{"term_id":5,"name":"Pirineos","slug":"pirineos","term_group":0,"term_taxonomy_id":5,"taxonomy":"category","description":"","parent":0,"count":241,"filter":"raw","cat_ID":5,"category_count":241,"category_description":"","cat_name":"Pirineos","category_nicename":"pirineos","category_parent":0}],"tag_info":false,"jetpack_featured_media_url":"https:\/\/travesiapirenaica.com\/wp-content\/uploads\/2017\/10\/renclusa-768x506-1.jpg","jetpack_sharing_enabled":true,"_links":{"self":[{"href":"https:\/\/travesiapirenaica.com\/fr\/wp-json\/wp\/v2\/posts\/4066","targetHints":{"allow":["GET"]}}],"collection":[{"href":"https:\/\/travesiapirenaica.com\/fr\/wp-json\/wp\/v2\/posts"}],"about":[{"href":"https:\/\/travesiapirenaica.com\/fr\/wp-json\/wp\/v2\/types\/post"}],"author":[{"embeddable":true,"href":"https:\/\/travesiapirenaica.com\/fr\/wp-json\/wp\/v2\/users\/1"}],"replies":[{"embeddable":true,"href":"https:\/\/travesiapirenaica.com\/fr\/wp-json\/wp\/v2\/comments?post=4066"}],"version-history":[{"count":0,"href":"https:\/\/travesiapirenaica.com\/fr\/wp-json\/wp\/v2\/posts\/4066\/revisions"}],"wp:featuredmedia":[{"embeddable":true,"href":"https:\/\/travesiapirenaica.com\/fr\/wp-json\/wp\/v2\/media\/5145"}],"wp:attachment":[{"href":"https:\/\/travesiapirenaica.com\/fr\/wp-json\/wp\/v2\/media?parent=4066"}],"wp:term":[{"taxonomy":"category","embeddable":true,"href":"https:\/\/travesiapirenaica.com\/fr\/wp-json\/wp\/v2\/categories?post=4066"},{"taxonomy":"post_tag","embeddable":true,"href":"https:\/\/travesiapirenaica.com\/fr\/wp-json\/wp\/v2\/tags?post=4066"},{"taxonomy":"series","embeddable":true,"href":"https:\/\/travesiapirenaica.com\/fr\/wp-json\/wp\/v2\/series?post=4066"}],"curies":[{"name":"wp","href":"https:\/\/api.w.org\/{rel}","templated":true}]}}