{"id":4110,"date":"2020-06-04T07:54:00","date_gmt":"2020-06-04T05:54:00","guid":{"rendered":"http:\/\/travesiapirenaica.com\/?p=4110"},"modified":"2024-06-27T12:33:26","modified_gmt":"2024-06-27T10:33:26","slug":"ibon-plan-basa-mora","status":"publish","type":"post","link":"https:\/\/travesiapirenaica.com\/fr\/ibon-plan-basa-mora\/","title":{"rendered":"Ib\u00f3n de Plan ou Basa de la Mora"},"content":{"rendered":"<p>L'un des meilleurs itin\u00e9raires \u00e0 ne pas manquer est sans doute celui de la route de la <strong>Ib\u00f3n de Plan, \u00e9galement connu sous le nom de Basa de la Mora<\/strong>C'est l'une des plus belles de toute la cha\u00eene des Pyr\u00e9n\u00e9es. Il se trouve dans un paysage vraiment attrayant, qui alterne de grandes montagnes avec de belles for\u00eats, principalement de pins noirs, ainsi que de vastes prairies o\u00f9 le vert clair pr\u00e9domine.<\/p>\n\n\n\n<p>Consid\u00e9r\u00e9e comme l'une des plus belles des Pyr\u00e9n\u00e9es, la <strong>Ib\u00f3n de Plan<\/strong>Ce lac glaciaire, situ\u00e9 au nord de la province de Huesca, est un lieu magique et enchanteur. Une belle histoire raconte l'apparition d'une jeune fille musulmane qui, chaque 24 juin - jour de la Saint-Jean - ex\u00e9cute une danse sensuelle \u00e0 la surface de l'eau.<\/p>\n\n\n\n<p>Le mythe a attir\u00e9 l'attention de nombreux curieux, fascin\u00e9s par la beaut\u00e9 stup\u00e9fiante de ce tr\u00e9sor naturel ; ils interrogent les habitants sur l'histoire de cette jeune femme, dont le fant\u00f4me appara\u00eet - selon la l\u00e9gende - chaque ann\u00e9e depuis qu'elle s'est perdue dans les sommets pyr\u00e9n\u00e9ens alors qu'elle fuyait les combats entre chr\u00e9tiens et maures.<\/p>\n\n\n\n<p>Mais pour les plus sceptiques, ceux qui cherchent l'aventure et \u00e0 profiter d'un lieu de r\u00eave pour sa seule beaut\u00e9 naturelle, l'Ib\u00f3n de Plan offre une vision plus terrestre : les sommets, la for\u00eat de pins noirs et la neige qui entourent le lac sont impressionnants, surtout son reflet dans l'eau \u00e0 1 910 m\u00e8tres d'altitude.<\/p>\n\n\n\n<p>Le lac vous permet non seulement de vous ressourcer -avec votre propre observation-, mais aussi de profiter en famille ou entre amis de son environnement, c'est pourquoi nous vous invitons \u00e0 visiter l'Ib\u00f3n de Plan -appel\u00e9 ainsi en raison de sa proximit\u00e9 avec la ville de Plan-.<\/p>\n\n\n<style>.kb-row-layout-wrap.wp-block-kadence-rowlayout.kb-row-layout-id4110_b1ec93-21{margin-top:0px;margin-bottom:var(--global-kb-spacing-xs, 1rem);}.kb-row-layout-id4110_b1ec93-21 > .kt-row-column-wrap{align-content:start;}:where(.kb-row-layout-id4110_b1ec93-21 > .kt-row-column-wrap) > .wp-block-kadence-column{justify-content:start;}.kb-row-layout-id4110_b1ec93-21 > .kt-row-column-wrap{column-gap:var(--global-kb-gap-md, 2rem);row-gap:var(--global-kb-gap-sm, 1rem);max-width:var( --global-content-width, 1290px );padding-left:var(--global-content-edge-padding);padding-right:var(--global-content-edge-padding);padding-top:var(--global-kb-spacing-xxs, 0.5rem);padding-bottom:var(--global-kb-spacing-xs, 1rem);grid-template-columns:minmax(0, 1fr);}.kb-row-layout-id4110_b1ec93-21{border-top-left-radius:10px;border-top-right-radius:10px;border-bottom-right-radius:10px;border-bottom-left-radius:10px;overflow:clip;isolation:isolate;}.kb-row-layout-id4110_b1ec93-21 > .kt-row-layout-overlay{border-top-left-radius:10px;border-top-right-radius:10px;border-bottom-right-radius:10px;border-bottom-left-radius:10px;}.kb-row-layout-id4110_b1ec93-21 > .kt-row-layout-overlay{opacity:0.30;}@media all and (max-width: 1024px){.kb-row-layout-id4110_b1ec93-21 > .kt-row-column-wrap{row-gap:var(--global-kb-gap-lg, 4rem);padding-bottom:var(--global-kb-spacing-lg, 3rem);grid-template-columns:minmax(0, 1fr);}}@media all and (max-width: 767px){.kb-row-layout-id4110_b1ec93-21 > .kt-row-column-wrap{row-gap:var(--global-kb-gap-sm, 1rem);padding-bottom:var(--global-kb-spacing-xs, 1rem);grid-template-columns:minmax(0, 1fr);}}<\/style><div class=\"kb-row-layout-wrap kb-row-layout-id4110_b1ec93-21 alignnone has-theme-palette7-background-color kt-row-has-bg wp-block-kadence-rowlayout\"><div class=\"kt-row-column-wrap kt-has-1-columns kt-row-layout-equal kt-tab-layout-inherit kt-mobile-layout-row kt-row-valign-top kb-theme-content-width\">\n<style>.kadence-column4110_d65021-9f > .kt-inside-inner-col{padding-bottom:0px;}.kadence-column4110_d65021-9f > .kt-inside-inner-col,.kadence-column4110_d65021-9f > .kt-inside-inner-col:before{border-top-left-radius:0px;border-top-right-radius:0px;border-bottom-right-radius:0px;border-bottom-left-radius:0px;}.kadence-column4110_d65021-9f > .kt-inside-inner-col{column-gap:var(--global-kb-gap-sm, 1rem);}.kadence-column4110_d65021-9f > .kt-inside-inner-col{flex-direction:column;}.kadence-column4110_d65021-9f > .kt-inside-inner-col > .aligncenter{width:100%;}.kadence-column4110_d65021-9f > .kt-inside-inner-col:before{opacity:0.3;}.kadence-column4110_d65021-9f{position:relative;}.kadence-column4110_d65021-9f, .kt-inside-inner-col > .kadence-column4110_d65021-9f:not(.specificity){margin-bottom:0px;}@media all and (max-width: 1024px){.kadence-column4110_d65021-9f > .kt-inside-inner-col{flex-direction:column;justify-content:center;}}@media all and (max-width: 767px){.kadence-column4110_d65021-9f > .kt-inside-inner-col{flex-direction:column;justify-content:center;}}<\/style>\n<div class=\"wp-block-kadence-column kadence-column4110_d65021-9f\"><div class=\"kt-inside-inner-col\">\n<h4 class=\"wp-block-heading has-medium-font-size\"><strong>Articles similaires<\/strong><\/h4>\n<\/div><\/div>\n\n\n<style>.kadence-column4110_92495a-ff > .kt-inside-inner-col,.kadence-column4110_92495a-ff > .kt-inside-inner-col:before{border-top-left-radius:0px;border-top-right-radius:0px;border-bottom-right-radius:0px;border-bottom-left-radius:0px;}.kadence-column4110_92495a-ff > .kt-inside-inner-col{column-gap:var(--global-kb-gap-sm, 1rem);}.kadence-column4110_92495a-ff > .kt-inside-inner-col{flex-direction:column;}.kadence-column4110_92495a-ff > .kt-inside-inner-col > .aligncenter{width:100%;}.kadence-column4110_92495a-ff > .kt-inside-inner-col:before{opacity:0.3;}.kadence-column4110_92495a-ff{position:relative;}@media all and (max-width: 1024px){.kadence-column4110_92495a-ff > .kt-inside-inner-col{flex-direction:column;justify-content:center;}}@media all and (max-width: 767px){.kadence-column4110_92495a-ff > .kt-inside-inner-col{flex-direction:column;justify-content:center;}}<\/style>\n<div class=\"wp-block-kadence-column kadence-column4110_92495a-ff\"><div class=\"kt-inside-inner-col\"><style>.kt-post-loop4110_8e8580-54 .kadence-post-image{padding-top:0px;padding-right:16px;padding-left:0px;}.kt-post-loop4110_8e8580-54 .kt-feat-image-align-left{grid-template-columns:30% auto;}.kt-post-loop4110_8e8580-54 .kt-blocks-post-grid-item-inner-wrap .kt-blocks-post-grid-item-inner{display:flex;flex-direction:column;justify-content:flex-start;}.kt-post-loop4110_8e8580-54 .kt-post-grid-wrap{gap:16px 16px;}.kt-post-loop4110_8e8580-54 .kt-blocks-post-grid-item{border-top-left-radius:10px;border-top-right-radius:10px;border-bottom-right-radius:10px;border-bottom-left-radius:10px;border-top-color:currentColor;border-top-style:solid;border-right-color:currentColor;border-right-style:solid;border-bottom-color:currentColor;border-bottom-style:solid;border-left-color:currentColor;border-left-style:solid;overflow:hidden;}.kt-post-loop4110_8e8580-54 .kt-blocks-post-grid-item .kt-blocks-post-grid-item-inner{padding-top:0px;}.kt-post-loop4110_8e8580-54 .kt-blocks-post-grid-item .kt-blocks-post-grid-item-inner{text-align:left;}.kt-post-loop4110_8e8580-54 .kt-blocks-post-grid-item header{padding-top:0px;padding-right:0px;padding-bottom:10px;padding-left:0px;margin-top:0px;margin-right:0px;margin-bottom:0px;margin-left:0px;}.kt-post-loop4110_8e8580-54 .kt-blocks-post-grid-item .kt-blocks-above-categories{font-size:13px;line-height:20px;text-transform:uppercase;}.kt-post-loop4110_8e8580-54 .kt-blocks-post-grid-item .entry-title{padding-top:5px;padding-right:0px;padding-bottom:0px;padding-left:0px;margin-top:0px;margin-right:0px;margin-bottom:0px;margin-left:0px;font-size:var(--global-kb-font-size-md, 1.25rem);line-height:18px;font-weight:bold;}.kt-post-loop4110_8e8580-54 .entry-content{padding-top:0px;padding-right:0px;padding-left:0px;margin-top:0px;margin-right:0px;margin-left:0px;font-size:14px;line-height:24px;}.kt-post-loop4110_8e8580-54 .kt-blocks-post-footer{border-top-width:0px;border-right-width:0px;border-bottom-width:0px;border-left-width:0px;padding-top:0px;padding-right:0px;padding-bottom:0px;padding-left:0px;margin-top:0px;margin-right:0px;margin-bottom:0px;margin-left:0px;font-size:12px;line-height:20px;text-transform:uppercase;}.kt-post-loop4110_8e8580-54 .entry-content:after{height:0px;}.kt-post-loop4110_8e8580-54 .kb-filter-item{border-top-width:0px;border-right-width:0px;border-bottom-width:2px;border-left-width:0px;padding-top:5px;padding-right:8px;padding-bottom:5px;padding-left:8px;margin-top:0px;margin-right:10px;margin-bottom:0px;margin-left:0px;}@media all and (max-width: 1024px){.kt-post-loop4110_8e8580-54 .kt-blocks-post-grid-item{border-top-color:currentColor;border-top-style:solid;border-right-color:currentColor;border-right-style:solid;border-bottom-color:currentColor;border-bottom-style:solid;border-left-color:currentColor;border-left-style:solid;}}@media all and (max-width: 767px){.kt-post-loop4110_8e8580-54 .kt-blocks-post-grid-item{border-top-left-radius:0px;border-top-right-radius:0px;border-bottom-right-radius:0px;border-bottom-left-radius:0px;border-top-color:currentColor;border-top-style:solid;border-right-color:currentColor;border-right-style:solid;border-bottom-color:currentColor;border-bottom-style:solid;border-left-color:currentColor;border-left-style:solid;}}<\/style><div class=\"wp-block-kadence-postgrid kt-blocks-post-loop-block alignnone kt-post-loop4110_8e8580-54 kt-post-grid-layout-grid\"><div class=\"kt-post-grid-layout-grid-wrap kt-post-grid-wrap\" data-columns-xxl=\"2\" data-columns-xl=\"2\" data-columns-md=\"2\" data-columns-sm=\"2\" data-columns-xs=\"1\" data-columns-ss=\"1\"data-item-selector=\".kt-post-masonry-item\" aria-label=\"Carrousel de postes\"><article class=\"kt-blocks-post-grid-item post-21347 post type-post status-publish format-image has-post-thumbnail hentry category-pirineos tag-pirineos-verano post_format-post-format-image\"><div class=\"kt-blocks-post-grid-item-inner-wrap kt-feat-image-align-left kt-feat-image-mobile-align-side\"><div class=\"kadence-post-image\"><div class=\"kadence-post-image-intrisic kt-image-ratio-66-67\" style=\"padding-bottom:66.67%;\"><div class=\"kadence-post-image-inner-intrisic\"><a aria-hidden=\"true\" tabindex=\"-1\" role=\"presentation\" href=\"https:\/\/travesiapirenaica.com\/fr\/ibones-del-pirineo\/\" aria-label=\"Itin\u00e9raires vers Ibones del Pirineo\" class=\"kadence-post-image-inner-wrap\"><img loading=\"lazy\" decoding=\"async\" width=\"1024\" height=\"768\" src=\"https:\/\/travesiapirenaica.com\/wp-content\/uploads\/2017\/11\/180907_IG_@marisagarlo-_Ibones-de-Anayet_1200x900-1024x768.jpg\" class=\"attachment-large size-large wp-post-image\" alt=\"Ibones de Anayet, avec le pic Anayet en arri\u00e8re-plan \/ Photo : Marisa (Instagram : @marisagarlo)\" srcset=\"https:\/\/travesiapirenaica.com\/wp-content\/uploads\/2017\/11\/180907_IG_@marisagarlo-_Ibones-de-Anayet_1200x900-1024x768.jpg 1024w, https:\/\/travesiapirenaica.com\/wp-content\/uploads\/2017\/11\/180907_IG_@marisagarlo-_Ibones-de-Anayet_1200x900-300x225.jpg 300w, https:\/\/travesiapirenaica.com\/wp-content\/uploads\/2017\/11\/180907_IG_@marisagarlo-_Ibones-de-Anayet_1200x900-768x576.jpg 768w, https:\/\/travesiapirenaica.com\/wp-content\/uploads\/2017\/11\/180907_IG_@marisagarlo-_Ibones-de-Anayet_1200x900-150x113.jpg 150w, https:\/\/travesiapirenaica.com\/wp-content\/uploads\/2017\/11\/180907_IG_@marisagarlo-_Ibones-de-Anayet_1200x900-696x522.jpg 696w, https:\/\/travesiapirenaica.com\/wp-content\/uploads\/2017\/11\/180907_IG_@marisagarlo-_Ibones-de-Anayet_1200x900-1068x801.jpg 1068w, https:\/\/travesiapirenaica.com\/wp-content\/uploads\/2017\/11\/180907_IG_@marisagarlo-_Ibones-de-Anayet_1200x900-560x420.jpg 560w, https:\/\/travesiapirenaica.com\/wp-content\/uploads\/2017\/11\/180907_IG_@marisagarlo-_Ibones-de-Anayet_1200x900-80x60.jpg 80w, https:\/\/travesiapirenaica.com\/wp-content\/uploads\/2017\/11\/180907_IG_@marisagarlo-_Ibones-de-Anayet_1200x900-265x198.jpg 265w, https:\/\/travesiapirenaica.com\/wp-content\/uploads\/2017\/11\/180907_IG_@marisagarlo-_Ibones-de-Anayet_1200x900-853x640.jpg 853w, https:\/\/travesiapirenaica.com\/wp-content\/uploads\/2017\/11\/180907_IG_@marisagarlo-_Ibones-de-Anayet_1200x900-600x450.jpg 600w, https:\/\/travesiapirenaica.com\/wp-content\/uploads\/2017\/11\/180907_IG_@marisagarlo-_Ibones-de-Anayet_1200x900.jpg 1200w\" sizes=\"auto, (max-width: 1024px) 100vw, 1024px\" \/><\/a><\/div><\/div><\/div><div class=\"kt-blocks-post-grid-item-inner\"><header><h4 class=\"entry-title\"><a href=\"https:\/\/travesiapirenaica.com\/fr\/ibones-del-pirineo\/\">Itin\u00e9raires vers Ibones del Pirineo<\/a><\/h4><div class=\"kt-blocks-post-top-meta\"><\/div><\/header><div class=\"entry-content\"><\/div><footer class=\"kt-blocks-post-footer\"><div class=\"kt-blocks-post-footer-left\"><\/div><div class=\"kt-blocks-post-footer-right\"><\/div><\/footer><\/div><\/div><\/article><article class=\"kt-blocks-post-grid-item post-1413 post type-post status-publish format-standard has-post-thumbnail hentry category-pirineos tag-rutas-pirineo-aragones\"><div class=\"kt-blocks-post-grid-item-inner-wrap kt-feat-image-align-left kt-feat-image-mobile-align-side\"><div class=\"kadence-post-image\"><div class=\"kadence-post-image-intrisic kt-image-ratio-66-67\" style=\"padding-bottom:66.67%;\"><div class=\"kadence-post-image-inner-intrisic\"><a aria-hidden=\"true\" tabindex=\"-1\" role=\"presentation\" href=\"https:\/\/travesiapirenaica.com\/fr\/pirineos-pico-los-ibones-anayet\/\" aria-label=\"Ibones de Anayet\" class=\"kadence-post-image-inner-wrap\"><img loading=\"lazy\" decoding=\"async\" width=\"1024\" height=\"769\" src=\"https:\/\/travesiapirenaica.com\/wp-content\/uploads\/2020\/07\/Anayet_montanasaqueras_Newsletter-1024x769.jpg\" class=\"attachment-large size-large wp-post-image\" alt=\"Pic d&#039;Anayet depuis les Ibones du m\u00eame nom \/\/ Photo by @MontanasAqueras\" srcset=\"https:\/\/travesiapirenaica.com\/wp-content\/uploads\/2020\/07\/Anayet_montanasaqueras_Newsletter-1024x769.jpg 1024w, https:\/\/travesiapirenaica.com\/wp-content\/uploads\/2020\/07\/Anayet_montanasaqueras_Newsletter-300x225.jpg 300w, https:\/\/travesiapirenaica.com\/wp-content\/uploads\/2020\/07\/Anayet_montanasaqueras_Newsletter-768x577.jpg 768w, https:\/\/travesiapirenaica.com\/wp-content\/uploads\/2020\/07\/Anayet_montanasaqueras_Newsletter-450x338.jpg 450w, https:\/\/travesiapirenaica.com\/wp-content\/uploads\/2020\/07\/Anayet_montanasaqueras_Newsletter-225x169.jpg 225w, https:\/\/travesiapirenaica.com\/wp-content\/uploads\/2020\/07\/Anayet_montanasaqueras_Newsletter-900x676.jpg 900w, https:\/\/travesiapirenaica.com\/wp-content\/uploads\/2020\/07\/Anayet_montanasaqueras_Newsletter-20x15.jpg 20w, https:\/\/travesiapirenaica.com\/wp-content\/uploads\/2020\/07\/Anayet_montanasaqueras_Newsletter-128x96.jpg 128w, https:\/\/travesiapirenaica.com\/wp-content\/uploads\/2020\/07\/Anayet_montanasaqueras_Newsletter-600x451.jpg 600w, https:\/\/travesiapirenaica.com\/wp-content\/uploads\/2020\/07\/Anayet_montanasaqueras_Newsletter.jpg 1200w\" sizes=\"auto, (max-width: 1024px) 100vw, 1024px\" \/><\/a><\/div><\/div><\/div><div class=\"kt-blocks-post-grid-item-inner\"><header><h4 class=\"entry-title\"><a href=\"https:\/\/travesiapirenaica.com\/fr\/pirineos-pico-los-ibones-anayet\/\">Ibones de Anayet<\/a><\/h4><div class=\"kt-blocks-post-top-meta\"><\/div><\/header><div class=\"entry-content\"><\/div><footer class=\"kt-blocks-post-footer\"><div class=\"kt-blocks-post-footer-left\"><\/div><div class=\"kt-blocks-post-footer-right\"><\/div><\/footer><\/div><\/div><\/article><article class=\"kt-blocks-post-grid-item post-6021 post type-post status-publish format-image has-post-thumbnail hentry category-rutas tag-rutas-pirineo-aragones post_format-post-format-image\"><div class=\"kt-blocks-post-grid-item-inner-wrap kt-feat-image-align-left kt-feat-image-mobile-align-side\"><div class=\"kadence-post-image\"><div class=\"kadence-post-image-intrisic kt-image-ratio-66-67\" style=\"padding-bottom:66.67%;\"><div class=\"kadence-post-image-inner-intrisic\"><a aria-hidden=\"true\" tabindex=\"-1\" role=\"presentation\" href=\"https:\/\/travesiapirenaica.com\/fr\/ibones-azules\/\" aria-label=\"Ibones Azules du Panticosa Spa Resort\" class=\"kadence-post-image-inner-wrap\"><img loading=\"lazy\" decoding=\"async\" width=\"1024\" height=\"768\" src=\"https:\/\/travesiapirenaica.com\/wp-content\/uploads\/2020\/05\/Vista-hacia-el-Cuello-del-Infierno-desde-los-Ibones-Azules.-Foto-Eduardo-Azcona-1024x768.jpg\" class=\"attachment-large size-large wp-post-image\" alt=\"Vue sur le Cuello del Infierno depuis les Ibones Azules. Photo Eduardo Azcona\" srcset=\"https:\/\/travesiapirenaica.com\/wp-content\/uploads\/2020\/05\/Vista-hacia-el-Cuello-del-Infierno-desde-los-Ibones-Azules.-Foto-Eduardo-Azcona-1024x768.jpg 1024w, https:\/\/travesiapirenaica.com\/wp-content\/uploads\/2020\/05\/Vista-hacia-el-Cuello-del-Infierno-desde-los-Ibones-Azules.-Foto-Eduardo-Azcona-300x225.jpg 300w, https:\/\/travesiapirenaica.com\/wp-content\/uploads\/2020\/05\/Vista-hacia-el-Cuello-del-Infierno-desde-los-Ibones-Azules.-Foto-Eduardo-Azcona-768x576.jpg 768w, https:\/\/travesiapirenaica.com\/wp-content\/uploads\/2020\/05\/Vista-hacia-el-Cuello-del-Infierno-desde-los-Ibones-Azules.-Foto-Eduardo-Azcona-150x113.jpg 150w, https:\/\/travesiapirenaica.com\/wp-content\/uploads\/2020\/05\/Vista-hacia-el-Cuello-del-Infierno-desde-los-Ibones-Azules.-Foto-Eduardo-Azcona-696x522.jpg 696w, https:\/\/travesiapirenaica.com\/wp-content\/uploads\/2020\/05\/Vista-hacia-el-Cuello-del-Infierno-desde-los-Ibones-Azules.-Foto-Eduardo-Azcona-1068x801.jpg 1068w, https:\/\/travesiapirenaica.com\/wp-content\/uploads\/2020\/05\/Vista-hacia-el-Cuello-del-Infierno-desde-los-Ibones-Azules.-Foto-Eduardo-Azcona-560x420.jpg 560w, https:\/\/travesiapirenaica.com\/wp-content\/uploads\/2020\/05\/Vista-hacia-el-Cuello-del-Infierno-desde-los-Ibones-Azules.-Foto-Eduardo-Azcona-80x60.jpg 80w, https:\/\/travesiapirenaica.com\/wp-content\/uploads\/2020\/05\/Vista-hacia-el-Cuello-del-Infierno-desde-los-Ibones-Azules.-Foto-Eduardo-Azcona-265x198.jpg 265w, https:\/\/travesiapirenaica.com\/wp-content\/uploads\/2020\/05\/Vista-hacia-el-Cuello-del-Infierno-desde-los-Ibones-Azules.-Foto-Eduardo-Azcona-600x450.jpg 600w, https:\/\/travesiapirenaica.com\/wp-content\/uploads\/2020\/05\/Vista-hacia-el-Cuello-del-Infierno-desde-los-Ibones-Azules.-Foto-Eduardo-Azcona.jpg 1200w\" sizes=\"auto, (max-width: 1024px) 100vw, 1024px\" \/><\/a><\/div><\/div><\/div><div class=\"kt-blocks-post-grid-item-inner\"><header><h4 class=\"entry-title\"><a href=\"https:\/\/travesiapirenaica.com\/fr\/ibones-azules\/\">Ibones Azules du Panticosa Spa Resort<\/a><\/h4><div class=\"kt-blocks-post-top-meta\"><\/div><\/header><div class=\"entry-content\"><\/div><footer class=\"kt-blocks-post-footer\"><div class=\"kt-blocks-post-footer-left\"><\/div><div class=\"kt-blocks-post-footer-right\"><\/div><\/footer><\/div><\/div><\/article><article class=\"kt-blocks-post-grid-item post-21474 post type-post status-publish format-image has-post-thumbnail hentry category-pirineos post_format-post-format-image\"><div class=\"kt-blocks-post-grid-item-inner-wrap kt-feat-image-align-left kt-feat-image-mobile-align-side\"><div class=\"kadence-post-image\"><div class=\"kadence-post-image-intrisic kt-image-ratio-66-67\" style=\"padding-bottom:66.67%;\"><div class=\"kadence-post-image-inner-intrisic\"><a aria-hidden=\"true\" tabindex=\"-1\" role=\"presentation\" href=\"https:\/\/travesiapirenaica.com\/fr\/estanes-desde-sansanet\/\" aria-label=\"Ib\u00f3n de Estan\u00e9s depuis Sansanet. Excursion \u00e0 l&#039;un des lacs les plus embl\u00e9matiques des Pyr\u00e9n\u00e9es aragonaises.\" class=\"kadence-post-image-inner-wrap\"><img loading=\"lazy\" decoding=\"async\" width=\"1024\" height=\"768\" src=\"https:\/\/travesiapirenaica.com\/wp-content\/uploads\/0019\/07\/Newsletter_Ib\u00f3n-de-Estanes_Eduardo-Azcona-1024x768.jpg\" class=\"attachment-large size-large wp-post-image\" alt=\"Ib\u00f3n de Estan\u00e9s \/ Photo : Eduardo Azcona\" srcset=\"https:\/\/travesiapirenaica.com\/wp-content\/uploads\/0019\/07\/Newsletter_Ib\u00f3n-de-Estanes_Eduardo-Azcona-1024x768.jpg 1024w, https:\/\/travesiapirenaica.com\/wp-content\/uploads\/0019\/07\/Newsletter_Ib\u00f3n-de-Estanes_Eduardo-Azcona-300x225.jpg 300w, https:\/\/travesiapirenaica.com\/wp-content\/uploads\/0019\/07\/Newsletter_Ib\u00f3n-de-Estanes_Eduardo-Azcona-768x576.jpg 768w, https:\/\/travesiapirenaica.com\/wp-content\/uploads\/0019\/07\/Newsletter_Ib\u00f3n-de-Estanes_Eduardo-Azcona-450x338.jpg 450w, https:\/\/travesiapirenaica.com\/wp-content\/uploads\/0019\/07\/Newsletter_Ib\u00f3n-de-Estanes_Eduardo-Azcona-225x169.jpg 225w, https:\/\/travesiapirenaica.com\/wp-content\/uploads\/0019\/07\/Newsletter_Ib\u00f3n-de-Estanes_Eduardo-Azcona-900x675.jpg 900w, https:\/\/travesiapirenaica.com\/wp-content\/uploads\/0019\/07\/Newsletter_Ib\u00f3n-de-Estanes_Eduardo-Azcona-20x15.jpg 20w, https:\/\/travesiapirenaica.com\/wp-content\/uploads\/0019\/07\/Newsletter_Ib\u00f3n-de-Estanes_Eduardo-Azcona-128x96.jpg 128w, https:\/\/travesiapirenaica.com\/wp-content\/uploads\/0019\/07\/Newsletter_Ib\u00f3n-de-Estanes_Eduardo-Azcona-600x450.jpg 600w, https:\/\/travesiapirenaica.com\/wp-content\/uploads\/0019\/07\/Newsletter_Ib\u00f3n-de-Estanes_Eduardo-Azcona.jpg 1200w\" sizes=\"auto, (max-width: 1024px) 100vw, 1024px\" \/><\/a><\/div><\/div><\/div><div class=\"kt-blocks-post-grid-item-inner\"><header><h4 class=\"entry-title\"><a href=\"https:\/\/travesiapirenaica.com\/fr\/estanes-desde-sansanet\/\">Ib\u00f3n de Estan\u00e9s depuis Sansanet. Excursion \u00e0 l'un des lacs les plus embl\u00e9matiques des Pyr\u00e9n\u00e9es aragonaises.<\/a><\/h4><div class=\"kt-blocks-post-top-meta\"><\/div><\/header><div class=\"entry-content\"><\/div><footer class=\"kt-blocks-post-footer\"><div class=\"kt-blocks-post-footer-left\"><\/div><div class=\"kt-blocks-post-footer-right\"><\/div><\/footer><\/div><\/div><\/article><\/div><\/div><!-- .wp-block-kadence-postgrid --><\/div><\/div>\n\n<\/div><\/div>\n\n\n<p>Il est facile de s'y rendre et il est possible d'y faire un tour \u00e0 partir de diff\u00e9rents endroits :<\/p>\n\n\n\n<h3 class=\"wp-block-heading\"><i class=\"fa fa-map-signs\" aria-hidden=\"true\"><\/i>&nbsp;Itin\u00e9raire vers Ib\u00f3n de Plan depuis Plan<\/h3>\n\n\n<div class=\"wp-block-image\">\n<figure class=\"aligncenter\"><a href=\"http:\/\/travesiapirenaica.com\/wp-content\/uploads\/2017\/11\/Flickr_J.-Gall\u00e1n_Ib\u00f3n-de-plan_web.jpg\"><img decoding=\"async\" src=\"http:\/\/travesiapirenaica.com\/wp-content\/uploads\/2017\/11\/Flickr_J.-Gall\u00e1n_Ib\u00f3n-de-plan_web.jpg\" alt=\"Ib\u00f3n de Plan o Basa Mora \/ Photo : J. Gall\u00e1n\" class=\"wp-image-4116\"\/><\/a><figcaption class=\"wp-element-caption\">Ib\u00f3n de Plan o Basa Mora \/ Photo : J. Gall\u00e1n<\/figcaption><\/figure>\n<\/div>\n\n\n<p>L'une d'entre elles est celle qui commence dans le tr\u00e8s <strong>village du plan<\/strong> -nous prendrons la piscine du village comme point de d\u00e9part-, pour un parcours (aller simple) d'une dur\u00e9e de <i class=\"fa fa-clock-o\" aria-hidden=\"true\"><\/i> Environ 4 heures, soit 13,5 kilom\u00e8tres et un d\u00e9nivel\u00e9 cumul\u00e9 de 980 m.<\/p>\n\n\n\n<p>Apr\u00e8s avoir emprunt\u00e9 le chemin du barrage de Plan d'Esc\u00fan, nous nous engageons sur un sentier qui nous m\u00e8ne directement au lac en question. Apr\u00e8s avoir travers\u00e9 la for\u00eat et le ravin d'Ib\u00f3n, nous rejoignons un sentier, le GR15, pour continuer en direction d'Arme\u00f1a et de Barbaruen.<\/p>\n\n\n\n<p>Plus loin, vous atteindrez la vall\u00e9e glaciaire pleine d'escarpements culminant \u00e0 plus de 2 000 m\u00e8tres, puis vous apercevrez le magnifique Ib\u00f3n de Plan.<\/p>\n\n\n\n<p>Vous pouvez vous promener autour du lac et profiter des diff\u00e9rentes perspectives qui vous laisseront bouche b\u00e9e.<\/p>\n\n\n\n<h3 class=\"wp-block-heading\"><i class=\"fa fa-map-signs\" aria-hidden=\"true\"><\/i>&nbsp;Itin\u00e9raire vers Ib\u00f3n del Plan depuis le refuge de Lavasar<\/h3>\n\n\n\n<p>Depuis le village de Saravillo, une piste de 11,6 km nous conduit au refuge de Lavastar, situ\u00e9 \u00e0 environ 1930 m\u00e8tres d'altitude - l'acc\u00e8s en v\u00e9hicule est compliqu\u00e9, car plus on se rapproche du refuge, plus les nids de poule se multiplient sur la route. A <i class=\"fa fa-clock-o\" aria-hidden=\"true\"><\/i> Une heure plus tard, vous serez au refuge Lavastar.<\/p>\n\n\n\n<p>Depuis le refuge de Lavastar, l'itin\u00e9raire se poursuit \u00e0 pied et, apr\u00e8s environ 3 kilom\u00e8tres et 30 minutes, on arrive \u00e0 l'Ib\u00f3n de Plan.<\/p>\n\n\n\n<p>Vous vous engagez sur un sentier entour\u00e9 d'une for\u00eat de pins noirs et de sapins qui descend vers la vall\u00e9e. Nous y faisons une pause et vous conseillons de ne pas perdre de vue le spectacle qui s'offre \u00e0 vos yeux.<\/p>\n\n\n\n<p>Plus tard, vous atteindrez l'endroit o\u00f9 se trouvait un lac qui a disparu il y a de nombreuses ann\u00e9es \u00e0 cause de la s\u00e9dimentation, c\u00e9dant la place aux montagnes qui continueront \u00e0 ravir vos sens.<\/p>\n\n\n\n<p>Sans perdre de temps, vous continuez jusqu'\u00e0 ce que vous atteigniez l'Ib\u00f3n de Plan, \u00e0 une altitude de 1910 m\u00e8tres.<\/p>\n\n\n\n<p>Si vous \u00eates de ceux qui pr\u00e9f\u00e8rent m\u00e9diter, vous pouvez le faire assis au bord de ce lac dont les eaux cristallines ne cesseront de vous \u00e9tonner. Mais surtout, ne manquez pour rien au monde cet important paysage naturel.<\/p>","protected":false},"excerpt":{"rendered":"L'un des meilleurs itin\u00e9raires \u00e0 ne pas manquer est sans doute celui d'Ib\u00f3n...","protected":false},"author":1,"featured_media":5138,"comment_status":"closed","ping_status":"closed","sticky":false,"template":"","format":"image","meta":{"_kad_blocks_custom_css":"","_kad_blocks_head_custom_js":"","_kad_blocks_body_custom_js":"","_kad_blocks_footer_custom_js":"","episode_type":"audio","audio_file":"","podmotor_file_id":"","podmotor_episode_id":"","cover_image":"","cover_image_id":"","duration":"","filesize":"","filesize_raw":"","date_recorded":"","explicit":"","block":"","_kad_post_transparent":"","_kad_post_title":"","_kad_post_layout":"","_kad_post_sidebar_id":"","_kad_post_content_style":"","_kad_post_vertical_padding":"","_kad_post_feature":"","_kad_post_feature_position":"","_kad_post_header":false,"_kad_post_footer":false,"_kad_post_classname":"","_jetpack_memberships_contains_paid_content":false,"footnotes":""},"categories":[5],"tags":[],"series":[],"class_list":["post-4110","post","type-post","status-publish","format-image","has-post-thumbnail","hentry","category-pirineos","post_format-post-format-image"],"episode_featured_image":"https:\/\/travesiapirenaica.com\/wp-content\/uploads\/2017\/11\/IG_rositamuum_Ib\u00f3n-de-plan_1400x600_web-1.jpg","episode_player_image":"https:\/\/travesiapirenaica.com\/wp-content\/uploads\/2017\/12\/Caratula-Podcast-Maldita-Montana_1500x1500_72pp-p_.jpg","download_link":"","player_link":"","audio_player":false,"episode_data":{"playerMode":"dark","subscribeUrls":[],"rssFeedUrl":"https:\/\/travesiapirenaica.com\/fr\/feed\/podcast\/maldita-montana","embedCode":"<blockquote class=\"wp-embedded-content\" data-secret=\"vBy06kUgcN\"><a href=\"https:\/\/travesiapirenaica.com\/fr\/ibon-plan-basa-mora\/\">Ib\u00f3n de Plan o Basa de la Mora<\/a><\/blockquote><iframe sandbox=\"allow-scripts\" security=\"restricted\" src=\"https:\/\/travesiapirenaica.com\/fr\/ibon-plan-basa-mora\/embed\/#?secret=vBy06kUgcN\" width=\"500\" height=\"350\" title=\"\u00ab\u00a0Ib\u00f3n de Plan o Basa de la Mora\u00a0\u00bb &#8212; Traves\u00eda.\" data-secret=\"vBy06kUgcN\" frameborder=\"0\" marginwidth=\"0\" marginheight=\"0\" scrolling=\"no\" class=\"wp-embedded-content\"><\/iframe><script>\n\/*! This file is auto-generated *\/\n!function(d,l){\"use strict\";l.querySelector&&d.addEventListener&&\"undefined\"!=typeof URL&&(d.wp=d.wp||{},d.wp.receiveEmbedMessage||(d.wp.receiveEmbedMessage=function(e){var t=e.data;if((t||t.secret||t.message||t.value)&&!\/[^a-zA-Z0-9]\/.test(t.secret)){for(var s,r,n,a=l.querySelectorAll('iframe[data-secret=\"'+t.secret+'\"]'),o=l.querySelectorAll('blockquote[data-secret=\"'+t.secret+'\"]'),c=new RegExp(\"^https?:$\",\"i\"),i=0;i<o.length;i++)o[i].style.display=\"none\";for(i=0;i<a.length;i++)s=a[i],e.source===s.contentWindow&&(s.removeAttribute(\"style\"),\"height\"===t.message?(1e3<(r=parseInt(t.value,10))?r=1e3:~~r<200&&(r=200),s.height=r):\"link\"===t.message&&(r=new URL(s.getAttribute(\"src\")),n=new URL(t.value),c.test(n.protocol))&&n.host===r.host&&l.activeElement===s&&(d.top.location.href=t.value))}},d.addEventListener(\"message\",d.wp.receiveEmbedMessage,!1),l.addEventListener(\"DOMContentLoaded\",function(){for(var e,t,s=l.querySelectorAll(\"iframe.wp-embedded-content\"),r=0;r<s.length;r++)(t=(e=s[r]).getAttribute(\"data-secret\"))||(t=Math.random().toString(36).substring(2,12),e.src+=\"#?secret=\"+t,e.setAttribute(\"data-secret\",t)),e.contentWindow.postMessage({message:\"ready\",secret:t},\"*\")},!1)))}(window,document);\n\/\/# sourceURL=https:\/\/travesiapirenaica.com\/wp-includes\/js\/wp-embed.min.js\n<\/script>\n"},"taxonomy_info":{"category":[{"value":5,"label":"Pirineos"}]},"featured_image_src_large":["https:\/\/travesiapirenaica.com\/wp-content\/uploads\/2017\/11\/IG_rositamuum_Ib\u00f3n-de-plan_1400x600_web-1-1024x439.jpg",1024,439,true],"author_info":{"display_name":"Traves\u00eda Pirenaica","author_link":"https:\/\/travesiapirenaica.com\/fr\/author\/travesia-pirenaica\/"},"comment_info":0,"category_info":[{"term_id":5,"name":"Pirineos","slug":"pirineos","term_group":0,"term_taxonomy_id":5,"taxonomy":"category","description":"","parent":0,"count":241,"filter":"raw","cat_ID":5,"category_count":241,"category_description":"","cat_name":"Pirineos","category_nicename":"pirineos","category_parent":0}],"tag_info":false,"jetpack_featured_media_url":"https:\/\/travesiapirenaica.com\/wp-content\/uploads\/2017\/11\/IG_rositamuum_Ib\u00f3n-de-plan_1400x600_web-1.jpg","jetpack_sharing_enabled":true,"_links":{"self":[{"href":"https:\/\/travesiapirenaica.com\/fr\/wp-json\/wp\/v2\/posts\/4110","targetHints":{"allow":["GET"]}}],"collection":[{"href":"https:\/\/travesiapirenaica.com\/fr\/wp-json\/wp\/v2\/posts"}],"about":[{"href":"https:\/\/travesiapirenaica.com\/fr\/wp-json\/wp\/v2\/types\/post"}],"author":[{"embeddable":true,"href":"https:\/\/travesiapirenaica.com\/fr\/wp-json\/wp\/v2\/users\/1"}],"replies":[{"embeddable":true,"href":"https:\/\/travesiapirenaica.com\/fr\/wp-json\/wp\/v2\/comments?post=4110"}],"version-history":[{"count":0,"href":"https:\/\/travesiapirenaica.com\/fr\/wp-json\/wp\/v2\/posts\/4110\/revisions"}],"wp:featuredmedia":[{"embeddable":true,"href":"https:\/\/travesiapirenaica.com\/fr\/wp-json\/wp\/v2\/media\/5138"}],"wp:attachment":[{"href":"https:\/\/travesiapirenaica.com\/fr\/wp-json\/wp\/v2\/media?parent=4110"}],"wp:term":[{"taxonomy":"category","embeddable":true,"href":"https:\/\/travesiapirenaica.com\/fr\/wp-json\/wp\/v2\/categories?post=4110"},{"taxonomy":"post_tag","embeddable":true,"href":"https:\/\/travesiapirenaica.com\/fr\/wp-json\/wp\/v2\/tags?post=4110"},{"taxonomy":"series","embeddable":true,"href":"https:\/\/travesiapirenaica.com\/fr\/wp-json\/wp\/v2\/series?post=4110"}],"curies":[{"name":"wp","href":"https:\/\/api.w.org\/{rel}","templated":true}]}}