{"id":4355,"date":"2017-11-23T10:24:20","date_gmt":"2017-11-23T08:24:20","guid":{"rendered":"http:\/\/travesiapirenaica.com\/?p=4355"},"modified":"2019-11-05T17:25:46","modified_gmt":"2019-11-05T16:25:46","slug":"les-pyrenees-en-moto","status":"publish","type":"post","link":"https:\/\/travesiapirenaica.com\/fr\/pirineo-en-moto\/","title":{"rendered":"Un voyage en moto \u00e0 travers les Pyr\u00e9n\u00e9es"},"content":{"rendered":"<p>Des virages sans fin, des cols de montagne magnifiques et des paysages \u00e0 couper le souffle. <strong><a href=\"https:\/\/soyviajero.com\/pirineos-en-moto\/\" target=\"_blank\" rel=\"noopener noreferrer\">Les Pyr\u00e9n\u00e9es sont \u00e9galement une destination pour les amateurs de moto.<\/a> Les Pyr\u00e9n\u00e9es \u00e0 moto, un itin\u00e9raire de r\u00eave<\/strong>.<\/p>\n<p>Nos amis de la <strong>North Wheels Club<\/strong> de Donostia (<strong>@northwheels sur Instagram<\/strong>) nous racontent leurs exp\u00e9riences lors d'un voyage \u00e0 travers les Pyr\u00e9n\u00e9es.<\/p>\n<p><iframe loading=\"lazy\" src=\"https:\/\/www.youtube.com\/embed\/2aXYVo1e_vQ\" width=\"1024\" height=\"576\" frameborder=\"0\" allowfullscreen=\"allowfullscreen\"><span data-mce-type=\"bookmark\" style=\"display: inline-block; width: 0px; overflow: hidden; line-height: 0;\" class=\"mce_SELRES_start\"><\/span><\/iframe><\/p>\n<p>Interview :<\/p>\n<p><span style=\"font-size: 14pt;\"><strong>Comment vous est venue l'id\u00e9e de faire la Transpyr\u00e9n\u00e9enne en moto ? D\u00e9fi, d\u00e9couverte, qu'est-ce qui vous a motiv\u00e9 \u00e0 faire cette aventure ?<\/strong><\/span><\/p>\n<p>Nous voulions aller au Maroc et traverser l'Atlas d'un bout \u00e0 l'autre, mais vous savez quoi ? Mon partenaire et moi sommes tous deux amoureux des Pyr\u00e9n\u00e9es, o\u00f9 nous avons v\u00e9cu pendant des ann\u00e9es en profitant de la neige et des montagnes, mais ce voyage nous a fait voir les Pyr\u00e9n\u00e9es d'une mani\u00e8re diff\u00e9rente, nous avons pass\u00e9 des cols, des pistes, des prairies, des villages de carte postale, des puits \u00e0 revues et nous avons dormi en plein air en profitant de la vraie nature. Chaque nuage a un c\u00f4t\u00e9 positif, dit-on... (sourires).<\/p>\n<p><span style=\"font-size: 14pt;\"><strong>Combien de jours avez-vous pass\u00e9 sur le v\u00e9lo ? Quel itin\u00e9raire avez-vous choisi ? Combien d'heures avez-vous pass\u00e9 sur le v\u00e9lo par jour ? Pouvez-vous nous en faire un r\u00e9sum\u00e9 ?<\/strong><\/span><\/p>\n<p>Nous \u00e9tions <strong>8 jours sur le v\u00e9lo et environ 7-8 heures par jour<\/strong>Il y a de nombreux moments o\u00f9 il faut conduire tr\u00e8s lentement et prudemment, prendre des photos, etc.<\/p>\n<p>L'itin\u00e9raire a \u00e9t\u00e9 d\u00e9cid\u00e9 <strong>en marquant d'abord les sections ou les points les plus souhaitables sur une carte physique<\/strong> Gr\u00e2ce \u00e0 des amis qui connaissent des milliers d'itin\u00e9raires, nous les avons ajout\u00e9s \u00e0 la carte, et une fois les points ajout\u00e9s, nous les avons rejoints de la mani\u00e8re la plus optimale afin de ne pas faire trop de d\u00e9tours, et \u00e0 la fin nous avons fait un 8 exact vers les Pyr\u00e9n\u00e9es. Tout cet itin\u00e9raire sur la carte physique, je l'ai t\u00e9l\u00e9charg\u00e9 sur un fichier <em>application<\/em> et il nous envoyait donc exactement aux points que nous avions marqu\u00e9s sur la carte. Bien s\u00fbr, le crayon s'\u00e9chappe parfois, mais nous nous en sommes sortis \u00e0 chaque fois (il rit).<\/p>\n<figure id=\"attachment_4360\" aria-describedby=\"caption-attachment-4360\" style=\"width: 1024px\" class=\"wp-caption aligncenter\"><img loading=\"lazy\" decoding=\"async\" class=\"size-full wp-image-4360\" src=\"http:\/\/travesiapirenaica.com\/wp-content\/uploads\/2017\/11\/Transpirenaica-en-moto-_-by-North-wheels.jpg\" alt=\"Transpirenaica en moto \/ Photo : North Wheels club\" width=\"1024\" height=\"1365\" \/><figcaption id=\"caption-attachment-4360\" class=\"wp-caption-text\">Transpirenaica en moto \/ Photo : North Wheels club<\/figcaption><\/figure>\n<p><span style=\"font-size: 14pt;\"><strong>Quel type de v\u00e9lo avez-vous pris ?<\/strong><\/span><\/p>\n<p>J'ai port\u00e9 un<em> Yamaha XT 600<\/em> de 91 enti\u00e8rement modifi\u00e9 pour <em>Scrambler (brouilleur)<\/em>que vous pouvez voir sur les photos et mon coll\u00e8gue Alexis a <em>BMW K75<\/em> Il l'a \u00e9galement modifi\u00e9e et, pour se mettre \u00e0 l'abri, il l'a chauss\u00e9e de bons pneus mixtes. Croyez-moi, il s'est f\u00e9licit\u00e9 \u00e0 plusieurs reprises de les avoir mont\u00e9s \u00e0 la derni\u00e8re minute.<\/p>\n<p><span style=\"font-size: 14pt;\"><strong>Pendant le voyage en moto, vous avez s\u00e9journ\u00e9 dans des h\u00f4tels que vous avez trouv\u00e9s ou peut-\u00eatre m\u00eame sous une tente. Quel \u00e9tait le budget approximatif du voyage ?<\/strong><\/span><\/p>\n<p>Comme je l'ai dit, nous n'avons dormi qu'une seule fois \u00e0 l'h\u00f4tel, juste apr\u00e8s notre arriv\u00e9e \u00e0 la M\u00e9diterran\u00e9e, plus pr\u00e9cis\u00e9ment \u00e0 Roses, et j'ai dormi une autre fois sur le chemin du retour \u00e0 Donosti, le dernier jour \u00e0 Ochagav\u00eda. Juste le temps de prendre la douche obligatoire et de me reposer un peu mieux. Tous les autres jours, nous avons profit\u00e9 des \u00e9toiles dans diff\u00e9rents endroits des Pyr\u00e9n\u00e9es. Nous savons que c'est difficile l\u00e9galement, mais nous essayons toujours d'\u00eatre dans des endroits proches de la route, nous y allons sans probl\u00e8me sauf un jour o\u00f9 nous avons d\u00fb chercher l'endroit tard dans la journ\u00e9e et o\u00f9 nous avons eu une surprise ou deux. Le budget \u00e9tait d\u00e9risoire, je pense que nous n'avons pas atteint 300 \u20ac.<\/p>\n<p><span style=\"font-size: 14pt;\"><strong>Pour ce type de voyage, il est tr\u00e8s important d'organiser ses bagages de mani\u00e8re \u00e0 ce que rien ne manque. Que faut-il mettre dans sa valise pour un voyage \u00e0 travers les Pyr\u00e9n\u00e9es ? Nous supposons qu'il faut trouver un \u00e9quilibre entre utilit\u00e9 et l\u00e9g\u00e8ret\u00e9. Qu'est-ce qui vous a manqu\u00e9 et que vous laisseriez maintenant \u00e0 la maison ?<\/strong><\/span><\/p>\n<p>Il est n\u00e9cessaire de transporter <a href=\"https:\/\/travesiapirenaica.com\/fr\/torche-frontale\/\">torche ou lampe frontale<\/a>outils, outils, rasoir, <a href=\"https:\/\/travesiapirenaica.com\/fr\/vetements-de-randonnee-en-montagne\/\">v\u00eatements techniques<\/a> manteau, mackintosh, support, veste, veste <a href=\"https:\/\/travesiapirenaica.com\/fr\/meilleur-gps-montana\/\"><strong>GPS<\/strong><\/a>fil de fer, fil de fer, ruban isolant ou ruban adh\u00e9sif, bouteille d'eau ou r\u00e9cipient pour boire, sac de couchage, photocopies des papiers de la moto, cl\u00e9 de rechange et articles de toilette de qualit\u00e9, surtout si vous dormez \u00e0 l'ext\u00e9rieur.<\/p>\n<p>La deuxi\u00e8me est une bonne question, lors de ces voyages, je fais toujours la m\u00eame chose et j'emporte plus de v\u00eatements que je n'en porterai finalement, mais ce n'\u00e9tait pas le cas pour celui-ci ; quant \u00e0 ce qui nous a manqu\u00e9... peut-\u00eatre quelques outils ou autres et que, sans eux, nous devions faire quelque chose avec le Macgiver. Je ne pense pas que nous ayons eu quoi que ce soit en r\u00e9serve.<\/p>\n<figure id=\"attachment_4361\" aria-describedby=\"caption-attachment-4361\" style=\"width: 1024px\" class=\"wp-caption aligncenter\"><img loading=\"lazy\" decoding=\"async\" class=\"size-full wp-image-4361\" src=\"http:\/\/travesiapirenaica.com\/wp-content\/uploads\/2017\/11\/Transpirenaica-en-moto-_-by-North-wheels_2.jpg\" alt=\"Traverser les Pyr\u00e9n\u00e9es \u00e0 moto \/ Photo : North Wheels Club\" width=\"1024\" height=\"1365\" \/><figcaption id=\"caption-attachment-4361\" class=\"wp-caption-text\">Traverser les Pyr\u00e9n\u00e9es \u00e0 moto \/ Photo : North Wheels Club<\/figcaption><\/figure>\n<p><span style=\"font-size: 14pt;\"><strong>La travers\u00e9e des Pyr\u00e9n\u00e9es en moto. Je suppose que vous avez v\u00e9cu des moments et des situations tr\u00e8s diff\u00e9rents. Quels ont \u00e9t\u00e9 les moments les plus difficiles que vous avez rencontr\u00e9s ? Et quels sont les moments dont vous vous souvenez le mieux ?<\/strong><\/span><\/p>\n<p>Pour moi, les moments les plus difficiles ont \u00e9t\u00e9 ceux o\u00f9 nous devions chercher un endroit pour dormir alors qu'il \u00e9tait d\u00e9j\u00e0 tr\u00e8s tard. Un jour, nous avons fini par dormir dans une zone de terrain priv\u00e9 avec du b\u00e9tail et la nuit, on ne savait pas tr\u00e8s bien ce qu'il y avait, on pouvait voir des lumi\u00e8res de maisons, des torches, des chiens, etc. et nous n'avions m\u00eame pas la force d'aller dans un endroit plus calme. Mais au bout d'un moment, c'est devenu encore plus compliqu\u00e9 et nous avons commenc\u00e9 \u00e0 entendre des coups de feu, il doit y avoir des braconniers qui ne se soucient pas de savoir s'il y a des zones habit\u00e9es et qui font quand m\u00eame ce qu'ils ont \u00e0 faire.<\/p>\n<p><span style=\"font-size: 14pt;\"><strong>Avez-vous eu des probl\u00e8mes m\u00e9caniques ?<\/strong><\/span><\/p>\n<p>Heureusement, il n'y a que des choses typiques et insignifiantes, qu'on laisse tomber ceci, que l'autre se coince, qu'un tuyau se casse, etc.<\/p>\n<p><span style=\"font-size: 14pt;\"><strong>Toute une cha\u00eene de montagnes derri\u00e8re vous, kilom\u00e8tre apr\u00e8s kilom\u00e8tre, je suppose qu'il serait difficile de choisir une seule zone, mais quel a \u00e9t\u00e9 votre endroit pr\u00e9f\u00e9r\u00e9 dans les Pyr\u00e9n\u00e9es et sur la route ?<\/strong><\/span><\/p>\n<p>Honn\u00eatement, il y a une chose que nous avons retenue, c'est que la France a gagn\u00e9 beaucoup de terrain sur nous en termes de routes, non pas en termes de paysages, mais en termes de communication entre les vall\u00e9es et les villages. Si je devais choisir des zones, je choisirais la premi\u00e8re partie de l'itin\u00e9raire entre les <a href=\"https:\/\/travesiapirenaica.com\/fr\/jungle-dirati\/\"><strong>For\u00eat d'Irati<\/strong> <\/a>et Isaba, mais aussi la r\u00e9gion des cols du Tour de France tels que <a href=\"https:\/\/travesiapirenaica.com\/fr\/tourmalet\/\" target=\"_blank\" rel=\"noopener noreferrer\"><strong>Tourmalet<\/strong><\/a>etc., mais je ne sais pas, je pense que toutes les r\u00e9gions ont leurs particularit\u00e9s et leur charme, et dans la r\u00e9gion de Huesca, nous avons aussi des endroits incroyables. DIFFICILE (sourires).<\/p>\n<p><span style=\"font-size: 14pt;\"><strong>Quels conseils donneriez-vous \u00e0 ceux qui envisagent de suivre un parcours similaire ?<\/strong><\/span><\/p>\n<p>Je vous recommanderais peut-\u00eatre de faire de plus petites \u00e9tapes et de profiter un peu plus des arr\u00eats, d'une baignade, d'un petit repas, de quelques photos... Il y a eu des moments o\u00f9 nous avons pass\u00e9 beaucoup de temps sur la moto, ce que nous aimons, mais il serait bon de prendre quelques jours de plus pour \u00eatre plus d\u00e9tendus. Bien s\u00fbr, ceci en pensant que vous allez le faire avec des motos classiques, si vous partez avec une GS vous aurez peut-\u00eatre besoin de la moiti\u00e9 du temps, cela influe beaucoup.<\/p>\n<p><span style=\"font-size: 14pt;\"><strong>LIRE AUSSI :<\/strong><\/span><\/p>\n<ul style=\"list-style-type: disc;\">\n<li><a href=\"http:\/\/travesiapirenaica.com\/fr\/transpyrenees-en-moto\/\" target=\"_blank\" rel=\"noopener noreferrer\"><span style=\"font-size: 18.6667px;\"><b>Les cl\u00e9s pour faire la travers\u00e9e transpyr\u00e9n\u00e9enne \u00e0 moto &gt;&gt;.<\/b><\/span><\/a><\/li>\n<li><a href=\"http:\/\/travesiapirenaica.com\/fr\/voyage-dans-les-pyrenees\/\" target=\"_blank\" rel=\"noopener noreferrer\"><span style=\"font-size: 14pt;\"><strong>Voyage dans les Pyr\u00e9n\u00e9es : faites un voyage o\u00f9 la nature est le principal protagoniste &gt;&gt;.<\/strong><\/span><\/a><\/li>\n<\/ul>","protected":false},"excerpt":{"rendered":"Des virages \u00e0 n'en plus finir, des cols magnifiques et des paysages \u00e0 couper le souffle. Les Pyr\u00e9n\u00e9es sont \u00e9galement une destination...","protected":false},"author":1,"featured_media":5112,"comment_status":"closed","ping_status":"closed","sticky":false,"template":"","format":"image","meta":{"_kad_blocks_custom_css":"","_kad_blocks_head_custom_js":"","_kad_blocks_body_custom_js":"","_kad_blocks_footer_custom_js":"","episode_type":"audio","audio_file":"","podmotor_file_id":"","podmotor_episode_id":"","cover_image":"","cover_image_id":"","duration":"","filesize":"","filesize_raw":"","date_recorded":"","explicit":"","block":"","_kad_post_transparent":"","_kad_post_title":"","_kad_post_layout":"","_kad_post_sidebar_id":"","_kad_post_content_style":"","_kad_post_vertical_padding":"","_kad_post_feature":"","_kad_post_feature_position":"","_kad_post_header":false,"_kad_post_footer":false,"_kad_post_classname":"","_jetpack_memberships_contains_paid_content":false,"footnotes":""},"categories":[18],"tags":[],"series":[],"class_list":["post-4355","post","type-post","status-publish","format-image","has-post-thumbnail","hentry","category-destinos","post_format-post-format-image"],"episode_featured_image":"https:\/\/travesiapirenaica.com\/wp-content\/uploads\/2017\/11\/Transpirenaica-en-moto-_-by-North-wheels_1400x600_Web-1.jpg","episode_player_image":"https:\/\/travesiapirenaica.com\/wp-content\/uploads\/2017\/12\/Caratula-Podcast-Maldita-Montana_1500x1500_72pp-p_.jpg","download_link":"","player_link":"","audio_player":false,"episode_data":{"playerMode":"dark","subscribeUrls":[],"rssFeedUrl":"https:\/\/travesiapirenaica.com\/fr\/feed\/podcast\/maldita-montana","embedCode":"<blockquote class=\"wp-embedded-content\" data-secret=\"GMC3B3yT5I\"><a href=\"https:\/\/travesiapirenaica.com\/fr\/pirineo-en-moto\/\">Un viaje en moto a trav\u00e9s de los Pirineos<\/a><\/blockquote><iframe sandbox=\"allow-scripts\" security=\"restricted\" src=\"https:\/\/travesiapirenaica.com\/fr\/pirineo-en-moto\/embed\/#?secret=GMC3B3yT5I\" width=\"500\" height=\"350\" title=\"\u00ab\u00a0Un viaje en moto a trav\u00e9s de los Pirineos\u00a0\u00bb &#8212; Traves\u00eda.\" data-secret=\"GMC3B3yT5I\" frameborder=\"0\" marginwidth=\"0\" marginheight=\"0\" scrolling=\"no\" class=\"wp-embedded-content\"><\/iframe><script>\n\/*! This file is auto-generated *\/\n!function(d,l){\"use strict\";l.querySelector&&d.addEventListener&&\"undefined\"!=typeof URL&&(d.wp=d.wp||{},d.wp.receiveEmbedMessage||(d.wp.receiveEmbedMessage=function(e){var t=e.data;if((t||t.secret||t.message||t.value)&&!\/[^a-zA-Z0-9]\/.test(t.secret)){for(var s,r,n,a=l.querySelectorAll('iframe[data-secret=\"'+t.secret+'\"]'),o=l.querySelectorAll('blockquote[data-secret=\"'+t.secret+'\"]'),c=new RegExp(\"^https?:$\",\"i\"),i=0;i<o.length;i++)o[i].style.display=\"none\";for(i=0;i<a.length;i++)s=a[i],e.source===s.contentWindow&&(s.removeAttribute(\"style\"),\"height\"===t.message?(1e3<(r=parseInt(t.value,10))?r=1e3:~~r<200&&(r=200),s.height=r):\"link\"===t.message&&(r=new URL(s.getAttribute(\"src\")),n=new URL(t.value),c.test(n.protocol))&&n.host===r.host&&l.activeElement===s&&(d.top.location.href=t.value))}},d.addEventListener(\"message\",d.wp.receiveEmbedMessage,!1),l.addEventListener(\"DOMContentLoaded\",function(){for(var e,t,s=l.querySelectorAll(\"iframe.wp-embedded-content\"),r=0;r<s.length;r++)(t=(e=s[r]).getAttribute(\"data-secret\"))||(t=Math.random().toString(36).substring(2,12),e.src+=\"#?secret=\"+t,e.setAttribute(\"data-secret\",t)),e.contentWindow.postMessage({message:\"ready\",secret:t},\"*\")},!1)))}(window,document);\n\/\/# sourceURL=https:\/\/travesiapirenaica.com\/wp-includes\/js\/wp-embed.min.js\n<\/script>\n"},"taxonomy_info":{"category":[{"value":18,"label":"Destinos"}]},"featured_image_src_large":["https:\/\/travesiapirenaica.com\/wp-content\/uploads\/2017\/11\/Transpirenaica-en-moto-_-by-North-wheels_1400x600_Web-1-1024x439.jpg",1024,439,true],"author_info":{"display_name":"Traves\u00eda Pirenaica","author_link":"https:\/\/travesiapirenaica.com\/fr\/author\/travesia-pirenaica\/"},"comment_info":0,"category_info":[{"term_id":18,"name":"Destinos","slug":"destinos","term_group":0,"term_taxonomy_id":18,"taxonomy":"category","description":"","parent":0,"count":122,"filter":"raw","cat_ID":18,"category_count":122,"category_description":"","cat_name":"Destinos","category_nicename":"destinos","category_parent":0}],"tag_info":false,"jetpack_featured_media_url":"https:\/\/travesiapirenaica.com\/wp-content\/uploads\/2017\/11\/Transpirenaica-en-moto-_-by-North-wheels_1400x600_Web-1.jpg","jetpack_sharing_enabled":true,"_links":{"self":[{"href":"https:\/\/travesiapirenaica.com\/fr\/wp-json\/wp\/v2\/posts\/4355","targetHints":{"allow":["GET"]}}],"collection":[{"href":"https:\/\/travesiapirenaica.com\/fr\/wp-json\/wp\/v2\/posts"}],"about":[{"href":"https:\/\/travesiapirenaica.com\/fr\/wp-json\/wp\/v2\/types\/post"}],"author":[{"embeddable":true,"href":"https:\/\/travesiapirenaica.com\/fr\/wp-json\/wp\/v2\/users\/1"}],"replies":[{"embeddable":true,"href":"https:\/\/travesiapirenaica.com\/fr\/wp-json\/wp\/v2\/comments?post=4355"}],"version-history":[{"count":0,"href":"https:\/\/travesiapirenaica.com\/fr\/wp-json\/wp\/v2\/posts\/4355\/revisions"}],"wp:featuredmedia":[{"embeddable":true,"href":"https:\/\/travesiapirenaica.com\/fr\/wp-json\/wp\/v2\/media\/5112"}],"wp:attachment":[{"href":"https:\/\/travesiapirenaica.com\/fr\/wp-json\/wp\/v2\/media?parent=4355"}],"wp:term":[{"taxonomy":"category","embeddable":true,"href":"https:\/\/travesiapirenaica.com\/fr\/wp-json\/wp\/v2\/categories?post=4355"},{"taxonomy":"post_tag","embeddable":true,"href":"https:\/\/travesiapirenaica.com\/fr\/wp-json\/wp\/v2\/tags?post=4355"},{"taxonomy":"series","embeddable":true,"href":"https:\/\/travesiapirenaica.com\/fr\/wp-json\/wp\/v2\/series?post=4355"}],"curies":[{"name":"wp","href":"https:\/\/api.w.org\/{rel}","templated":true}]}}