{"id":44546,"date":"2024-10-01T17:11:07","date_gmt":"2024-10-01T15:11:07","guid":{"rendered":"https:\/\/travesiapirenaica.com\/?p=44546"},"modified":"2024-11-12T10:20:13","modified_gmt":"2024-11-12T09:20:13","slug":"histoires-de-haute-altitude-iii-mon-guide-de-montagne","status":"publish","type":"post","link":"https:\/\/travesiapirenaica.com\/fr\/relatos-de-altura-iii-mi-guia-de-montana\/","title":{"rendered":"Mon guide de montagne"},"content":{"rendered":"<p><em>Nous poursuivons la publication des micro-histoires de la troisi\u00e8me \u00e9dition du concours :&nbsp;<a href=\"https:\/\/travesiapirenaica.com\/fr\/concours-de-micro-histoires2023\/\">Histoires de haute altitude<\/a>nous vous laissons appr\u00e9cier avec \"<strong>Mon guide de montagne<\/strong>\"de Jos\u00e9 Luis Esquer Tom\u00e1s.<\/em><\/p>\n\n\n\n<h2 class=\"wp-block-heading\" id=\"aqui-y-ahora\"><strong><em><strong><strong><strong><strong><strong><strong><strong><strong><strong><strong><strong>Mon guide de montagne<\/strong><\/strong><\/strong><\/strong><\/strong><\/strong><\/strong><\/strong><\/strong><\/strong><\/strong><\/em><\/strong><\/h2>\n\n\n\n<p><em>-par Jose Luis Esquer Tom\u00e1s<\/em><\/p>\n\n\n\n<p>J'ai pris le sentier du village vers le sommet, j'avais parcouru environ un kilom\u00e8tre quand j'ai vu un mouton trotter en claquant des dents dans la direction o\u00f9 j'allais. Le gracieux petit animal avait les pieds peints en bleu vif \u00e0 partir des genoux, si bien que je ne pouvais m'emp\u00eacher d'imaginer qu'une douzaine de moutons align\u00e9s ressembleraient plus \u00e0 un troupeau qu'\u00e0 une troupe, et que le berger porterait une moustache, des galons et un sifflet en signe de respect. <\/p>\n\n\n\n<p>Mais comme j'\u00e9tais seul, il m'a sembl\u00e9 qu'elle portait simplement et logiquement un pantalon de randonn\u00e9e. Comme nous partagions un sentier, j'ai pens\u00e9 \u00e0 lui demander si celui-ci menait au sommet, ce \u00e0 quoi il a promptement r\u00e9pondu avec une indiff\u00e9rence d\u00e9sagr\u00e9able que s'il n'en voyait pas d'autres, je ferais mieux de croire que celui-ci serait le bon. S\u00fbr ? <\/p>\n\n\n\n<p>La brebis l'\u00e9tait, car elle continua \u00e0 marcher, ajoutant, incr\u00e9dule, qu'elle serait devant parce que j'allais trop lentement. Une telle surprise ne permettait pas de douter de l'information, et je l'ai suivie.<\/p>","protected":false},"excerpt":{"rendered":"Nous poursuivons la publication des micro-r\u00e9cits de la troisi\u00e8me \u00e9dition du concours : Relatos de Altura,...","protected":false},"author":1,"featured_media":44549,"comment_status":"closed","ping_status":"closed","sticky":false,"template":"","format":"standard","meta":{"_kad_blocks_custom_css":"","_kad_blocks_head_custom_js":"","_kad_blocks_body_custom_js":"","_kad_blocks_footer_custom_js":"","episode_type":"audio","audio_file":"","podmotor_file_id":"","podmotor_episode_id":"","cover_image":"","cover_image_id":"","duration":"","filesize":"","filesize_raw":"","date_recorded":"","explicit":"","block":"","_kad_post_transparent":"","_kad_post_title":"","_kad_post_layout":"","_kad_post_sidebar_id":"","_kad_post_content_style":"","_kad_post_vertical_padding":"","_kad_post_feature":"","_kad_post_feature_position":"","_kad_post_header":false,"_kad_post_footer":false,"_kad_post_classname":"","_jetpack_memberships_contains_paid_content":false,"footnotes":""},"categories":[54],"tags":[3022],"series":[],"class_list":["post-44546","post","type-post","status-publish","format-standard","has-post-thumbnail","hentry","category-cultura","tag-microrrelatos"],"episode_featured_image":"https:\/\/travesiapirenaica.com\/wp-content\/uploads\/2024\/10\/Relatos-de-altura-III-Mi-guia-de-montana.jpg","episode_player_image":"https:\/\/travesiapirenaica.com\/wp-content\/uploads\/2017\/12\/Caratula-Podcast-Maldita-Montana_1500x1500_72pp-p_.jpg","download_link":"","player_link":"","audio_player":false,"episode_data":{"playerMode":"dark","subscribeUrls":[],"rssFeedUrl":"https:\/\/travesiapirenaica.com\/fr\/feed\/podcast\/maldita-montana","embedCode":"<blockquote class=\"wp-embedded-content\" data-secret=\"WsjKZNoPJS\"><a href=\"https:\/\/travesiapirenaica.com\/fr\/relatos-de-altura-iii-mi-guia-de-montana\/\">Mi gu\u00eda de monta\u00f1a<\/a><\/blockquote><iframe sandbox=\"allow-scripts\" security=\"restricted\" src=\"https:\/\/travesiapirenaica.com\/fr\/relatos-de-altura-iii-mi-guia-de-montana\/embed\/#?secret=WsjKZNoPJS\" width=\"500\" height=\"350\" title=\"\u00ab\u00a0Mi gu\u00eda de monta\u00f1a\u00a0\u00bb &#8212; Traves\u00eda.\" data-secret=\"WsjKZNoPJS\" frameborder=\"0\" marginwidth=\"0\" marginheight=\"0\" scrolling=\"no\" class=\"wp-embedded-content\"><\/iframe><script>\n\/*! This file is auto-generated *\/\n!function(d,l){\"use strict\";l.querySelector&&d.addEventListener&&\"undefined\"!=typeof URL&&(d.wp=d.wp||{},d.wp.receiveEmbedMessage||(d.wp.receiveEmbedMessage=function(e){var t=e.data;if((t||t.secret||t.message||t.value)&&!\/[^a-zA-Z0-9]\/.test(t.secret)){for(var s,r,n,a=l.querySelectorAll('iframe[data-secret=\"'+t.secret+'\"]'),o=l.querySelectorAll('blockquote[data-secret=\"'+t.secret+'\"]'),c=new RegExp(\"^https?:$\",\"i\"),i=0;i<o.length;i++)o[i].style.display=\"none\";for(i=0;i<a.length;i++)s=a[i],e.source===s.contentWindow&&(s.removeAttribute(\"style\"),\"height\"===t.message?(1e3<(r=parseInt(t.value,10))?r=1e3:~~r<200&&(r=200),s.height=r):\"link\"===t.message&&(r=new URL(s.getAttribute(\"src\")),n=new URL(t.value),c.test(n.protocol))&&n.host===r.host&&l.activeElement===s&&(d.top.location.href=t.value))}},d.addEventListener(\"message\",d.wp.receiveEmbedMessage,!1),l.addEventListener(\"DOMContentLoaded\",function(){for(var e,t,s=l.querySelectorAll(\"iframe.wp-embedded-content\"),r=0;r<s.length;r++)(t=(e=s[r]).getAttribute(\"data-secret\"))||(t=Math.random().toString(36).substring(2,12),e.src+=\"#?secret=\"+t,e.setAttribute(\"data-secret\",t)),e.contentWindow.postMessage({message:\"ready\",secret:t},\"*\")},!1)))}(window,document);\n\/\/# sourceURL=https:\/\/travesiapirenaica.com\/wp-includes\/js\/wp-embed.min.js\n<\/script>\n"},"taxonomy_info":{"category":[{"value":54,"label":"Cultura"}],"post_tag":[{"value":3022,"label":"microrrelatos"}]},"featured_image_src_large":["https:\/\/travesiapirenaica.com\/wp-content\/uploads\/2024\/10\/Relatos-de-altura-III-Mi-guia-de-montana-1024x768.jpg",1024,768,true],"author_info":{"display_name":"Traves\u00eda Pirenaica","author_link":"https:\/\/travesiapirenaica.com\/fr\/author\/travesia-pirenaica\/"},"comment_info":0,"category_info":[{"term_id":54,"name":"Cultura","slug":"cultura","term_group":0,"term_taxonomy_id":54,"taxonomy":"category","description":"","parent":0,"count":239,"filter":"raw","cat_ID":54,"category_count":239,"category_description":"","cat_name":"Cultura","category_nicename":"cultura","category_parent":0}],"tag_info":[{"term_id":3022,"name":"microrrelatos","slug":"microrrelatos","term_group":0,"term_taxonomy_id":3038,"taxonomy":"post_tag","description":"","parent":0,"count":212,"filter":"raw"}],"jetpack_featured_media_url":"https:\/\/travesiapirenaica.com\/wp-content\/uploads\/2024\/10\/Relatos-de-altura-III-Mi-guia-de-montana.jpg","jetpack_sharing_enabled":true,"_links":{"self":[{"href":"https:\/\/travesiapirenaica.com\/fr\/wp-json\/wp\/v2\/posts\/44546","targetHints":{"allow":["GET"]}}],"collection":[{"href":"https:\/\/travesiapirenaica.com\/fr\/wp-json\/wp\/v2\/posts"}],"about":[{"href":"https:\/\/travesiapirenaica.com\/fr\/wp-json\/wp\/v2\/types\/post"}],"author":[{"embeddable":true,"href":"https:\/\/travesiapirenaica.com\/fr\/wp-json\/wp\/v2\/users\/1"}],"replies":[{"embeddable":true,"href":"https:\/\/travesiapirenaica.com\/fr\/wp-json\/wp\/v2\/comments?post=44546"}],"version-history":[{"count":0,"href":"https:\/\/travesiapirenaica.com\/fr\/wp-json\/wp\/v2\/posts\/44546\/revisions"}],"wp:featuredmedia":[{"embeddable":true,"href":"https:\/\/travesiapirenaica.com\/fr\/wp-json\/wp\/v2\/media\/44549"}],"wp:attachment":[{"href":"https:\/\/travesiapirenaica.com\/fr\/wp-json\/wp\/v2\/media?parent=44546"}],"wp:term":[{"taxonomy":"category","embeddable":true,"href":"https:\/\/travesiapirenaica.com\/fr\/wp-json\/wp\/v2\/categories?post=44546"},{"taxonomy":"post_tag","embeddable":true,"href":"https:\/\/travesiapirenaica.com\/fr\/wp-json\/wp\/v2\/tags?post=44546"},{"taxonomy":"series","embeddable":true,"href":"https:\/\/travesiapirenaica.com\/fr\/wp-json\/wp\/v2\/series?post=44546"}],"curies":[{"name":"wp","href":"https:\/\/api.w.org\/{rel}","templated":true}]}}