{"id":45832,"date":"2025-05-14T15:23:30","date_gmt":"2025-05-14T13:23:30","guid":{"rendered":"https:\/\/travesiapirenaica.com\/?p=45832"},"modified":"2025-05-14T15:23:34","modified_gmt":"2025-05-14T13:23:34","slug":"nouvelles","status":"publish","type":"post","link":"https:\/\/travesiapirenaica.com\/fr\/noticias\/","title":{"rendered":"\ud83d\udcf0 L'actualit\u00e9 de l'alpinisme et de la montagne de la semaine"},"content":{"rendered":"<p class=\"has-text-align-left\">Dans le cadre de la <span class=\"td_text_highlight_marker\" style=\"background-color:#ffbfb5\"><strong>Bulletin hebdomadaire<\/strong><\/span> nous incluons une section dans laquelle nous s\u00e9lectionnons les nouvelles hebdomadaires et les diff\u00e9rentes nouvelles. <strong><a href=\"https:\/\/www.travesiapirenaica.es\/\" target=\"_blank\" rel=\"noreferrer noopener nofollow\">S'abonner \u00e0 la <em>bulletin d'information<\/em><\/a> <\/strong>et de le recevoir chaque semaine \ud83d\ude42 .<\/p>\n\n\n\n<iframe loading=\"lazy\" src=\"https:\/\/www.travesiapirenaica.es\/embed\" width=\"480\" height=\"150\" style=\"border:1px solid #EEE; background:white;\" frameborder=\"0\" scrolling=\"no\"><\/iframe>\n\n\n\n<h3 class=\"wp-block-heading\">Mercredi 14 mai 2025<\/h3>\n\n\n\n<blockquote class=\"twitter-tweet\"><p lang=\"es\" dir=\"ltr\">\ud83d\udcf0 L'actualit\u00e9 de l'alpinisme et de la montagne la plus importante de la semaine \u00e9coul\u00e9e. \ud83d\udc47 <a href=\"https:\/\/t.co\/GYvzxcWtPD\">pic.twitter.com\/GYvzxcWtPD<\/a><\/p>- Travesia (@SendaPirenaica) <a href=\"https:\/\/twitter.com\/SendaPirenaica\/status\/1922642228515614845?ref_src=twsrc%5Etfw\" target=\"_blank\" rel=\"noopener\">14 mai 2025<\/a><\/blockquote> <script async src=\"https:\/\/platform.twitter.com\/widgets.js\" charset=\"utf-8\"><\/script>\n\n\n\n<ul class=\"wp-block-list\">\n<li><a href=\"https:\/\/cumbresmountainmagazine.com\/cumbres-del-mundo\/seven-summits-a-cumbres-del-mundo\/everest\/everest-egloff-espera-su-ventana-y-andrews-va-por-su-segundo-intento\/\" target=\"_blank\" rel=\"noreferrer noopener nofollow\"><strong>Karl Egloff et Tyler Andrews sont toujours en lice pour le FKT de l'Everest. Le Suisse-\u00c9quatorien attend son heure apr\u00e8s s'\u00eatre acclimat\u00e9 et avoir \u00e9vit\u00e9 la surpopulation, tandis que l'Am\u00e9ricain pr\u00e9pare d\u00e9j\u00e0 une deuxi\u00e8me tentative apr\u00e8s avoir abandonn\u00e9 \u00e0 7 100 m \u00e0 cause du vent.<\/strong><\/a><em>(Sommets)<\/em>. \"C'\u00e9tait une belle journ\u00e9e jusqu'au camp 3 (...). \u00c0 ce moment-l\u00e0, nous avons commenc\u00e9 \u00e0 voir des vents forts au sommet, qui sont arriv\u00e9s plus t\u00f4t que pr\u00e9vu, alors nous avons d\u00e9cid\u00e9 de faire demi-tour\", a comment\u00e9 Andrews sur les r\u00e9seaux. La fen\u00eatre se referme en mai... et le temps ne pardonne pas. Il y a quelques semaines, nous avons pass\u00e9 en revue les deux tentatives pour r\u00e9aliser le meilleur temps sur un <a href=\"https:\/\/youtu.be\/b6HAdoHimoI\" target=\"_blank\" rel=\"noreferrer noopener\"><strong>vid\u00e9o<\/strong><\/a>.<\/li>\n<\/ul>\n\n\n\n\n\n<ul class=\"wp-block-list\">\n<li><a href=\"https:\/\/www.desnivel.com\/alpinismo\/la-travesia-del-mont-blanc-de-alpinismo-y-esqui-extremo-por-benjamin-vedrines-y-nicolas-jean\/\" target=\"_blank\" rel=\"noreferrer noopener nofollow\"><strong>Benjamin V\u00e9drines et Nicolas Jean ont travers\u00e9 le massif du Mont Blanc en 3 jours, 11 descentes raides et plus de 40 km sans toucher \u00e0 la civilisation. <\/strong><\/a><em>(Desnivel)<\/em>. Ils encha\u00eenent des sommets comme le Mont Blanc (4 809 m), l'Aiguille Verte ou l'Aiguille du Chardonnet, et skient des lignes mythiques comme le Couturier ou le Gervasutti. Des ascensions au petit matin, un froid glacial, des piolets contre la glace et m\u00eame des photos avec des lignes dessin\u00e9es de chez eux envoy\u00e9es par leur ami Mathis Dumas, qui les observe \u00e0 travers le t\u00e9lescope : l'alpinisme en tant qu'auteur.<\/li>\n<\/ul>\n\n\n\n\n\n<ul class=\"wp-block-list\">\n<li>Alors qu'Eneko Pou signe une travers\u00e9e mythique dans les Alpes suisses - la haute route de l'Oberland bernois - avec 5 sommets et plus de 7 000 m de d\u00e9nivel\u00e9 en six jours, son fr\u00e8re Iker ouvre \"Euskal Dantza\" (8a\/310 m) sur la paroi de l'Oujad, \u00e0 Taghia. Deux voyages parall\u00e8les, neige et rocher, o\u00f9 la famille Pou continue d'\u00e9crire son histoire d'aventure, d'engagement et d'ouverture inlassable.<\/li>\n<\/ul>\n\n\n\n\n\n<ul class=\"wp-block-list\">\n<li><a href=\"https:\/\/www.desnivel.com\/expediciones\/mitchell-hutchcraft-de-inglaterra-a-la-cima-del-everest-sin-vehiculos-motorizados\/\" target=\"_blank\" rel=\"noreferrer noopener nofollow\"><strong>Mitchell Hutchcraft a atteint le sommet de l'Everest apr\u00e8s un voyage de 8 mois sans v\u00e9hicule motoris\u00e9.<\/strong><\/a> <em>(Desnivel)<\/em>Il a travers\u00e9 la Manche \u00e0 la nage, parcouru 12 000 km \u00e0 v\u00e9lo et couru 875 km jusqu'\u00e0 Katmandou. Il a compl\u00e9t\u00e9 son aventure par un trekking de 360 km et l'ascension finale, avec de l'oxyg\u00e8ne et l'aide d'un sherpa. Il s'agit sans aucun doute d'un triathlon \u00e9pique.<\/li>\n<\/ul>\n\n\n\n\n\n<div style=\"height:57px\" aria-hidden=\"true\" class=\"wp-block-spacer\"><\/div>\n\n\n\n<p>Vous pouvez continuer \u00e0 consulter les archives avec les histoires les plus int\u00e9ressantes : <\/p>\n\n\n\n<div class=\"wp-block-woocommerce-memberships-non-member-content\"><style>.kadence-column45832_a29185-c4 > .kt-inside-inner-col{box-shadow:0px 0px 14px 0px rgba(0, 0, 0, 0.2);}.kadence-column45832_a29185-c4 > .kt-inside-inner-col,.kadence-column45832_a29185-c4 > .kt-inside-inner-col:before{border-top-left-radius:5px;border-top-right-radius:5px;border-bottom-right-radius:5px;border-bottom-left-radius:5px;}.kadence-column45832_a29185-c4 > .kt-inside-inner-col{column-gap:var(--global-kb-gap-sm, 1rem);}.kadence-column45832_a29185-c4 > .kt-inside-inner-col{flex-direction:column;}.kadence-column45832_a29185-c4 > .kt-inside-inner-col > .aligncenter{width:100%;}.kadence-column45832_a29185-c4 > .kt-inside-inner-col{background-color:var(--global-palette7, #EDF2F7);}.kadence-column45832_a29185-c4 > .kt-inside-inner-col:before{opacity:0.22;}.kadence-column45832_a29185-c4{position:relative;}@media all and (max-width: 1024px){.kadence-column45832_a29185-c4 > .kt-inside-inner-col{flex-direction:column;justify-content:center;}}@media all and (max-width: 767px){.kadence-column45832_a29185-c4 > .kt-inside-inner-col{flex-direction:column;justify-content:center;}}<\/style>\n<div class=\"wp-block-kadence-column kadence-column45832_a29185-c4\"><div class=\"kt-inside-inner-col\">\n<div class=\"wp-block-group has-border-color\" style=\"border-color:var(--global-palette7);border-width:20px;border-radius:10px\"><div class=\"wp-block-group__inner-container is-layout-constrained wp-block-group-is-layout-constrained\">\n<p class=\"has-text-align-center has-medium-font-size\">Ce contenu est exclusif aux membres. <\/p>\n\n\n<style>.wp-block-kadence-advancedbtn.kb-btns45832_1446a4-f0{gap:var(--global-kb-gap-xs, 0.5rem );justify-content:center;align-items:center;}.kt-btns45832_1446a4-f0 .kt-button{font-weight:normal;font-style:normal;}.kt-btns45832_1446a4-f0 .kt-btn-wrap-0{margin-right:5px;}.wp-block-kadence-advancedbtn.kt-btns45832_1446a4-f0 .kt-btn-wrap-0 .kt-button{color:#555555;border-color:#555555;}.wp-block-kadence-advancedbtn.kt-btns45832_1446a4-f0 .kt-btn-wrap-0 .kt-button:hover, .wp-block-kadence-advancedbtn.kt-btns45832_1446a4-f0 .kt-btn-wrap-0 .kt-button:focus{color:#ffffff;border-color:#444444;}.wp-block-kadence-advancedbtn.kt-btns45832_1446a4-f0 .kt-btn-wrap-0 .kt-button::before{display:none;}.wp-block-kadence-advancedbtn.kt-btns45832_1446a4-f0 .kt-btn-wrap-0 .kt-button:hover, .wp-block-kadence-advancedbtn.kt-btns45832_1446a4-f0 .kt-btn-wrap-0 .kt-button:focus{background:#444444;}<\/style>\n<div class=\"wp-block-kadence-advancedbtn kb-buttons-wrap kb-btns45832_1446a4-f0\"><style>ul.menu .wp-block-kadence-advancedbtn .kb-btn45832_3b2b67-d8.kb-button{width:initial;}<\/style><a class=\"kb-button kt-button button kb-btn45832_3b2b67-d8 kt-btn-size-standard kt-btn-width-type-auto kb-btn-global-fill  kt-btn-has-text-true kt-btn-has-svg-false  wp-block-kadence-singlebtn\" href=\"https:\/\/travesiapirenaica.com\/fr\/produit\/access-club-travesia-pirenaica\/\" target=\"_blank\" rel=\"noreferrer noopener\"><span class=\"kt-btn-inner-text\">+ Rejoindre<\/span><\/a><\/div>\n\n\n\n<p class=\"has-text-align-center has-medium-font-size\">Vous \u00eates d\u00e9j\u00e0 membre du Club ? <strong><a href=\"https:\/\/travesiapirenaica.com\/fr\/mon-compte\/\" target=\"_blank\" rel=\"noreferrer noopener\">Se connecter.<\/a><\/strong><\/p>\n<\/div><\/div>\n<\/div><\/div>\n<\/div>","protected":false},"excerpt":{"rendered":"Dans le Bulletin hebdomadaire, nous incluons une section dans laquelle nous s\u00e9lectionnons les nouvelles de la semaine et...","protected":false},"author":191,"featured_media":25094,"comment_status":"closed","ping_status":"closed","sticky":false,"template":"","format":"standard","meta":{"_kad_blocks_custom_css":"","_kad_blocks_head_custom_js":"","_kad_blocks_body_custom_js":"","_kad_blocks_footer_custom_js":"","episode_type":"audio","audio_file":"","podmotor_file_id":"","podmotor_episode_id":"","cover_image":"","cover_image_id":"","duration":"","filesize":"","filesize_raw":"","date_recorded":"","explicit":"","block":"","_kad_post_transparent":"","_kad_post_title":"","_kad_post_layout":"","_kad_post_sidebar_id":"","_kad_post_content_style":"","_kad_post_vertical_padding":"","_kad_post_feature":"","_kad_post_feature_position":"","_kad_post_header":false,"_kad_post_footer":false,"_kad_post_classname":"","_jetpack_memberships_contains_paid_content":false,"footnotes":""},"categories":[3002],"tags":[],"series":[],"class_list":["post-45832","post","type-post","status-publish","format-standard","has-post-thumbnail","hentry","category-actualidad"],"episode_featured_image":"https:\/\/travesiapirenaica.com\/wp-content\/uploads\/2015\/01\/Noticias.jpg","episode_player_image":"https:\/\/travesiapirenaica.com\/wp-content\/uploads\/2017\/12\/Caratula-Podcast-Maldita-Montana_1500x1500_72pp-p_.jpg","download_link":"","player_link":"","audio_player":false,"episode_data":{"playerMode":"dark","subscribeUrls":[],"rssFeedUrl":"https:\/\/travesiapirenaica.com\/fr\/feed\/podcast\/maldita-montana","embedCode":"<blockquote class=\"wp-embedded-content\" data-secret=\"WoKdjQMosB\"><a href=\"https:\/\/travesiapirenaica.com\/fr\/noticias\/\">\ud83d\udcf0 Las noticias de alpinismo y monta\u00f1a m\u00e1s destacadas de la semana<\/a><\/blockquote><iframe sandbox=\"allow-scripts\" security=\"restricted\" src=\"https:\/\/travesiapirenaica.com\/fr\/noticias\/embed\/#?secret=WoKdjQMosB\" width=\"500\" height=\"350\" title=\"\u00ab\u00a0\ud83d\udcf0 Las noticias de alpinismo y monta\u00f1a m\u00e1s destacadas de la semana\u00a0\u00bb &#8212; Traves\u00eda.\" data-secret=\"WoKdjQMosB\" frameborder=\"0\" marginwidth=\"0\" marginheight=\"0\" scrolling=\"no\" class=\"wp-embedded-content\"><\/iframe><script>\n\/*! This file is auto-generated *\/\n!function(d,l){\"use strict\";l.querySelector&&d.addEventListener&&\"undefined\"!=typeof URL&&(d.wp=d.wp||{},d.wp.receiveEmbedMessage||(d.wp.receiveEmbedMessage=function(e){var t=e.data;if((t||t.secret||t.message||t.value)&&!\/[^a-zA-Z0-9]\/.test(t.secret)){for(var s,r,n,a=l.querySelectorAll('iframe[data-secret=\"'+t.secret+'\"]'),o=l.querySelectorAll('blockquote[data-secret=\"'+t.secret+'\"]'),c=new RegExp(\"^https?:$\",\"i\"),i=0;i<o.length;i++)o[i].style.display=\"none\";for(i=0;i<a.length;i++)s=a[i],e.source===s.contentWindow&&(s.removeAttribute(\"style\"),\"height\"===t.message?(1e3<(r=parseInt(t.value,10))?r=1e3:~~r<200&&(r=200),s.height=r):\"link\"===t.message&&(r=new URL(s.getAttribute(\"src\")),n=new URL(t.value),c.test(n.protocol))&&n.host===r.host&&l.activeElement===s&&(d.top.location.href=t.value))}},d.addEventListener(\"message\",d.wp.receiveEmbedMessage,!1),l.addEventListener(\"DOMContentLoaded\",function(){for(var e,t,s=l.querySelectorAll(\"iframe.wp-embedded-content\"),r=0;r<s.length;r++)(t=(e=s[r]).getAttribute(\"data-secret\"))||(t=Math.random().toString(36).substring(2,12),e.src+=\"#?secret=\"+t,e.setAttribute(\"data-secret\",t)),e.contentWindow.postMessage({message:\"ready\",secret:t},\"*\")},!1)))}(window,document);\n\/\/# sourceURL=https:\/\/travesiapirenaica.com\/wp-includes\/js\/wp-embed.min.js\n<\/script>\n"},"taxonomy_info":{"category":[{"value":3002,"label":"Actualidad"}]},"featured_image_src_large":["https:\/\/travesiapirenaica.com\/wp-content\/uploads\/2015\/01\/Noticias-1024x768.jpg",1024,768,true],"author_info":{"display_name":"Eduardo Azcona","author_link":"https:\/\/travesiapirenaica.com\/fr\/author\/eduardo-2\/"},"comment_info":0,"category_info":[{"term_id":3002,"name":"Actualidad","slug":"actualidad","term_group":0,"term_taxonomy_id":3018,"taxonomy":"category","description":"Actualidad","parent":0,"count":75,"filter":"raw","cat_ID":3002,"category_count":75,"category_description":"Actualidad","cat_name":"Actualidad","category_nicename":"actualidad","category_parent":0}],"tag_info":false,"jetpack_featured_media_url":"https:\/\/travesiapirenaica.com\/wp-content\/uploads\/2015\/01\/Noticias.jpg","jetpack_sharing_enabled":true,"_links":{"self":[{"href":"https:\/\/travesiapirenaica.com\/fr\/wp-json\/wp\/v2\/posts\/45832","targetHints":{"allow":["GET"]}}],"collection":[{"href":"https:\/\/travesiapirenaica.com\/fr\/wp-json\/wp\/v2\/posts"}],"about":[{"href":"https:\/\/travesiapirenaica.com\/fr\/wp-json\/wp\/v2\/types\/post"}],"author":[{"embeddable":true,"href":"https:\/\/travesiapirenaica.com\/fr\/wp-json\/wp\/v2\/users\/191"}],"replies":[{"embeddable":true,"href":"https:\/\/travesiapirenaica.com\/fr\/wp-json\/wp\/v2\/comments?post=45832"}],"version-history":[{"count":0,"href":"https:\/\/travesiapirenaica.com\/fr\/wp-json\/wp\/v2\/posts\/45832\/revisions"}],"wp:featuredmedia":[{"embeddable":true,"href":"https:\/\/travesiapirenaica.com\/fr\/wp-json\/wp\/v2\/media\/25094"}],"wp:attachment":[{"href":"https:\/\/travesiapirenaica.com\/fr\/wp-json\/wp\/v2\/media?parent=45832"}],"wp:term":[{"taxonomy":"category","embeddable":true,"href":"https:\/\/travesiapirenaica.com\/fr\/wp-json\/wp\/v2\/categories?post=45832"},{"taxonomy":"post_tag","embeddable":true,"href":"https:\/\/travesiapirenaica.com\/fr\/wp-json\/wp\/v2\/tags?post=45832"},{"taxonomy":"series","embeddable":true,"href":"https:\/\/travesiapirenaica.com\/fr\/wp-json\/wp\/v2\/series?post=45832"}],"curies":[{"name":"wp","href":"https:\/\/api.w.org\/{rel}","templated":true}]}}