{"id":46161,"date":"2025-01-29T10:59:39","date_gmt":"2025-01-29T09:59:39","guid":{"rendered":"https:\/\/travesiapirenaica.com\/?p=46161"},"modified":"2025-01-29T14:39:44","modified_gmt":"2025-01-29T13:39:44","slug":"les-grandes-histoires-de-la-madeleine-par-proust","status":"publish","type":"post","link":"https:\/\/travesiapirenaica.com\/fr\/relatos-de-altura-iv-la-magdalena-de-proust\/","title":{"rendered":"La madeleine de Proust"},"content":{"rendered":"<p><em>Nous poursuivons la publication des micro-r\u00e9cits de la QUATRI\u00c8ME \u00e9dition du concours :\u00a0<a href=\"https:\/\/travesiapirenaica.com\/fr\/concours-de-micro-histoires2024\/\">Histoires de haute altitude<\/a>nous vous laissons appr\u00e9cier avec \"<strong><strong><strong><strong><strong>La madeleine de Proust<\/strong><\/strong><\/strong><\/strong><\/strong>\"par Patxi Xabier Latorre<\/em>. <strong>TROISI\u00c8ME prix. <\/strong>\ud83e\udd47<\/p>\n\n\n\n<h2 class=\"wp-block-heading\" id=\"aqui-y-ahora\"><strong><em><strong><strong><strong><strong><strong><strong><strong><strong><strong><strong><strong><strong><strong><strong><strong><em><strong><strong><strong><strong><strong><em><strong><strong><strong><strong><strong>La madeleine de Proust<\/strong><\/strong><\/strong><\/strong><\/strong><\/em><\/strong><\/strong><\/strong><\/strong><\/strong><\/em><\/strong><\/strong><\/strong><\/strong><\/strong><\/strong><\/strong><\/strong><\/strong><\/strong><\/strong><\/strong><\/strong><\/strong><\/strong><\/em><\/strong><\/h2>\n\n\n\n<p><em>-par\u00a0<em><em>Patxi Xabier Latorre<\/em><\/em>-<\/em><\/p>\n\n\n\n<p>Un nouvel emploi. Un environnement non hostile mais mena\u00e7ant. Tout est diff\u00e9rent. Et \u00e9trange. Je sors de mon sac \u00e0 dos quelques effets personnels pour rendre plus accueillant l'endroit o\u00f9 je vais passer tant d'heures. Parmi eux, un calendrier que j'accrocherai au mur le 2 janvier. Ce n'est pas n'importe quel calendrier. Cette fois-ci, je ne l'ai pas d\u00e9di\u00e9 \u00e0 Piris, mais \u00e0 Picos. La couverture ne pouvait avoir d'autre protagoniste que ce colosse aux reflets dor\u00e9s que je ne pourrai plus couronner, par manque de comp\u00e9tence ou \u00e0 cause des ann\u00e9es. Ses images seront ma madeleine de Proust particuli\u00e8re. Elles me transporteront vers des territoires \u00e0 la fois familiers et inconnus. De la roche, de l'herbe et des lambeaux de ciel bleu. Les restes d'une cong\u00e8re. Un pin tordu qui semble se nourrir d'air. La montagne : le dernier et le plus efficace des refuges contre l'incertitude.<\/p>","protected":false},"excerpt":{"rendered":"Nous poursuivons la publication des micro-r\u00e9cits de la QUATRI\u00c8ME \u00e9dition du concours : Relatos de Altura,...","protected":false},"author":1,"featured_media":46162,"comment_status":"closed","ping_status":"closed","sticky":false,"template":"","format":"standard","meta":{"_kad_blocks_custom_css":"","_kad_blocks_head_custom_js":"","_kad_blocks_body_custom_js":"","_kad_blocks_footer_custom_js":"","episode_type":"audio","audio_file":"","podmotor_file_id":"","podmotor_episode_id":"","cover_image":"","cover_image_id":"","duration":"","filesize":"","filesize_raw":"","date_recorded":"","explicit":"","block":"","_kad_post_transparent":"","_kad_post_title":"","_kad_post_layout":"","_kad_post_sidebar_id":"","_kad_post_content_style":"","_kad_post_vertical_padding":"","_kad_post_feature":"","_kad_post_feature_position":"","_kad_post_header":false,"_kad_post_footer":false,"_kad_post_classname":"","_jetpack_memberships_contains_paid_content":false,"footnotes":""},"categories":[54],"tags":[3022],"series":[],"class_list":["post-46161","post","type-post","status-publish","format-standard","has-post-thumbnail","hentry","category-cultura","tag-microrrelatos"],"episode_featured_image":"https:\/\/travesiapirenaica.com\/wp-content\/uploads\/2025\/01\/Relatos-de-altura-IV-La-magdalena-de-Proust.jpg","episode_player_image":"https:\/\/travesiapirenaica.com\/wp-content\/uploads\/2017\/12\/Caratula-Podcast-Maldita-Montana_1500x1500_72pp-p_.jpg","download_link":"","player_link":"","audio_player":false,"episode_data":{"playerMode":"dark","subscribeUrls":[],"rssFeedUrl":"https:\/\/travesiapirenaica.com\/fr\/feed\/podcast\/maldita-montana","embedCode":"<blockquote class=\"wp-embedded-content\" data-secret=\"7TlHKdwK6y\"><a href=\"https:\/\/travesiapirenaica.com\/fr\/relatos-de-altura-iv-la-magdalena-de-proust\/\">La magdalena de Proust<\/a><\/blockquote><iframe sandbox=\"allow-scripts\" security=\"restricted\" src=\"https:\/\/travesiapirenaica.com\/fr\/relatos-de-altura-iv-la-magdalena-de-proust\/embed\/#?secret=7TlHKdwK6y\" width=\"500\" height=\"350\" title=\"\u00ab\u00a0La magdalena de Proust\u00a0\u00bb &#8212; Traves\u00eda.\" data-secret=\"7TlHKdwK6y\" frameborder=\"0\" marginwidth=\"0\" marginheight=\"0\" scrolling=\"no\" class=\"wp-embedded-content\"><\/iframe><script>\n\/*! This file is auto-generated *\/\n!function(d,l){\"use strict\";l.querySelector&&d.addEventListener&&\"undefined\"!=typeof URL&&(d.wp=d.wp||{},d.wp.receiveEmbedMessage||(d.wp.receiveEmbedMessage=function(e){var t=e.data;if((t||t.secret||t.message||t.value)&&!\/[^a-zA-Z0-9]\/.test(t.secret)){for(var s,r,n,a=l.querySelectorAll('iframe[data-secret=\"'+t.secret+'\"]'),o=l.querySelectorAll('blockquote[data-secret=\"'+t.secret+'\"]'),c=new RegExp(\"^https?:$\",\"i\"),i=0;i<o.length;i++)o[i].style.display=\"none\";for(i=0;i<a.length;i++)s=a[i],e.source===s.contentWindow&&(s.removeAttribute(\"style\"),\"height\"===t.message?(1e3<(r=parseInt(t.value,10))?r=1e3:~~r<200&&(r=200),s.height=r):\"link\"===t.message&&(r=new URL(s.getAttribute(\"src\")),n=new URL(t.value),c.test(n.protocol))&&n.host===r.host&&l.activeElement===s&&(d.top.location.href=t.value))}},d.addEventListener(\"message\",d.wp.receiveEmbedMessage,!1),l.addEventListener(\"DOMContentLoaded\",function(){for(var e,t,s=l.querySelectorAll(\"iframe.wp-embedded-content\"),r=0;r<s.length;r++)(t=(e=s[r]).getAttribute(\"data-secret\"))||(t=Math.random().toString(36).substring(2,12),e.src+=\"#?secret=\"+t,e.setAttribute(\"data-secret\",t)),e.contentWindow.postMessage({message:\"ready\",secret:t},\"*\")},!1)))}(window,document);\n\/\/# sourceURL=https:\/\/travesiapirenaica.com\/wp-includes\/js\/wp-embed.min.js\n<\/script>\n"},"taxonomy_info":{"category":[{"value":54,"label":"Cultura"}],"post_tag":[{"value":3022,"label":"microrrelatos"}]},"featured_image_src_large":["https:\/\/travesiapirenaica.com\/wp-content\/uploads\/2025\/01\/Relatos-de-altura-IV-La-magdalena-de-Proust-1024x768.jpg",1024,768,true],"author_info":{"display_name":"Traves\u00eda Pirenaica","author_link":"https:\/\/travesiapirenaica.com\/fr\/author\/travesia-pirenaica\/"},"comment_info":0,"category_info":[{"term_id":54,"name":"Cultura","slug":"cultura","term_group":0,"term_taxonomy_id":54,"taxonomy":"category","description":"","parent":0,"count":239,"filter":"raw","cat_ID":54,"category_count":239,"category_description":"","cat_name":"Cultura","category_nicename":"cultura","category_parent":0}],"tag_info":[{"term_id":3022,"name":"microrrelatos","slug":"microrrelatos","term_group":0,"term_taxonomy_id":3038,"taxonomy":"post_tag","description":"","parent":0,"count":212,"filter":"raw"}],"jetpack_featured_media_url":"https:\/\/travesiapirenaica.com\/wp-content\/uploads\/2025\/01\/Relatos-de-altura-IV-La-magdalena-de-Proust.jpg","jetpack_sharing_enabled":true,"_links":{"self":[{"href":"https:\/\/travesiapirenaica.com\/fr\/wp-json\/wp\/v2\/posts\/46161","targetHints":{"allow":["GET"]}}],"collection":[{"href":"https:\/\/travesiapirenaica.com\/fr\/wp-json\/wp\/v2\/posts"}],"about":[{"href":"https:\/\/travesiapirenaica.com\/fr\/wp-json\/wp\/v2\/types\/post"}],"author":[{"embeddable":true,"href":"https:\/\/travesiapirenaica.com\/fr\/wp-json\/wp\/v2\/users\/1"}],"replies":[{"embeddable":true,"href":"https:\/\/travesiapirenaica.com\/fr\/wp-json\/wp\/v2\/comments?post=46161"}],"version-history":[{"count":0,"href":"https:\/\/travesiapirenaica.com\/fr\/wp-json\/wp\/v2\/posts\/46161\/revisions"}],"wp:featuredmedia":[{"embeddable":true,"href":"https:\/\/travesiapirenaica.com\/fr\/wp-json\/wp\/v2\/media\/46162"}],"wp:attachment":[{"href":"https:\/\/travesiapirenaica.com\/fr\/wp-json\/wp\/v2\/media?parent=46161"}],"wp:term":[{"taxonomy":"category","embeddable":true,"href":"https:\/\/travesiapirenaica.com\/fr\/wp-json\/wp\/v2\/categories?post=46161"},{"taxonomy":"post_tag","embeddable":true,"href":"https:\/\/travesiapirenaica.com\/fr\/wp-json\/wp\/v2\/tags?post=46161"},{"taxonomy":"series","embeddable":true,"href":"https:\/\/travesiapirenaica.com\/fr\/wp-json\/wp\/v2\/series?post=46161"}],"curies":[{"name":"wp","href":"https:\/\/api.w.org\/{rel}","templated":true}]}}