{"id":47944,"date":"2025-05-21T11:33:12","date_gmt":"2025-05-21T09:33:12","guid":{"rendered":"https:\/\/travesiapirenaica.com\/?p=47944"},"modified":"2025-05-21T11:33:15","modified_gmt":"2025-05-21T09:33:15","slug":"geert-van-nispen-fkt-camino-del-norte-santiago","status":"publish","type":"post","link":"https:\/\/travesiapirenaica.com\/fr\/geert-van-nispen-fkt-camino-del-norte-santiago\/","title":{"rendered":"Geert van Nispen parcourt plus de 3 800 kilom\u00e8tres en courant et en marchant, et atteint le \"bout du monde\"."},"content":{"rendered":"\n<p><strong><em>De Nimega, Pa\u00edses Bajos, a Sagres, Portugal. A pie. Solo. A trav\u00e9s de bosques, monta\u00f1as y acantilados. M\u00e1s de 3.800 kil\u00f3metros y 63.000 metros de desnivel, bajo sol, viento y lluvia. Un n\u00f3mada moderno alcanza el \u2018fin del mundo\u2019 \u2014y encuentra conexi\u00f3n en el camino.<\/em><\/strong><\/p>\n\n\n\n<p>En el extremo suroeste del continente europeo, donde los acantilados terminan abruptamente y comienza el oc\u00e9ano, est\u00e1 Geert. Con los zapatos destrozados y el coraz\u00f3n lleno. Tras m\u00e1s de 3.800 kil\u00f3metros, siete pa\u00edses y un sinf\u00edn de encuentros inolvidables, llega al simb\u00f3lico \u201cfin del mundo\u201d en Sagres, Portugal.<\/p>\n\n\n\n<p>Una aventura que comenz\u00f3 el 2 de enero en Nimega y que ahora concluye. Pero este viaje es mucho m\u00e1s que una traves\u00eda a pie. Es una b\u00fasqueda de libertad, de sentido, de conexi\u00f3n\u2026 y una defensa del movimiento, de la vida misma.<\/p>\n\n\n\n<p><strong><em>Un hogar en la mochila<\/em><\/strong><\/p>\n\n\n\n<p>Geert deja atr\u00e1s su casa y elige el camino bajo sus pies. Literalmente. Con solo una mochila y una confianza infinita en lo desconocido, recorre el Pieterpad, la GR5, el Camino desde Luxemburgo, la GR703 (ruta de Juana de Arco), la GR654, los Pirineos, el Camino del Norte y rutas impresionantes por Espa\u00f1a y Portugal, hasta llegar al sur de Europa.<\/p>\n\n\n\n<p>Sus blogs \u2014como \u201cCada paso es m\u00edo\u201d, \u201cTrailrunning Quest\u201d, \u201cEl cansancio: una fuerza silenciosa o una debilidad molesta\u201d y muchos otros\u2014 dibujan el retrato de una persona que vive, se sacia y aprende en el camino. Desde dormir bajo las estrellas hasta correr con dolor. Desde la reflexi\u00f3n profunda hasta la euforia desbordante. Y, sobre todo, una pasi\u00f3n indomable por estar fuera y seguir en movimiento.<\/p>\n\n\n\n<p><strong><em>Un canto a la resiliencia y a lo desconocido<\/em><\/strong><\/p>\n\n\n\n<p>Durante el camino, Geert se deja guiar por la intuici\u00f3n. Se reta a s\u00ed mismo con r\u00e9cords de velocidad en rutas hist\u00f3ricas de peregrinaci\u00f3n, como el Camino del Norte, donde en abril bate el r\u00e9cord en estilo autosuficiente con un tiempo de 10 d\u00edas, 22 horas, 36 minutos y 29 segundos. Pero tambi\u00e9n valora lo lento: escuchar el susurro de los \u00e1rboles, conocer desconocidos en puertos de monta\u00f1a solitarios, compartir el silencio, la comida y las historias.<\/p>\n\n\n\n<p>El viaje se convierte en una met\u00e1fora de la vida misma: no una l\u00ednea recta, sino un camino lleno de cruces, decisiones, encuentros y oportunidades. Geert lo llama una \u201cexistencia en movimiento\u201d y dice: \u201cEl hogar no es donde vives. El hogar es donde te mueves, donde sientes que est\u00e1s vivo.\u201d<\/p>\n\n\n\n<p><strong><em>Atenci\u00f3n al Parkinson<\/em><\/strong><\/p>\n\n\n\n<p>Con su traves\u00eda, Geert tambi\u00e9n quiere llamar la atenci\u00f3n sobre la enfermedad de Parkinson. Camina por quienes ya no pueden moverse con libertad. Su p\u00e1gina de campa\u00f1a en <a href=\"https:\/\/inactievoorparkinson.nl\" target=\"_blank\" rel=\"noreferrer noopener nofollow\">inactievoorparkinson.nl<\/a> ya ha inspirado a muchas personas a ponerse en acci\u00f3n. \u201cMientras pueda caminar, caminar\u00e9 tambi\u00e9n por ellos\u201d, afirma. \u201cY seguir\u00e9 caminando.\u201d<\/p>\n\n\n\n<p><strong>Un viaje que va m\u00e1s all\u00e1 del \u00faltimo paso<\/strong><br>Aunque Sagres sea el final simb\u00f3lico, para Geert se siente como el comienzo de algo nuevo. Algo m\u00e1s grande. Una conexi\u00f3n profunda con la naturaleza, consigo mismo y con el mundo que lo rodea. \u00c9l no se define como viajero, sino como buscador. Y a\u00fan no ha terminado de buscar.<\/p>\n\n\n\n<hr class=\"wp-block-separator has-alpha-channel-opacity\"\/>\n\n\n\n<h2 class=\"wp-block-heading\">Geert van Nispen pulveriza el tiempo m\u00e1s r\u00e1pido en el Camino Santiago del Norte<\/h2>\n\n\n\n<figure class=\"wp-block-image size-large\"><img loading=\"lazy\" decoding=\"async\" width=\"1024\" height=\"683\" src=\"https:\/\/travesiapirenaica.com\/wp-content\/uploads\/2025\/04\/TomasMontes_Geert_FKT_CaminoNorte_Rab_-04-1024x683.webp\" alt=\"Geert van Nispen pulveriza el tiempo m\u00e1s r\u00e1pido en el Camino Santiago del Norte \/ Foto: Tom\u00e1s Montes y Rab\" class=\"wp-image-48067\" srcset=\"https:\/\/travesiapirenaica.com\/wp-content\/uploads\/2025\/04\/TomasMontes_Geert_FKT_CaminoNorte_Rab_-04-1024x683.webp 1024w, https:\/\/travesiapirenaica.com\/wp-content\/uploads\/2025\/04\/TomasMontes_Geert_FKT_CaminoNorte_Rab_-04-300x200.webp 300w, https:\/\/travesiapirenaica.com\/wp-content\/uploads\/2025\/04\/TomasMontes_Geert_FKT_CaminoNorte_Rab_-04-768x512.webp 768w, https:\/\/travesiapirenaica.com\/wp-content\/uploads\/2025\/04\/TomasMontes_Geert_FKT_CaminoNorte_Rab_-04-1536x1024.webp 1536w, https:\/\/travesiapirenaica.com\/wp-content\/uploads\/2025\/04\/TomasMontes_Geert_FKT_CaminoNorte_Rab_-04-18x12.webp 18w, https:\/\/travesiapirenaica.com\/wp-content\/uploads\/2025\/04\/TomasMontes_Geert_FKT_CaminoNorte_Rab_-04-600x400.webp 600w, https:\/\/travesiapirenaica.com\/wp-content\/uploads\/2025\/04\/TomasMontes_Geert_FKT_CaminoNorte_Rab_-04.webp 1920w\" sizes=\"auto, (max-width: 1024px) 100vw, 1024px\" \/><figcaption class=\"wp-element-caption\">Geert van Nispen pulveriza el tiempo m\u00e1s r\u00e1pido en el Camino Santiago del Norte \/ Foto:  Tom\u00e1s Montes y Rab\n<\/figcaption><\/figure>\n\n\n\n<p>En el D\u00eda Mundial del Parkinson, Geert finaliza su traves\u00eda de 844 kil\u00f3metros en un tiempo r\u00e9cord. No podr\u00eda haber un regalo m\u00e1s grande, ya que Geert siempre est\u00e1 trabajando por dar visibilidad a la enfermedad de Parkinson.<\/p>\n\n\n\n<p>Geert lleva ya m\u00e1s de <strong>2.960 kil\u00f3metros en las piernas<\/strong> desde que sali\u00f3 de Nimega el pasado 2 de enero. A trav\u00e9s del Pieterpad, la GR5 por B\u00e9lgica, el Camino desde Luxemburgo, la GR5F, la ruta de Juana de Arco y la GR654 por Francia, la GR11 y el Camino del Norte, su <em>Quest Trail<\/em>  le ha llevado finalmente a Santiago de Compostela.<\/p>\n\n\n\n<p><\/p>\n\n\n\n<figure class=\"wp-block-gallery has-nested-images columns-default is-cropped wp-block-gallery-1 is-layout-flex wp-block-gallery-is-layout-flex\">\n<figure class=\"wp-block-image size-medium\"><img loading=\"lazy\" decoding=\"async\" width=\"225\" height=\"300\" data-id=\"48044\" src=\"https:\/\/travesiapirenaica.com\/wp-content\/uploads\/2025\/04\/Geert-van-Nispen-in-de-nacht-225x300.webp\" alt=\"\" class=\"wp-image-48044\" srcset=\"https:\/\/travesiapirenaica.com\/wp-content\/uploads\/2025\/04\/Geert-van-Nispen-in-de-nacht-225x300.webp 225w, https:\/\/travesiapirenaica.com\/wp-content\/uploads\/2025\/04\/Geert-van-Nispen-in-de-nacht-768x1024.webp 768w, https:\/\/travesiapirenaica.com\/wp-content\/uploads\/2025\/04\/Geert-van-Nispen-in-de-nacht-1152x1536.webp 1152w, https:\/\/travesiapirenaica.com\/wp-content\/uploads\/2025\/04\/Geert-van-Nispen-in-de-nacht-9x12.webp 9w, https:\/\/travesiapirenaica.com\/wp-content\/uploads\/2025\/04\/Geert-van-Nispen-in-de-nacht-600x800.webp 600w, https:\/\/travesiapirenaica.com\/wp-content\/uploads\/2025\/04\/Geert-van-Nispen-in-de-nacht.webp 1280w\" sizes=\"auto, (max-width: 225px) 100vw, 225px\" \/><\/figure>\n\n\n\n<figure class=\"wp-block-image size-medium\"><img loading=\"lazy\" decoding=\"async\" width=\"300\" height=\"300\" data-id=\"48045\" src=\"https:\/\/travesiapirenaica.com\/wp-content\/uploads\/2025\/04\/Geert-van-Nispen-finish-FKT-Camino-del-Norte-10425-300x300.webp\" alt=\"\" class=\"wp-image-48045\" srcset=\"https:\/\/travesiapirenaica.com\/wp-content\/uploads\/2025\/04\/Geert-van-Nispen-finish-FKT-Camino-del-Norte-10425-300x300.webp 300w, https:\/\/travesiapirenaica.com\/wp-content\/uploads\/2025\/04\/Geert-van-Nispen-finish-FKT-Camino-del-Norte-10425-1024x1024.webp 1024w, https:\/\/travesiapirenaica.com\/wp-content\/uploads\/2025\/04\/Geert-van-Nispen-finish-FKT-Camino-del-Norte-10425-150x150.webp 150w, https:\/\/travesiapirenaica.com\/wp-content\/uploads\/2025\/04\/Geert-van-Nispen-finish-FKT-Camino-del-Norte-10425-768x768.webp 768w, https:\/\/travesiapirenaica.com\/wp-content\/uploads\/2025\/04\/Geert-van-Nispen-finish-FKT-Camino-del-Norte-10425-12x12.webp 12w, https:\/\/travesiapirenaica.com\/wp-content\/uploads\/2025\/04\/Geert-van-Nispen-finish-FKT-Camino-del-Norte-10425-600x600.webp 600w, https:\/\/travesiapirenaica.com\/wp-content\/uploads\/2025\/04\/Geert-van-Nispen-finish-FKT-Camino-del-Norte-10425-100x100.webp 100w, https:\/\/travesiapirenaica.com\/wp-content\/uploads\/2025\/04\/Geert-van-Nispen-finish-FKT-Camino-del-Norte-10425.webp 1280w\" sizes=\"auto, (max-width: 300px) 100vw, 300px\" \/><\/figure>\n\n\n\n<figure class=\"wp-block-image size-medium\"><img loading=\"lazy\" decoding=\"async\" width=\"225\" height=\"300\" data-id=\"48046\" src=\"https:\/\/travesiapirenaica.com\/wp-content\/uploads\/2025\/04\/Geert-van-Nispen-Startpunt-Camino-del-Norte-225x300.webp\" alt=\"\" class=\"wp-image-48046\" srcset=\"https:\/\/travesiapirenaica.com\/wp-content\/uploads\/2025\/04\/Geert-van-Nispen-Startpunt-Camino-del-Norte-225x300.webp 225w, https:\/\/travesiapirenaica.com\/wp-content\/uploads\/2025\/04\/Geert-van-Nispen-Startpunt-Camino-del-Norte-768x1024.webp 768w, https:\/\/travesiapirenaica.com\/wp-content\/uploads\/2025\/04\/Geert-van-Nispen-Startpunt-Camino-del-Norte-1152x1536.webp 1152w, https:\/\/travesiapirenaica.com\/wp-content\/uploads\/2025\/04\/Geert-van-Nispen-Startpunt-Camino-del-Norte-9x12.webp 9w, https:\/\/travesiapirenaica.com\/wp-content\/uploads\/2025\/04\/Geert-van-Nispen-Startpunt-Camino-del-Norte-600x800.webp 600w, https:\/\/travesiapirenaica.com\/wp-content\/uploads\/2025\/04\/Geert-van-Nispen-Startpunt-Camino-del-Norte.webp 1280w\" sizes=\"auto, (max-width: 225px) 100vw, 225px\" \/><\/figure>\n\n\n\n<figure class=\"wp-block-image size-large\"><img loading=\"lazy\" decoding=\"async\" width=\"1024\" height=\"683\" data-id=\"48047\" src=\"https:\/\/travesiapirenaica.com\/wp-content\/uploads\/2025\/04\/Geert-van-Nispen-Camino-del-Norte-1024x683.webp\" alt=\"\" class=\"wp-image-48047\" srcset=\"https:\/\/travesiapirenaica.com\/wp-content\/uploads\/2025\/04\/Geert-van-Nispen-Camino-del-Norte-1024x683.webp 1024w, https:\/\/travesiapirenaica.com\/wp-content\/uploads\/2025\/04\/Geert-van-Nispen-Camino-del-Norte-300x200.webp 300w, https:\/\/travesiapirenaica.com\/wp-content\/uploads\/2025\/04\/Geert-van-Nispen-Camino-del-Norte-768x512.webp 768w, https:\/\/travesiapirenaica.com\/wp-content\/uploads\/2025\/04\/Geert-van-Nispen-Camino-del-Norte-1536x1024.webp 1536w, https:\/\/travesiapirenaica.com\/wp-content\/uploads\/2025\/04\/Geert-van-Nispen-Camino-del-Norte-18x12.webp 18w, https:\/\/travesiapirenaica.com\/wp-content\/uploads\/2025\/04\/Geert-van-Nispen-Camino-del-Norte-600x400.webp 600w, https:\/\/travesiapirenaica.com\/wp-content\/uploads\/2025\/04\/Geert-van-Nispen-Camino-del-Norte.webp 1920w\" sizes=\"auto, (max-width: 1024px) 100vw, 1024px\" \/><\/figure>\n<\/figure>\n\n\n\n<h2 class=\"wp-block-heading\"><strong>El m\u00e1s r\u00e1pido en el Camino del Norte<\/strong><\/h2>\n\n\n\n<p>El domingo 30 de marzo, Geert dio su primer paso en Ir\u00fan, el punto de partida de esta hist\u00f3rica ruta que recorre la escarpada costa norte de Espa\u00f1a. Su objetivo estaba claro: mejorar el <em>Fastest Known Time<\/em> (FKT) en estilo autosuficiente. El tiempo actual \u201415 d\u00edas y algo m\u00e1s de 3 horas\u2014 era dif\u00edcil de batir, pero los r\u00e9cords est\u00e1n para romperse.<\/p>\n\n\n\n<p>Geert no quiere simplemente registrar un tiempo. Corre para contar una historia. Una historia de perseverancia, de romper l\u00edmites, del poder del movimiento. Geert corre por quienes ya no pueden hacerlo con la misma facilidad: las personas con Parkinson.<\/p>\n\n\n\n<p>El Camino del Norte no es un paseo f\u00e1cil. Es una ruta de unos <strong>844 kil\u00f3metros<\/strong>, con alrededor de <strong>19.000 metros de desnivel<\/strong>, que desaf\u00eda al peregrino con un clima impredecible, duras pendientes y una soledad interminable.<\/p>\n\n\n\n<p>Tras d\u00edas con una media de <strong>60 kil\u00f3metros diarios<\/strong>, Geert se siente m\u00e1s fuerte. Decide exigirse al m\u00e1ximo, tanto mental como f\u00edsicamente. M\u00e1s all\u00e1 de todos sus l\u00edmites. Contin\u00faa con dolor, con una pierna hinchada, sin dormir algunas noches, disfrutando intensamente y avanzando siempre hacia adelante. Siempre hacia adelante.<\/p>\n\n\n\n<p>Despu\u00e9s de <strong>10 d\u00edas, 22 horas, 36 minutos y 29 segundos<\/strong>, Geert llega exhausto a la plaza frente a la Catedral de Santiago de Compostela, el destino final de todas las rutas de peregrinaci\u00f3n. Con esta haza\u00f1a, rebaja el r\u00e9cord anterior en m\u00e1s de <strong>4 d\u00edas<\/strong>. Un logro extraordinario que demuestra tenacidad, resiliencia y una pizca de locura positiva.<\/p>\n\n\n\n<figure class=\"wp-block-image size-large\"><img loading=\"lazy\" decoding=\"async\" width=\"1024\" height=\"556\" src=\"https:\/\/travesiapirenaica.com\/wp-content\/uploads\/2025\/04\/Santiago-de-Compostela-Compostela-del-Norte-FKT-1024x556.png\" alt=\"\" class=\"wp-image-47945\" srcset=\"https:\/\/travesiapirenaica.com\/wp-content\/uploads\/2025\/04\/Santiago-de-Compostela-Compostela-del-Norte-FKT-1024x556.png 1024w, https:\/\/travesiapirenaica.com\/wp-content\/uploads\/2025\/04\/Santiago-de-Compostela-Compostela-del-Norte-FKT-300x163.png 300w, https:\/\/travesiapirenaica.com\/wp-content\/uploads\/2025\/04\/Santiago-de-Compostela-Compostela-del-Norte-FKT-768x417.png 768w, https:\/\/travesiapirenaica.com\/wp-content\/uploads\/2025\/04\/Santiago-de-Compostela-Compostela-del-Norte-FKT-18x10.png 18w, https:\/\/travesiapirenaica.com\/wp-content\/uploads\/2025\/04\/Santiago-de-Compostela-Compostela-del-Norte-FKT-600x326.png 600w, https:\/\/travesiapirenaica.com\/wp-content\/uploads\/2025\/04\/Santiago-de-Compostela-Compostela-del-Norte-FKT.png 1467w\" sizes=\"auto, (max-width: 1024px) 100vw, 1024px\" \/><\/figure>\n\n\n\n<h3 class=\"wp-block-heading\"><strong>El Quest Trail de Geert<\/strong><\/h3>\n\n\n\n<p><strong><a href=\"https:\/\/geertvannispen.nl\/\" target=\"_blank\" rel=\"noreferrer noopener nofollow\">El <em>Quest Trail<\/em> de Geert<\/a><\/strong> (https:\/\/geertvannispen.nl\/geerts-quest-trail\/) es una traves\u00eda a pie muy especial con destino Sagres, Portugal; el \u201cfin del mundo\u201d.<\/p>\n\n\n\n<p>Armado con mochila y tienda, une rutas GR, E y otros senderos de corta y larga distancia en direcci\u00f3n a Sagres, siempre en estilo autosuficiente. Tampoco hay que olvidar el el apoyo de marcas <strong>Rab <\/strong>and <strong>MERRELL<\/strong>, que hacen posible esta aventura como sus <em>partners <\/em>regulares. Lo hace recorriendo tantos caminos naturales como sea posible, combinando senderismo, <em>speedhiking <\/em>y trail running a trav\u00e9s de Pa\u00edses Bajos, Alemania, B\u00e9lgica, Francia, Espa\u00f1a y Portugal. Camino al lugar donde todo termina. Camino al fin del mundo.<\/p>\n\n\n\n<p>M\u00e1s all\u00e1 de la simbolog\u00eda y la aventura, hay tambi\u00e9n un toque rom\u00e1ntico:<br>\u201cEl aventurero deja casa y hogar para recorrer m\u00e1s de 4.500 kil\u00f3metros hasta el fin del mundo\u201d.<\/p>\n\n\n\n<h2 class=\"wp-block-heading\">[9 abril 2025] Geert van Nispen desaf\u00eda al tiempo en el Camino del Norte: 844 km contra reloj<\/h2>\n\n\n\n<p>Es mi\u00e9rcoles y Geert van Nispen est\u00e1 corriendo. No es cualquier carrera: son 844 kil\u00f3metros, desde Ir\u00fan hasta Santiago de Compostela, con el oc\u00e9ano Atl\u00e1ntico como compa\u00f1ero y un reloj que no da tregua. Su meta: batir el r\u00e9cord de la Fastest Known Time (FKT) del Camino del Norte en estilo <em>self-supported<\/em>. La actual marca a vencer es de 15 d\u00edas, 3 horas y 32 minutos, establecida por Patrick Scheel en agosto de 2023. Geert pretende entrar en Santiago ma\u00f1ana jueves, marcando un nuevo mejor tiempo conocido.<\/p>\n\n\n\n<p>Van Nispen no es ajeno a estos retos. Ya ha logrado r\u00e9cords en Luxemburgo y en la exigente ruta GR703 en Francia. Pero tambi\u00e9n conoce el sabor amargo de la derrota, cuando en los Pirineos la dureza del GR11 le oblig\u00f3 a abandonar (le seguimos muy de cerca dicha tentativa). Sin embargo, lejos de desmotivarlo, aquel rev\u00e9s solo acrecent\u00f3 su determinaci\u00f3n para conseguir m\u00e1s FKTs (mejores tiempos conocidos).<\/p>\n\n\n\n<p>El Camino del Norte destaca por su dificultad: 19.000 metros de ascenso acumulado, un clima imprevisible y la soledad como compa\u00f1era constante. Aqu\u00ed no hay paradas largas ni momentos para charlar tranquilamente en un caf\u00e9; cada minuto cuenta. Geert est\u00e1 haciendo el recorrido en modo <em>self-supported<\/em>, lo que significa que lleva consigo todo lo necesario para sobrevivir y avanzar, sin ayuda externa organizada. Una lucha continua por equilibrar peso, comodidad y resistencia.<\/p>\n\n\n\n<blockquote class=\"instagram-media\" data-instgrm-permalink=\"https:\/\/www.instagram.com\/p\/DIOCJusMnna\/?utm_source=ig_embed&amp;utm_campaign=loading\" data-instgrm-version=\"14\" style=\" background:#FFF; border:0; border-radius:3px; box-shadow:0 0 1px 0 rgba(0,0,0,0.5),0 1px 10px 0 rgba(0,0,0,0.15); margin: 1px; max-width:540px; min-width:326px; padding:0; width:99.375%; width:-webkit-calc(100% - 2px); width:calc(100% - 2px);\"><div style=\"padding:16px;\"> <a href=\"https:\/\/www.instagram.com\/p\/DIOCJusMnna\/?utm_source=ig_embed&amp;utm_campaign=loading\" style=\" background:#FFFFFF; line-height:0; padding:0 0; text-align:center; text-decoration:none; width:100%;\" target=\"_blank\" rel=\"noopener\"> <div style=\" display: flex; flex-direction: row; align-items: center;\"> <div style=\"background-color: #F4F4F4; border-radius: 50%; flex-grow: 0; height: 40px; margin-right: 14px; width: 40px;\"><\/div> <div style=\"display: flex; flex-direction: column; flex-grow: 1; justify-content: center;\"> <div style=\" background-color: #F4F4F4; border-radius: 4px; flex-grow: 0; height: 14px; margin-bottom: 6px; width: 100px;\"><\/div> <div style=\" background-color: #F4F4F4; border-radius: 4px; flex-grow: 0; height: 14px; width: 60px;\"><\/div><\/div><\/div><div style=\"padding: 19% 0;\"><\/div> <div style=\"display:block; height:50px; margin:0 auto 12px; width:50px;\"><svg width=\"50px\" height=\"50px\" viewBox=\"0 0 60 60\" version=\"1.1\" xmlns=\"https:\/\/www.w3.org\/2000\/svg\" xmlns:xlink=\"https:\/\/www.w3.org\/1999\/xlink\"><g stroke=\"none\" stroke-width=\"1\" fill=\"none\" fill-rule=\"evenodd\"><g transform=\"translate(-511.000000, -20.000000)\" fill=\"#000000\"><g><path d=\"M556.869,30.41 C554.814,30.41 553.148,32.076 553.148,34.131 C553.148,36.186 554.814,37.852 556.869,37.852 C558.924,37.852 560.59,36.186 560.59,34.131 C560.59,32.076 558.924,30.41 556.869,30.41 M541,60.657 C535.114,60.657 530.342,55.887 530.342,50 C530.342,44.114 535.114,39.342 541,39.342 C546.887,39.342 551.658,44.114 551.658,50 C551.658,55.887 546.887,60.657 541,60.657 M541,33.886 C532.1,33.886 524.886,41.1 524.886,50 C524.886,58.899 532.1,66.113 541,66.113 C549.9,66.113 557.115,58.899 557.115,50 C557.115,41.1 549.9,33.886 541,33.886 M565.378,62.101 C565.244,65.022 564.756,66.606 564.346,67.663 C563.803,69.06 563.154,70.057 562.106,71.106 C561.058,72.155 560.06,72.803 558.662,73.347 C557.607,73.757 556.021,74.244 553.102,74.378 C549.944,74.521 548.997,74.552 541,74.552 C533.003,74.552 532.056,74.521 528.898,74.378 C525.979,74.244 524.393,73.757 523.338,73.347 C521.94,72.803 520.942,72.155 519.894,71.106 C518.846,70.057 518.197,69.06 517.654,67.663 C517.244,66.606 516.755,65.022 516.623,62.101 C516.479,58.943 516.448,57.996 516.448,50 C516.448,42.003 516.479,41.056 516.623,37.899 C516.755,34.978 517.244,33.391 517.654,32.338 C518.197,30.938 518.846,29.942 519.894,28.894 C520.942,27.846 521.94,27.196 523.338,26.654 C524.393,26.244 525.979,25.756 528.898,25.623 C532.057,25.479 533.004,25.448 541,25.448 C548.997,25.448 549.943,25.479 553.102,25.623 C556.021,25.756 557.607,26.244 558.662,26.654 C560.06,27.196 561.058,27.846 562.106,28.894 C563.154,29.942 563.803,30.938 564.346,32.338 C564.756,33.391 565.244,34.978 565.378,37.899 C565.522,41.056 565.552,42.003 565.552,50 C565.552,57.996 565.522,58.943 565.378,62.101 M570.82,37.631 C570.674,34.438 570.167,32.258 569.425,30.349 C568.659,28.377 567.633,26.702 565.965,25.035 C564.297,23.368 562.623,22.342 560.652,21.575 C558.743,20.834 556.562,20.326 553.369,20.18 C550.169,20.033 549.148,20 541,20 C532.853,20 531.831,20.033 528.631,20.18 C525.438,20.326 523.257,20.834 521.349,21.575 C519.376,22.342 517.703,23.368 516.035,25.035 C514.368,26.702 513.342,28.377 512.574,30.349 C511.834,32.258 511.326,34.438 511.181,37.631 C511.035,40.831 511,41.851 511,50 C511,58.147 511.035,59.17 511.181,62.369 C511.326,65.562 511.834,67.743 512.574,69.651 C513.342,71.625 514.368,73.296 516.035,74.965 C517.703,76.634 519.376,77.658 521.349,78.425 C523.257,79.167 525.438,79.673 528.631,79.82 C531.831,79.965 532.853,80.001 541,80.001 C549.148,80.001 550.169,79.965 553.369,79.82 C556.562,79.673 558.743,79.167 560.652,78.425 C562.623,77.658 564.297,76.634 565.965,74.965 C567.633,73.296 568.659,71.625 569.425,69.651 C570.167,67.743 570.674,65.562 570.82,62.369 C570.966,59.17 571,58.147 571,50 C571,41.851 570.966,40.831 570.82,37.631\"><\/path><\/g><\/g><\/g><\/svg><\/div><div style=\"padding-top: 8px;\"> <div style=\" color:#3897f0; font-family:Arial,sans-serif; font-size:14px; font-style:normal; font-weight:550; line-height:18px;\">Ver esta publicaci\u00f3n en Instagram<\/div><\/div><div style=\"padding: 12.5% 0;\"><\/div> <div style=\"display: flex; flex-direction: row; margin-bottom: 14px; align-items: center;\"><div> <div style=\"background-color: #F4F4F4; border-radius: 50%; height: 12.5px; width: 12.5px; transform: translateX(0px) translateY(7px);\"><\/div> <div style=\"background-color: #F4F4F4; height: 12.5px; transform: rotate(-45deg) translateX(3px) translateY(1px); width: 12.5px; flex-grow: 0; margin-right: 14px; margin-left: 2px;\"><\/div> <div style=\"background-color: #F4F4F4; border-radius: 50%; height: 12.5px; width: 12.5px; transform: translateX(9px) translateY(-18px);\"><\/div><\/div><div style=\"margin-left: 8px;\"> <div style=\" background-color: #F4F4F4; border-radius: 50%; flex-grow: 0; height: 20px; width: 20px;\"><\/div> <div style=\" width: 0; height: 0; border-top: 2px solid transparent; border-left: 6px solid #f4f4f4; border-bottom: 2px solid transparent; transform: translateX(16px) translateY(-4px) rotate(30deg)\"><\/div><\/div><div style=\"margin-left: auto;\"> <div style=\" width: 0px; border-top: 8px solid #F4F4F4; border-right: 8px solid transparent; transform: translateY(16px);\"><\/div> <div style=\" background-color: #F4F4F4; flex-grow: 0; height: 12px; width: 16px; transform: translateY(-4px);\"><\/div> <div style=\" width: 0; height: 0; border-top: 8px solid #F4F4F4; border-left: 8px solid transparent; transform: translateY(-4px) translateX(8px);\"><\/div><\/div><\/div> <div style=\"display: flex; flex-direction: column; flex-grow: 1; justify-content: center; margin-bottom: 24px;\"> <div style=\" background-color: #F4F4F4; border-radius: 4px; flex-grow: 0; height: 14px; margin-bottom: 6px; width: 224px;\"><\/div> <div style=\" background-color: #F4F4F4; border-radius: 4px; flex-grow: 0; height: 14px; width: 144px;\"><\/div><\/div><\/a><p style=\" color:#c9c8cd; font-family:Arial,sans-serif; font-size:14px; line-height:17px; margin-bottom:0; margin-top:8px; overflow:hidden; padding:8px 0 7px; text-align:center; text-overflow:ellipsis; white-space:nowrap;\"><a href=\"https:\/\/www.instagram.com\/p\/DIOCJusMnna\/?utm_source=ig_embed&amp;utm_campaign=loading\" style=\" color:#c9c8cd; font-family:Arial,sans-serif; font-size:14px; font-style:normal; font-weight:normal; line-height:17px; text-decoration:none;\" target=\"_blank\" rel=\"noopener\">Una publicaci\u00f3n compartida de Geert van Nispen (@geert_van_nispen_runs_hikes)<\/a><\/p><\/div><\/blockquote>\n<script async src=\"\/\/www.instagram.com\/embed.js\"><\/script>\n\n\n\n<blockquote class=\"instagram-media\" data-instgrm-permalink=\"https:\/\/www.instagram.com\/p\/DIJwc3DMYUI\/?utm_source=ig_embed&amp;utm_campaign=loading\" data-instgrm-version=\"14\" style=\" background:#FFF; border:0; border-radius:3px; box-shadow:0 0 1px 0 rgba(0,0,0,0.5),0 1px 10px 0 rgba(0,0,0,0.15); margin: 1px; max-width:540px; min-width:326px; padding:0; width:99.375%; width:-webkit-calc(100% - 2px); width:calc(100% - 2px);\"><div style=\"padding:16px;\"> <a href=\"https:\/\/www.instagram.com\/p\/DIJwc3DMYUI\/?utm_source=ig_embed&amp;utm_campaign=loading\" style=\" background:#FFFFFF; line-height:0; padding:0 0; text-align:center; text-decoration:none; width:100%;\" target=\"_blank\" rel=\"noopener\"> <div style=\" display: flex; flex-direction: row; align-items: center;\"> <div style=\"background-color: #F4F4F4; border-radius: 50%; flex-grow: 0; height: 40px; margin-right: 14px; width: 40px;\"><\/div> <div style=\"display: flex; flex-direction: column; flex-grow: 1; justify-content: center;\"> <div style=\" background-color: #F4F4F4; border-radius: 4px; flex-grow: 0; height: 14px; margin-bottom: 6px; width: 100px;\"><\/div> <div style=\" background-color: #F4F4F4; border-radius: 4px; flex-grow: 0; height: 14px; width: 60px;\"><\/div><\/div><\/div><div style=\"padding: 19% 0;\"><\/div> <div style=\"display:block; height:50px; margin:0 auto 12px; width:50px;\"><svg width=\"50px\" height=\"50px\" viewBox=\"0 0 60 60\" version=\"1.1\" xmlns=\"https:\/\/www.w3.org\/2000\/svg\" xmlns:xlink=\"https:\/\/www.w3.org\/1999\/xlink\"><g stroke=\"none\" stroke-width=\"1\" fill=\"none\" fill-rule=\"evenodd\"><g transform=\"translate(-511.000000, -20.000000)\" fill=\"#000000\"><g><path d=\"M556.869,30.41 C554.814,30.41 553.148,32.076 553.148,34.131 C553.148,36.186 554.814,37.852 556.869,37.852 C558.924,37.852 560.59,36.186 560.59,34.131 C560.59,32.076 558.924,30.41 556.869,30.41 M541,60.657 C535.114,60.657 530.342,55.887 530.342,50 C530.342,44.114 535.114,39.342 541,39.342 C546.887,39.342 551.658,44.114 551.658,50 C551.658,55.887 546.887,60.657 541,60.657 M541,33.886 C532.1,33.886 524.886,41.1 524.886,50 C524.886,58.899 532.1,66.113 541,66.113 C549.9,66.113 557.115,58.899 557.115,50 C557.115,41.1 549.9,33.886 541,33.886 M565.378,62.101 C565.244,65.022 564.756,66.606 564.346,67.663 C563.803,69.06 563.154,70.057 562.106,71.106 C561.058,72.155 560.06,72.803 558.662,73.347 C557.607,73.757 556.021,74.244 553.102,74.378 C549.944,74.521 548.997,74.552 541,74.552 C533.003,74.552 532.056,74.521 528.898,74.378 C525.979,74.244 524.393,73.757 523.338,73.347 C521.94,72.803 520.942,72.155 519.894,71.106 C518.846,70.057 518.197,69.06 517.654,67.663 C517.244,66.606 516.755,65.022 516.623,62.101 C516.479,58.943 516.448,57.996 516.448,50 C516.448,42.003 516.479,41.056 516.623,37.899 C516.755,34.978 517.244,33.391 517.654,32.338 C518.197,30.938 518.846,29.942 519.894,28.894 C520.942,27.846 521.94,27.196 523.338,26.654 C524.393,26.244 525.979,25.756 528.898,25.623 C532.057,25.479 533.004,25.448 541,25.448 C548.997,25.448 549.943,25.479 553.102,25.623 C556.021,25.756 557.607,26.244 558.662,26.654 C560.06,27.196 561.058,27.846 562.106,28.894 C563.154,29.942 563.803,30.938 564.346,32.338 C564.756,33.391 565.244,34.978 565.378,37.899 C565.522,41.056 565.552,42.003 565.552,50 C565.552,57.996 565.522,58.943 565.378,62.101 M570.82,37.631 C570.674,34.438 570.167,32.258 569.425,30.349 C568.659,28.377 567.633,26.702 565.965,25.035 C564.297,23.368 562.623,22.342 560.652,21.575 C558.743,20.834 556.562,20.326 553.369,20.18 C550.169,20.033 549.148,20 541,20 C532.853,20 531.831,20.033 528.631,20.18 C525.438,20.326 523.257,20.834 521.349,21.575 C519.376,22.342 517.703,23.368 516.035,25.035 C514.368,26.702 513.342,28.377 512.574,30.349 C511.834,32.258 511.326,34.438 511.181,37.631 C511.035,40.831 511,41.851 511,50 C511,58.147 511.035,59.17 511.181,62.369 C511.326,65.562 511.834,67.743 512.574,69.651 C513.342,71.625 514.368,73.296 516.035,74.965 C517.703,76.634 519.376,77.658 521.349,78.425 C523.257,79.167 525.438,79.673 528.631,79.82 C531.831,79.965 532.853,80.001 541,80.001 C549.148,80.001 550.169,79.965 553.369,79.82 C556.562,79.673 558.743,79.167 560.652,78.425 C562.623,77.658 564.297,76.634 565.965,74.965 C567.633,73.296 568.659,71.625 569.425,69.651 C570.167,67.743 570.674,65.562 570.82,62.369 C570.966,59.17 571,58.147 571,50 C571,41.851 570.966,40.831 570.82,37.631\"><\/path><\/g><\/g><\/g><\/svg><\/div><div style=\"padding-top: 8px;\"> <div style=\" color:#3897f0; font-family:Arial,sans-serif; font-size:14px; font-style:normal; font-weight:550; line-height:18px;\">Ver esta publicaci\u00f3n en Instagram<\/div><\/div><div style=\"padding: 12.5% 0;\"><\/div> <div style=\"display: flex; flex-direction: row; margin-bottom: 14px; align-items: center;\"><div> <div style=\"background-color: #F4F4F4; border-radius: 50%; height: 12.5px; width: 12.5px; transform: translateX(0px) translateY(7px);\"><\/div> <div style=\"background-color: #F4F4F4; height: 12.5px; transform: rotate(-45deg) translateX(3px) translateY(1px); width: 12.5px; flex-grow: 0; margin-right: 14px; margin-left: 2px;\"><\/div> <div style=\"background-color: #F4F4F4; border-radius: 50%; height: 12.5px; width: 12.5px; transform: translateX(9px) translateY(-18px);\"><\/div><\/div><div style=\"margin-left: 8px;\"> <div style=\" background-color: #F4F4F4; border-radius: 50%; flex-grow: 0; height: 20px; width: 20px;\"><\/div> <div style=\" width: 0; height: 0; border-top: 2px solid transparent; border-left: 6px solid #f4f4f4; border-bottom: 2px solid transparent; transform: translateX(16px) translateY(-4px) rotate(30deg)\"><\/div><\/div><div style=\"margin-left: auto;\"> <div style=\" width: 0px; border-top: 8px solid #F4F4F4; border-right: 8px solid transparent; transform: translateY(16px);\"><\/div> <div style=\" background-color: #F4F4F4; flex-grow: 0; height: 12px; width: 16px; transform: translateY(-4px);\"><\/div> <div style=\" width: 0; height: 0; border-top: 8px solid #F4F4F4; border-left: 8px solid transparent; transform: translateY(-4px) translateX(8px);\"><\/div><\/div><\/div> <div style=\"display: flex; flex-direction: column; flex-grow: 1; justify-content: center; margin-bottom: 24px;\"> <div style=\" background-color: #F4F4F4; border-radius: 4px; flex-grow: 0; height: 14px; margin-bottom: 6px; width: 224px;\"><\/div> <div style=\" background-color: #F4F4F4; border-radius: 4px; flex-grow: 0; height: 14px; width: 144px;\"><\/div><\/div><\/a><p style=\" color:#c9c8cd; font-family:Arial,sans-serif; font-size:14px; line-height:17px; margin-bottom:0; margin-top:8px; overflow:hidden; padding:8px 0 7px; text-align:center; text-overflow:ellipsis; white-space:nowrap;\"><a href=\"https:\/\/www.instagram.com\/p\/DIJwc3DMYUI\/?utm_source=ig_embed&amp;utm_campaign=loading\" style=\" color:#c9c8cd; font-family:Arial,sans-serif; font-size:14px; font-style:normal; font-weight:normal; line-height:17px; text-decoration:none;\" target=\"_blank\" rel=\"noopener\">Una publicaci\u00f3n compartida de Geert van Nispen (@geert_van_nispen_runs_hikes)<\/a><\/p><\/div><\/blockquote>\n<script async src=\"\/\/www.instagram.com\/embed.js\"><\/script>\n\n\n\n<p>Pero esta carrera es m\u00e1s que solo un r\u00e9cord personal. Geert corre para visibilizar y apoyar a quienes luchan contra el Parkinson, una enfermedad que limita la capacidad de movimiento. Cada dolor, cada kil\u00f3metro en soledad bajo la lluvia o el fr\u00edo, tiene un significado especial: dar voz y esperanza a quienes ya no pueden dar estos pasos.<\/p>\n\n\n\n<p>Geert avanza imparable hacia su objetivo. A menos de 230 kil\u00f3metros de Santiago, la presi\u00f3n aumenta, pero tambi\u00e9n la determinaci\u00f3n. Este jueves puede ser hist\u00f3rico.<\/p>\n\n\n\n<p>\u00abEstoy aqu\u00ed para contar una historia\u00bb, afirma Geert, y su historia es clara: perseverancia, solidaridad y un desaf\u00edo \u00e9pico contra el reloj.<\/p>\n\n\n\n<p>Ma\u00f1ana sabremos si el Camino del Norte tiene un nuevo campe\u00f3n. Mientras tanto, Geert sigue corriendo. Cada minuto cuenta.<\/p>\n","protected":false},"excerpt":{"rendered":"De Nijmegen, Pays-Bas \u00e0 Sagres, Portugal. \u00c0 pied. Seul. \u00c0 travers les for\u00eats, les montagnes...","protected":false},"author":1,"featured_media":48332,"comment_status":"closed","ping_status":"closed","sticky":false,"template":"","format":"standard","meta":{"_kad_blocks_custom_css":"","_kad_blocks_head_custom_js":"","_kad_blocks_body_custom_js":"","_kad_blocks_footer_custom_js":"","episode_type":"audio","audio_file":"","podmotor_file_id":"","podmotor_episode_id":"","cover_image":"","cover_image_id":"","duration":"","filesize":"","filesize_raw":"","date_recorded":"","explicit":"","block":"","_kad_post_transparent":"","_kad_post_title":"","_kad_post_layout":"","_kad_post_sidebar_id":"","_kad_post_content_style":"","_kad_post_vertical_padding":"","_kad_post_feature":"","_kad_post_feature_position":"","_kad_post_header":false,"_kad_post_footer":false,"_kad_post_classname":"","_jetpack_memberships_contains_paid_content":false,"footnotes":""},"categories":[3002],"tags":[],"series":[],"class_list":["post-47944","post","type-post","status-publish","format-standard","has-post-thumbnail","hentry","category-actualidad"],"episode_featured_image":"https:\/\/travesiapirenaica.com\/wp-content\/uploads\/2025\/04\/Geert-van-Nispen-Sagres-Portugal.webp","episode_player_image":"https:\/\/travesiapirenaica.com\/wp-content\/uploads\/2017\/12\/Caratula-Podcast-Maldita-Montana_1500x1500_72pp-p_.jpg","download_link":"","player_link":"","audio_player":false,"episode_data":{"playerMode":"dark","subscribeUrls":[],"rssFeedUrl":"https:\/\/travesiapirenaica.com\/fr\/feed\/podcast\/maldita-montana","embedCode":"<blockquote class=\"wp-embedded-content\" data-secret=\"sOnFZfDRks\"><a href=\"https:\/\/travesiapirenaica.com\/fr\/geert-van-nispen-fkt-camino-del-norte-santiago\/\">Geert van Nispen corre y camina m\u00e1s de 3.800 kil\u00f3metros y alcanza \u2018el fin del mundo\u2019<\/a><\/blockquote><iframe sandbox=\"allow-scripts\" security=\"restricted\" src=\"https:\/\/travesiapirenaica.com\/fr\/geert-van-nispen-fkt-camino-del-norte-santiago\/embed\/#?secret=sOnFZfDRks\" width=\"500\" height=\"350\" title=\"\u00ab\u00a0Geert van Nispen corre y camina m\u00e1s de 3.800 kil\u00f3metros y alcanza \u2018el fin del mundo\u2019\u00a0\u00bb &#8212; Traves\u00eda.\" data-secret=\"sOnFZfDRks\" frameborder=\"0\" marginwidth=\"0\" marginheight=\"0\" scrolling=\"no\" class=\"wp-embedded-content\"><\/iframe><script>\n\/*! This file is auto-generated *\/\n!function(d,l){\"use strict\";l.querySelector&&d.addEventListener&&\"undefined\"!=typeof URL&&(d.wp=d.wp||{},d.wp.receiveEmbedMessage||(d.wp.receiveEmbedMessage=function(e){var t=e.data;if((t||t.secret||t.message||t.value)&&!\/[^a-zA-Z0-9]\/.test(t.secret)){for(var s,r,n,a=l.querySelectorAll('iframe[data-secret=\"'+t.secret+'\"]'),o=l.querySelectorAll('blockquote[data-secret=\"'+t.secret+'\"]'),c=new RegExp(\"^https?:$\",\"i\"),i=0;i<o.length;i++)o[i].style.display=\"none\";for(i=0;i<a.length;i++)s=a[i],e.source===s.contentWindow&&(s.removeAttribute(\"style\"),\"height\"===t.message?(1e3<(r=parseInt(t.value,10))?r=1e3:~~r<200&&(r=200),s.height=r):\"link\"===t.message&&(r=new URL(s.getAttribute(\"src\")),n=new URL(t.value),c.test(n.protocol))&&n.host===r.host&&l.activeElement===s&&(d.top.location.href=t.value))}},d.addEventListener(\"message\",d.wp.receiveEmbedMessage,!1),l.addEventListener(\"DOMContentLoaded\",function(){for(var e,t,s=l.querySelectorAll(\"iframe.wp-embedded-content\"),r=0;r<s.length;r++)(t=(e=s[r]).getAttribute(\"data-secret\"))||(t=Math.random().toString(36).substring(2,12),e.src+=\"#?secret=\"+t,e.setAttribute(\"data-secret\",t)),e.contentWindow.postMessage({message:\"ready\",secret:t},\"*\")},!1)))}(window,document);\n\/\/# sourceURL=https:\/\/travesiapirenaica.com\/wp-includes\/js\/wp-embed.min.js\n<\/script>\n"},"taxonomy_info":{"category":[{"value":3002,"label":"Actualidad"}]},"featured_image_src_large":["https:\/\/travesiapirenaica.com\/wp-content\/uploads\/2025\/04\/Geert-van-Nispen-Sagres-Portugal-1024x683.webp",1024,683,true],"author_info":{"display_name":"Traves\u00eda Pirenaica","author_link":"https:\/\/travesiapirenaica.com\/fr\/author\/travesia-pirenaica\/"},"comment_info":0,"category_info":[{"term_id":3002,"name":"Actualidad","slug":"actualidad","term_group":0,"term_taxonomy_id":3018,"taxonomy":"category","description":"Actualidad","parent":0,"count":75,"filter":"raw","cat_ID":3002,"category_count":75,"category_description":"Actualidad","cat_name":"Actualidad","category_nicename":"actualidad","category_parent":0}],"tag_info":false,"jetpack_featured_media_url":"https:\/\/travesiapirenaica.com\/wp-content\/uploads\/2025\/04\/Geert-van-Nispen-Sagres-Portugal.webp","jetpack_sharing_enabled":true,"_links":{"self":[{"href":"https:\/\/travesiapirenaica.com\/fr\/wp-json\/wp\/v2\/posts\/47944","targetHints":{"allow":["GET"]}}],"collection":[{"href":"https:\/\/travesiapirenaica.com\/fr\/wp-json\/wp\/v2\/posts"}],"about":[{"href":"https:\/\/travesiapirenaica.com\/fr\/wp-json\/wp\/v2\/types\/post"}],"author":[{"embeddable":true,"href":"https:\/\/travesiapirenaica.com\/fr\/wp-json\/wp\/v2\/users\/1"}],"replies":[{"embeddable":true,"href":"https:\/\/travesiapirenaica.com\/fr\/wp-json\/wp\/v2\/comments?post=47944"}],"version-history":[{"count":0,"href":"https:\/\/travesiapirenaica.com\/fr\/wp-json\/wp\/v2\/posts\/47944\/revisions"}],"wp:featuredmedia":[{"embeddable":true,"href":"https:\/\/travesiapirenaica.com\/fr\/wp-json\/wp\/v2\/media\/48332"}],"wp:attachment":[{"href":"https:\/\/travesiapirenaica.com\/fr\/wp-json\/wp\/v2\/media?parent=47944"}],"wp:term":[{"taxonomy":"category","embeddable":true,"href":"https:\/\/travesiapirenaica.com\/fr\/wp-json\/wp\/v2\/categories?post=47944"},{"taxonomy":"post_tag","embeddable":true,"href":"https:\/\/travesiapirenaica.com\/fr\/wp-json\/wp\/v2\/tags?post=47944"},{"taxonomy":"series","embeddable":true,"href":"https:\/\/travesiapirenaica.com\/fr\/wp-json\/wp\/v2\/series?post=47944"}],"curies":[{"name":"wp","href":"https:\/\/api.w.org\/{rel}","templated":true}]}}