{"id":4897,"date":"2019-09-27T08:31:37","date_gmt":"2019-09-27T06:31:37","guid":{"rendered":"http:\/\/travesiapirenaica.com\/?p=4897"},"modified":"2022-04-06T11:05:19","modified_gmt":"2022-04-06T09:05:19","slug":"changement-climatique-national-geographic-nous-sensibilise-avec-cette-video","status":"publish","type":"post","link":"https:\/\/travesiapirenaica.com\/fr\/cambio-climatico-national-geographic-nos-conciencia-con-este-video\/","title":{"rendered":"Changement climatique : National Geographic sensibilise le public avec cette vid\u00e9o"},"content":{"rendered":"<p>On a beaucoup entendu parler de la <strong>le changement climatique<\/strong>L'ONU a raison de s'en pr\u00e9occuper de plus en plus, et Donald Trump a raison de se retirer des trait\u00e9s, et l'ONU a raison de s'en pr\u00e9occuper de plus en plus.<\/p>\n\n\n\n<figure><iframe loading=\"lazy\" width=\"100%\" height=\"315\" src=\"https:\/\/www.youtube.com\/embed\/wHnIjkbCQ4w\" allowfullscreen=\"\"><\/iframe><\/figure>\n\n\n\n<p>Beaucoup de choses ont \u00e9t\u00e9 dites et continueront d'\u00eatre dites parce que, pour certaines personnes, la <strong>le changement climatique<\/strong> n'est rien d'autre qu'une m\u00e9thode pour nous effrayer et pour d'autres, il s'agit d'une cons\u00e9quence grave du mode de vie que nous menons avec une forte d\u00e9pendance \u00e0 l'\u00e9gard des combustibles fossiles - nous sommes plus enclins \u00e0 opter pour cette option.<\/p>\n\n\n\n<p>La r\u00e9alit\u00e9 est souvent alt\u00e9r\u00e9e par les int\u00e9r\u00eats des grandes entreprises, car il ne faut pas ignorer que cette question ne nous concerne pas seulement nous, mais aussi les grandes compagnies p\u00e9troli\u00e8res transnationales ; c'est pourquoi il y a peu de voix autoris\u00e9es pour parler du changement climatique et de tout ce qu'il implique.<\/p>\n\n\n\n<div class=\"wp-block-image size-full wp-image-4901\"><figure class=\"aligncenter\"><img decoding=\"async\" src=\"http:\/\/travesiapirenaica.com\/wp-content\/uploads\/2017\/12\/Cambio-clim\u00e1tico-National-Geographic-nos-conciencia-con-este-video_760x600.jpg\" alt=\"Changement climatique : National Geographic sensibilise le public avec cette vid\u00e9o\" class=\"wp-image-4901\"\/><figcaption>Changement climatique : National Geographic sensibilise le public avec cette vid\u00e9o<\/figcaption><\/figure><\/div>\n\n\n\n<p>L'une de ces voix est celle de<strong> National Geographic<\/strong>Depuis toujours, cette organisation participe \u00e0 des exp\u00e9ditions, des documentaires et des recherches \u00e0 grande \u00e9chelle dans le but de conna\u00eetre le monde, de se rapprocher de la nature et d'\u00eatre la voix de tous les animaux, plantes et \u00eatres vivants qui peuplent la terre.<\/p>\n\n\n\n<p>Des \u00e9cosyst\u00e8mes tels que l'Antarctique, le continent de glace, sont affect\u00e9s par le changement climatique, car de grandes nappes glaciaires se d\u00e9tachent, ce qui pose de grands risques non seulement pour les villes c\u00f4ti\u00e8res, mais aussi pour le monde entier.<\/p>\n\n\n\n<p>Dans le but de sensibiliser le public et de diffuser des informations v\u00e9ridiques, r\u00e9elles et fiables, <strong>National Geographic<\/strong> a cr\u00e9\u00e9 un <strong>vid\u00e9o<\/strong>&nbsp;o\u00f9 il explique tout sur le changement climatique et son implication dans la fonte des p\u00f4les, la modification du climat, les cons\u00e9quences possibles et les risques pour l'humanit\u00e9.<\/p>\n\n\n\n<p>Le pr\u00e9sent&nbsp;<strong>Vid\u00e9o du National Geographic sur le changement climatique<\/strong> nous invite \u00e0 nous r\u00e9veiller, \u00e0 prendre conscience que nous sommes sur le point d'atteindre le point de non-retour, un endroit o\u00f9 le retour \u00e0 la vie d'avant ne sera pas possible, un endroit o\u00f9 les cons\u00e9quences seront irr\u00e9versibles pour la plan\u00e8te, pour la vie.<\/p>","protected":false},"excerpt":{"rendered":"On a beaucoup entendu parler du changement climatique, de sa r\u00e9alit\u00e9, de sa...","protected":false},"author":1,"featured_media":5043,"comment_status":"closed","ping_status":"closed","sticky":false,"template":"","format":"image","meta":{"_kad_blocks_custom_css":"","_kad_blocks_head_custom_js":"","_kad_blocks_body_custom_js":"","_kad_blocks_footer_custom_js":"","episode_type":"audio","audio_file":"","podmotor_file_id":"","podmotor_episode_id":"","cover_image":"","cover_image_id":"","duration":"","filesize":"","filesize_raw":"","date_recorded":"","explicit":"","block":"","_kad_post_transparent":"","_kad_post_title":"","_kad_post_layout":"","_kad_post_sidebar_id":"","_kad_post_content_style":"","_kad_post_vertical_padding":"","_kad_post_feature":"","_kad_post_feature_position":"","_kad_post_header":false,"_kad_post_footer":false,"_kad_post_classname":"","_jetpack_memberships_contains_paid_content":false,"footnotes":""},"categories":[3008],"tags":[],"series":[],"class_list":["post-4897","post","type-post","status-publish","format-image","has-post-thumbnail","hentry","category-ecologia-medio-ambiente","post_format-post-format-image"],"episode_featured_image":"https:\/\/travesiapirenaica.com\/wp-content\/uploads\/2017\/12\/Cambio-clim\u00e1tico-National-Geographic-nos-conciencia-con-este-video-2_760x600-1.jpg","episode_player_image":"https:\/\/travesiapirenaica.com\/wp-content\/uploads\/2017\/12\/Caratula-Podcast-Maldita-Montana_1500x1500_72pp-p_.jpg","download_link":"","player_link":"","audio_player":false,"episode_data":{"playerMode":"dark","subscribeUrls":[],"rssFeedUrl":"https:\/\/travesiapirenaica.com\/fr\/feed\/podcast\/maldita-montana","embedCode":"<blockquote class=\"wp-embedded-content\" data-secret=\"quXK3sRT63\"><a href=\"https:\/\/travesiapirenaica.com\/fr\/cambio-climatico-national-geographic-nos-conciencia-con-este-video\/\">Cambio clim\u00e1tico: National Geographic nos conciencia con este v\u00eddeo<\/a><\/blockquote><iframe sandbox=\"allow-scripts\" security=\"restricted\" src=\"https:\/\/travesiapirenaica.com\/fr\/cambio-climatico-national-geographic-nos-conciencia-con-este-video\/embed\/#?secret=quXK3sRT63\" width=\"500\" height=\"350\" title=\"\u00ab\u00a0Cambio clim\u00e1tico: National Geographic nos conciencia con este v\u00eddeo\u00a0\u00bb &#8212; Traves\u00eda.\" data-secret=\"quXK3sRT63\" frameborder=\"0\" marginwidth=\"0\" marginheight=\"0\" scrolling=\"no\" class=\"wp-embedded-content\"><\/iframe><script>\n\/*! This file is auto-generated *\/\n!function(d,l){\"use strict\";l.querySelector&&d.addEventListener&&\"undefined\"!=typeof URL&&(d.wp=d.wp||{},d.wp.receiveEmbedMessage||(d.wp.receiveEmbedMessage=function(e){var t=e.data;if((t||t.secret||t.message||t.value)&&!\/[^a-zA-Z0-9]\/.test(t.secret)){for(var s,r,n,a=l.querySelectorAll('iframe[data-secret=\"'+t.secret+'\"]'),o=l.querySelectorAll('blockquote[data-secret=\"'+t.secret+'\"]'),c=new RegExp(\"^https?:$\",\"i\"),i=0;i<o.length;i++)o[i].style.display=\"none\";for(i=0;i<a.length;i++)s=a[i],e.source===s.contentWindow&&(s.removeAttribute(\"style\"),\"height\"===t.message?(1e3<(r=parseInt(t.value,10))?r=1e3:~~r<200&&(r=200),s.height=r):\"link\"===t.message&&(r=new URL(s.getAttribute(\"src\")),n=new URL(t.value),c.test(n.protocol))&&n.host===r.host&&l.activeElement===s&&(d.top.location.href=t.value))}},d.addEventListener(\"message\",d.wp.receiveEmbedMessage,!1),l.addEventListener(\"DOMContentLoaded\",function(){for(var e,t,s=l.querySelectorAll(\"iframe.wp-embedded-content\"),r=0;r<s.length;r++)(t=(e=s[r]).getAttribute(\"data-secret\"))||(t=Math.random().toString(36).substring(2,12),e.src+=\"#?secret=\"+t,e.setAttribute(\"data-secret\",t)),e.contentWindow.postMessage({message:\"ready\",secret:t},\"*\")},!1)))}(window,document);\n\/\/# sourceURL=https:\/\/travesiapirenaica.com\/wp-includes\/js\/wp-embed.min.js\n<\/script>\n"},"taxonomy_info":{"category":[{"value":3008,"label":"Ecolog\u00eda \/ Medio ambiente"}]},"featured_image_src_large":["https:\/\/travesiapirenaica.com\/wp-content\/uploads\/2017\/12\/Cambio-clim\u00e1tico-National-Geographic-nos-conciencia-con-este-video-2_760x600-1.jpg",760,600,false],"author_info":{"display_name":"Traves\u00eda Pirenaica","author_link":"https:\/\/travesiapirenaica.com\/fr\/author\/travesia-pirenaica\/"},"comment_info":0,"category_info":[{"term_id":3008,"name":"Ecolog\u00eda \/ Medio ambiente","slug":"ecologia-medio-ambiente","term_group":0,"term_taxonomy_id":3024,"taxonomy":"category","description":"Ecolog\u00eda \/ Medio ambiente","parent":0,"count":26,"filter":"raw","cat_ID":3008,"category_count":26,"category_description":"Ecolog\u00eda \/ Medio ambiente","cat_name":"Ecolog\u00eda \/ Medio ambiente","category_nicename":"ecologia-medio-ambiente","category_parent":0}],"tag_info":false,"jetpack_featured_media_url":"https:\/\/travesiapirenaica.com\/wp-content\/uploads\/2017\/12\/Cambio-clim\u00e1tico-National-Geographic-nos-conciencia-con-este-video-2_760x600-1.jpg","jetpack_sharing_enabled":true,"_links":{"self":[{"href":"https:\/\/travesiapirenaica.com\/fr\/wp-json\/wp\/v2\/posts\/4897","targetHints":{"allow":["GET"]}}],"collection":[{"href":"https:\/\/travesiapirenaica.com\/fr\/wp-json\/wp\/v2\/posts"}],"about":[{"href":"https:\/\/travesiapirenaica.com\/fr\/wp-json\/wp\/v2\/types\/post"}],"author":[{"embeddable":true,"href":"https:\/\/travesiapirenaica.com\/fr\/wp-json\/wp\/v2\/users\/1"}],"replies":[{"embeddable":true,"href":"https:\/\/travesiapirenaica.com\/fr\/wp-json\/wp\/v2\/comments?post=4897"}],"version-history":[{"count":0,"href":"https:\/\/travesiapirenaica.com\/fr\/wp-json\/wp\/v2\/posts\/4897\/revisions"}],"wp:featuredmedia":[{"embeddable":true,"href":"https:\/\/travesiapirenaica.com\/fr\/wp-json\/wp\/v2\/media\/5043"}],"wp:attachment":[{"href":"https:\/\/travesiapirenaica.com\/fr\/wp-json\/wp\/v2\/media?parent=4897"}],"wp:term":[{"taxonomy":"category","embeddable":true,"href":"https:\/\/travesiapirenaica.com\/fr\/wp-json\/wp\/v2\/categories?post=4897"},{"taxonomy":"post_tag","embeddable":true,"href":"https:\/\/travesiapirenaica.com\/fr\/wp-json\/wp\/v2\/tags?post=4897"},{"taxonomy":"series","embeddable":true,"href":"https:\/\/travesiapirenaica.com\/fr\/wp-json\/wp\/v2\/series?post=4897"}],"curies":[{"name":"wp","href":"https:\/\/api.w.org\/{rel}","templated":true}]}}