{"id":5988,"date":"2018-01-29T19:47:33","date_gmt":"2018-01-29T18:47:33","guid":{"rendered":"http:\/\/travesiapirenaica.com\/?p=5988"},"modified":"2019-11-13T08:50:06","modified_gmt":"2019-11-13T07:50:06","slug":"escalade-de-mallos-de-riglos","status":"publish","type":"post","link":"https:\/\/travesiapirenaica.com\/fr\/mallos-de-riglos-escalada\/","title":{"rendered":"Escalade dans les Mallos de Riglos"},"content":{"rendered":"<p>Les&nbsp;<strong>Mallos de Riglos<\/strong>&nbsp;sont avant tout un spectacle naturel. Situ\u00e9e dans la cha\u00eene de montagnes ext\u00e9rieure de la&nbsp;<strong>Pyr\u00e9n\u00e9es<\/strong>&nbsp;-Les Pr\u00e9-Pyr\u00e9n\u00e9es sont le r\u00e9sultat de leur formation. Lorsque les Pyr\u00e9n\u00e9es sont n\u00e9es, il y a environ trente-cinq millions d'ann\u00e9es, les restes rocheux qui subsistaient se sont retrouv\u00e9s ici, et le temps et l'\u00e9rosion ont donn\u00e9 naissance \u00e0 ces magnifiques g\u00e9ants de roche.<\/p>\n\n\n\n<p style=\"background-color:#eeeeee\" class=\"has-background\"><strong>Vous pouvez \u00eatre int\u00e9ress\u00e9 par : <a href=\"https:\/\/travesiapirenaica.com\/fr\/escalade-dans-les-pyrenees\/\" target=\"_blank\" rel=\"noreferrer noopener\" aria-label=\"Les meilleures voies d&#039;escalade dans les Pyr\u00e9n\u00e9es&quot; (ouvre un nouvel onglet)\">Les meilleures voies d'escalade dans les Pyr\u00e9n\u00e9es\".<\/a><\/strong><\/p>\n\n\n\n<p>Ils portent le nom du petit village,&nbsp;<strong>Riglos<\/strong>Le village est ombrag\u00e9 par ces rochers. C'est dans ce village que l'on trouve l'une des plus belles vues sur la mer.&nbsp;<strong>les Mallos<\/strong>si vous ne grimpez pas dans les hauteurs. La meilleure vue panoramique se trouve \u00e0 l'entr\u00e9e du village, au monument d\u00e9di\u00e9 aux alpinistes aragonais Alberto R\u00e1bada et Ernesto Navarro, d\u00e9c\u00e9d\u00e9s dans les Alpes suisses en 1963.<\/p>\n\n\n\n<p>La contemplation de ces masses a quelque chose d'hypnotique, comme celle de la mer ou du feu. Nul besoin d'\u00eatre alpiniste pour admirer leur beaut\u00e9 et leur immensit\u00e9, m\u00eame si les passionn\u00e9s du vide y trouveront une motivation suppl\u00e9mentaire pour l'escalade, la via ferrata, le base jumping... Et c'est bien cela&nbsp;<strong>les Mallos<\/strong>&nbsp;sont un v\u00e9ritable point de rencontre pour les grimpeurs, un paradis pour exp\u00e9rimenter l'ab\u00eeme et le vide.<\/p>\n\n\n\n<hr class=\"wp-block-separator\"\/>\n\n\n\n<h2 class=\"wp-block-heading\">Les itin\u00e9raires<\/h2>\n\n\n\n<p>Pour les amateurs d'escalade, si vous vous rendez dans les Pyr\u00e9n\u00e9es, il est impossible de ne pas pratiquer ce sport dans les Mallos de Riglos.<\/p>\n\n\n\n<p>Chacun de ces g\u00e9ants de pierre, dont les parois verticales peuvent atteindre 300 m\u00e8tres, a son propre nom. Certains sont tr\u00e8s imag\u00e9s, comme \"el puro\" ou \"los cuchillos\", d'autres sont plus descriptifs, comme \"el pared\u00f3n de los buitres\" ou des voies d'escalade comme \"la fiesta del b\u00edceps\". <\/p>\n\n\n\n<h3 class=\"wp-block-heading\">Comment s'y rendre<\/h3>\n\n\n\n<p>Pour acc\u00e9der \u00e0 ce lieu pittoresque, il faut emprunter la route A-132 depuis la ville de Huesca sur une trentaine de kilom\u00e8tres. <strong>village de Riglos<\/strong>au pied des Mallos de Riglos. Vous y trouverez la plupart des besoins et des services, tels que l'eau, l'alimentation, les bars et les h\u00f4tels.<\/p>\n\n\n\n<p>Pour acc\u00e9der aux voies d'escalade, il faut prendre le village comme point de d\u00e9part. Il suffit ensuite de suivre le chemin indiqu\u00e9, qui est tout balis\u00e9 et qui vous m\u00e8nera aux mallos et aux voies d'escalade.<\/p>\n\n\n\n<h3 class=\"wp-block-heading\">Conseil<\/h3>\n\n\n\n<p>Voici quelques conseils \u00e0 garder \u00e0 l'esprit :<\/p>\n\n\n\n<ul class=\"wp-block-list\"><li>Vous ne devez pas laisser tra\u00eener les restes de nourriture et les d\u00e9chets.<\/li><li>Il est interdit d'allumer des feux de joie ou des feux.<\/li><li>Il est interdit d'arracher les fleurs et d'endommager la flore en g\u00e9n\u00e9ral.<\/li><li>Il est important de ne pas d\u00e9ranger les animaux, y compris les oiseaux.<\/li><li>Il n'est pas n\u00e9cessaire de surcharger vos bagages avec des articles inutiles ou nocifs pour l'environnement, tels que les a\u00e9rosols.<\/li><li>Les pistes existantes ne doivent pas \u00eatre utilis\u00e9es de mani\u00e8re abusive et ne doivent pas servir de toilettes.<\/li><li>Bien s'informer sur les pistes \u00e0 emprunter pour un itin\u00e9raire donn\u00e9.<\/li><li>Il est n\u00e9cessaire de d\u00e9terminer si vous \u00eates physiquement pr\u00eat \u00e0 suivre l'itin\u00e9raire pr\u00e9vu.<\/li><li>Il est important de suivre les panneaux de signalisation.<\/li><li>Une attention particuli\u00e8re doit \u00eatre port\u00e9e aux rochers, aux ravins, etc.<\/li><li>N'oubliez pas de porter un casque, car il s'agit d'un instrument essentiel qui peut sauver des vies.<\/li><\/ul>\n\n\n\n<hr class=\"wp-block-separator\"\/>","protected":false},"excerpt":{"rendered":"Les Mallos de Riglos sont avant tout un spectacle naturel. Situ\u00e9s dans la cha\u00eene montagneuse ext\u00e9rieure des Pyr\u00e9n\u00e9es - Pr\u00e9-Pyr\u00e9n\u00e9es -, ils sont...","protected":false},"author":1,"featured_media":5992,"comment_status":"closed","ping_status":"closed","sticky":false,"template":"","format":"image","meta":{"_kad_blocks_custom_css":"","_kad_blocks_head_custom_js":"","_kad_blocks_body_custom_js":"","_kad_blocks_footer_custom_js":"","episode_type":"audio","audio_file":"","podmotor_file_id":"","podmotor_episode_id":"","cover_image":"","cover_image_id":"","duration":"","filesize":"","filesize_raw":"","date_recorded":"","explicit":"","block":"","_kad_post_transparent":"","_kad_post_title":"","_kad_post_layout":"","_kad_post_sidebar_id":"","_kad_post_content_style":"","_kad_post_vertical_padding":"","_kad_post_feature":"","_kad_post_feature_position":"","_kad_post_header":false,"_kad_post_footer":false,"_kad_post_classname":"","_jetpack_memberships_contains_paid_content":false,"footnotes":""},"categories":[5],"tags":[],"series":[],"class_list":["post-5988","post","type-post","status-publish","format-image","has-post-thumbnail","hentry","category-pirineos","post_format-post-format-image"],"episode_featured_image":"https:\/\/travesiapirenaica.com\/wp-content\/uploads\/2018\/01\/Mallos_de-riglos_Gerardo-Almeida_Wikimedia-commons_760x500.jpg","episode_player_image":"https:\/\/travesiapirenaica.com\/wp-content\/uploads\/2017\/12\/Caratula-Podcast-Maldita-Montana_1500x1500_72pp-p_.jpg","download_link":"","player_link":"","audio_player":false,"episode_data":{"playerMode":"dark","subscribeUrls":[],"rssFeedUrl":"https:\/\/travesiapirenaica.com\/fr\/feed\/podcast\/maldita-montana","embedCode":"<blockquote class=\"wp-embedded-content\" data-secret=\"qEB2jUeXM6\"><a href=\"https:\/\/travesiapirenaica.com\/fr\/mallos-de-riglos-escalada\/\">Escalar en los Mallos de Riglos<\/a><\/blockquote><iframe sandbox=\"allow-scripts\" security=\"restricted\" src=\"https:\/\/travesiapirenaica.com\/fr\/mallos-de-riglos-escalada\/embed\/#?secret=qEB2jUeXM6\" width=\"500\" height=\"350\" title=\"\u00ab\u00a0Escalar en los Mallos de Riglos\u00a0\u00bb &#8212; Traves\u00eda.\" data-secret=\"qEB2jUeXM6\" frameborder=\"0\" marginwidth=\"0\" marginheight=\"0\" scrolling=\"no\" class=\"wp-embedded-content\"><\/iframe><script>\n\/*! This file is auto-generated *\/\n!function(d,l){\"use strict\";l.querySelector&&d.addEventListener&&\"undefined\"!=typeof URL&&(d.wp=d.wp||{},d.wp.receiveEmbedMessage||(d.wp.receiveEmbedMessage=function(e){var t=e.data;if((t||t.secret||t.message||t.value)&&!\/[^a-zA-Z0-9]\/.test(t.secret)){for(var s,r,n,a=l.querySelectorAll('iframe[data-secret=\"'+t.secret+'\"]'),o=l.querySelectorAll('blockquote[data-secret=\"'+t.secret+'\"]'),c=new RegExp(\"^https?:$\",\"i\"),i=0;i<o.length;i++)o[i].style.display=\"none\";for(i=0;i<a.length;i++)s=a[i],e.source===s.contentWindow&&(s.removeAttribute(\"style\"),\"height\"===t.message?(1e3<(r=parseInt(t.value,10))?r=1e3:~~r<200&&(r=200),s.height=r):\"link\"===t.message&&(r=new URL(s.getAttribute(\"src\")),n=new URL(t.value),c.test(n.protocol))&&n.host===r.host&&l.activeElement===s&&(d.top.location.href=t.value))}},d.addEventListener(\"message\",d.wp.receiveEmbedMessage,!1),l.addEventListener(\"DOMContentLoaded\",function(){for(var e,t,s=l.querySelectorAll(\"iframe.wp-embedded-content\"),r=0;r<s.length;r++)(t=(e=s[r]).getAttribute(\"data-secret\"))||(t=Math.random().toString(36).substring(2,12),e.src+=\"#?secret=\"+t,e.setAttribute(\"data-secret\",t)),e.contentWindow.postMessage({message:\"ready\",secret:t},\"*\")},!1)))}(window,document);\n\/\/# sourceURL=https:\/\/travesiapirenaica.com\/wp-includes\/js\/wp-embed.min.js\n<\/script>\n"},"taxonomy_info":{"category":[{"value":5,"label":"Pirineos"}]},"featured_image_src_large":["https:\/\/travesiapirenaica.com\/wp-content\/uploads\/2018\/01\/Mallos_de-riglos_Gerardo-Almeida_Wikimedia-commons_760x500.jpg",760,500,false],"author_info":{"display_name":"Traves\u00eda Pirenaica","author_link":"https:\/\/travesiapirenaica.com\/fr\/author\/travesia-pirenaica\/"},"comment_info":0,"category_info":[{"term_id":5,"name":"Pirineos","slug":"pirineos","term_group":0,"term_taxonomy_id":5,"taxonomy":"category","description":"","parent":0,"count":241,"filter":"raw","cat_ID":5,"category_count":241,"category_description":"","cat_name":"Pirineos","category_nicename":"pirineos","category_parent":0}],"tag_info":false,"jetpack_featured_media_url":"https:\/\/travesiapirenaica.com\/wp-content\/uploads\/2018\/01\/Mallos_de-riglos_Gerardo-Almeida_Wikimedia-commons_760x500.jpg","jetpack_sharing_enabled":true,"_links":{"self":[{"href":"https:\/\/travesiapirenaica.com\/fr\/wp-json\/wp\/v2\/posts\/5988","targetHints":{"allow":["GET"]}}],"collection":[{"href":"https:\/\/travesiapirenaica.com\/fr\/wp-json\/wp\/v2\/posts"}],"about":[{"href":"https:\/\/travesiapirenaica.com\/fr\/wp-json\/wp\/v2\/types\/post"}],"author":[{"embeddable":true,"href":"https:\/\/travesiapirenaica.com\/fr\/wp-json\/wp\/v2\/users\/1"}],"replies":[{"embeddable":true,"href":"https:\/\/travesiapirenaica.com\/fr\/wp-json\/wp\/v2\/comments?post=5988"}],"version-history":[{"count":0,"href":"https:\/\/travesiapirenaica.com\/fr\/wp-json\/wp\/v2\/posts\/5988\/revisions"}],"wp:featuredmedia":[{"embeddable":true,"href":"https:\/\/travesiapirenaica.com\/fr\/wp-json\/wp\/v2\/media\/5992"}],"wp:attachment":[{"href":"https:\/\/travesiapirenaica.com\/fr\/wp-json\/wp\/v2\/media?parent=5988"}],"wp:term":[{"taxonomy":"category","embeddable":true,"href":"https:\/\/travesiapirenaica.com\/fr\/wp-json\/wp\/v2\/categories?post=5988"},{"taxonomy":"post_tag","embeddable":true,"href":"https:\/\/travesiapirenaica.com\/fr\/wp-json\/wp\/v2\/tags?post=5988"},{"taxonomy":"series","embeddable":true,"href":"https:\/\/travesiapirenaica.com\/fr\/wp-json\/wp\/v2\/series?post=5988"}],"curies":[{"name":"wp","href":"https:\/\/api.w.org\/{rel}","templated":true}]}}