{"id":6110,"date":"2017-02-06T13:22:56","date_gmt":"2017-02-06T12:22:56","guid":{"rendered":"http:\/\/travesiapirenaica.com\/?p=6110"},"modified":"2019-01-21T19:07:31","modified_gmt":"2019-01-21T18:07:31","slug":"huesca","status":"publish","type":"post","link":"https:\/\/travesiapirenaica.com\/fr\/huesca\/","title":{"rendered":"Huesca, capitale du Haut-Aragon"},"content":{"rendered":"<p>Si vous ne savez toujours pas o\u00f9 aller pour vos prochaines vacances, mais que vous souhaitez d\u00e9couvrir des sites historiques, d\u00e9guster de bons plats et assister \u00e0 des festivals, vous pouvez vous rendre \u00e0 l'adresse suivante <strong>Huesca<\/strong>.<\/p>\n<p>Elle n'est peut-\u00eatre pas tr\u00e8s peupl\u00e9e, mais son importance nationale et internationale pour l'histoire qu'elle renferme est ind\u00e9niable. Si l'on ajoute \u00e0 cela son <strong>Elle doit sa beaut\u00e9 particuli\u00e8re \u00e0 sa proximit\u00e9 avec les Pyr\u00e9n\u00e9es, ce qui lui vaut d'\u00eatre surnomm\u00e9e \"la porte des Pyr\u00e9n\u00e9es\".<\/strong>Le choix semble \u00e9vident. De plus, le climat de cette r\u00e9gion correspond au climat m\u00e9diterran\u00e9en typique, toujours tr\u00e8s agr\u00e9able.<\/p>\n<p>Il est ironique que l'histoire de cette ville commence \u00e0 la pr\u00e9histoire, il y a plus de 6 000 ans. Nous pourrons voir des preuves de l'action humaine depuis la r\u00e9volution n\u00e9olithique jusqu'\u00e0, par exemple, le <strong>Empire romain,<\/strong> et bien s\u00fbr \u00e0 travers les diff\u00e9rentes \u00e9poques de l'humanit\u00e9. Vous serez fascin\u00e9 par tout ce qui s'est pass\u00e9 au cours de l'histoire.<\/p>\n<p>Vous pourrez voir les <strong>vestiges des guerres wisigothiques, de la guerre de succession ou encore de la r\u00e9cente guerre civile.<\/strong><\/p>\n<p>Si vous vous trouvez un jour dans cette belle ville, il est recommand\u00e9 de ne pas manquer le <strong>Le parc Miguel Servetus, les murs d'enceinte, le beau couvent de San Miguel, la grande \u00e9glise de Santa Mar\u00eda In Foris, l'insolite h\u00f4tel de ville de Huesca, le beau palais de Villahermosa, le palais du Climent, le brillant palais de la O\u00f1a, la basilique de San Lorenza, l'ermitage de San Jorge, le sanctuaire de Loreto, la fontaine des Muses et, bien s\u00fbr, le grand centre de conf\u00e9rences de la ville.<\/strong> Nous ne pouvons pas non plus oublier le grand <strong>cath\u00e9drale<\/strong> qui compl\u00e8te les destinations de cette ville color\u00e9e.<\/p>\n<p>Nous ne devons pas non plus oublier ce que nous avons promis pr\u00e9c\u00e9demment : la <strong>nourriture<\/strong>. C'est exquis, et vous pouvez toujours le combiner avec une bonne f\u00eate nocturne, de la bonne musique et l'atmosph\u00e8re de cette belle ville.<br \/>\n<span style=\"font-size: 14pt;\"><strong>LIRE AUSSI :<\/strong><\/span><\/p>\n<ul style=\"list-style-type: disc;\">\n<li><a href=\"http:\/\/travesiapirenaica.com\/fr\/chateau-de-loarre\/\" target=\"_blank\" rel=\"noopener\"><span style=\"font-size: 18.6667px;\"><b>Ch\u00e2teau de Loarre &gt;&gt;&gt;&gt;<\/b><\/span><\/a><\/li>\n<\/ul>\n<p><span style=\"font-size: 14pt;\"><strong>SUIVEZ-NOUS : <a href=\"https:\/\/www.facebook.com\/TravesiaPirenaica\/\" target=\"_blank\" rel=\"noopener\">TRAVES\u00cdA PIRENAICA est sur Facebook<\/a><\/strong><\/span><\/p>","protected":false},"excerpt":{"rendered":"Si vous ne savez toujours pas o\u00f9 aller pour vos prochaines vacances mais que vous \u00eates s\u00fbr que...","protected":false},"author":1,"featured_media":6112,"comment_status":"closed","ping_status":"closed","sticky":false,"template":"","format":"image","meta":{"_kad_blocks_custom_css":"","_kad_blocks_head_custom_js":"","_kad_blocks_body_custom_js":"","_kad_blocks_footer_custom_js":"","episode_type":"","audio_file":"","podmotor_file_id":"","podmotor_episode_id":"","cover_image":"","cover_image_id":"","duration":"","filesize":"","filesize_raw":"","date_recorded":"","explicit":"","block":"","_kad_post_transparent":"","_kad_post_title":"","_kad_post_layout":"","_kad_post_sidebar_id":"","_kad_post_content_style":"","_kad_post_vertical_padding":"","_kad_post_feature":"","_kad_post_feature_position":"","_kad_post_header":false,"_kad_post_footer":false,"_kad_post_classname":"","_jetpack_memberships_contains_paid_content":false,"footnotes":""},"categories":[5],"tags":[],"series":[],"class_list":["post-6110","post","type-post","status-publish","format-image","has-post-thumbnail","hentry","category-pirineos","post_format-post-format-image"],"episode_featured_image":"https:\/\/travesiapirenaica.com\/wp-content\/uploads\/2017\/02\/Huesca-desde-el-Campanario-de-la-Catedral_By-Murcianboy-_-wikimedia-commons_760x500.jpg","episode_player_image":"https:\/\/travesiapirenaica.com\/wp-content\/uploads\/2017\/12\/Caratula-Podcast-Maldita-Montana_1500x1500_72pp-p_.jpg","download_link":"","player_link":"","audio_player":false,"episode_data":{"playerMode":"dark","subscribeUrls":[],"rssFeedUrl":"https:\/\/travesiapirenaica.com\/fr\/feed\/podcast\/maldita-montana","embedCode":"<blockquote class=\"wp-embedded-content\" data-secret=\"CMfpSg8qxf\"><a href=\"https:\/\/travesiapirenaica.com\/fr\/huesca\/\">Huesca, la capital del Alto Arag\u00f3n<\/a><\/blockquote><iframe sandbox=\"allow-scripts\" security=\"restricted\" src=\"https:\/\/travesiapirenaica.com\/fr\/huesca\/embed\/#?secret=CMfpSg8qxf\" width=\"500\" height=\"350\" title=\"\u00ab\u00a0Huesca, la capital del Alto Arag\u00f3n\u00a0\u00bb &#8212; Traves\u00eda.\" data-secret=\"CMfpSg8qxf\" frameborder=\"0\" marginwidth=\"0\" marginheight=\"0\" scrolling=\"no\" class=\"wp-embedded-content\"><\/iframe><script>\n\/*! This file is auto-generated *\/\n!function(d,l){\"use strict\";l.querySelector&&d.addEventListener&&\"undefined\"!=typeof URL&&(d.wp=d.wp||{},d.wp.receiveEmbedMessage||(d.wp.receiveEmbedMessage=function(e){var t=e.data;if((t||t.secret||t.message||t.value)&&!\/[^a-zA-Z0-9]\/.test(t.secret)){for(var s,r,n,a=l.querySelectorAll('iframe[data-secret=\"'+t.secret+'\"]'),o=l.querySelectorAll('blockquote[data-secret=\"'+t.secret+'\"]'),c=new RegExp(\"^https?:$\",\"i\"),i=0;i<o.length;i++)o[i].style.display=\"none\";for(i=0;i<a.length;i++)s=a[i],e.source===s.contentWindow&&(s.removeAttribute(\"style\"),\"height\"===t.message?(1e3<(r=parseInt(t.value,10))?r=1e3:~~r<200&&(r=200),s.height=r):\"link\"===t.message&&(r=new URL(s.getAttribute(\"src\")),n=new URL(t.value),c.test(n.protocol))&&n.host===r.host&&l.activeElement===s&&(d.top.location.href=t.value))}},d.addEventListener(\"message\",d.wp.receiveEmbedMessage,!1),l.addEventListener(\"DOMContentLoaded\",function(){for(var e,t,s=l.querySelectorAll(\"iframe.wp-embedded-content\"),r=0;r<s.length;r++)(t=(e=s[r]).getAttribute(\"data-secret\"))||(t=Math.random().toString(36).substring(2,12),e.src+=\"#?secret=\"+t,e.setAttribute(\"data-secret\",t)),e.contentWindow.postMessage({message:\"ready\",secret:t},\"*\")},!1)))}(window,document);\n\/\/# sourceURL=https:\/\/travesiapirenaica.com\/wp-includes\/js\/wp-embed.min.js\n<\/script>\n"},"taxonomy_info":{"category":[{"value":5,"label":"Pirineos"}]},"featured_image_src_large":["https:\/\/travesiapirenaica.com\/wp-content\/uploads\/2017\/02\/Huesca-desde-el-Campanario-de-la-Catedral_By-Murcianboy-_-wikimedia-commons_760x500.jpg",760,500,false],"author_info":{"display_name":"Traves\u00eda Pirenaica","author_link":"https:\/\/travesiapirenaica.com\/fr\/author\/travesia-pirenaica\/"},"comment_info":0,"category_info":[{"term_id":5,"name":"Pirineos","slug":"pirineos","term_group":0,"term_taxonomy_id":5,"taxonomy":"category","description":"","parent":0,"count":241,"filter":"raw","cat_ID":5,"category_count":241,"category_description":"","cat_name":"Pirineos","category_nicename":"pirineos","category_parent":0}],"tag_info":false,"jetpack_featured_media_url":"https:\/\/travesiapirenaica.com\/wp-content\/uploads\/2017\/02\/Huesca-desde-el-Campanario-de-la-Catedral_By-Murcianboy-_-wikimedia-commons_760x500.jpg","jetpack_sharing_enabled":true,"_links":{"self":[{"href":"https:\/\/travesiapirenaica.com\/fr\/wp-json\/wp\/v2\/posts\/6110","targetHints":{"allow":["GET"]}}],"collection":[{"href":"https:\/\/travesiapirenaica.com\/fr\/wp-json\/wp\/v2\/posts"}],"about":[{"href":"https:\/\/travesiapirenaica.com\/fr\/wp-json\/wp\/v2\/types\/post"}],"author":[{"embeddable":true,"href":"https:\/\/travesiapirenaica.com\/fr\/wp-json\/wp\/v2\/users\/1"}],"replies":[{"embeddable":true,"href":"https:\/\/travesiapirenaica.com\/fr\/wp-json\/wp\/v2\/comments?post=6110"}],"version-history":[{"count":0,"href":"https:\/\/travesiapirenaica.com\/fr\/wp-json\/wp\/v2\/posts\/6110\/revisions"}],"wp:featuredmedia":[{"embeddable":true,"href":"https:\/\/travesiapirenaica.com\/fr\/wp-json\/wp\/v2\/media\/6112"}],"wp:attachment":[{"href":"https:\/\/travesiapirenaica.com\/fr\/wp-json\/wp\/v2\/media?parent=6110"}],"wp:term":[{"taxonomy":"category","embeddable":true,"href":"https:\/\/travesiapirenaica.com\/fr\/wp-json\/wp\/v2\/categories?post=6110"},{"taxonomy":"post_tag","embeddable":true,"href":"https:\/\/travesiapirenaica.com\/fr\/wp-json\/wp\/v2\/tags?post=6110"},{"taxonomy":"series","embeddable":true,"href":"https:\/\/travesiapirenaica.com\/fr\/wp-json\/wp\/v2\/series?post=6110"}],"curies":[{"name":"wp","href":"https:\/\/api.w.org\/{rel}","templated":true}]}}