{"id":6359,"date":"2017-02-13T21:41:49","date_gmt":"2017-02-13T20:41:49","guid":{"rendered":"http:\/\/travesiapirenaica.com\/?p=6359"},"modified":"2019-09-30T09:43:54","modified_gmt":"2019-09-30T07:43:54","slug":"tourisme-ornithologique-pyrenees","status":"publish","type":"post","link":"https:\/\/travesiapirenaica.com\/fr\/turismo-ornitologico-pirineos\/","title":{"rendered":"Observer les oiseaux dans les Pyr\u00e9n\u00e9es"},"content":{"rendered":"<p>La cha\u00eene de montagnes des Pyr\u00e9n\u00e9es est situ\u00e9e dans la partie la plus septentrionale de la p\u00e9ninsule ib\u00e9rique, la s\u00e9parant de la France. Les Pyr\u00e9n\u00e9es n'offrent pas seulement des attractions touristiques rurales, mais contiennent \u00e9galement un impressionnant patrimoine culturel. <strong>grande biosph\u00e8re en termes d'oiseaux et d'avifaune<\/strong>et ne peut donc pas \u00eatre n\u00e9glig\u00e9. Nous vous informons sur cet aspect. Si vous \u00eates passionn\u00e9 d'oiseaux et que vous souhaitez faire un voyage dans les Pyr\u00e9n\u00e9es, il est essentiel que vous connaissiez certaines des zones les plus importantes pour l'observation des oiseaux.<\/p>\n\n\n\n<p>Chaque fois que vous vous trouvez dans les Pyr\u00e9n\u00e9es, vous \u00eates certainement surpris par la pr\u00e9sence d'oiseaux dans le ciel, surtout pour ceux d'entre nous qui vivent en ville et qui ont tendance \u00e0 admirer ce qu'ils n'ont pas. Ainsi, la pr\u00e9sence d'oiseaux dans le ciel <strong>s'\u00e9quiper de jumelles<\/strong>Le ciel pyr\u00e9n\u00e9en ne vous d\u00e9cevra pas.<\/p>\n\n\n\n<p>Vous trouverez une multitude d'itin\u00e9raires diff\u00e9rents pour observer tous les types d'oiseaux, avec une mention sp\u00e9ciale pour le gypa\u00e8te barbu, dans les <strong><a rel=\"noreferrer noopener\" href=\"http:\/\/travesiapirenaica.com\/fr\/parque-natural-posets-madaleta\/\" target=\"_blank\">Parc naturel de Posets Maladeta<\/a><\/strong>. Les <a rel=\"noreferrer noopener\" href=\"http:\/\/travesiapirenaica.com\/fr\/ordesa-monte-perdido-national-park\/\" target=\"_blank\"><strong>Parc national d'Ordesa et de Monte Perdido<\/strong> <\/a>offre des vues d'oiseaux volant plus haut, tels que le <strong>aigles<\/strong>Nous pourrons les prendre en flagrant d\u00e9lit lorsqu'ils viendront chasser et d\u00e9vorer perdrix et petits oiseaux. Un dernier parc que je vous recommande de visiter est celui du <a rel=\"noreferrer noopener\" href=\"http:\/\/travesiapirenaica.com\/fr\/pyrenees\/sierra-guara-somontano\/\" target=\"_blank\"><strong>Sierra et canyons de Guara<\/strong><\/a>o\u00f9 l'on peut trouver le tr\u00e8s acclam\u00e9 <strong>aigle hibou<\/strong>Les faucons p\u00e8lerins et les gu\u00eapiers se distinguent \u00e9galement.<\/p>\n\n\n\n<p>Dans la comarque de <strong>Jacetania<\/strong> -Le bassin sup\u00e9rieur de la rivi\u00e8re Aragon et les affluents des vall\u00e9es de Canfranc, A\u00edsa, Borau, Hecho et Ans\u00f3, le canal de Berd\u00fan et le Campo de Jaca, abritent 206 esp\u00e8ces d'oiseaux.  Ses for\u00eats et ses gorges sont l'endroit id\u00e9al pour que les oiseaux trouvent nourriture et abri. Rien de tel que de visiter les spectaculaires gorges de Foz de Fago et de Bini\u00e9s pour observer les oiseaux, ou le paysage prot\u00e9g\u00e9 de San Juan de la Pe\u00f1a et du Monte Oroel.<\/p>\n\n\n\n<p>Dans le domaine de la <strong>Ribagorza<\/strong> vous pourrez apercevoir de nombreux types d'oiseaux qui voleront devant vous, \u00e0 commencer par la grande majest\u00e9 du<strong> hiboux aigles<\/strong> et se terminant par la pr\u00e9sence mena\u00e7ante mais aristocratique de l'archiconnu <strong>aigle imp\u00e9rial<\/strong>. On y trouve \u00e9galement des esp\u00e8ces en voie de disparition, comme le <strong>gypa\u00e8te barbu<\/strong>.<\/p>\n\n\n\n<p>Le\u00a0<strong>Parc national d'Ordesa et de Monte Perdido<\/strong>Un cadre magnifique pour l'observation des oiseaux. Le parc abrite l'un des meilleurs points d'observation du gypa\u00e8te barbu en Europe, la station biologique de Monte Perdido. Cette station est situ\u00e9e dans la maison Juan Bernad (XVIe si\u00e8cle) et offre un h\u00e9bergement pour les groupes dans des chambres partag\u00e9es avec salle de bain. Elle est g\u00e9r\u00e9e par la Fondation pour la conservation du gypa\u00e8te barbu, avec laquelle il est possible d'organiser l'h\u00e9bergement et la possibilit\u00e9 d'organiser une visite guid\u00e9e des points de vue de Revilla, d'o\u00f9 a \u00e9t\u00e9 prise cette image.<\/p>\n\n\n\n<p>Si vous \u00eates curieux de ce sujet, rien de mieux que de vous rendre \u00e0 l'\u00e9co-mus\u00e9e-centre des visiteurs du ch\u00e2teau d'A\u00ednsa. Vous pourrez y d\u00e9couvrir la faune des Pyr\u00e9n\u00e9es dans une maquette incroyable et voir l'abri pour les rapaces vivants qui ne sont plus r\u00e9cup\u00e9rables. Il dispose d'un service de guides qui peuvent vous aider \u00e0 mieux conna\u00eetre l'environnement naturel.<\/p>\n\n\n\n<p>Dans les Pyr\u00e9n\u00e9es, vous pouvez profiter de la<strong> cincle d'Europe centrale<\/strong> m\u00eame \u00e0 partir de la <strong>gypa\u00e8te barbu<\/strong>Vous saurez tout sur l'alimentation et la reproduction des diff\u00e9rentes esp\u00e8ces, avec l'aide de guides comp\u00e9tents en la mati\u00e8re. Vous saurez tout sur l'alimentation et la reproduction des diff\u00e9rentes esp\u00e8ces, gr\u00e2ce aux informations contenues dans des documents d\u00e9taill\u00e9s.<\/p>\n\n\n\n<p>Enfin, vous pouvez suivre des itin\u00e9raires ornithologiques, o\u00f9 vous trouverez des esp\u00e8ces telles que le <strong>le grand t\u00e9tras ou la nyctale de Tengmalm<\/strong>. Cet endroit se caract\u00e9rise par le m\u00e9lange de rapaces et d'autres oiseaux que l'on trouve dans les for\u00eats, et le choc des deux \u00e9cosyst\u00e8mes forme un merveilleux m\u00e9lange. L'observation des oiseaux est devenue internationalement c\u00e9l\u00e8bre dans la cha\u00eene des Pyr\u00e9n\u00e9es.<\/p>\n\n\n\n<hr class=\"wp-block-separator\"\/>\n\n\n\n<p><strong>LIRE AUSSI :<\/strong><\/p>\n\n\n\n<ul class=\"wp-block-list\"><li><a href=\"http:\/\/travesiapirenaica.com\/fr\/mammiferes-des-pyrenees\/\" target=\"_blank\" rel=\"noreferrer noopener\"><strong>Les mammif\u00e8res dans les Pyr\u00e9n\u00e9es : un refuge pour la faune &gt;&gt;&gt;&gt;<\/strong><\/a><\/li><\/ul>\n\n\n\n<hr class=\"wp-block-separator\"\/>","protected":false},"excerpt":{"rendered":"La cha\u00eene de montagnes des Pyr\u00e9n\u00e9es est situ\u00e9e dans la partie la plus septentrionale des Pyr\u00e9n\u00e9es,...","protected":false},"author":1,"featured_media":6362,"comment_status":"closed","ping_status":"closed","sticky":false,"template":"","format":"image","meta":{"_kad_blocks_custom_css":"","_kad_blocks_head_custom_js":"","_kad_blocks_body_custom_js":"","_kad_blocks_footer_custom_js":"","episode_type":"audio","audio_file":"","podmotor_file_id":"","podmotor_episode_id":"","cover_image":"","cover_image_id":"","duration":"","filesize":"","filesize_raw":"","date_recorded":"","explicit":"","block":"","_kad_post_transparent":"","_kad_post_title":"","_kad_post_layout":"","_kad_post_sidebar_id":"","_kad_post_content_style":"","_kad_post_vertical_padding":"","_kad_post_feature":"","_kad_post_feature_position":"","_kad_post_header":false,"_kad_post_footer":false,"_kad_post_classname":"","_jetpack_memberships_contains_paid_content":false,"footnotes":""},"categories":[5],"tags":[],"series":[],"class_list":["post-6359","post","type-post","status-publish","format-image","has-post-thumbnail","hentry","category-pirineos","post_format-post-format-image"],"episode_featured_image":"https:\/\/travesiapirenaica.com\/wp-content\/uploads\/2017\/02\/osprey-2942186_760x500.jpg","episode_player_image":"https:\/\/travesiapirenaica.com\/wp-content\/uploads\/2017\/12\/Caratula-Podcast-Maldita-Montana_1500x1500_72pp-p_.jpg","download_link":"","player_link":"","audio_player":false,"episode_data":{"playerMode":"dark","subscribeUrls":[],"rssFeedUrl":"https:\/\/travesiapirenaica.com\/fr\/feed\/podcast\/maldita-montana","embedCode":"<blockquote class=\"wp-embedded-content\" data-secret=\"DxrbcL20DA\"><a href=\"https:\/\/travesiapirenaica.com\/fr\/turismo-ornitologico-pirineos\/\">Disfruta con la observaci\u00f3n de aves en el Pirineo<\/a><\/blockquote><iframe sandbox=\"allow-scripts\" security=\"restricted\" src=\"https:\/\/travesiapirenaica.com\/fr\/turismo-ornitologico-pirineos\/embed\/#?secret=DxrbcL20DA\" width=\"500\" height=\"350\" title=\"\u00ab\u00a0Disfruta con la observaci\u00f3n de aves en el Pirineo\u00a0\u00bb &#8212; Traves\u00eda.\" data-secret=\"DxrbcL20DA\" frameborder=\"0\" marginwidth=\"0\" marginheight=\"0\" scrolling=\"no\" class=\"wp-embedded-content\"><\/iframe><script>\n\/*! This file is auto-generated *\/\n!function(d,l){\"use strict\";l.querySelector&&d.addEventListener&&\"undefined\"!=typeof URL&&(d.wp=d.wp||{},d.wp.receiveEmbedMessage||(d.wp.receiveEmbedMessage=function(e){var t=e.data;if((t||t.secret||t.message||t.value)&&!\/[^a-zA-Z0-9]\/.test(t.secret)){for(var s,r,n,a=l.querySelectorAll('iframe[data-secret=\"'+t.secret+'\"]'),o=l.querySelectorAll('blockquote[data-secret=\"'+t.secret+'\"]'),c=new RegExp(\"^https?:$\",\"i\"),i=0;i<o.length;i++)o[i].style.display=\"none\";for(i=0;i<a.length;i++)s=a[i],e.source===s.contentWindow&&(s.removeAttribute(\"style\"),\"height\"===t.message?(1e3<(r=parseInt(t.value,10))?r=1e3:~~r<200&&(r=200),s.height=r):\"link\"===t.message&&(r=new URL(s.getAttribute(\"src\")),n=new URL(t.value),c.test(n.protocol))&&n.host===r.host&&l.activeElement===s&&(d.top.location.href=t.value))}},d.addEventListener(\"message\",d.wp.receiveEmbedMessage,!1),l.addEventListener(\"DOMContentLoaded\",function(){for(var e,t,s=l.querySelectorAll(\"iframe.wp-embedded-content\"),r=0;r<s.length;r++)(t=(e=s[r]).getAttribute(\"data-secret\"))||(t=Math.random().toString(36).substring(2,12),e.src+=\"#?secret=\"+t,e.setAttribute(\"data-secret\",t)),e.contentWindow.postMessage({message:\"ready\",secret:t},\"*\")},!1)))}(window,document);\n\/\/# sourceURL=https:\/\/travesiapirenaica.com\/wp-includes\/js\/wp-embed.min.js\n<\/script>\n"},"taxonomy_info":{"category":[{"value":5,"label":"Pirineos"}]},"featured_image_src_large":["https:\/\/travesiapirenaica.com\/wp-content\/uploads\/2017\/02\/osprey-2942186_760x500.jpg",760,500,false],"author_info":{"display_name":"Traves\u00eda Pirenaica","author_link":"https:\/\/travesiapirenaica.com\/fr\/author\/travesia-pirenaica\/"},"comment_info":0,"category_info":[{"term_id":5,"name":"Pirineos","slug":"pirineos","term_group":0,"term_taxonomy_id":5,"taxonomy":"category","description":"","parent":0,"count":241,"filter":"raw","cat_ID":5,"category_count":241,"category_description":"","cat_name":"Pirineos","category_nicename":"pirineos","category_parent":0}],"tag_info":false,"jetpack_featured_media_url":"https:\/\/travesiapirenaica.com\/wp-content\/uploads\/2017\/02\/osprey-2942186_760x500.jpg","jetpack_sharing_enabled":true,"_links":{"self":[{"href":"https:\/\/travesiapirenaica.com\/fr\/wp-json\/wp\/v2\/posts\/6359","targetHints":{"allow":["GET"]}}],"collection":[{"href":"https:\/\/travesiapirenaica.com\/fr\/wp-json\/wp\/v2\/posts"}],"about":[{"href":"https:\/\/travesiapirenaica.com\/fr\/wp-json\/wp\/v2\/types\/post"}],"author":[{"embeddable":true,"href":"https:\/\/travesiapirenaica.com\/fr\/wp-json\/wp\/v2\/users\/1"}],"replies":[{"embeddable":true,"href":"https:\/\/travesiapirenaica.com\/fr\/wp-json\/wp\/v2\/comments?post=6359"}],"version-history":[{"count":0,"href":"https:\/\/travesiapirenaica.com\/fr\/wp-json\/wp\/v2\/posts\/6359\/revisions"}],"wp:featuredmedia":[{"embeddable":true,"href":"https:\/\/travesiapirenaica.com\/fr\/wp-json\/wp\/v2\/media\/6362"}],"wp:attachment":[{"href":"https:\/\/travesiapirenaica.com\/fr\/wp-json\/wp\/v2\/media?parent=6359"}],"wp:term":[{"taxonomy":"category","embeddable":true,"href":"https:\/\/travesiapirenaica.com\/fr\/wp-json\/wp\/v2\/categories?post=6359"},{"taxonomy":"post_tag","embeddable":true,"href":"https:\/\/travesiapirenaica.com\/fr\/wp-json\/wp\/v2\/tags?post=6359"},{"taxonomy":"series","embeddable":true,"href":"https:\/\/travesiapirenaica.com\/fr\/wp-json\/wp\/v2\/series?post=6359"}],"curies":[{"name":"wp","href":"https:\/\/api.w.org\/{rel}","templated":true}]}}