{"id":7054,"date":"2021-01-02T09:52:22","date_gmt":"2021-01-02T08:52:22","guid":{"rendered":"http:\/\/travesiapirenaica.com\/?p=7054"},"modified":"2021-01-05T09:43:38","modified_gmt":"2021-01-05T08:43:38","slug":"sac-a-dos-propre","status":"publish","type":"post","link":"https:\/\/travesiapirenaica.com\/fr\/limpiar-mochila\/","title":{"rendered":"Comment nettoyer un sac \u00e0 dos de montagne"},"content":{"rendered":"<p>Le sac \u00e0 dos est l'un des articles les plus importants lors d'une randonn\u00e9e, d'un camping ou d'un voyage d'aventure. Il sert non seulement \u00e0 ranger le mat\u00e9riel et les provisions, mais aussi \u00e0 vous soutenir pendant les pauses.<\/p>\n\n\n\n<p class=\"has-background\" style=\"background-color:#eeeeee\"><strong>LIRE AUSSI :<\/strong> <strong><a href=\"https:\/\/travesiapirenaica.com\/fr\/sacs-a-dos-montana\/\" target=\"_blank\" rel=\"noreferrer noopener\" aria-label=\" (s&#039;ouvre dans un nouvel onglet)\">Les meilleurs sacs \u00e0 dos pour l'alpinisme et la randonn\u00e9e\".<\/a><\/strong><\/p>\n\n\n\n<p>Cependant, lorsque nous terminons nos aventures, il reste sale, plein de r\u00e9sidus et de taches qui ne sont pas toujours faciles \u00e0 \u00e9liminer. <strong>affectent en fin de compte leur dur\u00e9e de vie et leur durabilit\u00e9.<\/strong>.<\/p>\n\n\n\n<p>Voici quelques conseils pour vous aider \u00e0 trouver comment <strong>le nettoyage et l'entretien de votre compagnon de voyage<\/strong> pour de nombreuses ann\u00e9es \u00e0 venir.<\/p>\n\n\n\n<hr class=\"wp-block-separator\"\/>\n\n\n\n<h3 class=\"wp-block-heading\">Qu'est-ce qui peut l'endommager ?<\/h3>\n\n\n\n<p><strong>Les sacs \u00e0 dos doivent \u00eatre nettoy\u00e9s non seulement pour des raisons esth\u00e9tiques, mais aussi pour leur protection.<\/strong>. Les r\u00e9sidus alimentaires, les liquides tels que le caf\u00e9 ou les boissons \u00e9nergisantes, la sueur du porteur et la salet\u00e9 peuvent endommager leurs tissus.<\/p>\n\n\n\n<p>Il arrive \u00e9galement que les d\u00e9chets que vous y rangez se coincent dans les fermetures \u00e9clair, les emp\u00eachant de fonctionner comme elles le devraient. Il en va de m\u00eame pour les poches ext\u00e9rieures, les sangles et les ceintures.<\/p>\n\n\n\n<p>Bien qu'ils soient con\u00e7us pour de telles aventures, l'usure de la vie quotidienne peut les endommager.<\/p>\n\n\n\n<hr class=\"wp-block-separator\"\/>\n\n\n\n<h3 class=\"wp-block-heading\">\u00c0 la main ou \u00e0 la machine \u00e0 laver ?<\/h3>\n\n\n\n<p>Le lavage d'un sac \u00e0 dos rel\u00e8ve de la science. L'essentiel est<strong> lire l'\u00e9tiquette<\/strong> pour savoir \u00e0 quoi s'attendre. Certains peuvent \u00eatre lav\u00e9s en machine, tandis que d'autres ne peuvent \u00eatre nettoy\u00e9s qu'\u00e0 la main.<\/p>\n\n\n\n<p>Dans les deux cas, vous aurez besoin<\/p>\n\n\n\n<ul class=\"wp-block-list\"><li>A <strong>d\u00e9tergent<\/strong> non parfum\u00e9 ou sp\u00e9cial pour le nettoyage du type de tissu de votre sac \u00e0 dos.<\/li><li><strong>Eau chaude ou froide<\/strong>.<\/li><li>Un endroit o\u00f9 d\u00e9poser le tout <strong>non expos\u00e9s aux rayons du soleil<\/strong>.<\/li><li>Avant de commencer, il est toujours conseill\u00e9 de laver s\u00e9par\u00e9ment les bretelles ou les ceintures, ainsi que certaines poches d'accessoires.<\/li><\/ul>\n\n\n\n<hr class=\"wp-block-separator\"\/>\n\n\n\n<h3 class=\"wp-block-heading\">Attention aux machines \u00e0 laver<\/h3>\n\n\n\n<p>S'il s'agit d'une machine \u00e0 laver, vous devez :<\/p>\n\n\n\n<ul class=\"wp-block-list\"><li>Dans un premier temps, videz-la et v\u00e9rifiez qu'il n'y a pas de traces de d\u00e9tergents autres que celui que vous allez utiliser.<\/li><li>V\u00e9rifiez votre sac \u00e0 dos m\u00eame dans les endroits les plus cach\u00e9s (coins, coutures) et<strong> retirez tous les objets susceptibles d'endommager le lave-linge.<\/strong>. Vous pouvez utiliser un aspirateur pour enlever le sable \u00e9ventuel.<\/li><li>Si vous trouvez que le tissu du sac \u00e0 dos est tr\u00e8s d\u00e9licat, utilisez <strong>sacs \u00e0 linge<\/strong>.<\/li><li><strong>Ne pas utiliser d'assouplissant<\/strong>. Dans de nombreux cas, certains compos\u00e9s chimiques endommagent le type de tissu de votre sac \u00e0 dos.<\/li><li>Utiliser le <strong>cycle d\u00e9licat \u00e0 l'eau froide<\/strong>. L'eau chaude a tendance \u00e0 endommager les couleurs.<\/li><\/ul>\n\n\n\n<hr class=\"wp-block-separator\"\/>\n\n\n\n<h3 class=\"wp-block-heading\">Lavage manuel<\/h3>\n\n\n\n<p>Cela demande plus d'efforts, mais vous serez plus en contact avec votre sac \u00e0 dos.<\/p>\n\n\n\n<ul class=\"wp-block-list\"><li>Vous pouvez utiliser un <strong>grande baignoire ou lavabo<\/strong>en fonction de la taille du sac \u00e0 dos.<\/li><li>Utilisation <strong>eau chaude ou froide<\/strong>.<\/li><li>Dans le cas des taches, l'id\u00e9e est d'utiliser un <strong>\u00e9ponge ou pinceau<\/strong> dentifrice usag\u00e9.<\/li><li>Comme certains sacs \u00e0 dos ne peuvent pas \u00eatre compl\u00e8tement immerg\u00e9s dans l'eau, un chiffon humide peut \u00eatre utile.<\/li><li>Ne pas trop frotter avec le pinceau ou l'\u00e9ponge dans les zones \u00e0 motifs.<\/li><li>Les<strong> les fermetures n\u00e9cessitent un nettoyage particulier<\/strong>Nettoyez-les d\u00e9licatement, en \u00e9vitant de les mouiller compl\u00e8tement, car certains d'entre eux sont sensibles \u00e0 l'eau et ne doivent pas \u00eatre frott\u00e9s trop fort.<\/li><\/ul>\n\n\n\n<p><strong>Lorsque vous allez le s\u00e9cher,<\/strong> Tant pour le lavage manuel que pour le lavage en machine, il est conseill\u00e9 de le placer \u00e0 l'envers pour que l'eau s'\u00e9coule. Toujours <strong>\u00e9viter l'exposition directe au soleil<\/strong>.<\/p>\n\n\n\n<hr class=\"wp-block-separator\"\/>\n\n\n\n<h3 class=\"wp-block-heading\">Recommandations<\/h3>\n\n\n\n<p>Le nettoyage du sac \u00e0 dos ne doit pas toujours \u00eatre aussi minutieux. Pour qu'il soit toujours impeccable et propre, il suffit de <strong>Pour prolonger sa dur\u00e9e de vie, il suffit d'utiliser un chiffon humide apr\u00e8s utilisation.<\/strong>.<\/p>\n\n\n\n<p>Ne laissez pas le sable s'accumuler, car il peut \u00e9roder les tissus du sac \u00e0 dos.<\/p>\n\n\n\n<p>Lorsque vous l'utilisez, ne le tra\u00eenez pas et ne le passez pas dans des endroits qui pourraient endommager le tissu. Enfin, si vous avez des objets pointus dans vos bagages, il est pr\u00e9f\u00e9rable de les emballer ; cela vaut pour les b\u00e2tons, les po\u00eales \u00e0 frire et les \u00e9quipements m\u00e9talliques en g\u00e9n\u00e9ral.<\/p>\n\n\n\n<hr class=\"wp-block-separator\"\/>","protected":false},"excerpt":{"rendered":"Voici quelques conseils pour nettoyer et entretenir votre compagnon de voyage pendant de nombreuses ann\u00e9es.","protected":false},"author":1,"featured_media":7057,"comment_status":"closed","ping_status":"closed","sticky":false,"template":"","format":"image","meta":{"_kad_blocks_custom_css":"","_kad_blocks_head_custom_js":"","_kad_blocks_body_custom_js":"","_kad_blocks_footer_custom_js":"","episode_type":"audio","audio_file":"","podmotor_file_id":"","podmotor_episode_id":"","cover_image":"","cover_image_id":"","duration":"","filesize":"","filesize_raw":"","date_recorded":"","explicit":"","block":"","_kad_post_transparent":"","_kad_post_title":"","_kad_post_layout":"","_kad_post_sidebar_id":"","_kad_post_content_style":"","_kad_post_vertical_padding":"","_kad_post_feature":"","_kad_post_feature_position":"","_kad_post_header":false,"_kad_post_footer":false,"_kad_post_classname":"","_jetpack_memberships_contains_paid_content":false,"footnotes":""},"categories":[685],"tags":[],"series":[],"class_list":["post-7054","post","type-post","status-publish","format-image","has-post-thumbnail","hentry","category-equipamiento-montana","post_format-post-format-image"],"episode_featured_image":"https:\/\/travesiapirenaica.com\/wp-content\/uploads\/2018\/03\/blaise-vonlanthen-308747_760x500.jpg","episode_player_image":"https:\/\/travesiapirenaica.com\/wp-content\/uploads\/2017\/12\/Caratula-Podcast-Maldita-Montana_1500x1500_72pp-p_.jpg","download_link":"","player_link":"","audio_player":false,"episode_data":{"playerMode":"dark","subscribeUrls":[],"rssFeedUrl":"https:\/\/travesiapirenaica.com\/fr\/feed\/podcast\/maldita-montana","embedCode":"<blockquote class=\"wp-embedded-content\" data-secret=\"jG5lqSXUpU\"><a href=\"https:\/\/travesiapirenaica.com\/fr\/limpiar-mochila\/\">C\u00f3mo limpiar una mochila de monta\u00f1a<\/a><\/blockquote><iframe sandbox=\"allow-scripts\" security=\"restricted\" src=\"https:\/\/travesiapirenaica.com\/fr\/limpiar-mochila\/embed\/#?secret=jG5lqSXUpU\" width=\"500\" height=\"350\" title=\"\u00ab\u00a0C\u00f3mo limpiar una mochila de monta\u00f1a\u00a0\u00bb &#8212; Traves\u00eda.\" data-secret=\"jG5lqSXUpU\" frameborder=\"0\" marginwidth=\"0\" marginheight=\"0\" scrolling=\"no\" class=\"wp-embedded-content\"><\/iframe><script>\n\/*! This file is auto-generated *\/\n!function(d,l){\"use strict\";l.querySelector&&d.addEventListener&&\"undefined\"!=typeof URL&&(d.wp=d.wp||{},d.wp.receiveEmbedMessage||(d.wp.receiveEmbedMessage=function(e){var t=e.data;if((t||t.secret||t.message||t.value)&&!\/[^a-zA-Z0-9]\/.test(t.secret)){for(var s,r,n,a=l.querySelectorAll('iframe[data-secret=\"'+t.secret+'\"]'),o=l.querySelectorAll('blockquote[data-secret=\"'+t.secret+'\"]'),c=new RegExp(\"^https?:$\",\"i\"),i=0;i<o.length;i++)o[i].style.display=\"none\";for(i=0;i<a.length;i++)s=a[i],e.source===s.contentWindow&&(s.removeAttribute(\"style\"),\"height\"===t.message?(1e3<(r=parseInt(t.value,10))?r=1e3:~~r<200&&(r=200),s.height=r):\"link\"===t.message&&(r=new URL(s.getAttribute(\"src\")),n=new URL(t.value),c.test(n.protocol))&&n.host===r.host&&l.activeElement===s&&(d.top.location.href=t.value))}},d.addEventListener(\"message\",d.wp.receiveEmbedMessage,!1),l.addEventListener(\"DOMContentLoaded\",function(){for(var e,t,s=l.querySelectorAll(\"iframe.wp-embedded-content\"),r=0;r<s.length;r++)(t=(e=s[r]).getAttribute(\"data-secret\"))||(t=Math.random().toString(36).substring(2,12),e.src+=\"#?secret=\"+t,e.setAttribute(\"data-secret\",t)),e.contentWindow.postMessage({message:\"ready\",secret:t},\"*\")},!1)))}(window,document);\n\/\/# sourceURL=https:\/\/travesiapirenaica.com\/wp-includes\/js\/wp-embed.min.js\n<\/script>\n"},"taxonomy_info":{"category":[{"value":685,"label":"Monta\u00f1a"}]},"featured_image_src_large":["https:\/\/travesiapirenaica.com\/wp-content\/uploads\/2018\/03\/blaise-vonlanthen-308747_760x500.jpg",760,500,false],"author_info":{"display_name":"Traves\u00eda Pirenaica","author_link":"https:\/\/travesiapirenaica.com\/fr\/author\/travesia-pirenaica\/"},"comment_info":0,"category_info":[{"term_id":685,"name":"Monta\u00f1a","slug":"equipamiento-montana","term_group":0,"term_taxonomy_id":685,"taxonomy":"category","description":"","parent":21,"count":29,"filter":"raw","cat_ID":685,"category_count":29,"category_description":"","cat_name":"Monta\u00f1a","category_nicename":"equipamiento-montana","category_parent":21}],"tag_info":false,"jetpack_featured_media_url":"https:\/\/travesiapirenaica.com\/wp-content\/uploads\/2018\/03\/blaise-vonlanthen-308747_760x500.jpg","jetpack_sharing_enabled":true,"_links":{"self":[{"href":"https:\/\/travesiapirenaica.com\/fr\/wp-json\/wp\/v2\/posts\/7054","targetHints":{"allow":["GET"]}}],"collection":[{"href":"https:\/\/travesiapirenaica.com\/fr\/wp-json\/wp\/v2\/posts"}],"about":[{"href":"https:\/\/travesiapirenaica.com\/fr\/wp-json\/wp\/v2\/types\/post"}],"author":[{"embeddable":true,"href":"https:\/\/travesiapirenaica.com\/fr\/wp-json\/wp\/v2\/users\/1"}],"replies":[{"embeddable":true,"href":"https:\/\/travesiapirenaica.com\/fr\/wp-json\/wp\/v2\/comments?post=7054"}],"version-history":[{"count":0,"href":"https:\/\/travesiapirenaica.com\/fr\/wp-json\/wp\/v2\/posts\/7054\/revisions"}],"wp:featuredmedia":[{"embeddable":true,"href":"https:\/\/travesiapirenaica.com\/fr\/wp-json\/wp\/v2\/media\/7057"}],"wp:attachment":[{"href":"https:\/\/travesiapirenaica.com\/fr\/wp-json\/wp\/v2\/media?parent=7054"}],"wp:term":[{"taxonomy":"category","embeddable":true,"href":"https:\/\/travesiapirenaica.com\/fr\/wp-json\/wp\/v2\/categories?post=7054"},{"taxonomy":"post_tag","embeddable":true,"href":"https:\/\/travesiapirenaica.com\/fr\/wp-json\/wp\/v2\/tags?post=7054"},{"taxonomy":"series","embeddable":true,"href":"https:\/\/travesiapirenaica.com\/fr\/wp-json\/wp\/v2\/series?post=7054"}],"curies":[{"name":"wp","href":"https:\/\/api.w.org\/{rel}","templated":true}]}}